{"id":3889,"date":"2022-09-02T11:47:03","date_gmt":"2022-09-02T11:47:03","guid":{"rendered":"https:\/\/challengeseconomiques.com\/?p=3889"},"modified":"2022-09-02T11:47:41","modified_gmt":"2022-09-02T11:47:41","slug":"antonio-pedro-directeur-executif-de-la-cea","status":"publish","type":"post","link":"https:\/\/challengeseconomiques.com\/?p=3889","title":{"rendered":"Antonio Pedro, directeur ex\u00e9cutif de la CEA"},"content":{"rendered":"<p><b>Actuel directeur ex\u00e9cutif adjoint de la Commission \u00e9conomique pour l\u2019Afrique, Antonio Pedro a \u00e9t\u00e9 nomm\u00e9 directeur ex\u00e9cutif par int\u00e9rim, en remplacement de Vera Songwe, d\u00e9missionnaire. Le Mozambicain est g\u00e9ologue de formation. Au sein de la CEA, il a notamment \u00e9t\u00e9 charg\u00e9 du suivi de l\u2019Afrique centrale.<\/b><\/p>\n<p>La Commission \u00e9conomique pour l\u2019Afrique (CEA) a pris acte du d\u00e9part, annonc\u00e9 depuis quelques jours, de Vera Songwe au poste de directrice ex\u00e9cutive. Elle est remplac\u00e9e par le directeur adjoint, Antonio Pedro, par int\u00e9rim. Annonc\u00e9 lors d\u2019une r\u00e9union en ligne le 22 ao\u00fbt 2022, ce d\u00e9part est effectif au 1<sup>er<\/sup> septembre, \u00ab <em>apr\u00e8s cinq ann\u00e9es de services d\u00e9vou\u00e9s \u00e0 la CEA et \u00e0 ses \u00c9tats membres&nbsp;<\/em>\u00bb, pr\u00e9cise un communiqu\u00e9 de la CEA. Vera Songwe a remerci\u00e9 le personnel de la CEA pour son esprit d\u2019\u00e9quipe et son soutien pendant son mandat.<\/p>\n<p>\u00ab&nbsp;<em>Cela a \u00e9t\u00e9 un privil\u00e8ge de travailler avec vous et de servir l\u2019ensemble du syst\u00e8me des Nations unies. Je ne peux exprimer suffisamment ma reconnaissance pour le soutien, les encouragements, les conseils, la patience et l\u2019amiti\u00e9 que j\u2019ai re\u00e7us de vous tout au long de ces ann\u00e9es<\/em>&nbsp;\u00bb, a d\u00e9clar\u00e9 la dirigeante sur le d\u00e9part.<\/p>\n<p>Sous sa direction, la CEA a jou\u00e9 un r\u00f4le cl\u00e9 dans la promotion de la Zone de libre-\u00e9change continentale africaine aux niveaux national, sous-r\u00e9gional et continental ; dans le plaidoyer en faveur de ressources ad\u00e9quates pour financer les initiatives de redressement de l\u2019Afrique dans le cadre de la Covid-19 ; dans la promotion de partenariats public-priv\u00e9 ; et dans la promotion de la fabrication locale pour assurer une croissance \u00e9conomique durable et r\u00e9duire la volatilit\u00e9 de la croissance en Afrique.<\/p>\n<p><strong>Un parcours exemplaire<\/strong><\/p>\n<p>Dans une note adress\u00e9e au personnel le 31 ao\u00fbt, Vera Songwe a d\u00e9clar\u00e9 qu\u2019elle \u00e9tait \u00ab&nbsp;<em>heureuse de transmettre la d\u00e9cision du Secr\u00e9taire g\u00e9n\u00e9ral<\/em> \u00bb des Nations unies de d\u00e9signer Antonio Pedro, secr\u00e9taire ex\u00e9cutif adjoint de la CEA charg\u00e9 de l\u2019appui aux programmes, comme secr\u00e9taire ex\u00e9cutif par int\u00e9rim, \u00e0 compter du 1er septembre, jusqu\u2019\u00e0 nouvel ordre. Elle a exhort\u00e9 le personnel \u00e0 apporter son plein soutien \u00e0 son successeur.<\/p>\n<p>Antonio M.A. Pedro est un g\u00e9ologue sp\u00e9cialis\u00e9 dans l\u2019exploration mini\u00e8re et un praticien du d\u00e9veloppement. Il revendique une trentaine d\u2019ann\u00e9es d\u2019exp\u00e9rience aux niveaux national, sous-r\u00e9gional et continental. Il a rejoint la CEA en 2001 , pour occuper notamment le poste de directeur du bureau sous-r\u00e9gional pour l\u2019Afrique centrale, bas\u00e9 \u00e0 Yaound\u00e9, au Cameroun. Pendant sept ans, il a occup\u00e9 le m\u00eame poste au bureau de la CEA pour l\u2019Afrique orientale, \u00e0 Kigali, au Rwanda. Il a \u00e9t\u00e9 nomm\u00e9 directeur ex\u00e9cutif adjoint en octobre 2021.<\/p>\n<p>Avant de rejoindre la CEA, Antonio Pedro avait \u00e9t\u00e9 directeur g\u00e9n\u00e9ral du Southern and Eastern African Mineral Centre (SEAMIC), \u00e0 Dar es Salaam (Tanzanie), directeur g\u00e9n\u00e9ral de plusieurs entreprises au Mozambique et directeur national adjoint du service g\u00e9ologique du pays.<\/p>\n<p>Il est, entre autres comp\u00e9tences, un sp\u00e9cialiste du d\u00e9veloppement durable et de l\u2019\u00e9conomie bleue.<\/p>\n<p><strong>(Le Magazine de l&rsquo;Afrique)<\/strong><\/p>\n","protected":false},"excerpt":{"rendered":"<p>Actuel directeur ex\u00e9cutif adjoint de la Commission \u00e9conomique pour l\u2019Afrique, Antonio Pedro a \u00e9t\u00e9 nomm\u00e9 directeur ex\u00e9cutif par int\u00e9rim, en remplacement de Vera Songwe, d\u00e9missionnaire&#8230;.<\/p>\n","protected":false},"author":1,"featured_media":3890,"comment_status":"closed","ping_status":"open","sticky":false,"template":"","format":"standard","meta":{"_jetpack_memberships_contains_paid_content":false,"footnotes":""},"categories":[23,10],"tags":[],"class_list":["post-3889","post","type-post","status-publish","format-standard","has-post-thumbnail","hentry","category-a-la-une","category-infos-eco","wpcat-23-id","wpcat-10-id"],"yoast_head":"<!-- This site is optimized with the Yoast SEO plugin v27.1.1 - https:\/\/yoast.com\/product\/yoast-seo-wordpress\/ -->\n<title>Antonio Pedro, directeur ex\u00e9cutif de la CEA - challenges economiques<\/title>\n<meta name=\"robots\" content=\"index, follow, max-snippet:-1, max-image-preview:large, max-video-preview:-1\" \/>\n<link rel=\"canonical\" href=\"https:\/\/challengeseconomiques.com\/?p=3889\" \/>\n<meta property=\"og:locale\" content=\"fr_FR\" \/>\n<meta property=\"og:type\" content=\"article\" \/>\n<meta property=\"og:title\" content=\"Antonio Pedro, directeur ex\u00e9cutif de la CEA - challenges economiques\" \/>\n<meta property=\"og:description\" content=\"Actuel directeur ex\u00e9cutif adjoint de la Commission \u00e9conomique pour l\u2019Afrique, Antonio Pedro a \u00e9t\u00e9 nomm\u00e9 directeur ex\u00e9cutif par int\u00e9rim, en remplacement de Vera Songwe, d\u00e9missionnaire....\" \/>\n<meta property=\"og:url\" content=\"https:\/\/challengeseconomiques.com\/?p=3889\" \/>\n<meta property=\"og:site_name\" content=\"challenges economiques\" \/>\n<meta property=\"article:published_time\" content=\"2022-09-02T11:47:03+00:00\" \/>\n<meta property=\"article:modified_time\" content=\"2022-09-02T11:47:41+00:00\" \/>\n<meta property=\"og:image\" content=\"https:\/\/challengeseconomiques.com\/wp-content\/uploads\/2022\/09\/Antonio-Pedro-CEA-770x470-1.webp\" \/>\n\t<meta property=\"og:image:width\" content=\"770\" \/>\n\t<meta property=\"og:image:height\" content=\"470\" \/>\n\t<meta property=\"og:image:type\" content=\"image\/webp\" \/>\n<meta name=\"author\" content=\"admin\" \/>\n<meta name=\"twitter:card\" content=\"summary_large_image\" \/>\n<meta name=\"twitter:label1\" content=\"\u00c9crit par\" \/>\n\t<meta name=\"twitter:data1\" content=\"admin\" \/>\n\t<meta name=\"twitter:label2\" content=\"Dur\u00e9e de lecture estim\u00e9e\" \/>\n\t<meta name=\"twitter:data2\" content=\"3 minutes\" \/>\n<script type=\"application\/ld+json\" class=\"yoast-schema-graph\">{\"@context\":\"https:\/\/schema.org\",\"@graph\":[{\"@type\":\"Article\",\"@id\":\"https:\/\/challengeseconomiques.com\/?p=3889#article\",\"isPartOf\":{\"@id\":\"https:\/\/challengeseconomiques.com\/?p=3889\"},\"author\":{\"name\":\"admin\",\"@id\":\"https:\/\/challengeseconomiques.com\/#\/schema\/person\/b4568c9afebc5a9238a771873801e349\"},\"headline\":\"Antonio Pedro, directeur ex\u00e9cutif de la CEA\",\"datePublished\":\"2022-09-02T11:47:03+00:00\",\"dateModified\":\"2022-09-02T11:47:41+00:00\",\"mainEntityOfPage\":{\"@id\":\"https:\/\/challengeseconomiques.com\/?p=3889\"},\"wordCount\":555,\"image\":{\"@id\":\"https:\/\/challengeseconomiques.com\/?p=3889#primaryimage\"},\"thumbnailUrl\":\"https:\/\/challengeseconomiques.com\/wp-content\/uploads\/2022\/09\/Antonio-Pedro-CEA-770x470-1.webp\",\"articleSection\":[\"A la une\",\"Infos \u00e9co\"],\"inLanguage\":\"fr-FR\"},{\"@type\":\"WebPage\",\"@id\":\"https:\/\/challengeseconomiques.com\/?p=3889\",\"url\":\"https:\/\/challengeseconomiques.com\/?p=3889\",\"name\":\"Antonio Pedro, directeur ex\u00e9cutif de la CEA - challenges economiques\",\"isPartOf\":{\"@id\":\"https:\/\/challengeseconomiques.com\/#website\"},\"primaryImageOfPage\":{\"@id\":\"https:\/\/challengeseconomiques.com\/?p=3889#primaryimage\"},\"image\":{\"@id\":\"https:\/\/challengeseconomiques.com\/?p=3889#primaryimage\"},\"thumbnailUrl\":\"https:\/\/challengeseconomiques.com\/wp-content\/uploads\/2022\/09\/Antonio-Pedro-CEA-770x470-1.webp\",\"datePublished\":\"2022-09-02T11:47:03+00:00\",\"dateModified\":\"2022-09-02T11:47:41+00:00\",\"author\":{\"@id\":\"https:\/\/challengeseconomiques.com\/#\/schema\/person\/b4568c9afebc5a9238a771873801e349\"},\"breadcrumb\":{\"@id\":\"https:\/\/challengeseconomiques.com\/?p=3889#breadcrumb\"},\"inLanguage\":\"fr-FR\",\"potentialAction\":[{\"@type\":\"ReadAction\",\"target\":[\"https:\/\/challengeseconomiques.com\/?p=3889\"]}]},{\"@type\":\"ImageObject\",\"inLanguage\":\"fr-FR\",\"@id\":\"https:\/\/challengeseconomiques.com\/?p=3889#primaryimage\",\"url\":\"https:\/\/challengeseconomiques.com\/wp-content\/uploads\/2022\/09\/Antonio-Pedro-CEA-770x470-1.webp\",\"contentUrl\":\"https:\/\/challengeseconomiques.com\/wp-content\/uploads\/2022\/09\/Antonio-Pedro-CEA-770x470-1.webp\",\"width\":770,\"height\":470},{\"@type\":\"BreadcrumbList\",\"@id\":\"https:\/\/challengeseconomiques.com\/?p=3889#breadcrumb\",\"itemListElement\":[{\"@type\":\"ListItem\",\"position\":1,\"name\":\"Home\",\"item\":\"https:\/\/challengeseconomiques.com\/\"},{\"@type\":\"ListItem\",\"position\":2,\"name\":\"Antonio Pedro, directeur ex\u00e9cutif de la CEA\"}]},{\"@type\":\"WebSite\",\"@id\":\"https:\/\/challengeseconomiques.com\/#website\",\"url\":\"https:\/\/challengeseconomiques.com\/\",\"name\":\"challenges economiques\",\"description\":\"\",\"potentialAction\":[{\"@type\":\"SearchAction\",\"target\":{\"@type\":\"EntryPoint\",\"urlTemplate\":\"https:\/\/challengeseconomiques.com\/?s={search_term_string}\"},\"query-input\":{\"@type\":\"PropertyValueSpecification\",\"valueRequired\":true,\"valueName\":\"search_term_string\"}}],\"inLanguage\":\"fr-FR\"},{\"@type\":\"Person\",\"@id\":\"https:\/\/challengeseconomiques.com\/#\/schema\/person\/b4568c9afebc5a9238a771873801e349\",\"name\":\"admin\",\"image\":{\"@type\":\"ImageObject\",\"inLanguage\":\"fr-FR\",\"@id\":\"https:\/\/challengeseconomiques.com\/#\/schema\/person\/image\/\",\"url\":\"https:\/\/secure.gravatar.com\/avatar\/099e42240b5eea11acdb72751fcce0dd918603f0749d24974b7984ea47ed9fd9?s=96&d=mm&r=g\",\"contentUrl\":\"https:\/\/secure.gravatar.com\/avatar\/099e42240b5eea11acdb72751fcce0dd918603f0749d24974b7984ea47ed9fd9?s=96&d=mm&r=g\",\"caption\":\"admin\"},\"sameAs\":[\"https:\/\/challengeseconomiques.com\"],\"url\":\"https:\/\/challengeseconomiques.com\/?author=1\"}]}<\/script>\n<!-- \/ Yoast SEO plugin. -->","yoast_head_json":{"title":"Antonio Pedro, directeur ex\u00e9cutif de la CEA - challenges economiques","robots":{"index":"index","follow":"follow","max-snippet":"max-snippet:-1","max-image-preview":"max-image-preview:large","max-video-preview":"max-video-preview:-1"},"canonical":"https:\/\/challengeseconomiques.com\/?p=3889","og_locale":"fr_FR","og_type":"article","og_title":"Antonio Pedro, directeur ex\u00e9cutif de la CEA - challenges economiques","og_description":"Actuel directeur ex\u00e9cutif adjoint de la Commission \u00e9conomique pour l\u2019Afrique, Antonio Pedro a \u00e9t\u00e9 nomm\u00e9 directeur ex\u00e9cutif par int\u00e9rim, en remplacement de Vera Songwe, d\u00e9missionnaire....","og_url":"https:\/\/challengeseconomiques.com\/?p=3889","og_site_name":"challenges economiques","article_published_time":"2022-09-02T11:47:03+00:00","article_modified_time":"2022-09-02T11:47:41+00:00","og_image":[{"width":770,"height":470,"url":"https:\/\/challengeseconomiques.com\/wp-content\/uploads\/2022\/09\/Antonio-Pedro-CEA-770x470-1.webp","type":"image\/webp"}],"author":"admin","twitter_card":"summary_large_image","twitter_misc":{"\u00c9crit par":"admin","Dur\u00e9e de lecture estim\u00e9e":"3 minutes"},"schema":{"@context":"https:\/\/schema.org","@graph":[{"@type":"Article","@id":"https:\/\/challengeseconomiques.com\/?p=3889#article","isPartOf":{"@id":"https:\/\/challengeseconomiques.com\/?p=3889"},"author":{"name":"admin","@id":"https:\/\/challengeseconomiques.com\/#\/schema\/person\/b4568c9afebc5a9238a771873801e349"},"headline":"Antonio Pedro, directeur ex\u00e9cutif de la CEA","datePublished":"2022-09-02T11:47:03+00:00","dateModified":"2022-09-02T11:47:41+00:00","mainEntityOfPage":{"@id":"https:\/\/challengeseconomiques.com\/?p=3889"},"wordCount":555,"image":{"@id":"https:\/\/challengeseconomiques.com\/?p=3889#primaryimage"},"thumbnailUrl":"https:\/\/challengeseconomiques.com\/wp-content\/uploads\/2022\/09\/Antonio-Pedro-CEA-770x470-1.webp","articleSection":["A la une","Infos \u00e9co"],"inLanguage":"fr-FR"},{"@type":"WebPage","@id":"https:\/\/challengeseconomiques.com\/?p=3889","url":"https:\/\/challengeseconomiques.com\/?p=3889","name":"Antonio Pedro, directeur ex\u00e9cutif de la CEA - challenges economiques","isPartOf":{"@id":"https:\/\/challengeseconomiques.com\/#website"},"primaryImageOfPage":{"@id":"https:\/\/challengeseconomiques.com\/?p=3889#primaryimage"},"image":{"@id":"https:\/\/challengeseconomiques.com\/?p=3889#primaryimage"},"thumbnailUrl":"https:\/\/challengeseconomiques.com\/wp-content\/uploads\/2022\/09\/Antonio-Pedro-CEA-770x470-1.webp","datePublished":"2022-09-02T11:47:03+00:00","dateModified":"2022-09-02T11:47:41+00:00","author":{"@id":"https:\/\/challengeseconomiques.com\/#\/schema\/person\/b4568c9afebc5a9238a771873801e349"},"breadcrumb":{"@id":"https:\/\/challengeseconomiques.com\/?p=3889#breadcrumb"},"inLanguage":"fr-FR","potentialAction":[{"@type":"ReadAction","target":["https:\/\/challengeseconomiques.com\/?p=3889"]}]},{"@type":"ImageObject","inLanguage":"fr-FR","@id":"https:\/\/challengeseconomiques.com\/?p=3889#primaryimage","url":"https:\/\/challengeseconomiques.com\/wp-content\/uploads\/2022\/09\/Antonio-Pedro-CEA-770x470-1.webp","contentUrl":"https:\/\/challengeseconomiques.com\/wp-content\/uploads\/2022\/09\/Antonio-Pedro-CEA-770x470-1.webp","width":770,"height":470},{"@type":"BreadcrumbList","@id":"https:\/\/challengeseconomiques.com\/?p=3889#breadcrumb","itemListElement":[{"@type":"ListItem","position":1,"name":"Home","item":"https:\/\/challengeseconomiques.com\/"},{"@type":"ListItem","position":2,"name":"Antonio Pedro, directeur ex\u00e9cutif de la CEA"}]},{"@type":"WebSite","@id":"https:\/\/challengeseconomiques.com\/#website","url":"https:\/\/challengeseconomiques.com\/","name":"challenges economiques","description":"","potentialAction":[{"@type":"SearchAction","target":{"@type":"EntryPoint","urlTemplate":"https:\/\/challengeseconomiques.com\/?s={search_term_string}"},"query-input":{"@type":"PropertyValueSpecification","valueRequired":true,"valueName":"search_term_string"}}],"inLanguage":"fr-FR"},{"@type":"Person","@id":"https:\/\/challengeseconomiques.com\/#\/schema\/person\/b4568c9afebc5a9238a771873801e349","name":"admin","image":{"@type":"ImageObject","inLanguage":"fr-FR","@id":"https:\/\/challengeseconomiques.com\/#\/schema\/person\/image\/","url":"https:\/\/secure.gravatar.com\/avatar\/099e42240b5eea11acdb72751fcce0dd918603f0749d24974b7984ea47ed9fd9?s=96&d=mm&r=g","contentUrl":"https:\/\/secure.gravatar.com\/avatar\/099e42240b5eea11acdb72751fcce0dd918603f0749d24974b7984ea47ed9fd9?s=96&d=mm&r=g","caption":"admin"},"sameAs":["https:\/\/challengeseconomiques.com"],"url":"https:\/\/challengeseconomiques.com\/?author=1"}]}},"jetpack_featured_media_url":"https:\/\/challengeseconomiques.com\/wp-content\/uploads\/2022\/09\/Antonio-Pedro-CEA-770x470-1.webp","jetpack_sharing_enabled":true,"_links":{"self":[{"href":"https:\/\/challengeseconomiques.com\/index.php?rest_route=\/wp\/v2\/posts\/3889","targetHints":{"allow":["GET"]}}],"collection":[{"href":"https:\/\/challengeseconomiques.com\/index.php?rest_route=\/wp\/v2\/posts"}],"about":[{"href":"https:\/\/challengeseconomiques.com\/index.php?rest_route=\/wp\/v2\/types\/post"}],"author":[{"embeddable":true,"href":"https:\/\/challengeseconomiques.com\/index.php?rest_route=\/wp\/v2\/users\/1"}],"replies":[{"embeddable":true,"href":"https:\/\/challengeseconomiques.com\/index.php?rest_route=%2Fwp%2Fv2%2Fcomments&post=3889"}],"version-history":[{"count":2,"href":"https:\/\/challengeseconomiques.com\/index.php?rest_route=\/wp\/v2\/posts\/3889\/revisions"}],"predecessor-version":[{"id":3892,"href":"https:\/\/challengeseconomiques.com\/index.php?rest_route=\/wp\/v2\/posts\/3889\/revisions\/3892"}],"wp:featuredmedia":[{"embeddable":true,"href":"https:\/\/challengeseconomiques.com\/index.php?rest_route=\/wp\/v2\/media\/3890"}],"wp:attachment":[{"href":"https:\/\/challengeseconomiques.com\/index.php?rest_route=%2Fwp%2Fv2%2Fmedia&parent=3889"}],"wp:term":[{"taxonomy":"category","embeddable":true,"href":"https:\/\/challengeseconomiques.com\/index.php?rest_route=%2Fwp%2Fv2%2Fcategories&post=3889"},{"taxonomy":"post_tag","embeddable":true,"href":"https:\/\/challengeseconomiques.com\/index.php?rest_route=%2Fwp%2Fv2%2Ftags&post=3889"}],"curies":[{"name":"wp","href":"https:\/\/api.w.org\/{rel}","templated":true}]}}