{"id":3885,"date":"2022-09-02T11:45:28","date_gmt":"2022-09-02T11:45:28","guid":{"rendered":"https:\/\/challengeseconomiques.com\/?p=3885"},"modified":"2022-09-06T09:11:29","modified_gmt":"2022-09-06T09:11:29","slug":"macky-sall-appelle-a-un-debat-serein-et-informe-sur-les-ressources-petrolieres-et-gazieres","status":"publish","type":"post","link":"https:\/\/challengeseconomiques.com\/?p=3885","title":{"rendered":"Macky Sall appelle \u00e0 un \u00ab\u00a0d\u00e9bat serein et inform\u00e9\u00a0\u00bb sur les ressources p\u00e9troli\u00e8res et gazi\u00e8res"},"content":{"rendered":"<p>Le d\u00e9bat autour des ressources \u00e9nerg\u00e9tiques doit \u00eatre \u00ab\u00a0serein et&nbsp;inform\u00e9\u00a0\u00bb, au lieu d\u2019\u00eatre \u00ab\u00a0parasit\u00e9 par des pr\u00e9jug\u00e9s et des jugements de valeur sans contact avec la r\u00e9alit\u00e9\u00a0\u00bb, a affirm\u00e9, jeudi, le chef de l\u2019Etat, Macky Sall, insistant sur la n\u00e9cessit\u00e9 de mieux informer le public sur cette question.<\/p>\n<p>\u00ab\u00a0Au-del\u00e0 de d\u00e9bats techniques entre experts, les rencontres sur le p\u00e9trole et le gaz et leur exploitation doivent servir \u00e0 informer le grand public sur les enjeux, les conditions et les modalit\u00e9s d\u2019exploitation de nos ressources gazi\u00e8res et p\u00e9troli\u00e8res\u00a0\u00bb, a-t-il dit, dans son discours, \u00e0 l\u2019ouverture, ce matin, de la 2\u00e8me conf\u00e9rence-exhibition MSGBC Oil, Gas and Power.<\/p>\n<p>\u2019\u2019Ce qu\u2019on fait est transparent, on n\u2019a rien \u00e0 cacher et il faut que cela soit accessible \u00e0 tous nos compatriotes. C\u2019est un minimum d\u2019exigence\u00a0\u00bb, a assur\u00e9 le chef de l\u2019Etat.<\/p>\n<p>Macky Sall a relev\u00e9 devant les participants \u00e0 la conf\u00e9rence, que le S\u00e9n\u00e9gal a atteint \u00ab\u00a0un score tr\u00e8s \u00e9lev\u00e9 dans la mise en \u0153uvre\u00a0\u00bb de l\u2019initiative pour la transparence des industries extractives (ITIE), selon les conclusions du conseil d\u2019administration de ladite initiative, rendues publiques en octobre 2021.<\/p>\n<p>\u00ab\u00a0Au cours des trois derni\u00e8res ann\u00e9es, le S\u00e9n\u00e9gal a mis en ligne des informations toujours plus nombreuses sur le secteur de l\u2019extraction. L\u2019ITIE S\u00e9n\u00e9gal a contribu\u00e9 \u00e0 l\u2019am\u00e9lioration des syst\u00e8mes de gestion de l\u2019information du gouvernement et de l\u2019\u00e9change de donn\u00e9es inter-agences\u00a0\u00bb, a-t-il signal\u00e9.<\/p>\n<p>Selon le pr\u00e9sident Sall, le secteur minier, tout comme le secteur p\u00e9trolier et gazier, dispose de registres accessibles en ligne pour le public. De m\u00eame,&nbsp;les contrats miniers, p\u00e9troliers et gaziers sont publi\u00e9s sur le site de l\u2019ITIE, qui donne \u00e9galement un aper\u00e7u de tous les contrats et de leur statut de publication, assure-t-il.<\/p>\n<p>\u00ab\u00a0Tout est clair. On doit arr\u00eater ce d\u00e9bat malsain sur la gouvernance des ressources (\u2026)\u00a0\u00bb, a-t-il martel\u00e9.<\/p>\n<p>Le chef de l\u2019Etat demande que, lors de rencontres comme ce sommet sur le p\u00e9trole et le gaz, les langues nationales soient int\u00e9gr\u00e9es dans la traduction, pour que tout le monde ait le m\u00eame niveau de compr\u00e9hension sur les questions des ressources p\u00e9troli\u00e8res et gazi\u00e8res.<\/p>\n<p>\u00ab\u00a0Ce qui compte finalement, c\u2019est que l\u2019exploitation de nos ressources se fasse dans les meilleures conditions de transparence et d\u2019efficacit\u00e9, pour am\u00e9liorer les conditions de vie de nos populations et augmenter le progr\u00e8s de nos pays\u00a0\u00bb, a-t-il indiqu\u00e9.<\/p>\n<p><strong>(APS)<\/strong><\/p>\n","protected":false},"excerpt":{"rendered":"<p>Le d\u00e9bat autour des ressources \u00e9nerg\u00e9tiques doit \u00eatre \u00ab\u00a0serein et&nbsp;inform\u00e9\u00a0\u00bb, au lieu d\u2019\u00eatre \u00ab\u00a0parasit\u00e9 par des pr\u00e9jug\u00e9s et des jugements de valeur sans contact avec&#8230;<\/p>\n","protected":false},"author":1,"featured_media":3886,"comment_status":"closed","ping_status":"open","sticky":false,"template":"","format":"standard","meta":{"_jetpack_memberships_contains_paid_content":false,"footnotes":""},"categories":[23,10],"tags":[],"class_list":["post-3885","post","type-post","status-publish","format-standard","has-post-thumbnail","hentry","category-a-la-une","category-infos-eco","wpcat-23-id","wpcat-10-id"],"yoast_head":"<!-- This site is optimized with the Yoast SEO plugin v27.1.1 - https:\/\/yoast.com\/product\/yoast-seo-wordpress\/ -->\n<title>Macky Sall appelle \u00e0 un &quot;d\u00e9bat serein et inform\u00e9&quot; sur les ressources p\u00e9troli\u00e8res et gazi\u00e8res - challenges economiques<\/title>\n<meta name=\"robots\" content=\"index, follow, max-snippet:-1, max-image-preview:large, max-video-preview:-1\" \/>\n<link rel=\"canonical\" href=\"https:\/\/challengeseconomiques.com\/?p=3885\" \/>\n<meta property=\"og:locale\" content=\"fr_FR\" \/>\n<meta property=\"og:type\" content=\"article\" \/>\n<meta property=\"og:title\" content=\"Macky Sall appelle \u00e0 un &quot;d\u00e9bat serein et inform\u00e9&quot; sur les ressources p\u00e9troli\u00e8res et gazi\u00e8res - challenges economiques\" \/>\n<meta property=\"og:description\" content=\"Le d\u00e9bat autour des ressources \u00e9nerg\u00e9tiques doit \u00eatre \u00ab\u00a0serein et&nbsp;inform\u00e9\u00a0\u00bb, au lieu d\u2019\u00eatre \u00ab\u00a0parasit\u00e9 par des pr\u00e9jug\u00e9s et des jugements de valeur sans contact avec...\" \/>\n<meta property=\"og:url\" content=\"https:\/\/challengeseconomiques.com\/?p=3885\" \/>\n<meta property=\"og:site_name\" content=\"challenges economiques\" \/>\n<meta property=\"article:published_time\" content=\"2022-09-02T11:45:28+00:00\" \/>\n<meta property=\"article:modified_time\" content=\"2022-09-06T09:11:29+00:00\" \/>\n<meta property=\"og:image\" content=\"https:\/\/challengeseconomiques.com\/wp-content\/uploads\/2022\/09\/mackygaz.jpg\" \/>\n\t<meta property=\"og:image:width\" content=\"680\" \/>\n\t<meta property=\"og:image:height\" content=\"460\" \/>\n\t<meta property=\"og:image:type\" content=\"image\/jpeg\" \/>\n<meta name=\"author\" content=\"admin\" \/>\n<meta name=\"twitter:card\" content=\"summary_large_image\" \/>\n<meta name=\"twitter:label1\" content=\"\u00c9crit par\" \/>\n\t<meta name=\"twitter:data1\" content=\"admin\" \/>\n\t<meta name=\"twitter:label2\" content=\"Dur\u00e9e de lecture estim\u00e9e\" \/>\n\t<meta name=\"twitter:data2\" content=\"2 minutes\" \/>\n<script type=\"application\/ld+json\" class=\"yoast-schema-graph\">{\"@context\":\"https:\/\/schema.org\",\"@graph\":[{\"@type\":\"Article\",\"@id\":\"https:\/\/challengeseconomiques.com\/?p=3885#article\",\"isPartOf\":{\"@id\":\"https:\/\/challengeseconomiques.com\/?p=3885\"},\"author\":{\"name\":\"admin\",\"@id\":\"https:\/\/challengeseconomiques.com\/#\/schema\/person\/b4568c9afebc5a9238a771873801e349\"},\"headline\":\"Macky Sall appelle \u00e0 un \u00ab\u00a0d\u00e9bat serein et inform\u00e9\u00a0\u00bb sur les ressources p\u00e9troli\u00e8res et gazi\u00e8res\",\"datePublished\":\"2022-09-02T11:45:28+00:00\",\"dateModified\":\"2022-09-06T09:11:29+00:00\",\"mainEntityOfPage\":{\"@id\":\"https:\/\/challengeseconomiques.com\/?p=3885\"},\"wordCount\":460,\"image\":{\"@id\":\"https:\/\/challengeseconomiques.com\/?p=3885#primaryimage\"},\"thumbnailUrl\":\"https:\/\/challengeseconomiques.com\/wp-content\/uploads\/2022\/09\/mackygaz.jpg\",\"articleSection\":[\"A la une\",\"Infos \u00e9co\"],\"inLanguage\":\"fr-FR\"},{\"@type\":\"WebPage\",\"@id\":\"https:\/\/challengeseconomiques.com\/?p=3885\",\"url\":\"https:\/\/challengeseconomiques.com\/?p=3885\",\"name\":\"Macky Sall appelle \u00e0 un \\\"d\u00e9bat serein et inform\u00e9\\\" sur les ressources p\u00e9troli\u00e8res et gazi\u00e8res - challenges economiques\",\"isPartOf\":{\"@id\":\"https:\/\/challengeseconomiques.com\/#website\"},\"primaryImageOfPage\":{\"@id\":\"https:\/\/challengeseconomiques.com\/?p=3885#primaryimage\"},\"image\":{\"@id\":\"https:\/\/challengeseconomiques.com\/?p=3885#primaryimage\"},\"thumbnailUrl\":\"https:\/\/challengeseconomiques.com\/wp-content\/uploads\/2022\/09\/mackygaz.jpg\",\"datePublished\":\"2022-09-02T11:45:28+00:00\",\"dateModified\":\"2022-09-06T09:11:29+00:00\",\"author\":{\"@id\":\"https:\/\/challengeseconomiques.com\/#\/schema\/person\/b4568c9afebc5a9238a771873801e349\"},\"breadcrumb\":{\"@id\":\"https:\/\/challengeseconomiques.com\/?p=3885#breadcrumb\"},\"inLanguage\":\"fr-FR\",\"potentialAction\":[{\"@type\":\"ReadAction\",\"target\":[\"https:\/\/challengeseconomiques.com\/?p=3885\"]}]},{\"@type\":\"ImageObject\",\"inLanguage\":\"fr-FR\",\"@id\":\"https:\/\/challengeseconomiques.com\/?p=3885#primaryimage\",\"url\":\"https:\/\/challengeseconomiques.com\/wp-content\/uploads\/2022\/09\/mackygaz.jpg\",\"contentUrl\":\"https:\/\/challengeseconomiques.com\/wp-content\/uploads\/2022\/09\/mackygaz.jpg\",\"width\":680,\"height\":460},{\"@type\":\"BreadcrumbList\",\"@id\":\"https:\/\/challengeseconomiques.com\/?p=3885#breadcrumb\",\"itemListElement\":[{\"@type\":\"ListItem\",\"position\":1,\"name\":\"Home\",\"item\":\"https:\/\/challengeseconomiques.com\/\"},{\"@type\":\"ListItem\",\"position\":2,\"name\":\"Macky Sall appelle \u00e0 un \u00ab\u00a0d\u00e9bat serein et inform\u00e9\u00a0\u00bb sur les ressources p\u00e9troli\u00e8res et gazi\u00e8res\"}]},{\"@type\":\"WebSite\",\"@id\":\"https:\/\/challengeseconomiques.com\/#website\",\"url\":\"https:\/\/challengeseconomiques.com\/\",\"name\":\"challenges economiques\",\"description\":\"\",\"potentialAction\":[{\"@type\":\"SearchAction\",\"target\":{\"@type\":\"EntryPoint\",\"urlTemplate\":\"https:\/\/challengeseconomiques.com\/?s={search_term_string}\"},\"query-input\":{\"@type\":\"PropertyValueSpecification\",\"valueRequired\":true,\"valueName\":\"search_term_string\"}}],\"inLanguage\":\"fr-FR\"},{\"@type\":\"Person\",\"@id\":\"https:\/\/challengeseconomiques.com\/#\/schema\/person\/b4568c9afebc5a9238a771873801e349\",\"name\":\"admin\",\"image\":{\"@type\":\"ImageObject\",\"inLanguage\":\"fr-FR\",\"@id\":\"https:\/\/challengeseconomiques.com\/#\/schema\/person\/image\/\",\"url\":\"https:\/\/secure.gravatar.com\/avatar\/099e42240b5eea11acdb72751fcce0dd918603f0749d24974b7984ea47ed9fd9?s=96&d=mm&r=g\",\"contentUrl\":\"https:\/\/secure.gravatar.com\/avatar\/099e42240b5eea11acdb72751fcce0dd918603f0749d24974b7984ea47ed9fd9?s=96&d=mm&r=g\",\"caption\":\"admin\"},\"sameAs\":[\"https:\/\/challengeseconomiques.com\"],\"url\":\"https:\/\/challengeseconomiques.com\/?author=1\"}]}<\/script>\n<!-- \/ Yoast SEO plugin. -->","yoast_head_json":{"title":"Macky Sall appelle \u00e0 un \"d\u00e9bat serein et inform\u00e9\" sur les ressources p\u00e9troli\u00e8res et gazi\u00e8res - challenges economiques","robots":{"index":"index","follow":"follow","max-snippet":"max-snippet:-1","max-image-preview":"max-image-preview:large","max-video-preview":"max-video-preview:-1"},"canonical":"https:\/\/challengeseconomiques.com\/?p=3885","og_locale":"fr_FR","og_type":"article","og_title":"Macky Sall appelle \u00e0 un \"d\u00e9bat serein et inform\u00e9\" sur les ressources p\u00e9troli\u00e8res et gazi\u00e8res - challenges economiques","og_description":"Le d\u00e9bat autour des ressources \u00e9nerg\u00e9tiques doit \u00eatre \u00ab\u00a0serein et&nbsp;inform\u00e9\u00a0\u00bb, au lieu d\u2019\u00eatre \u00ab\u00a0parasit\u00e9 par des pr\u00e9jug\u00e9s et des jugements de valeur sans contact avec...","og_url":"https:\/\/challengeseconomiques.com\/?p=3885","og_site_name":"challenges economiques","article_published_time":"2022-09-02T11:45:28+00:00","article_modified_time":"2022-09-06T09:11:29+00:00","og_image":[{"width":680,"height":460,"url":"https:\/\/challengeseconomiques.com\/wp-content\/uploads\/2022\/09\/mackygaz.jpg","type":"image\/jpeg"}],"author":"admin","twitter_card":"summary_large_image","twitter_misc":{"\u00c9crit par":"admin","Dur\u00e9e de lecture estim\u00e9e":"2 minutes"},"schema":{"@context":"https:\/\/schema.org","@graph":[{"@type":"Article","@id":"https:\/\/challengeseconomiques.com\/?p=3885#article","isPartOf":{"@id":"https:\/\/challengeseconomiques.com\/?p=3885"},"author":{"name":"admin","@id":"https:\/\/challengeseconomiques.com\/#\/schema\/person\/b4568c9afebc5a9238a771873801e349"},"headline":"Macky Sall appelle \u00e0 un \u00ab\u00a0d\u00e9bat serein et inform\u00e9\u00a0\u00bb sur les ressources p\u00e9troli\u00e8res et gazi\u00e8res","datePublished":"2022-09-02T11:45:28+00:00","dateModified":"2022-09-06T09:11:29+00:00","mainEntityOfPage":{"@id":"https:\/\/challengeseconomiques.com\/?p=3885"},"wordCount":460,"image":{"@id":"https:\/\/challengeseconomiques.com\/?p=3885#primaryimage"},"thumbnailUrl":"https:\/\/challengeseconomiques.com\/wp-content\/uploads\/2022\/09\/mackygaz.jpg","articleSection":["A la une","Infos \u00e9co"],"inLanguage":"fr-FR"},{"@type":"WebPage","@id":"https:\/\/challengeseconomiques.com\/?p=3885","url":"https:\/\/challengeseconomiques.com\/?p=3885","name":"Macky Sall appelle \u00e0 un \"d\u00e9bat serein et inform\u00e9\" sur les ressources p\u00e9troli\u00e8res et gazi\u00e8res - challenges economiques","isPartOf":{"@id":"https:\/\/challengeseconomiques.com\/#website"},"primaryImageOfPage":{"@id":"https:\/\/challengeseconomiques.com\/?p=3885#primaryimage"},"image":{"@id":"https:\/\/challengeseconomiques.com\/?p=3885#primaryimage"},"thumbnailUrl":"https:\/\/challengeseconomiques.com\/wp-content\/uploads\/2022\/09\/mackygaz.jpg","datePublished":"2022-09-02T11:45:28+00:00","dateModified":"2022-09-06T09:11:29+00:00","author":{"@id":"https:\/\/challengeseconomiques.com\/#\/schema\/person\/b4568c9afebc5a9238a771873801e349"},"breadcrumb":{"@id":"https:\/\/challengeseconomiques.com\/?p=3885#breadcrumb"},"inLanguage":"fr-FR","potentialAction":[{"@type":"ReadAction","target":["https:\/\/challengeseconomiques.com\/?p=3885"]}]},{"@type":"ImageObject","inLanguage":"fr-FR","@id":"https:\/\/challengeseconomiques.com\/?p=3885#primaryimage","url":"https:\/\/challengeseconomiques.com\/wp-content\/uploads\/2022\/09\/mackygaz.jpg","contentUrl":"https:\/\/challengeseconomiques.com\/wp-content\/uploads\/2022\/09\/mackygaz.jpg","width":680,"height":460},{"@type":"BreadcrumbList","@id":"https:\/\/challengeseconomiques.com\/?p=3885#breadcrumb","itemListElement":[{"@type":"ListItem","position":1,"name":"Home","item":"https:\/\/challengeseconomiques.com\/"},{"@type":"ListItem","position":2,"name":"Macky Sall appelle \u00e0 un \u00ab\u00a0d\u00e9bat serein et inform\u00e9\u00a0\u00bb sur les ressources p\u00e9troli\u00e8res et gazi\u00e8res"}]},{"@type":"WebSite","@id":"https:\/\/challengeseconomiques.com\/#website","url":"https:\/\/challengeseconomiques.com\/","name":"challenges economiques","description":"","potentialAction":[{"@type":"SearchAction","target":{"@type":"EntryPoint","urlTemplate":"https:\/\/challengeseconomiques.com\/?s={search_term_string}"},"query-input":{"@type":"PropertyValueSpecification","valueRequired":true,"valueName":"search_term_string"}}],"inLanguage":"fr-FR"},{"@type":"Person","@id":"https:\/\/challengeseconomiques.com\/#\/schema\/person\/b4568c9afebc5a9238a771873801e349","name":"admin","image":{"@type":"ImageObject","inLanguage":"fr-FR","@id":"https:\/\/challengeseconomiques.com\/#\/schema\/person\/image\/","url":"https:\/\/secure.gravatar.com\/avatar\/099e42240b5eea11acdb72751fcce0dd918603f0749d24974b7984ea47ed9fd9?s=96&d=mm&r=g","contentUrl":"https:\/\/secure.gravatar.com\/avatar\/099e42240b5eea11acdb72751fcce0dd918603f0749d24974b7984ea47ed9fd9?s=96&d=mm&r=g","caption":"admin"},"sameAs":["https:\/\/challengeseconomiques.com"],"url":"https:\/\/challengeseconomiques.com\/?author=1"}]}},"jetpack_featured_media_url":"https:\/\/challengeseconomiques.com\/wp-content\/uploads\/2022\/09\/mackygaz.jpg","jetpack_sharing_enabled":true,"_links":{"self":[{"href":"https:\/\/challengeseconomiques.com\/index.php?rest_route=\/wp\/v2\/posts\/3885","targetHints":{"allow":["GET"]}}],"collection":[{"href":"https:\/\/challengeseconomiques.com\/index.php?rest_route=\/wp\/v2\/posts"}],"about":[{"href":"https:\/\/challengeseconomiques.com\/index.php?rest_route=\/wp\/v2\/types\/post"}],"author":[{"embeddable":true,"href":"https:\/\/challengeseconomiques.com\/index.php?rest_route=\/wp\/v2\/users\/1"}],"replies":[{"embeddable":true,"href":"https:\/\/challengeseconomiques.com\/index.php?rest_route=%2Fwp%2Fv2%2Fcomments&post=3885"}],"version-history":[{"count":2,"href":"https:\/\/challengeseconomiques.com\/index.php?rest_route=\/wp\/v2\/posts\/3885\/revisions"}],"predecessor-version":[{"id":3888,"href":"https:\/\/challengeseconomiques.com\/index.php?rest_route=\/wp\/v2\/posts\/3885\/revisions\/3888"}],"wp:featuredmedia":[{"embeddable":true,"href":"https:\/\/challengeseconomiques.com\/index.php?rest_route=\/wp\/v2\/media\/3886"}],"wp:attachment":[{"href":"https:\/\/challengeseconomiques.com\/index.php?rest_route=%2Fwp%2Fv2%2Fmedia&parent=3885"}],"wp:term":[{"taxonomy":"category","embeddable":true,"href":"https:\/\/challengeseconomiques.com\/index.php?rest_route=%2Fwp%2Fv2%2Fcategories&post=3885"},{"taxonomy":"post_tag","embeddable":true,"href":"https:\/\/challengeseconomiques.com\/index.php?rest_route=%2Fwp%2Fv2%2Ftags&post=3885"}],"curies":[{"name":"wp","href":"https:\/\/api.w.org\/{rel}","templated":true}]}}