{"id":3851,"date":"2022-08-26T09:35:51","date_gmt":"2022-08-26T09:35:51","guid":{"rendered":"https:\/\/challengeseconomiques.com\/?p=3851"},"modified":"2022-08-26T09:36:27","modified_gmt":"2022-08-26T09:36:27","slug":"vera-songwe-demissionne-de-la-cea","status":"publish","type":"post","link":"https:\/\/challengeseconomiques.com\/?p=3851","title":{"rendered":"V\u00e9ra Songw\u00e9 d\u00e9missionne de la CEA"},"content":{"rendered":"<p>L\u2019\u00e9conomiste camerounaise V\u00e9ra Songw\u00e9 va quitter le poste de secr\u00e9taire ex\u00e9cutive de la CEA, la Commission \u00e9conomique des Nations unies pour l\u2019Afrique. Un poste qu\u2019elle occupait depuis le 13 avril 2017. Elle a annonc\u00e9 sa d\u00e9mission lors d\u2019une r\u00e9union en ligne selon le Magazine de l\u2019Afrique.&nbsp; Ce d\u00e9part serait li\u00e9 selon le journal \u00e0 l\u2019envie de Mme Songw\u00e9 de rejoindre une organisation disposant de plus de moyens.<\/p>\n<p>L\u2019ancienne directrice des op\u00e9rations de la banque mondiale pour le S\u00e9n\u00e9gal aura au cours de &nbsp;son mandat de cinq ans au sein du principal groupe de r\u00e9flexion \u00e9conomique du continent pr\u00e9sid\u00e9 \u00e0 l\u2019examen de questions allant de l\u2019\u00e9branlement de l\u2019architecture financi\u00e8re mondiale \u00e0 la lutte contre les retomb\u00e9es de la pand\u00e9mie et du changement climatique dans l\u2019une des r\u00e9gions les plus touch\u00e9es du monde selon le Magazine de l\u2019Afrique.<\/p>\n<p>Elle n\u2019a pas d\u00e9voil\u00e9 son point de chute apr\u00e8s son annonce. Mais nul ne doute qu\u2019elle va atterrir dans une organisation \u00e0 la dimension de son parcours professionnel d\u00e9j\u00e0 tr\u00e8s riche. En effet, pour rappel V\u00e9ra Songw\u00e9 a occup\u00e9 aussi &nbsp;le poste de repr\u00e9sentante-r\u00e9sidente au S\u00e9n\u00e9gal, de la Soci\u00e9t\u00e9 financi\u00e8re internationale (IFC), la branche de la Banque mondiale sp\u00e9cialis\u00e9e dans le financement du secteur priv\u00e9.<\/p>\n","protected":false},"excerpt":{"rendered":"<p>L\u2019\u00e9conomiste camerounaise V\u00e9ra Songw\u00e9 va quitter le poste de secr\u00e9taire ex\u00e9cutive de la CEA, la Commission \u00e9conomique des Nations unies pour l\u2019Afrique. Un poste qu\u2019elle&#8230;<\/p>\n","protected":false},"author":1,"featured_media":3852,"comment_status":"closed","ping_status":"open","sticky":false,"template":"","format":"standard","meta":{"_jetpack_memberships_contains_paid_content":false,"footnotes":""},"categories":[23,10],"tags":[],"class_list":["post-3851","post","type-post","status-publish","format-standard","has-post-thumbnail","hentry","category-a-la-une","category-infos-eco","wpcat-23-id","wpcat-10-id"],"yoast_head":"<!-- This site is optimized with the Yoast SEO plugin v27.1.1 - https:\/\/yoast.com\/product\/yoast-seo-wordpress\/ -->\n<title>V\u00e9ra Songw\u00e9 d\u00e9missionne de la CEA - challenges economiques<\/title>\n<meta name=\"robots\" content=\"index, follow, max-snippet:-1, max-image-preview:large, max-video-preview:-1\" \/>\n<link rel=\"canonical\" href=\"https:\/\/challengeseconomiques.com\/?p=3851\" \/>\n<meta property=\"og:locale\" content=\"fr_FR\" \/>\n<meta property=\"og:type\" content=\"article\" \/>\n<meta property=\"og:title\" content=\"V\u00e9ra Songw\u00e9 d\u00e9missionne de la CEA - challenges economiques\" \/>\n<meta property=\"og:description\" content=\"L\u2019\u00e9conomiste camerounaise V\u00e9ra Songw\u00e9 va quitter le poste de secr\u00e9taire ex\u00e9cutive de la CEA, la Commission \u00e9conomique des Nations unies pour l\u2019Afrique. Un poste qu\u2019elle...\" \/>\n<meta property=\"og:url\" content=\"https:\/\/challengeseconomiques.com\/?p=3851\" \/>\n<meta property=\"og:site_name\" content=\"challenges economiques\" \/>\n<meta property=\"article:published_time\" content=\"2022-08-26T09:35:51+00:00\" \/>\n<meta property=\"article:modified_time\" content=\"2022-08-26T09:36:27+00:00\" \/>\n<meta property=\"og:image\" content=\"https:\/\/challengeseconomiques.com\/wp-content\/uploads\/2022\/08\/Vera-Songwe-1.webp\" \/>\n\t<meta property=\"og:image:width\" content=\"800\" \/>\n\t<meta property=\"og:image:height\" content=\"500\" \/>\n\t<meta property=\"og:image:type\" content=\"image\/webp\" \/>\n<meta name=\"author\" content=\"admin\" \/>\n<meta name=\"twitter:card\" content=\"summary_large_image\" \/>\n<meta name=\"twitter:label1\" content=\"\u00c9crit par\" \/>\n\t<meta name=\"twitter:data1\" content=\"admin\" \/>\n\t<meta name=\"twitter:label2\" content=\"Dur\u00e9e de lecture estim\u00e9e\" \/>\n\t<meta name=\"twitter:data2\" content=\"2 minutes\" \/>\n<script type=\"application\/ld+json\" class=\"yoast-schema-graph\">{\"@context\":\"https:\/\/schema.org\",\"@graph\":[{\"@type\":\"Article\",\"@id\":\"https:\/\/challengeseconomiques.com\/?p=3851#article\",\"isPartOf\":{\"@id\":\"https:\/\/challengeseconomiques.com\/?p=3851\"},\"author\":{\"name\":\"admin\",\"@id\":\"https:\/\/challengeseconomiques.com\/#\/schema\/person\/b4568c9afebc5a9238a771873801e349\"},\"headline\":\"V\u00e9ra Songw\u00e9 d\u00e9missionne de la CEA\",\"datePublished\":\"2022-08-26T09:35:51+00:00\",\"dateModified\":\"2022-08-26T09:36:27+00:00\",\"mainEntityOfPage\":{\"@id\":\"https:\/\/challengeseconomiques.com\/?p=3851\"},\"wordCount\":249,\"image\":{\"@id\":\"https:\/\/challengeseconomiques.com\/?p=3851#primaryimage\"},\"thumbnailUrl\":\"https:\/\/challengeseconomiques.com\/wp-content\/uploads\/2022\/08\/Vera-Songwe-1.webp\",\"articleSection\":[\"A la une\",\"Infos \u00e9co\"],\"inLanguage\":\"fr-FR\"},{\"@type\":\"WebPage\",\"@id\":\"https:\/\/challengeseconomiques.com\/?p=3851\",\"url\":\"https:\/\/challengeseconomiques.com\/?p=3851\",\"name\":\"V\u00e9ra Songw\u00e9 d\u00e9missionne de la CEA - challenges economiques\",\"isPartOf\":{\"@id\":\"https:\/\/challengeseconomiques.com\/#website\"},\"primaryImageOfPage\":{\"@id\":\"https:\/\/challengeseconomiques.com\/?p=3851#primaryimage\"},\"image\":{\"@id\":\"https:\/\/challengeseconomiques.com\/?p=3851#primaryimage\"},\"thumbnailUrl\":\"https:\/\/challengeseconomiques.com\/wp-content\/uploads\/2022\/08\/Vera-Songwe-1.webp\",\"datePublished\":\"2022-08-26T09:35:51+00:00\",\"dateModified\":\"2022-08-26T09:36:27+00:00\",\"author\":{\"@id\":\"https:\/\/challengeseconomiques.com\/#\/schema\/person\/b4568c9afebc5a9238a771873801e349\"},\"breadcrumb\":{\"@id\":\"https:\/\/challengeseconomiques.com\/?p=3851#breadcrumb\"},\"inLanguage\":\"fr-FR\",\"potentialAction\":[{\"@type\":\"ReadAction\",\"target\":[\"https:\/\/challengeseconomiques.com\/?p=3851\"]}]},{\"@type\":\"ImageObject\",\"inLanguage\":\"fr-FR\",\"@id\":\"https:\/\/challengeseconomiques.com\/?p=3851#primaryimage\",\"url\":\"https:\/\/challengeseconomiques.com\/wp-content\/uploads\/2022\/08\/Vera-Songwe-1.webp\",\"contentUrl\":\"https:\/\/challengeseconomiques.com\/wp-content\/uploads\/2022\/08\/Vera-Songwe-1.webp\",\"width\":800,\"height\":500},{\"@type\":\"BreadcrumbList\",\"@id\":\"https:\/\/challengeseconomiques.com\/?p=3851#breadcrumb\",\"itemListElement\":[{\"@type\":\"ListItem\",\"position\":1,\"name\":\"Home\",\"item\":\"https:\/\/challengeseconomiques.com\/\"},{\"@type\":\"ListItem\",\"position\":2,\"name\":\"V\u00e9ra Songw\u00e9 d\u00e9missionne de la CEA\"}]},{\"@type\":\"WebSite\",\"@id\":\"https:\/\/challengeseconomiques.com\/#website\",\"url\":\"https:\/\/challengeseconomiques.com\/\",\"name\":\"challenges economiques\",\"description\":\"\",\"potentialAction\":[{\"@type\":\"SearchAction\",\"target\":{\"@type\":\"EntryPoint\",\"urlTemplate\":\"https:\/\/challengeseconomiques.com\/?s={search_term_string}\"},\"query-input\":{\"@type\":\"PropertyValueSpecification\",\"valueRequired\":true,\"valueName\":\"search_term_string\"}}],\"inLanguage\":\"fr-FR\"},{\"@type\":\"Person\",\"@id\":\"https:\/\/challengeseconomiques.com\/#\/schema\/person\/b4568c9afebc5a9238a771873801e349\",\"name\":\"admin\",\"image\":{\"@type\":\"ImageObject\",\"inLanguage\":\"fr-FR\",\"@id\":\"https:\/\/challengeseconomiques.com\/#\/schema\/person\/image\/\",\"url\":\"https:\/\/secure.gravatar.com\/avatar\/099e42240b5eea11acdb72751fcce0dd918603f0749d24974b7984ea47ed9fd9?s=96&d=mm&r=g\",\"contentUrl\":\"https:\/\/secure.gravatar.com\/avatar\/099e42240b5eea11acdb72751fcce0dd918603f0749d24974b7984ea47ed9fd9?s=96&d=mm&r=g\",\"caption\":\"admin\"},\"sameAs\":[\"https:\/\/challengeseconomiques.com\"],\"url\":\"https:\/\/challengeseconomiques.com\/?author=1\"}]}<\/script>\n<!-- \/ Yoast SEO plugin. -->","yoast_head_json":{"title":"V\u00e9ra Songw\u00e9 d\u00e9missionne de la CEA - challenges economiques","robots":{"index":"index","follow":"follow","max-snippet":"max-snippet:-1","max-image-preview":"max-image-preview:large","max-video-preview":"max-video-preview:-1"},"canonical":"https:\/\/challengeseconomiques.com\/?p=3851","og_locale":"fr_FR","og_type":"article","og_title":"V\u00e9ra Songw\u00e9 d\u00e9missionne de la CEA - challenges economiques","og_description":"L\u2019\u00e9conomiste camerounaise V\u00e9ra Songw\u00e9 va quitter le poste de secr\u00e9taire ex\u00e9cutive de la CEA, la Commission \u00e9conomique des Nations unies pour l\u2019Afrique. Un poste qu\u2019elle...","og_url":"https:\/\/challengeseconomiques.com\/?p=3851","og_site_name":"challenges economiques","article_published_time":"2022-08-26T09:35:51+00:00","article_modified_time":"2022-08-26T09:36:27+00:00","og_image":[{"width":800,"height":500,"url":"https:\/\/challengeseconomiques.com\/wp-content\/uploads\/2022\/08\/Vera-Songwe-1.webp","type":"image\/webp"}],"author":"admin","twitter_card":"summary_large_image","twitter_misc":{"\u00c9crit par":"admin","Dur\u00e9e de lecture estim\u00e9e":"2 minutes"},"schema":{"@context":"https:\/\/schema.org","@graph":[{"@type":"Article","@id":"https:\/\/challengeseconomiques.com\/?p=3851#article","isPartOf":{"@id":"https:\/\/challengeseconomiques.com\/?p=3851"},"author":{"name":"admin","@id":"https:\/\/challengeseconomiques.com\/#\/schema\/person\/b4568c9afebc5a9238a771873801e349"},"headline":"V\u00e9ra Songw\u00e9 d\u00e9missionne de la CEA","datePublished":"2022-08-26T09:35:51+00:00","dateModified":"2022-08-26T09:36:27+00:00","mainEntityOfPage":{"@id":"https:\/\/challengeseconomiques.com\/?p=3851"},"wordCount":249,"image":{"@id":"https:\/\/challengeseconomiques.com\/?p=3851#primaryimage"},"thumbnailUrl":"https:\/\/challengeseconomiques.com\/wp-content\/uploads\/2022\/08\/Vera-Songwe-1.webp","articleSection":["A la une","Infos \u00e9co"],"inLanguage":"fr-FR"},{"@type":"WebPage","@id":"https:\/\/challengeseconomiques.com\/?p=3851","url":"https:\/\/challengeseconomiques.com\/?p=3851","name":"V\u00e9ra Songw\u00e9 d\u00e9missionne de la CEA - challenges economiques","isPartOf":{"@id":"https:\/\/challengeseconomiques.com\/#website"},"primaryImageOfPage":{"@id":"https:\/\/challengeseconomiques.com\/?p=3851#primaryimage"},"image":{"@id":"https:\/\/challengeseconomiques.com\/?p=3851#primaryimage"},"thumbnailUrl":"https:\/\/challengeseconomiques.com\/wp-content\/uploads\/2022\/08\/Vera-Songwe-1.webp","datePublished":"2022-08-26T09:35:51+00:00","dateModified":"2022-08-26T09:36:27+00:00","author":{"@id":"https:\/\/challengeseconomiques.com\/#\/schema\/person\/b4568c9afebc5a9238a771873801e349"},"breadcrumb":{"@id":"https:\/\/challengeseconomiques.com\/?p=3851#breadcrumb"},"inLanguage":"fr-FR","potentialAction":[{"@type":"ReadAction","target":["https:\/\/challengeseconomiques.com\/?p=3851"]}]},{"@type":"ImageObject","inLanguage":"fr-FR","@id":"https:\/\/challengeseconomiques.com\/?p=3851#primaryimage","url":"https:\/\/challengeseconomiques.com\/wp-content\/uploads\/2022\/08\/Vera-Songwe-1.webp","contentUrl":"https:\/\/challengeseconomiques.com\/wp-content\/uploads\/2022\/08\/Vera-Songwe-1.webp","width":800,"height":500},{"@type":"BreadcrumbList","@id":"https:\/\/challengeseconomiques.com\/?p=3851#breadcrumb","itemListElement":[{"@type":"ListItem","position":1,"name":"Home","item":"https:\/\/challengeseconomiques.com\/"},{"@type":"ListItem","position":2,"name":"V\u00e9ra Songw\u00e9 d\u00e9missionne de la CEA"}]},{"@type":"WebSite","@id":"https:\/\/challengeseconomiques.com\/#website","url":"https:\/\/challengeseconomiques.com\/","name":"challenges economiques","description":"","potentialAction":[{"@type":"SearchAction","target":{"@type":"EntryPoint","urlTemplate":"https:\/\/challengeseconomiques.com\/?s={search_term_string}"},"query-input":{"@type":"PropertyValueSpecification","valueRequired":true,"valueName":"search_term_string"}}],"inLanguage":"fr-FR"},{"@type":"Person","@id":"https:\/\/challengeseconomiques.com\/#\/schema\/person\/b4568c9afebc5a9238a771873801e349","name":"admin","image":{"@type":"ImageObject","inLanguage":"fr-FR","@id":"https:\/\/challengeseconomiques.com\/#\/schema\/person\/image\/","url":"https:\/\/secure.gravatar.com\/avatar\/099e42240b5eea11acdb72751fcce0dd918603f0749d24974b7984ea47ed9fd9?s=96&d=mm&r=g","contentUrl":"https:\/\/secure.gravatar.com\/avatar\/099e42240b5eea11acdb72751fcce0dd918603f0749d24974b7984ea47ed9fd9?s=96&d=mm&r=g","caption":"admin"},"sameAs":["https:\/\/challengeseconomiques.com"],"url":"https:\/\/challengeseconomiques.com\/?author=1"}]}},"jetpack_featured_media_url":"https:\/\/challengeseconomiques.com\/wp-content\/uploads\/2022\/08\/Vera-Songwe-1.webp","jetpack_sharing_enabled":true,"_links":{"self":[{"href":"https:\/\/challengeseconomiques.com\/index.php?rest_route=\/wp\/v2\/posts\/3851","targetHints":{"allow":["GET"]}}],"collection":[{"href":"https:\/\/challengeseconomiques.com\/index.php?rest_route=\/wp\/v2\/posts"}],"about":[{"href":"https:\/\/challengeseconomiques.com\/index.php?rest_route=\/wp\/v2\/types\/post"}],"author":[{"embeddable":true,"href":"https:\/\/challengeseconomiques.com\/index.php?rest_route=\/wp\/v2\/users\/1"}],"replies":[{"embeddable":true,"href":"https:\/\/challengeseconomiques.com\/index.php?rest_route=%2Fwp%2Fv2%2Fcomments&post=3851"}],"version-history":[{"count":2,"href":"https:\/\/challengeseconomiques.com\/index.php?rest_route=\/wp\/v2\/posts\/3851\/revisions"}],"predecessor-version":[{"id":3854,"href":"https:\/\/challengeseconomiques.com\/index.php?rest_route=\/wp\/v2\/posts\/3851\/revisions\/3854"}],"wp:featuredmedia":[{"embeddable":true,"href":"https:\/\/challengeseconomiques.com\/index.php?rest_route=\/wp\/v2\/media\/3852"}],"wp:attachment":[{"href":"https:\/\/challengeseconomiques.com\/index.php?rest_route=%2Fwp%2Fv2%2Fmedia&parent=3851"}],"wp:term":[{"taxonomy":"category","embeddable":true,"href":"https:\/\/challengeseconomiques.com\/index.php?rest_route=%2Fwp%2Fv2%2Fcategories&post=3851"},{"taxonomy":"post_tag","embeddable":true,"href":"https:\/\/challengeseconomiques.com\/index.php?rest_route=%2Fwp%2Fv2%2Ftags&post=3851"}],"curies":[{"name":"wp","href":"https:\/\/api.w.org\/{rel}","templated":true}]}}