{"id":3840,"date":"2022-08-24T10:51:08","date_gmt":"2022-08-24T10:51:08","guid":{"rendered":"https:\/\/challengeseconomiques.com\/?p=3840"},"modified":"2022-08-24T10:51:33","modified_gmt":"2022-08-24T10:51:33","slug":"la-banque-mondiale-nomme-la-camerounaise-mercy-tembon-au-poste-de-vice-presidente","status":"publish","type":"post","link":"https:\/\/challengeseconomiques.com\/?p=3840","title":{"rendered":"La Banque mondiale nomme la Camerounaise Mercy Tembon au poste de vice-pr\u00e9sidente"},"content":{"rendered":"<p class=\"texte textearticle\"><strong>La nouvelle vice-pr\u00e9sidente et secr\u00e9taire g\u00e9n\u00e9rale de l\u2019institution de Bretton Woods prendra officiellement fonction \u00e0 Washington le 1<sup>er<\/sup> septembre.<\/strong><\/p>\n<p class=\"texte textearticle\">Alors qu\u2019elle occupait depuis juillet 2019 le poste de directeur-pays de la Banque mondiale pour le Bangladesh et le Bhoutan, la Camerounise Mercy Tembon (photo) a \u00e9t\u00e9 nomm\u00e9e, jeudi 18&nbsp;ao\u00fbt 2022, au poste de vice-pr\u00e9sidente et secr\u00e9taire g\u00e9n\u00e9rale de cette institution de Bretton Woods. Elle prendra officiellement ses nouvelles fonctions \u00e0 Washington le 1<sup>er<\/sup>&nbsp;septembre 2022.<\/p>\n<p class=\"texte textearticle\">Arriv\u00e9e \u00e0 la Banque mondiale en 2000 comme sp\u00e9cialiste des questions d\u2019\u00e9ducation, la nouvelle promue a connu une ascension qui la propulsera plus tard au poste de directeur-pays, rappelle <em>Investir au Cameroun<\/em>. Elle occupera notamment cette fonction pour les pays du Caucase du Sud, le Burundi et le Burkina Faso.<\/p>\n<p class=\"texte textearticle\">La promotion de Mercy Tembon survient, quelque deux mois seulement apr\u00e8s celle de son compatriote Albert Zeufack au sein de la m\u00eame institution. \u00c9conomiste en chef pour la r\u00e9gion Afrique de la Banque mondiale depuis mai 2016, cet \u00e9conomiste camerounais a \u00e9t\u00e9 promu en mai 2022 au poste de directeur des op\u00e9rations pour l\u2019Angola, la R\u00e9publique d\u00e9mocratique du Congo (RDC), le Burundi et Sao Tom\u00e9 &amp; Principe.<\/p>\n<p><strong>(Agence Ecofin)<\/strong><\/p>\n","protected":false},"excerpt":{"rendered":"<p>La nouvelle vice-pr\u00e9sidente et secr\u00e9taire g\u00e9n\u00e9rale de l\u2019institution de Bretton Woods prendra officiellement fonction \u00e0 Washington le 1er septembre. Alors qu\u2019elle occupait depuis juillet 2019&#8230;<\/p>\n","protected":false},"author":1,"featured_media":3841,"comment_status":"closed","ping_status":"open","sticky":false,"template":"","format":"standard","meta":{"_jetpack_memberships_contains_paid_content":false,"footnotes":""},"categories":[8,10],"tags":[],"class_list":["post-3840","post","type-post","status-publish","format-standard","has-post-thumbnail","hentry","category-actualite-economique","category-infos-eco","wpcat-8-id","wpcat-10-id"],"yoast_head":"<!-- This site is optimized with the Yoast SEO plugin v27.1.1 - https:\/\/yoast.com\/product\/yoast-seo-wordpress\/ -->\n<title>La Banque mondiale nomme la Camerounaise Mercy Tembon au poste de vice-pr\u00e9sidente - challenges economiques<\/title>\n<meta name=\"robots\" content=\"index, follow, max-snippet:-1, max-image-preview:large, max-video-preview:-1\" \/>\n<link rel=\"canonical\" href=\"https:\/\/challengeseconomiques.com\/?p=3840\" \/>\n<meta property=\"og:locale\" content=\"fr_FR\" \/>\n<meta property=\"og:type\" content=\"article\" \/>\n<meta property=\"og:title\" content=\"La Banque mondiale nomme la Camerounaise Mercy Tembon au poste de vice-pr\u00e9sidente - challenges economiques\" \/>\n<meta property=\"og:description\" content=\"La nouvelle vice-pr\u00e9sidente et secr\u00e9taire g\u00e9n\u00e9rale de l\u2019institution de Bretton Woods prendra officiellement fonction \u00e0 Washington le 1er septembre. Alors qu\u2019elle occupait depuis juillet 2019...\" \/>\n<meta property=\"og:url\" content=\"https:\/\/challengeseconomiques.com\/?p=3840\" \/>\n<meta property=\"og:site_name\" content=\"challenges economiques\" \/>\n<meta property=\"article:published_time\" content=\"2022-08-24T10:51:08+00:00\" \/>\n<meta property=\"article:modified_time\" content=\"2022-08-24T10:51:33+00:00\" \/>\n<meta property=\"og:image\" content=\"https:\/\/challengeseconomiques.com\/wp-content\/uploads\/2022\/08\/mercytembon.jpg\" \/>\n\t<meta property=\"og:image:width\" content=\"450\" \/>\n\t<meta property=\"og:image:height\" content=\"302\" \/>\n\t<meta property=\"og:image:type\" content=\"image\/jpeg\" \/>\n<meta name=\"author\" content=\"admin\" \/>\n<meta name=\"twitter:card\" content=\"summary_large_image\" \/>\n<meta name=\"twitter:label1\" content=\"\u00c9crit par\" \/>\n\t<meta name=\"twitter:data1\" content=\"admin\" \/>\n\t<meta name=\"twitter:label2\" content=\"Dur\u00e9e de lecture estim\u00e9e\" \/>\n\t<meta name=\"twitter:data2\" content=\"2 minutes\" \/>\n<script type=\"application\/ld+json\" class=\"yoast-schema-graph\">{\"@context\":\"https:\/\/schema.org\",\"@graph\":[{\"@type\":\"Article\",\"@id\":\"https:\/\/challengeseconomiques.com\/?p=3840#article\",\"isPartOf\":{\"@id\":\"https:\/\/challengeseconomiques.com\/?p=3840\"},\"author\":{\"name\":\"admin\",\"@id\":\"https:\/\/challengeseconomiques.com\/#\/schema\/person\/b4568c9afebc5a9238a771873801e349\"},\"headline\":\"La Banque mondiale nomme la Camerounaise Mercy Tembon au poste de vice-pr\u00e9sidente\",\"datePublished\":\"2022-08-24T10:51:08+00:00\",\"dateModified\":\"2022-08-24T10:51:33+00:00\",\"mainEntityOfPage\":{\"@id\":\"https:\/\/challengeseconomiques.com\/?p=3840\"},\"wordCount\":222,\"image\":{\"@id\":\"https:\/\/challengeseconomiques.com\/?p=3840#primaryimage\"},\"thumbnailUrl\":\"https:\/\/challengeseconomiques.com\/wp-content\/uploads\/2022\/08\/mercytembon.jpg\",\"articleSection\":[\"Actualit\u00e9 \u00e9conomique\",\"Infos \u00e9co\"],\"inLanguage\":\"fr-FR\"},{\"@type\":\"WebPage\",\"@id\":\"https:\/\/challengeseconomiques.com\/?p=3840\",\"url\":\"https:\/\/challengeseconomiques.com\/?p=3840\",\"name\":\"La Banque mondiale nomme la Camerounaise Mercy Tembon au poste de vice-pr\u00e9sidente - challenges economiques\",\"isPartOf\":{\"@id\":\"https:\/\/challengeseconomiques.com\/#website\"},\"primaryImageOfPage\":{\"@id\":\"https:\/\/challengeseconomiques.com\/?p=3840#primaryimage\"},\"image\":{\"@id\":\"https:\/\/challengeseconomiques.com\/?p=3840#primaryimage\"},\"thumbnailUrl\":\"https:\/\/challengeseconomiques.com\/wp-content\/uploads\/2022\/08\/mercytembon.jpg\",\"datePublished\":\"2022-08-24T10:51:08+00:00\",\"dateModified\":\"2022-08-24T10:51:33+00:00\",\"author\":{\"@id\":\"https:\/\/challengeseconomiques.com\/#\/schema\/person\/b4568c9afebc5a9238a771873801e349\"},\"breadcrumb\":{\"@id\":\"https:\/\/challengeseconomiques.com\/?p=3840#breadcrumb\"},\"inLanguage\":\"fr-FR\",\"potentialAction\":[{\"@type\":\"ReadAction\",\"target\":[\"https:\/\/challengeseconomiques.com\/?p=3840\"]}]},{\"@type\":\"ImageObject\",\"inLanguage\":\"fr-FR\",\"@id\":\"https:\/\/challengeseconomiques.com\/?p=3840#primaryimage\",\"url\":\"https:\/\/challengeseconomiques.com\/wp-content\/uploads\/2022\/08\/mercytembon.jpg\",\"contentUrl\":\"https:\/\/challengeseconomiques.com\/wp-content\/uploads\/2022\/08\/mercytembon.jpg\",\"width\":450,\"height\":302},{\"@type\":\"BreadcrumbList\",\"@id\":\"https:\/\/challengeseconomiques.com\/?p=3840#breadcrumb\",\"itemListElement\":[{\"@type\":\"ListItem\",\"position\":1,\"name\":\"Home\",\"item\":\"https:\/\/challengeseconomiques.com\/\"},{\"@type\":\"ListItem\",\"position\":2,\"name\":\"La Banque mondiale nomme la Camerounaise Mercy Tembon au poste de vice-pr\u00e9sidente\"}]},{\"@type\":\"WebSite\",\"@id\":\"https:\/\/challengeseconomiques.com\/#website\",\"url\":\"https:\/\/challengeseconomiques.com\/\",\"name\":\"challenges economiques\",\"description\":\"\",\"potentialAction\":[{\"@type\":\"SearchAction\",\"target\":{\"@type\":\"EntryPoint\",\"urlTemplate\":\"https:\/\/challengeseconomiques.com\/?s={search_term_string}\"},\"query-input\":{\"@type\":\"PropertyValueSpecification\",\"valueRequired\":true,\"valueName\":\"search_term_string\"}}],\"inLanguage\":\"fr-FR\"},{\"@type\":\"Person\",\"@id\":\"https:\/\/challengeseconomiques.com\/#\/schema\/person\/b4568c9afebc5a9238a771873801e349\",\"name\":\"admin\",\"image\":{\"@type\":\"ImageObject\",\"inLanguage\":\"fr-FR\",\"@id\":\"https:\/\/challengeseconomiques.com\/#\/schema\/person\/image\/\",\"url\":\"https:\/\/secure.gravatar.com\/avatar\/099e42240b5eea11acdb72751fcce0dd918603f0749d24974b7984ea47ed9fd9?s=96&d=mm&r=g\",\"contentUrl\":\"https:\/\/secure.gravatar.com\/avatar\/099e42240b5eea11acdb72751fcce0dd918603f0749d24974b7984ea47ed9fd9?s=96&d=mm&r=g\",\"caption\":\"admin\"},\"sameAs\":[\"https:\/\/challengeseconomiques.com\"],\"url\":\"https:\/\/challengeseconomiques.com\/?author=1\"}]}<\/script>\n<!-- \/ Yoast SEO plugin. -->","yoast_head_json":{"title":"La Banque mondiale nomme la Camerounaise Mercy Tembon au poste de vice-pr\u00e9sidente - challenges economiques","robots":{"index":"index","follow":"follow","max-snippet":"max-snippet:-1","max-image-preview":"max-image-preview:large","max-video-preview":"max-video-preview:-1"},"canonical":"https:\/\/challengeseconomiques.com\/?p=3840","og_locale":"fr_FR","og_type":"article","og_title":"La Banque mondiale nomme la Camerounaise Mercy Tembon au poste de vice-pr\u00e9sidente - challenges economiques","og_description":"La nouvelle vice-pr\u00e9sidente et secr\u00e9taire g\u00e9n\u00e9rale de l\u2019institution de Bretton Woods prendra officiellement fonction \u00e0 Washington le 1er septembre. Alors qu\u2019elle occupait depuis juillet 2019...","og_url":"https:\/\/challengeseconomiques.com\/?p=3840","og_site_name":"challenges economiques","article_published_time":"2022-08-24T10:51:08+00:00","article_modified_time":"2022-08-24T10:51:33+00:00","og_image":[{"width":450,"height":302,"url":"https:\/\/challengeseconomiques.com\/wp-content\/uploads\/2022\/08\/mercytembon.jpg","type":"image\/jpeg"}],"author":"admin","twitter_card":"summary_large_image","twitter_misc":{"\u00c9crit par":"admin","Dur\u00e9e de lecture estim\u00e9e":"2 minutes"},"schema":{"@context":"https:\/\/schema.org","@graph":[{"@type":"Article","@id":"https:\/\/challengeseconomiques.com\/?p=3840#article","isPartOf":{"@id":"https:\/\/challengeseconomiques.com\/?p=3840"},"author":{"name":"admin","@id":"https:\/\/challengeseconomiques.com\/#\/schema\/person\/b4568c9afebc5a9238a771873801e349"},"headline":"La Banque mondiale nomme la Camerounaise Mercy Tembon au poste de vice-pr\u00e9sidente","datePublished":"2022-08-24T10:51:08+00:00","dateModified":"2022-08-24T10:51:33+00:00","mainEntityOfPage":{"@id":"https:\/\/challengeseconomiques.com\/?p=3840"},"wordCount":222,"image":{"@id":"https:\/\/challengeseconomiques.com\/?p=3840#primaryimage"},"thumbnailUrl":"https:\/\/challengeseconomiques.com\/wp-content\/uploads\/2022\/08\/mercytembon.jpg","articleSection":["Actualit\u00e9 \u00e9conomique","Infos \u00e9co"],"inLanguage":"fr-FR"},{"@type":"WebPage","@id":"https:\/\/challengeseconomiques.com\/?p=3840","url":"https:\/\/challengeseconomiques.com\/?p=3840","name":"La Banque mondiale nomme la Camerounaise Mercy Tembon au poste de vice-pr\u00e9sidente - challenges economiques","isPartOf":{"@id":"https:\/\/challengeseconomiques.com\/#website"},"primaryImageOfPage":{"@id":"https:\/\/challengeseconomiques.com\/?p=3840#primaryimage"},"image":{"@id":"https:\/\/challengeseconomiques.com\/?p=3840#primaryimage"},"thumbnailUrl":"https:\/\/challengeseconomiques.com\/wp-content\/uploads\/2022\/08\/mercytembon.jpg","datePublished":"2022-08-24T10:51:08+00:00","dateModified":"2022-08-24T10:51:33+00:00","author":{"@id":"https:\/\/challengeseconomiques.com\/#\/schema\/person\/b4568c9afebc5a9238a771873801e349"},"breadcrumb":{"@id":"https:\/\/challengeseconomiques.com\/?p=3840#breadcrumb"},"inLanguage":"fr-FR","potentialAction":[{"@type":"ReadAction","target":["https:\/\/challengeseconomiques.com\/?p=3840"]}]},{"@type":"ImageObject","inLanguage":"fr-FR","@id":"https:\/\/challengeseconomiques.com\/?p=3840#primaryimage","url":"https:\/\/challengeseconomiques.com\/wp-content\/uploads\/2022\/08\/mercytembon.jpg","contentUrl":"https:\/\/challengeseconomiques.com\/wp-content\/uploads\/2022\/08\/mercytembon.jpg","width":450,"height":302},{"@type":"BreadcrumbList","@id":"https:\/\/challengeseconomiques.com\/?p=3840#breadcrumb","itemListElement":[{"@type":"ListItem","position":1,"name":"Home","item":"https:\/\/challengeseconomiques.com\/"},{"@type":"ListItem","position":2,"name":"La Banque mondiale nomme la Camerounaise Mercy Tembon au poste de vice-pr\u00e9sidente"}]},{"@type":"WebSite","@id":"https:\/\/challengeseconomiques.com\/#website","url":"https:\/\/challengeseconomiques.com\/","name":"challenges economiques","description":"","potentialAction":[{"@type":"SearchAction","target":{"@type":"EntryPoint","urlTemplate":"https:\/\/challengeseconomiques.com\/?s={search_term_string}"},"query-input":{"@type":"PropertyValueSpecification","valueRequired":true,"valueName":"search_term_string"}}],"inLanguage":"fr-FR"},{"@type":"Person","@id":"https:\/\/challengeseconomiques.com\/#\/schema\/person\/b4568c9afebc5a9238a771873801e349","name":"admin","image":{"@type":"ImageObject","inLanguage":"fr-FR","@id":"https:\/\/challengeseconomiques.com\/#\/schema\/person\/image\/","url":"https:\/\/secure.gravatar.com\/avatar\/099e42240b5eea11acdb72751fcce0dd918603f0749d24974b7984ea47ed9fd9?s=96&d=mm&r=g","contentUrl":"https:\/\/secure.gravatar.com\/avatar\/099e42240b5eea11acdb72751fcce0dd918603f0749d24974b7984ea47ed9fd9?s=96&d=mm&r=g","caption":"admin"},"sameAs":["https:\/\/challengeseconomiques.com"],"url":"https:\/\/challengeseconomiques.com\/?author=1"}]}},"jetpack_featured_media_url":"https:\/\/challengeseconomiques.com\/wp-content\/uploads\/2022\/08\/mercytembon.jpg","jetpack_sharing_enabled":true,"_links":{"self":[{"href":"https:\/\/challengeseconomiques.com\/index.php?rest_route=\/wp\/v2\/posts\/3840","targetHints":{"allow":["GET"]}}],"collection":[{"href":"https:\/\/challengeseconomiques.com\/index.php?rest_route=\/wp\/v2\/posts"}],"about":[{"href":"https:\/\/challengeseconomiques.com\/index.php?rest_route=\/wp\/v2\/types\/post"}],"author":[{"embeddable":true,"href":"https:\/\/challengeseconomiques.com\/index.php?rest_route=\/wp\/v2\/users\/1"}],"replies":[{"embeddable":true,"href":"https:\/\/challengeseconomiques.com\/index.php?rest_route=%2Fwp%2Fv2%2Fcomments&post=3840"}],"version-history":[{"count":2,"href":"https:\/\/challengeseconomiques.com\/index.php?rest_route=\/wp\/v2\/posts\/3840\/revisions"}],"predecessor-version":[{"id":3843,"href":"https:\/\/challengeseconomiques.com\/index.php?rest_route=\/wp\/v2\/posts\/3840\/revisions\/3843"}],"wp:featuredmedia":[{"embeddable":true,"href":"https:\/\/challengeseconomiques.com\/index.php?rest_route=\/wp\/v2\/media\/3841"}],"wp:attachment":[{"href":"https:\/\/challengeseconomiques.com\/index.php?rest_route=%2Fwp%2Fv2%2Fmedia&parent=3840"}],"wp:term":[{"taxonomy":"category","embeddable":true,"href":"https:\/\/challengeseconomiques.com\/index.php?rest_route=%2Fwp%2Fv2%2Fcategories&post=3840"},{"taxonomy":"post_tag","embeddable":true,"href":"https:\/\/challengeseconomiques.com\/index.php?rest_route=%2Fwp%2Fv2%2Ftags&post=3840"}],"curies":[{"name":"wp","href":"https:\/\/api.w.org\/{rel}","templated":true}]}}