{"id":3815,"date":"2022-08-17T11:43:32","date_gmt":"2022-08-17T11:43:32","guid":{"rendered":"https:\/\/challengeseconomiques.com\/?p=3815"},"modified":"2022-08-17T11:44:25","modified_gmt":"2022-08-17T11:44:25","slug":"wartsila-fournira-une-extension-de-18-mw-a-la-centrale-electrique-du-complexe-minier-aurifere-de-sabodala-massawa","status":"publish","type":"post","link":"https:\/\/challengeseconomiques.com\/?p=3815","title":{"rendered":"W\u00e4rtsil\u00e4 fournira une extension de 18 MW \u00e0 la centrale \u00e9lectrique  de Sabodala-Massawa"},"content":{"rendered":"<p>Dans un communiqu\u00e9, le groupe W\u00e4rtsil\u00e4, premier fournisseur d&rsquo;\u00e9quipements de production d&rsquo;\u00e9lectricit\u00e9 au S\u00e9n\u00e9gal annonce qu\u2019il fournira une extension de 18 MW \u00e0 l&rsquo;installation de production d&rsquo;\u00e9lectricit\u00e9 et modernisera le syst\u00e8me \u00e9lectrique et d&rsquo;automatisation de la centrale \u00e9lectrique du complexe minier aurif\u00e8re de Sabodala-Massawa au S\u00e9n\u00e9gal.<\/p>\n<p>Le projet de modernisation et d&rsquo;extension indique le communiqu\u00e9 permettra l&rsquo;int\u00e9gration compl\u00e8te de la capacit\u00e9 de production d&rsquo;\u00e9nergie du site, tout en assurant la disponibilit\u00e9 de l&rsquo;\u00e9nergie \u00e9lectrique n\u00e9cessaire pour maintenir et d\u00e9velopper la production de la mine.<\/p>\n<p>D\u2019apr\u00e8s le communiqu\u00e9, le &nbsp;projet sera livr\u00e9 dans le cadre d&rsquo;un contrat complet d&rsquo;ing\u00e9nierie, d&rsquo;approvisionnement et de construction (EPC).<\/p>\n<p>La mine de Sabodala-Massawa rappelle le communiqu\u00e9 est la plus grande mine d&rsquo;or en production au S\u00e9n\u00e9gal. L&rsquo;expansion de la mine transformera Sabodala-Massawa en un actif aurif\u00e8re de premier ordre avec une production accrue selon le communiqu\u00e9.<\/p>\n<p><em>\u00ab\u00a0<\/em>W\u00e4rtsil\u00e4 poss\u00e8de une grande exp\u00e9rience dans les solutions d&rsquo;alimentation \u00e9lectrique pour les exploitations mini\u00e8res du monde entier. Le fait de ne pas \u00eatre connect\u00e9 au r\u00e9seau signifie que la centrale doit \u00eatre capable de fournir un approvisionnement fiable en \u00e9lectricit\u00e9 \u00e0 tout moment, car sans \u00e9lectricit\u00e9, il n&rsquo;y a pas de production. Les moteurs W\u00e4rtsil\u00e4 32 ont acquis une solide r\u00e9putation d\u2019efficacit\u00e9 et de fiabilit\u00e9, m\u00eame dans les conditions les plus difficiles, \u00e9liminant ainsi les pertes de revenus dues aux coupures de courant\u00a0\u00bb, a d\u00e9clar\u00e9 Marc Thiriet, Directeur R\u00e9gional pour l&rsquo;Afrique occidentale selon le communiqu\u00e9.<\/p>\n<p>Les trois moteurs W\u00e4rtsil\u00e4 32 auront un rendement \u00e9nerg\u00e9tique sup\u00e9rieur de 20 % \u00e0 celui des moteurs actuellement utilis\u00e9s dans la centrale. Leur efficacit\u00e9 \u00e9nerg\u00e9tique minimisera l&rsquo;impact environnemental en r\u00e9duisant les \u00e9missions de CO2 pr\u00e9cise le communiqu\u00e9. En plus de leur performance, poursuit le communiqu\u00e9, ils permettront une transition en douceur vers l&rsquo;int\u00e9gration de l&rsquo;\u00e9nergie solaire et du stockage d&rsquo;\u00e9nergie dans le syst\u00e8me.<\/p>\n<p>Le projet devrait \u00eatre achev\u00e9 et mis en service d\u2019ici la fin de 2023.<\/p>\n","protected":false},"excerpt":{"rendered":"<p>Dans un communiqu\u00e9, le groupe W\u00e4rtsil\u00e4, premier fournisseur d&rsquo;\u00e9quipements de production d&rsquo;\u00e9lectricit\u00e9 au S\u00e9n\u00e9gal annonce qu\u2019il fournira une extension de 18 MW \u00e0 l&rsquo;installation de&#8230;<\/p>\n","protected":false},"author":1,"featured_media":3816,"comment_status":"closed","ping_status":"open","sticky":false,"template":"","format":"standard","meta":{"_jetpack_memberships_contains_paid_content":false,"footnotes":""},"categories":[23],"tags":[],"class_list":["post-3815","post","type-post","status-publish","format-standard","has-post-thumbnail","hentry","category-a-la-une","wpcat-23-id"],"yoast_head":"<!-- This site is optimized with the Yoast SEO plugin v27.1.1 - https:\/\/yoast.com\/product\/yoast-seo-wordpress\/ -->\n<title>W\u00e4rtsil\u00e4 fournira une extension de 18 MW \u00e0 la centrale \u00e9lectrique de Sabodala-Massawa - challenges economiques<\/title>\n<meta name=\"robots\" content=\"index, follow, max-snippet:-1, max-image-preview:large, max-video-preview:-1\" \/>\n<link rel=\"canonical\" href=\"https:\/\/challengeseconomiques.com\/?p=3815\" \/>\n<meta property=\"og:locale\" content=\"fr_FR\" \/>\n<meta property=\"og:type\" content=\"article\" \/>\n<meta property=\"og:title\" content=\"W\u00e4rtsil\u00e4 fournira une extension de 18 MW \u00e0 la centrale \u00e9lectrique de Sabodala-Massawa - challenges economiques\" \/>\n<meta property=\"og:description\" content=\"Dans un communiqu\u00e9, le groupe W\u00e4rtsil\u00e4, premier fournisseur d&rsquo;\u00e9quipements de production d&rsquo;\u00e9lectricit\u00e9 au S\u00e9n\u00e9gal annonce qu\u2019il fournira une extension de 18 MW \u00e0 l&rsquo;installation de...\" \/>\n<meta property=\"og:url\" content=\"https:\/\/challengeseconomiques.com\/?p=3815\" \/>\n<meta property=\"og:site_name\" content=\"challenges economiques\" \/>\n<meta property=\"article:published_time\" content=\"2022-08-17T11:43:32+00:00\" \/>\n<meta property=\"article:modified_time\" content=\"2022-08-17T11:44:25+00:00\" \/>\n<meta property=\"og:image\" content=\"https:\/\/challengeseconomiques.com\/wp-content\/uploads\/2022\/08\/sabadola.jpg\" \/>\n\t<meta property=\"og:image:width\" content=\"627\" \/>\n\t<meta property=\"og:image:height\" content=\"418\" \/>\n\t<meta property=\"og:image:type\" content=\"image\/jpeg\" \/>\n<meta name=\"author\" content=\"admin\" \/>\n<meta name=\"twitter:card\" content=\"summary_large_image\" \/>\n<meta name=\"twitter:label1\" content=\"\u00c9crit par\" \/>\n\t<meta name=\"twitter:data1\" content=\"admin\" \/>\n\t<meta name=\"twitter:label2\" content=\"Dur\u00e9e de lecture estim\u00e9e\" \/>\n\t<meta name=\"twitter:data2\" content=\"2 minutes\" \/>\n<script type=\"application\/ld+json\" class=\"yoast-schema-graph\">{\"@context\":\"https:\/\/schema.org\",\"@graph\":[{\"@type\":\"Article\",\"@id\":\"https:\/\/challengeseconomiques.com\/?p=3815#article\",\"isPartOf\":{\"@id\":\"https:\/\/challengeseconomiques.com\/?p=3815\"},\"author\":{\"name\":\"admin\",\"@id\":\"https:\/\/challengeseconomiques.com\/#\/schema\/person\/b4568c9afebc5a9238a771873801e349\"},\"headline\":\"W\u00e4rtsil\u00e4 fournira une extension de 18 MW \u00e0 la centrale \u00e9lectrique de Sabodala-Massawa\",\"datePublished\":\"2022-08-17T11:43:32+00:00\",\"dateModified\":\"2022-08-17T11:44:25+00:00\",\"mainEntityOfPage\":{\"@id\":\"https:\/\/challengeseconomiques.com\/?p=3815\"},\"wordCount\":376,\"image\":{\"@id\":\"https:\/\/challengeseconomiques.com\/?p=3815#primaryimage\"},\"thumbnailUrl\":\"https:\/\/challengeseconomiques.com\/wp-content\/uploads\/2022\/08\/sabadola.jpg\",\"articleSection\":[\"A la une\"],\"inLanguage\":\"fr-FR\"},{\"@type\":\"WebPage\",\"@id\":\"https:\/\/challengeseconomiques.com\/?p=3815\",\"url\":\"https:\/\/challengeseconomiques.com\/?p=3815\",\"name\":\"W\u00e4rtsil\u00e4 fournira une extension de 18 MW \u00e0 la centrale \u00e9lectrique de Sabodala-Massawa - challenges economiques\",\"isPartOf\":{\"@id\":\"https:\/\/challengeseconomiques.com\/#website\"},\"primaryImageOfPage\":{\"@id\":\"https:\/\/challengeseconomiques.com\/?p=3815#primaryimage\"},\"image\":{\"@id\":\"https:\/\/challengeseconomiques.com\/?p=3815#primaryimage\"},\"thumbnailUrl\":\"https:\/\/challengeseconomiques.com\/wp-content\/uploads\/2022\/08\/sabadola.jpg\",\"datePublished\":\"2022-08-17T11:43:32+00:00\",\"dateModified\":\"2022-08-17T11:44:25+00:00\",\"author\":{\"@id\":\"https:\/\/challengeseconomiques.com\/#\/schema\/person\/b4568c9afebc5a9238a771873801e349\"},\"breadcrumb\":{\"@id\":\"https:\/\/challengeseconomiques.com\/?p=3815#breadcrumb\"},\"inLanguage\":\"fr-FR\",\"potentialAction\":[{\"@type\":\"ReadAction\",\"target\":[\"https:\/\/challengeseconomiques.com\/?p=3815\"]}]},{\"@type\":\"ImageObject\",\"inLanguage\":\"fr-FR\",\"@id\":\"https:\/\/challengeseconomiques.com\/?p=3815#primaryimage\",\"url\":\"https:\/\/challengeseconomiques.com\/wp-content\/uploads\/2022\/08\/sabadola.jpg\",\"contentUrl\":\"https:\/\/challengeseconomiques.com\/wp-content\/uploads\/2022\/08\/sabadola.jpg\",\"width\":627,\"height\":418},{\"@type\":\"BreadcrumbList\",\"@id\":\"https:\/\/challengeseconomiques.com\/?p=3815#breadcrumb\",\"itemListElement\":[{\"@type\":\"ListItem\",\"position\":1,\"name\":\"Home\",\"item\":\"https:\/\/challengeseconomiques.com\/\"},{\"@type\":\"ListItem\",\"position\":2,\"name\":\"W\u00e4rtsil\u00e4 fournira une extension de 18 MW \u00e0 la centrale \u00e9lectrique de Sabodala-Massawa\"}]},{\"@type\":\"WebSite\",\"@id\":\"https:\/\/challengeseconomiques.com\/#website\",\"url\":\"https:\/\/challengeseconomiques.com\/\",\"name\":\"challenges economiques\",\"description\":\"\",\"potentialAction\":[{\"@type\":\"SearchAction\",\"target\":{\"@type\":\"EntryPoint\",\"urlTemplate\":\"https:\/\/challengeseconomiques.com\/?s={search_term_string}\"},\"query-input\":{\"@type\":\"PropertyValueSpecification\",\"valueRequired\":true,\"valueName\":\"search_term_string\"}}],\"inLanguage\":\"fr-FR\"},{\"@type\":\"Person\",\"@id\":\"https:\/\/challengeseconomiques.com\/#\/schema\/person\/b4568c9afebc5a9238a771873801e349\",\"name\":\"admin\",\"image\":{\"@type\":\"ImageObject\",\"inLanguage\":\"fr-FR\",\"@id\":\"https:\/\/challengeseconomiques.com\/#\/schema\/person\/image\/\",\"url\":\"https:\/\/secure.gravatar.com\/avatar\/099e42240b5eea11acdb72751fcce0dd918603f0749d24974b7984ea47ed9fd9?s=96&d=mm&r=g\",\"contentUrl\":\"https:\/\/secure.gravatar.com\/avatar\/099e42240b5eea11acdb72751fcce0dd918603f0749d24974b7984ea47ed9fd9?s=96&d=mm&r=g\",\"caption\":\"admin\"},\"sameAs\":[\"https:\/\/challengeseconomiques.com\"],\"url\":\"https:\/\/challengeseconomiques.com\/?author=1\"}]}<\/script>\n<!-- \/ Yoast SEO plugin. -->","yoast_head_json":{"title":"W\u00e4rtsil\u00e4 fournira une extension de 18 MW \u00e0 la centrale \u00e9lectrique de Sabodala-Massawa - challenges economiques","robots":{"index":"index","follow":"follow","max-snippet":"max-snippet:-1","max-image-preview":"max-image-preview:large","max-video-preview":"max-video-preview:-1"},"canonical":"https:\/\/challengeseconomiques.com\/?p=3815","og_locale":"fr_FR","og_type":"article","og_title":"W\u00e4rtsil\u00e4 fournira une extension de 18 MW \u00e0 la centrale \u00e9lectrique de Sabodala-Massawa - challenges economiques","og_description":"Dans un communiqu\u00e9, le groupe W\u00e4rtsil\u00e4, premier fournisseur d&rsquo;\u00e9quipements de production d&rsquo;\u00e9lectricit\u00e9 au S\u00e9n\u00e9gal annonce qu\u2019il fournira une extension de 18 MW \u00e0 l&rsquo;installation de...","og_url":"https:\/\/challengeseconomiques.com\/?p=3815","og_site_name":"challenges economiques","article_published_time":"2022-08-17T11:43:32+00:00","article_modified_time":"2022-08-17T11:44:25+00:00","og_image":[{"width":627,"height":418,"url":"https:\/\/challengeseconomiques.com\/wp-content\/uploads\/2022\/08\/sabadola.jpg","type":"image\/jpeg"}],"author":"admin","twitter_card":"summary_large_image","twitter_misc":{"\u00c9crit par":"admin","Dur\u00e9e de lecture estim\u00e9e":"2 minutes"},"schema":{"@context":"https:\/\/schema.org","@graph":[{"@type":"Article","@id":"https:\/\/challengeseconomiques.com\/?p=3815#article","isPartOf":{"@id":"https:\/\/challengeseconomiques.com\/?p=3815"},"author":{"name":"admin","@id":"https:\/\/challengeseconomiques.com\/#\/schema\/person\/b4568c9afebc5a9238a771873801e349"},"headline":"W\u00e4rtsil\u00e4 fournira une extension de 18 MW \u00e0 la centrale \u00e9lectrique de Sabodala-Massawa","datePublished":"2022-08-17T11:43:32+00:00","dateModified":"2022-08-17T11:44:25+00:00","mainEntityOfPage":{"@id":"https:\/\/challengeseconomiques.com\/?p=3815"},"wordCount":376,"image":{"@id":"https:\/\/challengeseconomiques.com\/?p=3815#primaryimage"},"thumbnailUrl":"https:\/\/challengeseconomiques.com\/wp-content\/uploads\/2022\/08\/sabadola.jpg","articleSection":["A la une"],"inLanguage":"fr-FR"},{"@type":"WebPage","@id":"https:\/\/challengeseconomiques.com\/?p=3815","url":"https:\/\/challengeseconomiques.com\/?p=3815","name":"W\u00e4rtsil\u00e4 fournira une extension de 18 MW \u00e0 la centrale \u00e9lectrique de Sabodala-Massawa - challenges economiques","isPartOf":{"@id":"https:\/\/challengeseconomiques.com\/#website"},"primaryImageOfPage":{"@id":"https:\/\/challengeseconomiques.com\/?p=3815#primaryimage"},"image":{"@id":"https:\/\/challengeseconomiques.com\/?p=3815#primaryimage"},"thumbnailUrl":"https:\/\/challengeseconomiques.com\/wp-content\/uploads\/2022\/08\/sabadola.jpg","datePublished":"2022-08-17T11:43:32+00:00","dateModified":"2022-08-17T11:44:25+00:00","author":{"@id":"https:\/\/challengeseconomiques.com\/#\/schema\/person\/b4568c9afebc5a9238a771873801e349"},"breadcrumb":{"@id":"https:\/\/challengeseconomiques.com\/?p=3815#breadcrumb"},"inLanguage":"fr-FR","potentialAction":[{"@type":"ReadAction","target":["https:\/\/challengeseconomiques.com\/?p=3815"]}]},{"@type":"ImageObject","inLanguage":"fr-FR","@id":"https:\/\/challengeseconomiques.com\/?p=3815#primaryimage","url":"https:\/\/challengeseconomiques.com\/wp-content\/uploads\/2022\/08\/sabadola.jpg","contentUrl":"https:\/\/challengeseconomiques.com\/wp-content\/uploads\/2022\/08\/sabadola.jpg","width":627,"height":418},{"@type":"BreadcrumbList","@id":"https:\/\/challengeseconomiques.com\/?p=3815#breadcrumb","itemListElement":[{"@type":"ListItem","position":1,"name":"Home","item":"https:\/\/challengeseconomiques.com\/"},{"@type":"ListItem","position":2,"name":"W\u00e4rtsil\u00e4 fournira une extension de 18 MW \u00e0 la centrale \u00e9lectrique de Sabodala-Massawa"}]},{"@type":"WebSite","@id":"https:\/\/challengeseconomiques.com\/#website","url":"https:\/\/challengeseconomiques.com\/","name":"challenges economiques","description":"","potentialAction":[{"@type":"SearchAction","target":{"@type":"EntryPoint","urlTemplate":"https:\/\/challengeseconomiques.com\/?s={search_term_string}"},"query-input":{"@type":"PropertyValueSpecification","valueRequired":true,"valueName":"search_term_string"}}],"inLanguage":"fr-FR"},{"@type":"Person","@id":"https:\/\/challengeseconomiques.com\/#\/schema\/person\/b4568c9afebc5a9238a771873801e349","name":"admin","image":{"@type":"ImageObject","inLanguage":"fr-FR","@id":"https:\/\/challengeseconomiques.com\/#\/schema\/person\/image\/","url":"https:\/\/secure.gravatar.com\/avatar\/099e42240b5eea11acdb72751fcce0dd918603f0749d24974b7984ea47ed9fd9?s=96&d=mm&r=g","contentUrl":"https:\/\/secure.gravatar.com\/avatar\/099e42240b5eea11acdb72751fcce0dd918603f0749d24974b7984ea47ed9fd9?s=96&d=mm&r=g","caption":"admin"},"sameAs":["https:\/\/challengeseconomiques.com"],"url":"https:\/\/challengeseconomiques.com\/?author=1"}]}},"jetpack_featured_media_url":"https:\/\/challengeseconomiques.com\/wp-content\/uploads\/2022\/08\/sabadola.jpg","jetpack_sharing_enabled":true,"_links":{"self":[{"href":"https:\/\/challengeseconomiques.com\/index.php?rest_route=\/wp\/v2\/posts\/3815","targetHints":{"allow":["GET"]}}],"collection":[{"href":"https:\/\/challengeseconomiques.com\/index.php?rest_route=\/wp\/v2\/posts"}],"about":[{"href":"https:\/\/challengeseconomiques.com\/index.php?rest_route=\/wp\/v2\/types\/post"}],"author":[{"embeddable":true,"href":"https:\/\/challengeseconomiques.com\/index.php?rest_route=\/wp\/v2\/users\/1"}],"replies":[{"embeddable":true,"href":"https:\/\/challengeseconomiques.com\/index.php?rest_route=%2Fwp%2Fv2%2Fcomments&post=3815"}],"version-history":[{"count":2,"href":"https:\/\/challengeseconomiques.com\/index.php?rest_route=\/wp\/v2\/posts\/3815\/revisions"}],"predecessor-version":[{"id":3818,"href":"https:\/\/challengeseconomiques.com\/index.php?rest_route=\/wp\/v2\/posts\/3815\/revisions\/3818"}],"wp:featuredmedia":[{"embeddable":true,"href":"https:\/\/challengeseconomiques.com\/index.php?rest_route=\/wp\/v2\/media\/3816"}],"wp:attachment":[{"href":"https:\/\/challengeseconomiques.com\/index.php?rest_route=%2Fwp%2Fv2%2Fmedia&parent=3815"}],"wp:term":[{"taxonomy":"category","embeddable":true,"href":"https:\/\/challengeseconomiques.com\/index.php?rest_route=%2Fwp%2Fv2%2Fcategories&post=3815"},{"taxonomy":"post_tag","embeddable":true,"href":"https:\/\/challengeseconomiques.com\/index.php?rest_route=%2Fwp%2Fv2%2Ftags&post=3815"}],"curies":[{"name":"wp","href":"https:\/\/api.w.org\/{rel}","templated":true}]}}