{"id":3765,"date":"2022-08-03T12:31:06","date_gmt":"2022-08-03T12:31:06","guid":{"rendered":"https:\/\/challengeseconomiques.com\/?p=3765"},"modified":"2022-08-03T12:31:06","modified_gmt":"2022-08-03T12:31:06","slug":"proparco-met-a-disposition-de-coris-bank-international-cote-divoire-194-millions-pour-des-prets-a-des-pme","status":"publish","type":"post","link":"https:\/\/challengeseconomiques.com\/?p=3765","title":{"rendered":"Proparco met \u00e0 disposition de Coris Bank International C\u00f4te d\u2019Ivoire 19,4 millions $ pour des pr\u00eats \u00e0 des PME"},"content":{"rendered":"<p class=\"texte textearticle\"><strong>Apr\u00e8s Vista Bank Burkina Faso, Proparco octroie \u00e0 une garantie \u00e0 Coris Bank C\u00f4te d\u2019Ivoire pour financer des entreprises importatrices de biens essentiels.<\/strong><\/p>\n<p class=\"texte textearticle\">La filiale ivoirienne du groupe Coris Bank a annonc\u00e9 le jeudi 28 juillet sur sa page LinkedIn, la mise \u00e0 disposition par Proparco, filiale de l\u2019Agence fran\u00e7aise de d\u00e9veloppement (AFD) en charge du secteur priv\u00e9 dans les pays \u00e9mergents, d\u2019une garantie de 19 millions d\u2019euros, environ 19,4 millions\u00a0$.<\/p>\n<p class=\"texte textearticle\">Le financement a \u00e9t\u00e9 octroy\u00e9 dans le but <em>\u00ab\u00a0d\u2019accompagner des petites et moyennes entreprises (PME) ainsi que des petites et moyennes industries (PMI) ivoiriennes dans le cadre du commerce international\u00a0\u00bb,<\/em> pr\u00e9cise Coris Bank International C\u00f4te d\u2019Ivoire.<\/p>\n<p class=\"texte textearticle\">Cette ligne de cr\u00e9dit est accord\u00e9e dans le cadre du programme de garanties \u00ab\u00a0Trade Finance\u00a0\u00bb de Proparco. Il avait d\u00e9j\u00e0 \u00e9t\u00e9 d\u00e9ploy\u00e9 le mardi 26 juillet, au profit de la banque commerciale burkinab\u00e8, Vista Bank Burkina.<\/p>\n<p class=\"texte textearticle\">A travers cette garantie, Proparco s\u2019engage \u00e0 couvrir \u00e0 hauteur de 19 millions d\u2019euros des pr\u00eats accord\u00e9s par la banque commerciale ivoirienne \u00e0 des PMI et PME locales. Le financement sera d\u00e9bloqu\u00e9 au profit d\u2019entreprises importatrices de biens essentiels, notamment des produits de base et produits agricoles, ainsi que des \u00e9quipements industriels. Il vise \u00e0 accompagner et d\u00e9velopper le secteur priv\u00e9 local.<\/p>\n<p class=\"texte textearticle\">Le montant \u00e0 allouer \u00e0 chaque entreprise ainsi que les modalit\u00e9s de financement n\u2019ont pas \u00e9t\u00e9 pr\u00e9cis\u00e9s. En C\u00f4te d\u2019Ivoire, l\u2019AFD affirme avoir allou\u00e9 plus de 130 milliards FCFA (202,5 millions de dollars) en faveur du secteur priv\u00e9.<\/p>\n<p><strong>(Agence Ecofin) <\/strong><\/p>\n","protected":false},"excerpt":{"rendered":"<p>Apr\u00e8s Vista Bank Burkina Faso, Proparco octroie \u00e0 une garantie \u00e0 Coris Bank C\u00f4te d\u2019Ivoire pour financer des entreprises importatrices de biens essentiels. La filiale&#8230;<\/p>\n","protected":false},"author":3,"featured_media":3766,"comment_status":"closed","ping_status":"open","sticky":false,"template":"","format":"standard","meta":{"_jetpack_memberships_contains_paid_content":false,"footnotes":""},"categories":[8,10],"tags":[],"class_list":["post-3765","post","type-post","status-publish","format-standard","has-post-thumbnail","hentry","category-actualite-economique","category-infos-eco","wpcat-8-id","wpcat-10-id"],"yoast_head":"<!-- This site is optimized with the Yoast SEO plugin v27.1.1 - https:\/\/yoast.com\/product\/yoast-seo-wordpress\/ -->\n<title>Proparco met \u00e0 disposition de Coris Bank International C\u00f4te d\u2019Ivoire 19,4 millions $ pour des pr\u00eats \u00e0 des PME - challenges economiques<\/title>\n<meta name=\"robots\" content=\"index, follow, max-snippet:-1, max-image-preview:large, max-video-preview:-1\" \/>\n<link rel=\"canonical\" href=\"https:\/\/challengeseconomiques.com\/?p=3765\" \/>\n<meta property=\"og:locale\" content=\"fr_FR\" \/>\n<meta property=\"og:type\" content=\"article\" \/>\n<meta property=\"og:title\" content=\"Proparco met \u00e0 disposition de Coris Bank International C\u00f4te d\u2019Ivoire 19,4 millions $ pour des pr\u00eats \u00e0 des PME - challenges economiques\" \/>\n<meta property=\"og:description\" content=\"Apr\u00e8s Vista Bank Burkina Faso, Proparco octroie \u00e0 une garantie \u00e0 Coris Bank C\u00f4te d\u2019Ivoire pour financer des entreprises importatrices de biens essentiels. La filiale...\" \/>\n<meta property=\"og:url\" content=\"https:\/\/challengeseconomiques.com\/?p=3765\" \/>\n<meta property=\"og:site_name\" content=\"challenges economiques\" \/>\n<meta property=\"article:published_time\" content=\"2022-08-03T12:31:06+00:00\" \/>\n<meta property=\"og:image\" content=\"https:\/\/challengeseconomiques.com\/wp-content\/uploads\/2022\/08\/proparco.jpg\" \/>\n\t<meta property=\"og:image:width\" content=\"450\" \/>\n\t<meta property=\"og:image:height\" content=\"295\" \/>\n\t<meta property=\"og:image:type\" content=\"image\/jpeg\" \/>\n<meta name=\"author\" content=\"aliou kane ndiaye\" \/>\n<meta name=\"twitter:card\" content=\"summary_large_image\" \/>\n<meta name=\"twitter:label1\" content=\"\u00c9crit par\" \/>\n\t<meta name=\"twitter:data1\" content=\"aliou kane ndiaye\" \/>\n\t<meta name=\"twitter:label2\" content=\"Dur\u00e9e de lecture estim\u00e9e\" \/>\n\t<meta name=\"twitter:data2\" content=\"2 minutes\" \/>\n<script type=\"application\/ld+json\" class=\"yoast-schema-graph\">{\"@context\":\"https:\/\/schema.org\",\"@graph\":[{\"@type\":\"Article\",\"@id\":\"https:\/\/challengeseconomiques.com\/?p=3765#article\",\"isPartOf\":{\"@id\":\"https:\/\/challengeseconomiques.com\/?p=3765\"},\"author\":{\"name\":\"aliou kane ndiaye\",\"@id\":\"https:\/\/challengeseconomiques.com\/#\/schema\/person\/2f70a31e102db1741c1a1c00c2bbd8a6\"},\"headline\":\"Proparco met \u00e0 disposition de Coris Bank International C\u00f4te d\u2019Ivoire 19,4 millions $ pour des pr\u00eats \u00e0 des PME\",\"datePublished\":\"2022-08-03T12:31:06+00:00\",\"mainEntityOfPage\":{\"@id\":\"https:\/\/challengeseconomiques.com\/?p=3765\"},\"wordCount\":277,\"image\":{\"@id\":\"https:\/\/challengeseconomiques.com\/?p=3765#primaryimage\"},\"thumbnailUrl\":\"https:\/\/challengeseconomiques.com\/wp-content\/uploads\/2022\/08\/proparco.jpg\",\"articleSection\":[\"Actualit\u00e9 \u00e9conomique\",\"Infos \u00e9co\"],\"inLanguage\":\"fr-FR\"},{\"@type\":\"WebPage\",\"@id\":\"https:\/\/challengeseconomiques.com\/?p=3765\",\"url\":\"https:\/\/challengeseconomiques.com\/?p=3765\",\"name\":\"Proparco met \u00e0 disposition de Coris Bank International C\u00f4te d\u2019Ivoire 19,4 millions $ pour des pr\u00eats \u00e0 des PME - challenges economiques\",\"isPartOf\":{\"@id\":\"https:\/\/challengeseconomiques.com\/#website\"},\"primaryImageOfPage\":{\"@id\":\"https:\/\/challengeseconomiques.com\/?p=3765#primaryimage\"},\"image\":{\"@id\":\"https:\/\/challengeseconomiques.com\/?p=3765#primaryimage\"},\"thumbnailUrl\":\"https:\/\/challengeseconomiques.com\/wp-content\/uploads\/2022\/08\/proparco.jpg\",\"datePublished\":\"2022-08-03T12:31:06+00:00\",\"author\":{\"@id\":\"https:\/\/challengeseconomiques.com\/#\/schema\/person\/2f70a31e102db1741c1a1c00c2bbd8a6\"},\"breadcrumb\":{\"@id\":\"https:\/\/challengeseconomiques.com\/?p=3765#breadcrumb\"},\"inLanguage\":\"fr-FR\",\"potentialAction\":[{\"@type\":\"ReadAction\",\"target\":[\"https:\/\/challengeseconomiques.com\/?p=3765\"]}]},{\"@type\":\"ImageObject\",\"inLanguage\":\"fr-FR\",\"@id\":\"https:\/\/challengeseconomiques.com\/?p=3765#primaryimage\",\"url\":\"https:\/\/challengeseconomiques.com\/wp-content\/uploads\/2022\/08\/proparco.jpg\",\"contentUrl\":\"https:\/\/challengeseconomiques.com\/wp-content\/uploads\/2022\/08\/proparco.jpg\",\"width\":450,\"height\":295},{\"@type\":\"BreadcrumbList\",\"@id\":\"https:\/\/challengeseconomiques.com\/?p=3765#breadcrumb\",\"itemListElement\":[{\"@type\":\"ListItem\",\"position\":1,\"name\":\"Home\",\"item\":\"https:\/\/challengeseconomiques.com\/\"},{\"@type\":\"ListItem\",\"position\":2,\"name\":\"Proparco met \u00e0 disposition de Coris Bank International C\u00f4te d\u2019Ivoire 19,4 millions $ pour des pr\u00eats \u00e0 des PME\"}]},{\"@type\":\"WebSite\",\"@id\":\"https:\/\/challengeseconomiques.com\/#website\",\"url\":\"https:\/\/challengeseconomiques.com\/\",\"name\":\"challenges economiques\",\"description\":\"\",\"potentialAction\":[{\"@type\":\"SearchAction\",\"target\":{\"@type\":\"EntryPoint\",\"urlTemplate\":\"https:\/\/challengeseconomiques.com\/?s={search_term_string}\"},\"query-input\":{\"@type\":\"PropertyValueSpecification\",\"valueRequired\":true,\"valueName\":\"search_term_string\"}}],\"inLanguage\":\"fr-FR\"},{\"@type\":\"Person\",\"@id\":\"https:\/\/challengeseconomiques.com\/#\/schema\/person\/2f70a31e102db1741c1a1c00c2bbd8a6\",\"name\":\"aliou kane ndiaye\",\"image\":{\"@type\":\"ImageObject\",\"inLanguage\":\"fr-FR\",\"@id\":\"https:\/\/challengeseconomiques.com\/#\/schema\/person\/image\/\",\"url\":\"https:\/\/secure.gravatar.com\/avatar\/df942321e58711a9f1fee838e446766660477bacd4b42fa20400d2c7cf4da7ca?s=96&d=mm&r=g\",\"contentUrl\":\"https:\/\/secure.gravatar.com\/avatar\/df942321e58711a9f1fee838e446766660477bacd4b42fa20400d2c7cf4da7ca?s=96&d=mm&r=g\",\"caption\":\"aliou kane ndiaye\"},\"sameAs\":[\"http:\/\/www.challengeseconomiques.com\"],\"url\":\"https:\/\/challengeseconomiques.com\/?author=3\"}]}<\/script>\n<!-- \/ Yoast SEO plugin. -->","yoast_head_json":{"title":"Proparco met \u00e0 disposition de Coris Bank International C\u00f4te d\u2019Ivoire 19,4 millions $ pour des pr\u00eats \u00e0 des PME - challenges economiques","robots":{"index":"index","follow":"follow","max-snippet":"max-snippet:-1","max-image-preview":"max-image-preview:large","max-video-preview":"max-video-preview:-1"},"canonical":"https:\/\/challengeseconomiques.com\/?p=3765","og_locale":"fr_FR","og_type":"article","og_title":"Proparco met \u00e0 disposition de Coris Bank International C\u00f4te d\u2019Ivoire 19,4 millions $ pour des pr\u00eats \u00e0 des PME - challenges economiques","og_description":"Apr\u00e8s Vista Bank Burkina Faso, Proparco octroie \u00e0 une garantie \u00e0 Coris Bank C\u00f4te d\u2019Ivoire pour financer des entreprises importatrices de biens essentiels. La filiale...","og_url":"https:\/\/challengeseconomiques.com\/?p=3765","og_site_name":"challenges economiques","article_published_time":"2022-08-03T12:31:06+00:00","og_image":[{"width":450,"height":295,"url":"https:\/\/challengeseconomiques.com\/wp-content\/uploads\/2022\/08\/proparco.jpg","type":"image\/jpeg"}],"author":"aliou kane ndiaye","twitter_card":"summary_large_image","twitter_misc":{"\u00c9crit par":"aliou kane ndiaye","Dur\u00e9e de lecture estim\u00e9e":"2 minutes"},"schema":{"@context":"https:\/\/schema.org","@graph":[{"@type":"Article","@id":"https:\/\/challengeseconomiques.com\/?p=3765#article","isPartOf":{"@id":"https:\/\/challengeseconomiques.com\/?p=3765"},"author":{"name":"aliou kane ndiaye","@id":"https:\/\/challengeseconomiques.com\/#\/schema\/person\/2f70a31e102db1741c1a1c00c2bbd8a6"},"headline":"Proparco met \u00e0 disposition de Coris Bank International C\u00f4te d\u2019Ivoire 19,4 millions $ pour des pr\u00eats \u00e0 des PME","datePublished":"2022-08-03T12:31:06+00:00","mainEntityOfPage":{"@id":"https:\/\/challengeseconomiques.com\/?p=3765"},"wordCount":277,"image":{"@id":"https:\/\/challengeseconomiques.com\/?p=3765#primaryimage"},"thumbnailUrl":"https:\/\/challengeseconomiques.com\/wp-content\/uploads\/2022\/08\/proparco.jpg","articleSection":["Actualit\u00e9 \u00e9conomique","Infos \u00e9co"],"inLanguage":"fr-FR"},{"@type":"WebPage","@id":"https:\/\/challengeseconomiques.com\/?p=3765","url":"https:\/\/challengeseconomiques.com\/?p=3765","name":"Proparco met \u00e0 disposition de Coris Bank International C\u00f4te d\u2019Ivoire 19,4 millions $ pour des pr\u00eats \u00e0 des PME - challenges economiques","isPartOf":{"@id":"https:\/\/challengeseconomiques.com\/#website"},"primaryImageOfPage":{"@id":"https:\/\/challengeseconomiques.com\/?p=3765#primaryimage"},"image":{"@id":"https:\/\/challengeseconomiques.com\/?p=3765#primaryimage"},"thumbnailUrl":"https:\/\/challengeseconomiques.com\/wp-content\/uploads\/2022\/08\/proparco.jpg","datePublished":"2022-08-03T12:31:06+00:00","author":{"@id":"https:\/\/challengeseconomiques.com\/#\/schema\/person\/2f70a31e102db1741c1a1c00c2bbd8a6"},"breadcrumb":{"@id":"https:\/\/challengeseconomiques.com\/?p=3765#breadcrumb"},"inLanguage":"fr-FR","potentialAction":[{"@type":"ReadAction","target":["https:\/\/challengeseconomiques.com\/?p=3765"]}]},{"@type":"ImageObject","inLanguage":"fr-FR","@id":"https:\/\/challengeseconomiques.com\/?p=3765#primaryimage","url":"https:\/\/challengeseconomiques.com\/wp-content\/uploads\/2022\/08\/proparco.jpg","contentUrl":"https:\/\/challengeseconomiques.com\/wp-content\/uploads\/2022\/08\/proparco.jpg","width":450,"height":295},{"@type":"BreadcrumbList","@id":"https:\/\/challengeseconomiques.com\/?p=3765#breadcrumb","itemListElement":[{"@type":"ListItem","position":1,"name":"Home","item":"https:\/\/challengeseconomiques.com\/"},{"@type":"ListItem","position":2,"name":"Proparco met \u00e0 disposition de Coris Bank International C\u00f4te d\u2019Ivoire 19,4 millions $ pour des pr\u00eats \u00e0 des PME"}]},{"@type":"WebSite","@id":"https:\/\/challengeseconomiques.com\/#website","url":"https:\/\/challengeseconomiques.com\/","name":"challenges economiques","description":"","potentialAction":[{"@type":"SearchAction","target":{"@type":"EntryPoint","urlTemplate":"https:\/\/challengeseconomiques.com\/?s={search_term_string}"},"query-input":{"@type":"PropertyValueSpecification","valueRequired":true,"valueName":"search_term_string"}}],"inLanguage":"fr-FR"},{"@type":"Person","@id":"https:\/\/challengeseconomiques.com\/#\/schema\/person\/2f70a31e102db1741c1a1c00c2bbd8a6","name":"aliou kane ndiaye","image":{"@type":"ImageObject","inLanguage":"fr-FR","@id":"https:\/\/challengeseconomiques.com\/#\/schema\/person\/image\/","url":"https:\/\/secure.gravatar.com\/avatar\/df942321e58711a9f1fee838e446766660477bacd4b42fa20400d2c7cf4da7ca?s=96&d=mm&r=g","contentUrl":"https:\/\/secure.gravatar.com\/avatar\/df942321e58711a9f1fee838e446766660477bacd4b42fa20400d2c7cf4da7ca?s=96&d=mm&r=g","caption":"aliou kane ndiaye"},"sameAs":["http:\/\/www.challengeseconomiques.com"],"url":"https:\/\/challengeseconomiques.com\/?author=3"}]}},"jetpack_featured_media_url":"https:\/\/challengeseconomiques.com\/wp-content\/uploads\/2022\/08\/proparco.jpg","jetpack_sharing_enabled":true,"_links":{"self":[{"href":"https:\/\/challengeseconomiques.com\/index.php?rest_route=\/wp\/v2\/posts\/3765","targetHints":{"allow":["GET"]}}],"collection":[{"href":"https:\/\/challengeseconomiques.com\/index.php?rest_route=\/wp\/v2\/posts"}],"about":[{"href":"https:\/\/challengeseconomiques.com\/index.php?rest_route=\/wp\/v2\/types\/post"}],"author":[{"embeddable":true,"href":"https:\/\/challengeseconomiques.com\/index.php?rest_route=\/wp\/v2\/users\/3"}],"replies":[{"embeddable":true,"href":"https:\/\/challengeseconomiques.com\/index.php?rest_route=%2Fwp%2Fv2%2Fcomments&post=3765"}],"version-history":[{"count":1,"href":"https:\/\/challengeseconomiques.com\/index.php?rest_route=\/wp\/v2\/posts\/3765\/revisions"}],"predecessor-version":[{"id":3767,"href":"https:\/\/challengeseconomiques.com\/index.php?rest_route=\/wp\/v2\/posts\/3765\/revisions\/3767"}],"wp:featuredmedia":[{"embeddable":true,"href":"https:\/\/challengeseconomiques.com\/index.php?rest_route=\/wp\/v2\/media\/3766"}],"wp:attachment":[{"href":"https:\/\/challengeseconomiques.com\/index.php?rest_route=%2Fwp%2Fv2%2Fmedia&parent=3765"}],"wp:term":[{"taxonomy":"category","embeddable":true,"href":"https:\/\/challengeseconomiques.com\/index.php?rest_route=%2Fwp%2Fv2%2Fcategories&post=3765"},{"taxonomy":"post_tag","embeddable":true,"href":"https:\/\/challengeseconomiques.com\/index.php?rest_route=%2Fwp%2Fv2%2Ftags&post=3765"}],"curies":[{"name":"wp","href":"https:\/\/api.w.org\/{rel}","templated":true}]}}