{"id":3757,"date":"2022-08-01T14:09:53","date_gmt":"2022-08-01T14:09:53","guid":{"rendered":"https:\/\/challengeseconomiques.com\/?p=3757"},"modified":"2022-08-01T14:10:21","modified_gmt":"2022-08-01T14:10:21","slug":"lafrique-resiste-pour-lheure-aux-avis-de-tempete","status":"publish","type":"post","link":"https:\/\/challengeseconomiques.com\/?p=3757","title":{"rendered":"L\u2019Afrique r\u00e9siste, pour l\u2019heure, aux avis de temp\u00eate"},"content":{"rendered":"<p><strong>Les \u00e9conomistes du FMI ont revu en baisse leurs perspectives de croissance mondiale (\u00e0 3,2%) pour 2022. L\u2019Afrique et la r\u00e9gion MENA sont \u00e9pargn\u00e9es gr\u00e2ce \u00e0 l\u2019exportation des produits de base. Le continent n\u2019\u00e9chapperait pas au sc\u00e9nario catastrophe, que, pour le moment, le FMI ne retient pas.<\/strong><\/p>\n<p>Sans surprise, le FMI (Fonds mon\u00e9taire international) revoit \u00e0 la baisse ses pr\u00e9visions \u00e9conomiques mondiales. Dans ce contexte de moindre croissance qu\u2019attendu initialement, l\u2019Afrique subsaharienne s\u2019en sort plut\u00f4t bien, les pays exportateurs de mati\u00e8res premi\u00e8res (p\u00e9trole, m\u00e9taux, et dans certains cas produits de base) \u00e9tant les mieux arm\u00e9s pour r\u00e9sister \u00e0 la conjoncture. En revanche, aucun pays n\u2019est \u00e9pargn\u00e9 par le climat actuel d\u2019incertitudes, tandis que les craintes financi\u00e8res se font un peu plus aigu\u00ebs, pr\u00e9vient le FMI qui toutefois, se refuse \u00e0 tout catastrophisme en la mati\u00e8re.<\/p>\n<p>\u00c0 court terme, les principales inqui\u00e9tudes concernent l\u2019inflation, le FMI ayant n\u00e9anmoins peu ajust\u00e9 ses pr\u00e9visions concernant 2023, dans l\u2019espoir d\u2019un r\u00e9tablissement progressif des cha\u00eenes de valeur.<\/p>\n<p>\u00c0 l\u2019\u00e9chelle mondiale, la \u00ab&nbsp;<em>timide reprise<\/em>&nbsp;\u00bb de 2021 a \u00e9t\u00e9 suivie d\u2019\u00e9pisodes plus sombres en 2022, note le FMI qui fait \u00e9tat d\u2019une \u00ab&nbsp;<em>contraction<\/em>&nbsp;\u00bb de l\u2019activit\u00e9 au deuxi\u00e8me trimestre, du fait du ralentissement de l\u2019activit\u00e9 en Chine et en Russie, ainsi que d\u2019une consommation morose aux \u00c9tats-Unis.<\/p>\n<p>Ce pays, ainsi que les pays europ\u00e9ens les plus importants \u00e9conomiquement, sont touch\u00e9s par l\u2019inflation, qui provoque un durcissement des conditions de financement. C\u2019est pourquoi le FMI pr\u00e9voit un ralentissement de la croissance mondiale, qui devrait s\u2019inscrire \u00e0 3,2&nbsp;%, soit 0,4 point de moins que pr\u00e9vu en avril&nbsp;; en 2021, le rebond avait atteint 6,1%.<\/p>\n<p>En Europe, un d\u00e9bouch\u00e9 important pour l\u2019Afrique, les r\u00e9visions \u00e0 la baisse pour 2022 (-0,2 point de croissance pr\u00e9vue pour la zone euro, -0,5 point pour le Royaume-Uni), s\u2019expliquent par les retomb\u00e9es de la guerre en Ukraine et par le resserrement de la politique mon\u00e9taire. Celle-ci devrait peser sur la croissance en 2023, attendue \u00e0 2,9% \u00e0 l\u2019\u00e9chelle mondiale. De plus, \u00ab&nbsp;<em>un durcissement des conditions financi\u00e8res mondiales risque de provoquer le surendettement de pays \u00e9mergents et de pays en d\u00e9veloppement<\/em>&nbsp;\u00bb, pr\u00e9vient le FMI.<\/p>\n<p>&nbsp;<\/p>\n<p><strong>Agir vite<\/strong><\/p>\n<p>Lequel d\u00e9taille un sc\u00e9nario pessimiste mais \u00ab&nbsp;<em>plausible<\/em>&nbsp;\u00bb, dans lequel toutes les craintes se concr\u00e9tisent, o\u00f9 la croissance mondiale serait ramen\u00e9e \u00e0 2,6% en 2022 et 2,0% en 2023.<\/p>\n<p>Pourtant, recommande le FMI, les d\u00e9cideurs doivent tout faire pour mod\u00e9rer l\u2019inflation&nbsp;: \u00ab <em>Un durcissement de la politique mon\u00e9taire aura in\u00e9vitablement des co\u00fbts \u00e9conomiques r\u00e9els, mais tout retard ne fera que les exacerber.&nbsp;<\/em>\u00bb<\/p>\n<p>La marge de man\u0153uvre est \u00e9troite, sachant que les \u00c9tats doivent soutenir les populations les plus vuln\u00e9rables tout en r\u00e9duisant les d\u00e9penses et en t\u00e2chant de ma\u00eetriser l\u2019inflation.<\/p>\n<p>Parall\u00e8lement, le FMI pr\u00e9vient des risques pour les pays \u00e0 faible revenu, dont la population souffrait d\u00e9j\u00e0 de malnutrition aigu\u00eb et d\u2019une surmortalit\u00e9 avant la guerre en Ukraine, surtout en Afrique subsaharienne, qui ont \u00e9t\u00e9 particuli\u00e8rement affect\u00e9s ces derniers mois.<\/p>\n<p>Dans ce contexte, pourtant, \u00ab&nbsp;<em>les perspectives pour les pays d\u2019Afrique subsaharienne et du Moyen-Orient et d\u2019Asie centrale demeurent en moyenne inchang\u00e9es ou positives, sous l\u2019effet des cours \u00e9lev\u00e9s des combustibles fossiles et des m\u00e9taux pour certains pays exportateurs de produits de base&nbsp;<\/em>\u00bb, juge le FMI.<\/p>\n<p>Les \u00e9conomistes tablent sur une croissance de 3,8 % en Afrique subsaharienne, cette ann\u00e9e, une pr\u00e9vision moyenne inchang\u00e9e. La croissance devrait ressortir \u00e0 3,4% au Nigeria (sans changement) et \u00e0 2,3% en Afrique du Sud (+0,4 point). Pour 2023, les pr\u00e9visions sont aussi quasi inchang\u00e9es, avec une croissance pr\u00e9vue de 4,0% en Afrique subsaharienne, dont 3,2% au Nigeria et 1,4 % en Afrique du Sud. Le rebond de la r\u00e9gion MENA est anticip\u00e9 \u00e0 4,9 % en 2022 (-0,1 point par rapport aux pr\u00e9visions d\u2019avril) et \u00e0 3,4 % en 2023 (-0,2 point).<\/p>\n<p>Le sc\u00e9nario catastrophe, que le FMI ne retient pas pour l\u2019heure, cumulerait donc tous les facteurs de risques. La guerre en Ukraine pourrait interrompre brutalement les importations europ\u00e9ennes de gaz russe&nbsp;; l\u2019inflation pourrait demeurer \u00e9lev\u00e9e si la p\u00e9nurie de main-d\u2019\u0153uvre reste trop forte&nbsp;; un durcissement des conditions de cr\u00e9dit pourrait provoquer une vague de surendettement. D\u00e9j\u00e0, 60% des pays \u00e0 faible revenu pr\u00e9sentent un risque \u00e9lev\u00e9 de surendettement ou sont d\u00e9j\u00e0 en situation de surendettement, contre 20% environ voici dix ans, calcule Pierre-Olivier Gourinchas, directeur des \u00e9tudes du FMI.<\/p>\n<p>D\u2019autre part, de nouvelles flamb\u00e9es de la Covid-19, et les confinements qu\u2019elles entra\u00eenent, pourraient affecter notamment la Chine&nbsp;; une hausse des denr\u00e9es alimentaires et de l\u2019\u00e9nergie pourrait g\u00e9n\u00e9raliser l\u2019ins\u00e9curit\u00e9 alimentaire et provoquer des troubles sociaux. Attention, conclut le FMI&nbsp;: \u00ab&nbsp;<em>La fragmentation g\u00e9opolitique risque d\u2019entraver la coop\u00e9ration et les \u00e9changes mondiaux.&nbsp;<\/em>\u00bb<\/p>\n<p><strong>Le Magazine de l&rsquo;Afrique<\/strong><\/p>\n","protected":false},"excerpt":{"rendered":"<p>Les \u00e9conomistes du FMI ont revu en baisse leurs perspectives de croissance mondiale (\u00e0 3,2%) pour 2022. L\u2019Afrique et la r\u00e9gion MENA sont \u00e9pargn\u00e9es gr\u00e2ce&#8230;<\/p>\n","protected":false},"author":1,"featured_media":3758,"comment_status":"closed","ping_status":"open","sticky":false,"template":"","format":"standard","meta":{"_jetpack_memberships_contains_paid_content":false,"footnotes":""},"categories":[23,15],"tags":[],"class_list":["post-3757","post","type-post","status-publish","format-standard","has-post-thumbnail","hentry","category-a-la-une","category-analyse","wpcat-23-id","wpcat-15-id"],"yoast_head":"<!-- This site is optimized with the Yoast SEO plugin v27.1.1 - https:\/\/yoast.com\/product\/yoast-seo-wordpress\/ -->\n<title>L\u2019Afrique r\u00e9siste, pour l\u2019heure, aux avis de temp\u00eate - challenges economiques<\/title>\n<meta name=\"robots\" content=\"index, follow, max-snippet:-1, max-image-preview:large, max-video-preview:-1\" \/>\n<link rel=\"canonical\" href=\"https:\/\/challengeseconomiques.com\/?p=3757\" \/>\n<meta property=\"og:locale\" content=\"fr_FR\" \/>\n<meta property=\"og:type\" content=\"article\" \/>\n<meta property=\"og:title\" content=\"L\u2019Afrique r\u00e9siste, pour l\u2019heure, aux avis de temp\u00eate - challenges economiques\" \/>\n<meta property=\"og:description\" content=\"Les \u00e9conomistes du FMI ont revu en baisse leurs perspectives de croissance mondiale (\u00e0 3,2%) pour 2022. L\u2019Afrique et la r\u00e9gion MENA sont \u00e9pargn\u00e9es gr\u00e2ce...\" \/>\n<meta property=\"og:url\" content=\"https:\/\/challengeseconomiques.com\/?p=3757\" \/>\n<meta property=\"og:site_name\" content=\"challenges economiques\" \/>\n<meta property=\"article:published_time\" content=\"2022-08-01T14:09:53+00:00\" \/>\n<meta property=\"article:modified_time\" content=\"2022-08-01T14:10:21+00:00\" \/>\n<meta property=\"og:image\" content=\"https:\/\/challengeseconomiques.com\/wp-content\/uploads\/2022\/08\/fmi-afrique-2026-2.jpg\" \/>\n\t<meta property=\"og:image:width\" content=\"758\" \/>\n\t<meta property=\"og:image:height\" content=\"456\" \/>\n\t<meta property=\"og:image:type\" content=\"image\/jpeg\" \/>\n<meta name=\"author\" content=\"admin\" \/>\n<meta name=\"twitter:card\" content=\"summary_large_image\" \/>\n<meta name=\"twitter:label1\" content=\"\u00c9crit par\" \/>\n\t<meta name=\"twitter:data1\" content=\"admin\" \/>\n\t<meta name=\"twitter:label2\" content=\"Dur\u00e9e de lecture estim\u00e9e\" \/>\n\t<meta name=\"twitter:data2\" content=\"4 minutes\" \/>\n<script type=\"application\/ld+json\" class=\"yoast-schema-graph\">{\"@context\":\"https:\/\/schema.org\",\"@graph\":[{\"@type\":\"Article\",\"@id\":\"https:\/\/challengeseconomiques.com\/?p=3757#article\",\"isPartOf\":{\"@id\":\"https:\/\/challengeseconomiques.com\/?p=3757\"},\"author\":{\"name\":\"admin\",\"@id\":\"https:\/\/challengeseconomiques.com\/#\/schema\/person\/b4568c9afebc5a9238a771873801e349\"},\"headline\":\"L\u2019Afrique r\u00e9siste, pour l\u2019heure, aux avis de temp\u00eate\",\"datePublished\":\"2022-08-01T14:09:53+00:00\",\"dateModified\":\"2022-08-01T14:10:21+00:00\",\"mainEntityOfPage\":{\"@id\":\"https:\/\/challengeseconomiques.com\/?p=3757\"},\"wordCount\":861,\"image\":{\"@id\":\"https:\/\/challengeseconomiques.com\/?p=3757#primaryimage\"},\"thumbnailUrl\":\"https:\/\/challengeseconomiques.com\/wp-content\/uploads\/2022\/08\/fmi-afrique-2026-2.jpg\",\"articleSection\":[\"A la une\",\"Analyse\"],\"inLanguage\":\"fr-FR\"},{\"@type\":\"WebPage\",\"@id\":\"https:\/\/challengeseconomiques.com\/?p=3757\",\"url\":\"https:\/\/challengeseconomiques.com\/?p=3757\",\"name\":\"L\u2019Afrique r\u00e9siste, pour l\u2019heure, aux avis de temp\u00eate - challenges economiques\",\"isPartOf\":{\"@id\":\"https:\/\/challengeseconomiques.com\/#website\"},\"primaryImageOfPage\":{\"@id\":\"https:\/\/challengeseconomiques.com\/?p=3757#primaryimage\"},\"image\":{\"@id\":\"https:\/\/challengeseconomiques.com\/?p=3757#primaryimage\"},\"thumbnailUrl\":\"https:\/\/challengeseconomiques.com\/wp-content\/uploads\/2022\/08\/fmi-afrique-2026-2.jpg\",\"datePublished\":\"2022-08-01T14:09:53+00:00\",\"dateModified\":\"2022-08-01T14:10:21+00:00\",\"author\":{\"@id\":\"https:\/\/challengeseconomiques.com\/#\/schema\/person\/b4568c9afebc5a9238a771873801e349\"},\"breadcrumb\":{\"@id\":\"https:\/\/challengeseconomiques.com\/?p=3757#breadcrumb\"},\"inLanguage\":\"fr-FR\",\"potentialAction\":[{\"@type\":\"ReadAction\",\"target\":[\"https:\/\/challengeseconomiques.com\/?p=3757\"]}]},{\"@type\":\"ImageObject\",\"inLanguage\":\"fr-FR\",\"@id\":\"https:\/\/challengeseconomiques.com\/?p=3757#primaryimage\",\"url\":\"https:\/\/challengeseconomiques.com\/wp-content\/uploads\/2022\/08\/fmi-afrique-2026-2.jpg\",\"contentUrl\":\"https:\/\/challengeseconomiques.com\/wp-content\/uploads\/2022\/08\/fmi-afrique-2026-2.jpg\",\"width\":758,\"height\":456},{\"@type\":\"BreadcrumbList\",\"@id\":\"https:\/\/challengeseconomiques.com\/?p=3757#breadcrumb\",\"itemListElement\":[{\"@type\":\"ListItem\",\"position\":1,\"name\":\"Home\",\"item\":\"https:\/\/challengeseconomiques.com\/\"},{\"@type\":\"ListItem\",\"position\":2,\"name\":\"L\u2019Afrique r\u00e9siste, pour l\u2019heure, aux avis de temp\u00eate\"}]},{\"@type\":\"WebSite\",\"@id\":\"https:\/\/challengeseconomiques.com\/#website\",\"url\":\"https:\/\/challengeseconomiques.com\/\",\"name\":\"challenges economiques\",\"description\":\"\",\"potentialAction\":[{\"@type\":\"SearchAction\",\"target\":{\"@type\":\"EntryPoint\",\"urlTemplate\":\"https:\/\/challengeseconomiques.com\/?s={search_term_string}\"},\"query-input\":{\"@type\":\"PropertyValueSpecification\",\"valueRequired\":true,\"valueName\":\"search_term_string\"}}],\"inLanguage\":\"fr-FR\"},{\"@type\":\"Person\",\"@id\":\"https:\/\/challengeseconomiques.com\/#\/schema\/person\/b4568c9afebc5a9238a771873801e349\",\"name\":\"admin\",\"image\":{\"@type\":\"ImageObject\",\"inLanguage\":\"fr-FR\",\"@id\":\"https:\/\/challengeseconomiques.com\/#\/schema\/person\/image\/\",\"url\":\"https:\/\/secure.gravatar.com\/avatar\/099e42240b5eea11acdb72751fcce0dd918603f0749d24974b7984ea47ed9fd9?s=96&d=mm&r=g\",\"contentUrl\":\"https:\/\/secure.gravatar.com\/avatar\/099e42240b5eea11acdb72751fcce0dd918603f0749d24974b7984ea47ed9fd9?s=96&d=mm&r=g\",\"caption\":\"admin\"},\"sameAs\":[\"https:\/\/challengeseconomiques.com\"],\"url\":\"https:\/\/challengeseconomiques.com\/?author=1\"}]}<\/script>\n<!-- \/ Yoast SEO plugin. -->","yoast_head_json":{"title":"L\u2019Afrique r\u00e9siste, pour l\u2019heure, aux avis de temp\u00eate - challenges economiques","robots":{"index":"index","follow":"follow","max-snippet":"max-snippet:-1","max-image-preview":"max-image-preview:large","max-video-preview":"max-video-preview:-1"},"canonical":"https:\/\/challengeseconomiques.com\/?p=3757","og_locale":"fr_FR","og_type":"article","og_title":"L\u2019Afrique r\u00e9siste, pour l\u2019heure, aux avis de temp\u00eate - challenges economiques","og_description":"Les \u00e9conomistes du FMI ont revu en baisse leurs perspectives de croissance mondiale (\u00e0 3,2%) pour 2022. L\u2019Afrique et la r\u00e9gion MENA sont \u00e9pargn\u00e9es gr\u00e2ce...","og_url":"https:\/\/challengeseconomiques.com\/?p=3757","og_site_name":"challenges economiques","article_published_time":"2022-08-01T14:09:53+00:00","article_modified_time":"2022-08-01T14:10:21+00:00","og_image":[{"width":758,"height":456,"url":"https:\/\/challengeseconomiques.com\/wp-content\/uploads\/2022\/08\/fmi-afrique-2026-2.jpg","type":"image\/jpeg"}],"author":"admin","twitter_card":"summary_large_image","twitter_misc":{"\u00c9crit par":"admin","Dur\u00e9e de lecture estim\u00e9e":"4 minutes"},"schema":{"@context":"https:\/\/schema.org","@graph":[{"@type":"Article","@id":"https:\/\/challengeseconomiques.com\/?p=3757#article","isPartOf":{"@id":"https:\/\/challengeseconomiques.com\/?p=3757"},"author":{"name":"admin","@id":"https:\/\/challengeseconomiques.com\/#\/schema\/person\/b4568c9afebc5a9238a771873801e349"},"headline":"L\u2019Afrique r\u00e9siste, pour l\u2019heure, aux avis de temp\u00eate","datePublished":"2022-08-01T14:09:53+00:00","dateModified":"2022-08-01T14:10:21+00:00","mainEntityOfPage":{"@id":"https:\/\/challengeseconomiques.com\/?p=3757"},"wordCount":861,"image":{"@id":"https:\/\/challengeseconomiques.com\/?p=3757#primaryimage"},"thumbnailUrl":"https:\/\/challengeseconomiques.com\/wp-content\/uploads\/2022\/08\/fmi-afrique-2026-2.jpg","articleSection":["A la une","Analyse"],"inLanguage":"fr-FR"},{"@type":"WebPage","@id":"https:\/\/challengeseconomiques.com\/?p=3757","url":"https:\/\/challengeseconomiques.com\/?p=3757","name":"L\u2019Afrique r\u00e9siste, pour l\u2019heure, aux avis de temp\u00eate - challenges economiques","isPartOf":{"@id":"https:\/\/challengeseconomiques.com\/#website"},"primaryImageOfPage":{"@id":"https:\/\/challengeseconomiques.com\/?p=3757#primaryimage"},"image":{"@id":"https:\/\/challengeseconomiques.com\/?p=3757#primaryimage"},"thumbnailUrl":"https:\/\/challengeseconomiques.com\/wp-content\/uploads\/2022\/08\/fmi-afrique-2026-2.jpg","datePublished":"2022-08-01T14:09:53+00:00","dateModified":"2022-08-01T14:10:21+00:00","author":{"@id":"https:\/\/challengeseconomiques.com\/#\/schema\/person\/b4568c9afebc5a9238a771873801e349"},"breadcrumb":{"@id":"https:\/\/challengeseconomiques.com\/?p=3757#breadcrumb"},"inLanguage":"fr-FR","potentialAction":[{"@type":"ReadAction","target":["https:\/\/challengeseconomiques.com\/?p=3757"]}]},{"@type":"ImageObject","inLanguage":"fr-FR","@id":"https:\/\/challengeseconomiques.com\/?p=3757#primaryimage","url":"https:\/\/challengeseconomiques.com\/wp-content\/uploads\/2022\/08\/fmi-afrique-2026-2.jpg","contentUrl":"https:\/\/challengeseconomiques.com\/wp-content\/uploads\/2022\/08\/fmi-afrique-2026-2.jpg","width":758,"height":456},{"@type":"BreadcrumbList","@id":"https:\/\/challengeseconomiques.com\/?p=3757#breadcrumb","itemListElement":[{"@type":"ListItem","position":1,"name":"Home","item":"https:\/\/challengeseconomiques.com\/"},{"@type":"ListItem","position":2,"name":"L\u2019Afrique r\u00e9siste, pour l\u2019heure, aux avis de temp\u00eate"}]},{"@type":"WebSite","@id":"https:\/\/challengeseconomiques.com\/#website","url":"https:\/\/challengeseconomiques.com\/","name":"challenges economiques","description":"","potentialAction":[{"@type":"SearchAction","target":{"@type":"EntryPoint","urlTemplate":"https:\/\/challengeseconomiques.com\/?s={search_term_string}"},"query-input":{"@type":"PropertyValueSpecification","valueRequired":true,"valueName":"search_term_string"}}],"inLanguage":"fr-FR"},{"@type":"Person","@id":"https:\/\/challengeseconomiques.com\/#\/schema\/person\/b4568c9afebc5a9238a771873801e349","name":"admin","image":{"@type":"ImageObject","inLanguage":"fr-FR","@id":"https:\/\/challengeseconomiques.com\/#\/schema\/person\/image\/","url":"https:\/\/secure.gravatar.com\/avatar\/099e42240b5eea11acdb72751fcce0dd918603f0749d24974b7984ea47ed9fd9?s=96&d=mm&r=g","contentUrl":"https:\/\/secure.gravatar.com\/avatar\/099e42240b5eea11acdb72751fcce0dd918603f0749d24974b7984ea47ed9fd9?s=96&d=mm&r=g","caption":"admin"},"sameAs":["https:\/\/challengeseconomiques.com"],"url":"https:\/\/challengeseconomiques.com\/?author=1"}]}},"jetpack_featured_media_url":"https:\/\/challengeseconomiques.com\/wp-content\/uploads\/2022\/08\/fmi-afrique-2026-2.jpg","jetpack_sharing_enabled":true,"_links":{"self":[{"href":"https:\/\/challengeseconomiques.com\/index.php?rest_route=\/wp\/v2\/posts\/3757","targetHints":{"allow":["GET"]}}],"collection":[{"href":"https:\/\/challengeseconomiques.com\/index.php?rest_route=\/wp\/v2\/posts"}],"about":[{"href":"https:\/\/challengeseconomiques.com\/index.php?rest_route=\/wp\/v2\/types\/post"}],"author":[{"embeddable":true,"href":"https:\/\/challengeseconomiques.com\/index.php?rest_route=\/wp\/v2\/users\/1"}],"replies":[{"embeddable":true,"href":"https:\/\/challengeseconomiques.com\/index.php?rest_route=%2Fwp%2Fv2%2Fcomments&post=3757"}],"version-history":[{"count":2,"href":"https:\/\/challengeseconomiques.com\/index.php?rest_route=\/wp\/v2\/posts\/3757\/revisions"}],"predecessor-version":[{"id":3760,"href":"https:\/\/challengeseconomiques.com\/index.php?rest_route=\/wp\/v2\/posts\/3757\/revisions\/3760"}],"wp:featuredmedia":[{"embeddable":true,"href":"https:\/\/challengeseconomiques.com\/index.php?rest_route=\/wp\/v2\/media\/3758"}],"wp:attachment":[{"href":"https:\/\/challengeseconomiques.com\/index.php?rest_route=%2Fwp%2Fv2%2Fmedia&parent=3757"}],"wp:term":[{"taxonomy":"category","embeddable":true,"href":"https:\/\/challengeseconomiques.com\/index.php?rest_route=%2Fwp%2Fv2%2Fcategories&post=3757"},{"taxonomy":"post_tag","embeddable":true,"href":"https:\/\/challengeseconomiques.com\/index.php?rest_route=%2Fwp%2Fv2%2Ftags&post=3757"}],"curies":[{"name":"wp","href":"https:\/\/api.w.org\/{rel}","templated":true}]}}