{"id":3750,"date":"2022-07-29T15:59:25","date_gmt":"2022-07-29T15:59:25","guid":{"rendered":"https:\/\/challengeseconomiques.com\/?p=3750"},"modified":"2022-07-29T16:13:55","modified_gmt":"2022-07-29T16:13:55","slug":"specialistes-en-valeur-du-tresor-ecobank-senegal-classee-a-la-premiere-place-en-2021","status":"publish","type":"post","link":"https:\/\/challengeseconomiques.com\/?p=3750","title":{"rendered":"Sp\u00e9cialistes en Valeur du Tr\u00e9sor : Ecobank S\u00e9n\u00e9gal class\u00e9e \u00e0 la premi\u00e8re place en 2021"},"content":{"rendered":"<p><strong>Sahid Yallou, Dg Ecobank S\u00e9n\u00e9gal<\/strong><\/p>\n<p><strong>Ecobank S\u00e9n\u00e9gal, filiale du Groupe bancaire panafricain Ecobank a \u00e9t\u00e9 class\u00e9e \u00e0 la premi\u00e8re place des Sp\u00e9cialistes en Valeur du Tr\u00e9sor (SVT) de la R\u00e9publique du S\u00e9n\u00e9gal \u00e0 la suite de l\u2019\u00e9valuation annuelle men\u00e9e par UMOA-Titres et les Tr\u00e9sors Nationaux.<\/strong><\/p>\n<p>Le classement annuel op\u00e9r\u00e9 par UMOA-Titres et les Tr\u00e9sors Nationaux sur les Sp\u00e9cialistes en Valeur Tr\u00e9sor au titre de l\u2019ann\u00e9e 2021 place Ecobank S\u00e9n\u00e9gal \u00e0 la premi\u00e8re place des trois cat\u00e9gories de son \u00e9valuation.<\/p>\n<p>Selon un communiqu\u00e9, la filiale s\u00e9n\u00e9galaise de la Banque Panafricaine se positionne ainsi en t\u00eate sur&nbsp;: -l\u2019animation du March\u00e9 primaire&nbsp;; -l\u2019animation du March\u00e9 secondaire et la qualit\u00e9 des services (la relation entre les SVT et le Tr\u00e9sor national).<\/p>\n<p>D\u2019apr\u00e8s la source, les vingt-trois (23) SVT que compte l\u2019UEMOA ont \u00e9t\u00e9 \u00e9valu\u00e9s et class\u00e9s en fonction des \u00e9metteurs pour lesquels ils ont la qualit\u00e9 de SVT pour la participation aux adjudications sur le march\u00e9 primaire g\u00e9r\u00e9 par l\u2019Agence UMOA-Titre, pour la pr\u00e9sence active sur le march\u00e9 secondaire et pour les aspects qualitatifs telle que la relation avec le Tr\u00e9sor National.<\/p>\n<p>\u00ab&nbsp;Ce classement r\u00e9v\u00e8le un pan de l\u2019ambition g\u00e9n\u00e9rale de Ecobank S\u00e9n\u00e9gal&nbsp;: se r\u00e9inventer pour la conqu\u00eate du leadership dans son secteur. Nous renouvelons notre engagement envers l\u2019Etat du S\u00e9n\u00e9gal dans ses efforts de mobilisation de ressources pour le financement du d\u00e9veloppement&nbsp;\u00bb, a d\u00e9clar\u00e9 Sahid Yallou, directeur g\u00e9n\u00e9ral de Ecobank S\u00e9n\u00e9gal.<\/p>\n<p>\u00ab&nbsp;Nous sommes particuli\u00e8rement reconnaissants \u00e0 nos chers clients et \u00e0 nos partenaires pour la confiance. Aux autorit\u00e9s du march\u00e9, nous voulons confirmer notre d\u00e9termination \u00e0 poursuivre les actions en faveur d\u2019un approfondissement du march\u00e9 des titres publics \u00bb a-t-il ajout\u00e9.<\/p>\n<p><strong>Birame GUENE<\/strong><\/p>\n<p>&nbsp;<\/p>\n<p>&nbsp;<\/p>\n","protected":false},"excerpt":{"rendered":"<p>Sahid Yallou, Dg Ecobank S\u00e9n\u00e9gal Ecobank S\u00e9n\u00e9gal, filiale du Groupe bancaire panafricain Ecobank a \u00e9t\u00e9 class\u00e9e \u00e0 la premi\u00e8re place des Sp\u00e9cialistes en Valeur du&#8230;<\/p>\n","protected":false},"author":1,"featured_media":3755,"comment_status":"closed","ping_status":"open","sticky":false,"template":"","format":"standard","meta":{"_jetpack_memberships_contains_paid_content":false,"footnotes":""},"categories":[23,10],"tags":[],"class_list":["post-3750","post","type-post","status-publish","format-standard","has-post-thumbnail","hentry","category-a-la-une","category-infos-eco","wpcat-23-id","wpcat-10-id"],"yoast_head":"<!-- This site is optimized with the Yoast SEO plugin v27.1.1 - https:\/\/yoast.com\/product\/yoast-seo-wordpress\/ -->\n<title>Sp\u00e9cialistes en Valeur du Tr\u00e9sor : Ecobank S\u00e9n\u00e9gal class\u00e9e \u00e0 la premi\u00e8re place en 2021 - challenges economiques<\/title>\n<meta name=\"robots\" content=\"index, follow, max-snippet:-1, max-image-preview:large, max-video-preview:-1\" \/>\n<link rel=\"canonical\" href=\"https:\/\/challengeseconomiques.com\/?p=3750\" \/>\n<meta property=\"og:locale\" content=\"fr_FR\" \/>\n<meta property=\"og:type\" content=\"article\" \/>\n<meta property=\"og:title\" content=\"Sp\u00e9cialistes en Valeur du Tr\u00e9sor : Ecobank S\u00e9n\u00e9gal class\u00e9e \u00e0 la premi\u00e8re place en 2021 - challenges economiques\" \/>\n<meta property=\"og:description\" content=\"Sahid Yallou, Dg Ecobank S\u00e9n\u00e9gal Ecobank S\u00e9n\u00e9gal, filiale du Groupe bancaire panafricain Ecobank a \u00e9t\u00e9 class\u00e9e \u00e0 la premi\u00e8re place des Sp\u00e9cialistes en Valeur du...\" \/>\n<meta property=\"og:url\" content=\"https:\/\/challengeseconomiques.com\/?p=3750\" \/>\n<meta property=\"og:site_name\" content=\"challenges economiques\" \/>\n<meta property=\"article:published_time\" content=\"2022-07-29T15:59:25+00:00\" \/>\n<meta property=\"article:modified_time\" content=\"2022-07-29T16:13:55+00:00\" \/>\n<meta property=\"og:image\" content=\"https:\/\/challengeseconomiques.com\/wp-content\/uploads\/2022\/07\/Sahid-YALLOU-767x470-1.png\" \/>\n\t<meta property=\"og:image:width\" content=\"767\" \/>\n\t<meta property=\"og:image:height\" content=\"470\" \/>\n\t<meta property=\"og:image:type\" content=\"image\/png\" \/>\n<meta name=\"author\" content=\"admin\" \/>\n<meta name=\"twitter:card\" content=\"summary_large_image\" \/>\n<meta name=\"twitter:label1\" content=\"\u00c9crit par\" \/>\n\t<meta name=\"twitter:data1\" content=\"admin\" \/>\n\t<meta name=\"twitter:label2\" content=\"Dur\u00e9e de lecture estim\u00e9e\" \/>\n\t<meta name=\"twitter:data2\" content=\"2 minutes\" \/>\n<script type=\"application\/ld+json\" class=\"yoast-schema-graph\">{\"@context\":\"https:\/\/schema.org\",\"@graph\":[{\"@type\":\"Article\",\"@id\":\"https:\/\/challengeseconomiques.com\/?p=3750#article\",\"isPartOf\":{\"@id\":\"https:\/\/challengeseconomiques.com\/?p=3750\"},\"author\":{\"name\":\"admin\",\"@id\":\"https:\/\/challengeseconomiques.com\/#\/schema\/person\/b4568c9afebc5a9238a771873801e349\"},\"headline\":\"Sp\u00e9cialistes en Valeur du Tr\u00e9sor : Ecobank S\u00e9n\u00e9gal class\u00e9e \u00e0 la premi\u00e8re place en 2021\",\"datePublished\":\"2022-07-29T15:59:25+00:00\",\"dateModified\":\"2022-07-29T16:13:55+00:00\",\"mainEntityOfPage\":{\"@id\":\"https:\/\/challengeseconomiques.com\/?p=3750\"},\"wordCount\":348,\"image\":{\"@id\":\"https:\/\/challengeseconomiques.com\/?p=3750#primaryimage\"},\"thumbnailUrl\":\"https:\/\/challengeseconomiques.com\/wp-content\/uploads\/2022\/07\/Sahid-YALLOU-767x470-1.png\",\"articleSection\":[\"A la une\",\"Infos \u00e9co\"],\"inLanguage\":\"fr-FR\"},{\"@type\":\"WebPage\",\"@id\":\"https:\/\/challengeseconomiques.com\/?p=3750\",\"url\":\"https:\/\/challengeseconomiques.com\/?p=3750\",\"name\":\"Sp\u00e9cialistes en Valeur du Tr\u00e9sor : Ecobank S\u00e9n\u00e9gal class\u00e9e \u00e0 la premi\u00e8re place en 2021 - challenges economiques\",\"isPartOf\":{\"@id\":\"https:\/\/challengeseconomiques.com\/#website\"},\"primaryImageOfPage\":{\"@id\":\"https:\/\/challengeseconomiques.com\/?p=3750#primaryimage\"},\"image\":{\"@id\":\"https:\/\/challengeseconomiques.com\/?p=3750#primaryimage\"},\"thumbnailUrl\":\"https:\/\/challengeseconomiques.com\/wp-content\/uploads\/2022\/07\/Sahid-YALLOU-767x470-1.png\",\"datePublished\":\"2022-07-29T15:59:25+00:00\",\"dateModified\":\"2022-07-29T16:13:55+00:00\",\"author\":{\"@id\":\"https:\/\/challengeseconomiques.com\/#\/schema\/person\/b4568c9afebc5a9238a771873801e349\"},\"breadcrumb\":{\"@id\":\"https:\/\/challengeseconomiques.com\/?p=3750#breadcrumb\"},\"inLanguage\":\"fr-FR\",\"potentialAction\":[{\"@type\":\"ReadAction\",\"target\":[\"https:\/\/challengeseconomiques.com\/?p=3750\"]}]},{\"@type\":\"ImageObject\",\"inLanguage\":\"fr-FR\",\"@id\":\"https:\/\/challengeseconomiques.com\/?p=3750#primaryimage\",\"url\":\"https:\/\/challengeseconomiques.com\/wp-content\/uploads\/2022\/07\/Sahid-YALLOU-767x470-1.png\",\"contentUrl\":\"https:\/\/challengeseconomiques.com\/wp-content\/uploads\/2022\/07\/Sahid-YALLOU-767x470-1.png\",\"width\":767,\"height\":470},{\"@type\":\"BreadcrumbList\",\"@id\":\"https:\/\/challengeseconomiques.com\/?p=3750#breadcrumb\",\"itemListElement\":[{\"@type\":\"ListItem\",\"position\":1,\"name\":\"Home\",\"item\":\"https:\/\/challengeseconomiques.com\/\"},{\"@type\":\"ListItem\",\"position\":2,\"name\":\"Sp\u00e9cialistes en Valeur du Tr\u00e9sor : Ecobank S\u00e9n\u00e9gal class\u00e9e \u00e0 la premi\u00e8re place en 2021\"}]},{\"@type\":\"WebSite\",\"@id\":\"https:\/\/challengeseconomiques.com\/#website\",\"url\":\"https:\/\/challengeseconomiques.com\/\",\"name\":\"challenges economiques\",\"description\":\"\",\"potentialAction\":[{\"@type\":\"SearchAction\",\"target\":{\"@type\":\"EntryPoint\",\"urlTemplate\":\"https:\/\/challengeseconomiques.com\/?s={search_term_string}\"},\"query-input\":{\"@type\":\"PropertyValueSpecification\",\"valueRequired\":true,\"valueName\":\"search_term_string\"}}],\"inLanguage\":\"fr-FR\"},{\"@type\":\"Person\",\"@id\":\"https:\/\/challengeseconomiques.com\/#\/schema\/person\/b4568c9afebc5a9238a771873801e349\",\"name\":\"admin\",\"image\":{\"@type\":\"ImageObject\",\"inLanguage\":\"fr-FR\",\"@id\":\"https:\/\/challengeseconomiques.com\/#\/schema\/person\/image\/\",\"url\":\"https:\/\/secure.gravatar.com\/avatar\/099e42240b5eea11acdb72751fcce0dd918603f0749d24974b7984ea47ed9fd9?s=96&d=mm&r=g\",\"contentUrl\":\"https:\/\/secure.gravatar.com\/avatar\/099e42240b5eea11acdb72751fcce0dd918603f0749d24974b7984ea47ed9fd9?s=96&d=mm&r=g\",\"caption\":\"admin\"},\"sameAs\":[\"https:\/\/challengeseconomiques.com\"],\"url\":\"https:\/\/challengeseconomiques.com\/?author=1\"}]}<\/script>\n<!-- \/ Yoast SEO plugin. -->","yoast_head_json":{"title":"Sp\u00e9cialistes en Valeur du Tr\u00e9sor : Ecobank S\u00e9n\u00e9gal class\u00e9e \u00e0 la premi\u00e8re place en 2021 - challenges economiques","robots":{"index":"index","follow":"follow","max-snippet":"max-snippet:-1","max-image-preview":"max-image-preview:large","max-video-preview":"max-video-preview:-1"},"canonical":"https:\/\/challengeseconomiques.com\/?p=3750","og_locale":"fr_FR","og_type":"article","og_title":"Sp\u00e9cialistes en Valeur du Tr\u00e9sor : Ecobank S\u00e9n\u00e9gal class\u00e9e \u00e0 la premi\u00e8re place en 2021 - challenges economiques","og_description":"Sahid Yallou, Dg Ecobank S\u00e9n\u00e9gal Ecobank S\u00e9n\u00e9gal, filiale du Groupe bancaire panafricain Ecobank a \u00e9t\u00e9 class\u00e9e \u00e0 la premi\u00e8re place des Sp\u00e9cialistes en Valeur du...","og_url":"https:\/\/challengeseconomiques.com\/?p=3750","og_site_name":"challenges economiques","article_published_time":"2022-07-29T15:59:25+00:00","article_modified_time":"2022-07-29T16:13:55+00:00","og_image":[{"width":767,"height":470,"url":"https:\/\/challengeseconomiques.com\/wp-content\/uploads\/2022\/07\/Sahid-YALLOU-767x470-1.png","type":"image\/png"}],"author":"admin","twitter_card":"summary_large_image","twitter_misc":{"\u00c9crit par":"admin","Dur\u00e9e de lecture estim\u00e9e":"2 minutes"},"schema":{"@context":"https:\/\/schema.org","@graph":[{"@type":"Article","@id":"https:\/\/challengeseconomiques.com\/?p=3750#article","isPartOf":{"@id":"https:\/\/challengeseconomiques.com\/?p=3750"},"author":{"name":"admin","@id":"https:\/\/challengeseconomiques.com\/#\/schema\/person\/b4568c9afebc5a9238a771873801e349"},"headline":"Sp\u00e9cialistes en Valeur du Tr\u00e9sor : Ecobank S\u00e9n\u00e9gal class\u00e9e \u00e0 la premi\u00e8re place en 2021","datePublished":"2022-07-29T15:59:25+00:00","dateModified":"2022-07-29T16:13:55+00:00","mainEntityOfPage":{"@id":"https:\/\/challengeseconomiques.com\/?p=3750"},"wordCount":348,"image":{"@id":"https:\/\/challengeseconomiques.com\/?p=3750#primaryimage"},"thumbnailUrl":"https:\/\/challengeseconomiques.com\/wp-content\/uploads\/2022\/07\/Sahid-YALLOU-767x470-1.png","articleSection":["A la une","Infos \u00e9co"],"inLanguage":"fr-FR"},{"@type":"WebPage","@id":"https:\/\/challengeseconomiques.com\/?p=3750","url":"https:\/\/challengeseconomiques.com\/?p=3750","name":"Sp\u00e9cialistes en Valeur du Tr\u00e9sor : Ecobank S\u00e9n\u00e9gal class\u00e9e \u00e0 la premi\u00e8re place en 2021 - challenges economiques","isPartOf":{"@id":"https:\/\/challengeseconomiques.com\/#website"},"primaryImageOfPage":{"@id":"https:\/\/challengeseconomiques.com\/?p=3750#primaryimage"},"image":{"@id":"https:\/\/challengeseconomiques.com\/?p=3750#primaryimage"},"thumbnailUrl":"https:\/\/challengeseconomiques.com\/wp-content\/uploads\/2022\/07\/Sahid-YALLOU-767x470-1.png","datePublished":"2022-07-29T15:59:25+00:00","dateModified":"2022-07-29T16:13:55+00:00","author":{"@id":"https:\/\/challengeseconomiques.com\/#\/schema\/person\/b4568c9afebc5a9238a771873801e349"},"breadcrumb":{"@id":"https:\/\/challengeseconomiques.com\/?p=3750#breadcrumb"},"inLanguage":"fr-FR","potentialAction":[{"@type":"ReadAction","target":["https:\/\/challengeseconomiques.com\/?p=3750"]}]},{"@type":"ImageObject","inLanguage":"fr-FR","@id":"https:\/\/challengeseconomiques.com\/?p=3750#primaryimage","url":"https:\/\/challengeseconomiques.com\/wp-content\/uploads\/2022\/07\/Sahid-YALLOU-767x470-1.png","contentUrl":"https:\/\/challengeseconomiques.com\/wp-content\/uploads\/2022\/07\/Sahid-YALLOU-767x470-1.png","width":767,"height":470},{"@type":"BreadcrumbList","@id":"https:\/\/challengeseconomiques.com\/?p=3750#breadcrumb","itemListElement":[{"@type":"ListItem","position":1,"name":"Home","item":"https:\/\/challengeseconomiques.com\/"},{"@type":"ListItem","position":2,"name":"Sp\u00e9cialistes en Valeur du Tr\u00e9sor : Ecobank S\u00e9n\u00e9gal class\u00e9e \u00e0 la premi\u00e8re place en 2021"}]},{"@type":"WebSite","@id":"https:\/\/challengeseconomiques.com\/#website","url":"https:\/\/challengeseconomiques.com\/","name":"challenges economiques","description":"","potentialAction":[{"@type":"SearchAction","target":{"@type":"EntryPoint","urlTemplate":"https:\/\/challengeseconomiques.com\/?s={search_term_string}"},"query-input":{"@type":"PropertyValueSpecification","valueRequired":true,"valueName":"search_term_string"}}],"inLanguage":"fr-FR"},{"@type":"Person","@id":"https:\/\/challengeseconomiques.com\/#\/schema\/person\/b4568c9afebc5a9238a771873801e349","name":"admin","image":{"@type":"ImageObject","inLanguage":"fr-FR","@id":"https:\/\/challengeseconomiques.com\/#\/schema\/person\/image\/","url":"https:\/\/secure.gravatar.com\/avatar\/099e42240b5eea11acdb72751fcce0dd918603f0749d24974b7984ea47ed9fd9?s=96&d=mm&r=g","contentUrl":"https:\/\/secure.gravatar.com\/avatar\/099e42240b5eea11acdb72751fcce0dd918603f0749d24974b7984ea47ed9fd9?s=96&d=mm&r=g","caption":"admin"},"sameAs":["https:\/\/challengeseconomiques.com"],"url":"https:\/\/challengeseconomiques.com\/?author=1"}]}},"jetpack_featured_media_url":"https:\/\/challengeseconomiques.com\/wp-content\/uploads\/2022\/07\/Sahid-YALLOU-767x470-1.png","jetpack_sharing_enabled":true,"_links":{"self":[{"href":"https:\/\/challengeseconomiques.com\/index.php?rest_route=\/wp\/v2\/posts\/3750","targetHints":{"allow":["GET"]}}],"collection":[{"href":"https:\/\/challengeseconomiques.com\/index.php?rest_route=\/wp\/v2\/posts"}],"about":[{"href":"https:\/\/challengeseconomiques.com\/index.php?rest_route=\/wp\/v2\/types\/post"}],"author":[{"embeddable":true,"href":"https:\/\/challengeseconomiques.com\/index.php?rest_route=\/wp\/v2\/users\/1"}],"replies":[{"embeddable":true,"href":"https:\/\/challengeseconomiques.com\/index.php?rest_route=%2Fwp%2Fv2%2Fcomments&post=3750"}],"version-history":[{"count":2,"href":"https:\/\/challengeseconomiques.com\/index.php?rest_route=\/wp\/v2\/posts\/3750\/revisions"}],"predecessor-version":[{"id":3752,"href":"https:\/\/challengeseconomiques.com\/index.php?rest_route=\/wp\/v2\/posts\/3750\/revisions\/3752"}],"wp:featuredmedia":[{"embeddable":true,"href":"https:\/\/challengeseconomiques.com\/index.php?rest_route=\/wp\/v2\/media\/3755"}],"wp:attachment":[{"href":"https:\/\/challengeseconomiques.com\/index.php?rest_route=%2Fwp%2Fv2%2Fmedia&parent=3750"}],"wp:term":[{"taxonomy":"category","embeddable":true,"href":"https:\/\/challengeseconomiques.com\/index.php?rest_route=%2Fwp%2Fv2%2Fcategories&post=3750"},{"taxonomy":"post_tag","embeddable":true,"href":"https:\/\/challengeseconomiques.com\/index.php?rest_route=%2Fwp%2Fv2%2Ftags&post=3750"}],"curies":[{"name":"wp","href":"https:\/\/api.w.org\/{rel}","templated":true}]}}