{"id":3746,"date":"2022-07-29T15:53:31","date_gmt":"2022-07-29T15:53:31","guid":{"rendered":"https:\/\/challengeseconomiques.com\/?p=3746"},"modified":"2022-07-29T15:54:05","modified_gmt":"2022-07-29T15:54:05","slug":"amelioration-de-la-competitivite-des-entreprises-le-fonsis-et-lusaid-scellent-un-partenariat","status":"publish","type":"post","link":"https:\/\/challengeseconomiques.com\/?p=3746","title":{"rendered":"Am\u00e9lioration de la comp\u00e9titivit\u00e9 des entreprises: Le FONSIS et l\u2019USAID scellent un partenariat"},"content":{"rendered":"<p><strong>C\u2019est ce 28 juillet que le partenariat a \u00e9t\u00e9 act\u00e9 entre les deux <\/strong><strong>entit\u00e9s <\/strong><strong>par le biais d\u2019un protocole d\u2019accord, en pr\u00e9sence du<\/strong> <strong>Directeur par int\u00e9rim de l\u2019USAID S\u00e9n\u00e9gal,&nbsp; <\/strong><strong>Zeric Smith et de <\/strong><strong>Babacar Gning, Directeur Ex\u00e9cutif en charge des Investissements du FONSIS, informe un communiqu\u00e9. <\/strong><\/p>\n<p>Il s\u2019agit \u00e0 &nbsp;travers cet accord, pour les &nbsp;deux parties de &nbsp;confirmer &nbsp;leur intention mutuelle \u00e0 continuer \u00e0 travailler ensemble pour promouvoir et am\u00e9liorer un d\u00e9veloppement \u00e9conomique et social local durable. Selon Babacar Gning, directeur ex\u00e9cutif du FONSIS en charge des investissements, \u00ab la signature de ce protocole est un jalon important dans la collaboration entre le FONSIS et l\u2019USAID. Nos structures ont travaill\u00e9 au cours des trois derni\u00e8res ann\u00e9es \u00e0 d\u00e9velopper et mettre en \u0153uvre un fonds d\u2019investissement d\u00e9di\u00e9 aux PME assorti d\u2019un programme d\u2019assistance technique pour le renforcement des capacit\u00e9s des entrepreneurs. L\u2019objectif vis\u00e9 est d\u2019accroitre les investissements priv\u00e9s dans les PME afin d\u2019acc\u00e9l\u00e9rer leur d\u00e9veloppement et de cr\u00e9er massivement des emplois formels&nbsp;\u00bb.<\/p>\n<p>Pour l\u2019USAID, l\u2019accord avec le FONSIS ainsi que d\u2019autres accords sign\u00e9s avec des acteurs locaux que sont DER\/FJ, la Korean Productive Center (KPC), le Women&rsquo;s Investment Club (WIC) et la compagnie bp, permettront de renforcer les capacit\u00e9s de plus de 200.000 jeunes et femmes et de susciter chez eux le d\u00e9sir de cr\u00e9er de nouvelles entreprises. Vingt mille (20.000) micro, petites et moyennes entreprises (MPME) seront encadr\u00e9es et form\u00e9es et se verront offrir d&rsquo;autres services de d\u00e9veloppement de leurs activit\u00e9s en fonction de leurs besoins.<\/p>\n<p>Par ailleurs, le communiqu\u00e9 r\u00e9v\u00e8le que l\u2019accord entre l\u2019USAID et le FONSIS concerne le &nbsp;financement des Pme-Pmi \u00e0 fort potentiel et le d\u00e9veloppement d\u2019entreprises, avec notamment un focus particulier sur celles d\u00e9tenues par des femmes et des jeunes. En outre, il est envisag\u00e9 le renforcement des capacit\u00e9s des entrepreneurs dirigeants d\u2019entreprises dans les domaines de la pr\u00e9paration \u00e0 l\u2019investissement et de la mobilisation de ressources&nbsp;et l\u2019accompagnement des entreprises du portefeuille du FONSIS dans la consolidation de leurs activit\u00e9s, notamment par l\u2019appui au recrutement et la mise \u00e0 disposition d\u2019outils de gestion d\u2019entreprise entre autres.<\/p>\n<p><strong>Moustapha DIA<\/strong><\/p>\n","protected":false},"excerpt":{"rendered":"<p>C\u2019est ce 28 juillet que le partenariat a \u00e9t\u00e9 act\u00e9 entre les deux entit\u00e9s par le biais d\u2019un protocole d\u2019accord, en pr\u00e9sence du Directeur par&#8230;<\/p>\n","protected":false},"author":1,"featured_media":3747,"comment_status":"closed","ping_status":"open","sticky":false,"template":"","format":"standard","meta":{"_jetpack_memberships_contains_paid_content":false,"footnotes":""},"categories":[23,10],"tags":[],"class_list":["post-3746","post","type-post","status-publish","format-standard","has-post-thumbnail","hentry","category-a-la-une","category-infos-eco","wpcat-23-id","wpcat-10-id"],"yoast_head":"<!-- This site is optimized with the Yoast SEO plugin v27.1.1 - https:\/\/yoast.com\/product\/yoast-seo-wordpress\/ -->\n<title>Am\u00e9lioration de la comp\u00e9titivit\u00e9 des entreprises: Le FONSIS et l\u2019USAID scellent un partenariat - challenges economiques<\/title>\n<meta name=\"robots\" content=\"index, follow, max-snippet:-1, max-image-preview:large, max-video-preview:-1\" \/>\n<link rel=\"canonical\" href=\"https:\/\/challengeseconomiques.com\/?p=3746\" \/>\n<meta property=\"og:locale\" content=\"fr_FR\" \/>\n<meta property=\"og:type\" content=\"article\" \/>\n<meta property=\"og:title\" content=\"Am\u00e9lioration de la comp\u00e9titivit\u00e9 des entreprises: Le FONSIS et l\u2019USAID scellent un partenariat - challenges economiques\" \/>\n<meta property=\"og:description\" content=\"C\u2019est ce 28 juillet que le partenariat a \u00e9t\u00e9 act\u00e9 entre les deux entit\u00e9s par le biais d\u2019un protocole d\u2019accord, en pr\u00e9sence du Directeur par...\" \/>\n<meta property=\"og:url\" content=\"https:\/\/challengeseconomiques.com\/?p=3746\" \/>\n<meta property=\"og:site_name\" content=\"challenges economiques\" \/>\n<meta property=\"article:published_time\" content=\"2022-07-29T15:53:31+00:00\" \/>\n<meta property=\"article:modified_time\" content=\"2022-07-29T15:54:05+00:00\" \/>\n<meta property=\"og:image\" content=\"https:\/\/challengeseconomiques.com\/wp-content\/uploads\/2022\/07\/usaidfonsis.jpg\" \/>\n\t<meta property=\"og:image:width\" content=\"1080\" \/>\n\t<meta property=\"og:image:height\" content=\"810\" \/>\n\t<meta property=\"og:image:type\" content=\"image\/jpeg\" \/>\n<meta name=\"author\" content=\"admin\" \/>\n<meta name=\"twitter:card\" content=\"summary_large_image\" \/>\n<meta name=\"twitter:label1\" content=\"\u00c9crit par\" \/>\n\t<meta name=\"twitter:data1\" content=\"admin\" \/>\n\t<meta name=\"twitter:label2\" content=\"Dur\u00e9e de lecture estim\u00e9e\" \/>\n\t<meta name=\"twitter:data2\" content=\"2 minutes\" \/>\n<script type=\"application\/ld+json\" class=\"yoast-schema-graph\">{\"@context\":\"https:\/\/schema.org\",\"@graph\":[{\"@type\":\"Article\",\"@id\":\"https:\/\/challengeseconomiques.com\/?p=3746#article\",\"isPartOf\":{\"@id\":\"https:\/\/challengeseconomiques.com\/?p=3746\"},\"author\":{\"name\":\"admin\",\"@id\":\"https:\/\/challengeseconomiques.com\/#\/schema\/person\/b4568c9afebc5a9238a771873801e349\"},\"headline\":\"Am\u00e9lioration de la comp\u00e9titivit\u00e9 des entreprises: Le FONSIS et l\u2019USAID scellent un partenariat\",\"datePublished\":\"2022-07-29T15:53:31+00:00\",\"dateModified\":\"2022-07-29T15:54:05+00:00\",\"mainEntityOfPage\":{\"@id\":\"https:\/\/challengeseconomiques.com\/?p=3746\"},\"wordCount\":417,\"image\":{\"@id\":\"https:\/\/challengeseconomiques.com\/?p=3746#primaryimage\"},\"thumbnailUrl\":\"https:\/\/challengeseconomiques.com\/wp-content\/uploads\/2022\/07\/usaidfonsis.jpg\",\"articleSection\":[\"A la une\",\"Infos \u00e9co\"],\"inLanguage\":\"fr-FR\"},{\"@type\":\"WebPage\",\"@id\":\"https:\/\/challengeseconomiques.com\/?p=3746\",\"url\":\"https:\/\/challengeseconomiques.com\/?p=3746\",\"name\":\"Am\u00e9lioration de la comp\u00e9titivit\u00e9 des entreprises: Le FONSIS et l\u2019USAID scellent un partenariat - challenges economiques\",\"isPartOf\":{\"@id\":\"https:\/\/challengeseconomiques.com\/#website\"},\"primaryImageOfPage\":{\"@id\":\"https:\/\/challengeseconomiques.com\/?p=3746#primaryimage\"},\"image\":{\"@id\":\"https:\/\/challengeseconomiques.com\/?p=3746#primaryimage\"},\"thumbnailUrl\":\"https:\/\/challengeseconomiques.com\/wp-content\/uploads\/2022\/07\/usaidfonsis.jpg\",\"datePublished\":\"2022-07-29T15:53:31+00:00\",\"dateModified\":\"2022-07-29T15:54:05+00:00\",\"author\":{\"@id\":\"https:\/\/challengeseconomiques.com\/#\/schema\/person\/b4568c9afebc5a9238a771873801e349\"},\"breadcrumb\":{\"@id\":\"https:\/\/challengeseconomiques.com\/?p=3746#breadcrumb\"},\"inLanguage\":\"fr-FR\",\"potentialAction\":[{\"@type\":\"ReadAction\",\"target\":[\"https:\/\/challengeseconomiques.com\/?p=3746\"]}]},{\"@type\":\"ImageObject\",\"inLanguage\":\"fr-FR\",\"@id\":\"https:\/\/challengeseconomiques.com\/?p=3746#primaryimage\",\"url\":\"https:\/\/challengeseconomiques.com\/wp-content\/uploads\/2022\/07\/usaidfonsis.jpg\",\"contentUrl\":\"https:\/\/challengeseconomiques.com\/wp-content\/uploads\/2022\/07\/usaidfonsis.jpg\",\"width\":1080,\"height\":810},{\"@type\":\"BreadcrumbList\",\"@id\":\"https:\/\/challengeseconomiques.com\/?p=3746#breadcrumb\",\"itemListElement\":[{\"@type\":\"ListItem\",\"position\":1,\"name\":\"Home\",\"item\":\"https:\/\/challengeseconomiques.com\/\"},{\"@type\":\"ListItem\",\"position\":2,\"name\":\"Am\u00e9lioration de la comp\u00e9titivit\u00e9 des entreprises: Le FONSIS et l\u2019USAID scellent un partenariat\"}]},{\"@type\":\"WebSite\",\"@id\":\"https:\/\/challengeseconomiques.com\/#website\",\"url\":\"https:\/\/challengeseconomiques.com\/\",\"name\":\"challenges economiques\",\"description\":\"\",\"potentialAction\":[{\"@type\":\"SearchAction\",\"target\":{\"@type\":\"EntryPoint\",\"urlTemplate\":\"https:\/\/challengeseconomiques.com\/?s={search_term_string}\"},\"query-input\":{\"@type\":\"PropertyValueSpecification\",\"valueRequired\":true,\"valueName\":\"search_term_string\"}}],\"inLanguage\":\"fr-FR\"},{\"@type\":\"Person\",\"@id\":\"https:\/\/challengeseconomiques.com\/#\/schema\/person\/b4568c9afebc5a9238a771873801e349\",\"name\":\"admin\",\"image\":{\"@type\":\"ImageObject\",\"inLanguage\":\"fr-FR\",\"@id\":\"https:\/\/challengeseconomiques.com\/#\/schema\/person\/image\/\",\"url\":\"https:\/\/secure.gravatar.com\/avatar\/099e42240b5eea11acdb72751fcce0dd918603f0749d24974b7984ea47ed9fd9?s=96&d=mm&r=g\",\"contentUrl\":\"https:\/\/secure.gravatar.com\/avatar\/099e42240b5eea11acdb72751fcce0dd918603f0749d24974b7984ea47ed9fd9?s=96&d=mm&r=g\",\"caption\":\"admin\"},\"sameAs\":[\"https:\/\/challengeseconomiques.com\"],\"url\":\"https:\/\/challengeseconomiques.com\/?author=1\"}]}<\/script>\n<!-- \/ Yoast SEO plugin. -->","yoast_head_json":{"title":"Am\u00e9lioration de la comp\u00e9titivit\u00e9 des entreprises: Le FONSIS et l\u2019USAID scellent un partenariat - challenges economiques","robots":{"index":"index","follow":"follow","max-snippet":"max-snippet:-1","max-image-preview":"max-image-preview:large","max-video-preview":"max-video-preview:-1"},"canonical":"https:\/\/challengeseconomiques.com\/?p=3746","og_locale":"fr_FR","og_type":"article","og_title":"Am\u00e9lioration de la comp\u00e9titivit\u00e9 des entreprises: Le FONSIS et l\u2019USAID scellent un partenariat - challenges economiques","og_description":"C\u2019est ce 28 juillet que le partenariat a \u00e9t\u00e9 act\u00e9 entre les deux entit\u00e9s par le biais d\u2019un protocole d\u2019accord, en pr\u00e9sence du Directeur par...","og_url":"https:\/\/challengeseconomiques.com\/?p=3746","og_site_name":"challenges economiques","article_published_time":"2022-07-29T15:53:31+00:00","article_modified_time":"2022-07-29T15:54:05+00:00","og_image":[{"width":1080,"height":810,"url":"https:\/\/challengeseconomiques.com\/wp-content\/uploads\/2022\/07\/usaidfonsis.jpg","type":"image\/jpeg"}],"author":"admin","twitter_card":"summary_large_image","twitter_misc":{"\u00c9crit par":"admin","Dur\u00e9e de lecture estim\u00e9e":"2 minutes"},"schema":{"@context":"https:\/\/schema.org","@graph":[{"@type":"Article","@id":"https:\/\/challengeseconomiques.com\/?p=3746#article","isPartOf":{"@id":"https:\/\/challengeseconomiques.com\/?p=3746"},"author":{"name":"admin","@id":"https:\/\/challengeseconomiques.com\/#\/schema\/person\/b4568c9afebc5a9238a771873801e349"},"headline":"Am\u00e9lioration de la comp\u00e9titivit\u00e9 des entreprises: Le FONSIS et l\u2019USAID scellent un partenariat","datePublished":"2022-07-29T15:53:31+00:00","dateModified":"2022-07-29T15:54:05+00:00","mainEntityOfPage":{"@id":"https:\/\/challengeseconomiques.com\/?p=3746"},"wordCount":417,"image":{"@id":"https:\/\/challengeseconomiques.com\/?p=3746#primaryimage"},"thumbnailUrl":"https:\/\/challengeseconomiques.com\/wp-content\/uploads\/2022\/07\/usaidfonsis.jpg","articleSection":["A la une","Infos \u00e9co"],"inLanguage":"fr-FR"},{"@type":"WebPage","@id":"https:\/\/challengeseconomiques.com\/?p=3746","url":"https:\/\/challengeseconomiques.com\/?p=3746","name":"Am\u00e9lioration de la comp\u00e9titivit\u00e9 des entreprises: Le FONSIS et l\u2019USAID scellent un partenariat - challenges economiques","isPartOf":{"@id":"https:\/\/challengeseconomiques.com\/#website"},"primaryImageOfPage":{"@id":"https:\/\/challengeseconomiques.com\/?p=3746#primaryimage"},"image":{"@id":"https:\/\/challengeseconomiques.com\/?p=3746#primaryimage"},"thumbnailUrl":"https:\/\/challengeseconomiques.com\/wp-content\/uploads\/2022\/07\/usaidfonsis.jpg","datePublished":"2022-07-29T15:53:31+00:00","dateModified":"2022-07-29T15:54:05+00:00","author":{"@id":"https:\/\/challengeseconomiques.com\/#\/schema\/person\/b4568c9afebc5a9238a771873801e349"},"breadcrumb":{"@id":"https:\/\/challengeseconomiques.com\/?p=3746#breadcrumb"},"inLanguage":"fr-FR","potentialAction":[{"@type":"ReadAction","target":["https:\/\/challengeseconomiques.com\/?p=3746"]}]},{"@type":"ImageObject","inLanguage":"fr-FR","@id":"https:\/\/challengeseconomiques.com\/?p=3746#primaryimage","url":"https:\/\/challengeseconomiques.com\/wp-content\/uploads\/2022\/07\/usaidfonsis.jpg","contentUrl":"https:\/\/challengeseconomiques.com\/wp-content\/uploads\/2022\/07\/usaidfonsis.jpg","width":1080,"height":810},{"@type":"BreadcrumbList","@id":"https:\/\/challengeseconomiques.com\/?p=3746#breadcrumb","itemListElement":[{"@type":"ListItem","position":1,"name":"Home","item":"https:\/\/challengeseconomiques.com\/"},{"@type":"ListItem","position":2,"name":"Am\u00e9lioration de la comp\u00e9titivit\u00e9 des entreprises: Le FONSIS et l\u2019USAID scellent un partenariat"}]},{"@type":"WebSite","@id":"https:\/\/challengeseconomiques.com\/#website","url":"https:\/\/challengeseconomiques.com\/","name":"challenges economiques","description":"","potentialAction":[{"@type":"SearchAction","target":{"@type":"EntryPoint","urlTemplate":"https:\/\/challengeseconomiques.com\/?s={search_term_string}"},"query-input":{"@type":"PropertyValueSpecification","valueRequired":true,"valueName":"search_term_string"}}],"inLanguage":"fr-FR"},{"@type":"Person","@id":"https:\/\/challengeseconomiques.com\/#\/schema\/person\/b4568c9afebc5a9238a771873801e349","name":"admin","image":{"@type":"ImageObject","inLanguage":"fr-FR","@id":"https:\/\/challengeseconomiques.com\/#\/schema\/person\/image\/","url":"https:\/\/secure.gravatar.com\/avatar\/099e42240b5eea11acdb72751fcce0dd918603f0749d24974b7984ea47ed9fd9?s=96&d=mm&r=g","contentUrl":"https:\/\/secure.gravatar.com\/avatar\/099e42240b5eea11acdb72751fcce0dd918603f0749d24974b7984ea47ed9fd9?s=96&d=mm&r=g","caption":"admin"},"sameAs":["https:\/\/challengeseconomiques.com"],"url":"https:\/\/challengeseconomiques.com\/?author=1"}]}},"jetpack_featured_media_url":"https:\/\/challengeseconomiques.com\/wp-content\/uploads\/2022\/07\/usaidfonsis.jpg","jetpack_sharing_enabled":true,"_links":{"self":[{"href":"https:\/\/challengeseconomiques.com\/index.php?rest_route=\/wp\/v2\/posts\/3746","targetHints":{"allow":["GET"]}}],"collection":[{"href":"https:\/\/challengeseconomiques.com\/index.php?rest_route=\/wp\/v2\/posts"}],"about":[{"href":"https:\/\/challengeseconomiques.com\/index.php?rest_route=\/wp\/v2\/types\/post"}],"author":[{"embeddable":true,"href":"https:\/\/challengeseconomiques.com\/index.php?rest_route=\/wp\/v2\/users\/1"}],"replies":[{"embeddable":true,"href":"https:\/\/challengeseconomiques.com\/index.php?rest_route=%2Fwp%2Fv2%2Fcomments&post=3746"}],"version-history":[{"count":2,"href":"https:\/\/challengeseconomiques.com\/index.php?rest_route=\/wp\/v2\/posts\/3746\/revisions"}],"predecessor-version":[{"id":3749,"href":"https:\/\/challengeseconomiques.com\/index.php?rest_route=\/wp\/v2\/posts\/3746\/revisions\/3749"}],"wp:featuredmedia":[{"embeddable":true,"href":"https:\/\/challengeseconomiques.com\/index.php?rest_route=\/wp\/v2\/media\/3747"}],"wp:attachment":[{"href":"https:\/\/challengeseconomiques.com\/index.php?rest_route=%2Fwp%2Fv2%2Fmedia&parent=3746"}],"wp:term":[{"taxonomy":"category","embeddable":true,"href":"https:\/\/challengeseconomiques.com\/index.php?rest_route=%2Fwp%2Fv2%2Fcategories&post=3746"},{"taxonomy":"post_tag","embeddable":true,"href":"https:\/\/challengeseconomiques.com\/index.php?rest_route=%2Fwp%2Fv2%2Ftags&post=3746"}],"curies":[{"name":"wp","href":"https:\/\/api.w.org\/{rel}","templated":true}]}}