{"id":3737,"date":"2022-07-27T16:42:17","date_gmt":"2022-07-27T16:42:17","guid":{"rendered":"https:\/\/challengeseconomiques.com\/?p=3737"},"modified":"2022-07-27T16:45:16","modified_gmt":"2022-07-27T16:45:16","slug":"le-dg-ade-ayeyemi-salue-la-performance-semestrielle-de-ecobank","status":"publish","type":"post","link":"https:\/\/challengeseconomiques.com\/?p=3737","title":{"rendered":"Le DG Ade Ayeyemi salue la performance semestrielle de Ecobank"},"content":{"rendered":"<p><strong>Les r\u00e9sultats du Groupe Ecobank au premier semestre 2022 sont satisfaisants, d\u2019apr\u00e8s les responsables. Dans un communiqu\u00e9, le directeur g\u00e9n\u00e9ral Ade Ayeyemi a salu\u00e9 la solide performance semestrielle de Ecobank. <\/strong><\/p>\n<p>\u00ab&nbsp;Nos r\u00e9sultats du premier semestre 2022 refl\u00e8tent les avantages de la diversification de notre mod\u00e8le op\u00e9rationnel et de nos r\u00e9gions. Ils d\u00e9montrent \u00e9galement notre r\u00e9silience et notre capacit\u00e9 d&rsquo;ex\u00e9cution au service de nos clients dans un environnement difficile, tout en g\u00e9n\u00e9rant des rendements ad\u00e9quats pour nos actionnaires \u00bb, a-t-il soulign\u00e9 le directeur g\u00e9n\u00e9ral du Groupe Ecobank Ade Ayeyemi.<\/p>\n<p>\u00ab&nbsp;Nos investissements dans la technologie et les capacit\u00e9s num\u00e9riques sont modulables et ont r\u00e9duit notre co\u00fbt de service. Parall\u00e8lement \u00e0 la croissance des revenus, nous avons atteint un coefficient d&rsquo;exploitation record de 56,0 %&nbsp;\u00bb, a-t-il poursuivi, dans un communiqu\u00e9.<\/p>\n<p>\u00ab&nbsp;Nous avons augment\u00e9 les provisions pour d\u00e9pr\u00e9ciation afin de refl\u00e9ter les risques de cr\u00e9dit accrus. Plus important encore, nous avons constitu\u00e9 de mani\u00e8re proactive des r\u00e9serves centrales affect\u00e9es aux provisions pour d\u00e9pr\u00e9ciation de 206 millions USD, que nous pouvons utiliser si n\u00e9cessaire dans un contexte de cr\u00e9dit difficile. Dans le m\u00eame temps, notre bilan reste liquide et suffisamment capitalis\u00e9, ce qui nous permet de mieux servir nos clients\u00bb, a expliqu\u00e9 Ade Ayeyemi.<\/p>\n<p><strong>Int\u00e9gration financi\u00e8re de l&rsquo;Afrique<\/strong><\/p>\n<p>Au cours du premier semestre de cette ann\u00e9e, le Groupe Ecobank, \u00e0 travers son r\u00e9seau panafricain, a remport\u00e9 pr\u00e8s de 20 prix d\u00e9cern\u00e9s par des organismes de presse et des soci\u00e9t\u00e9s tr\u00e8s respect\u00e9s dans le secteur.<\/p>\n<p>\u00ab&nbsp;Ceux-ci refl\u00e8tent l&rsquo;impact positif de nos services aupr\u00e8s de nos clients et des communaut\u00e9s, ancr\u00e9s dans notre vision de contribuer au d\u00e9veloppement \u00e9conomique et \u00e0 l&rsquo;int\u00e9gration financi\u00e8re de l&rsquo;Afrique&nbsp;\u00bb, s\u2019est-il r\u00e9joui.<\/p>\n<p>De fait, il y a tout juste quelques jours, Euromoney a \u00e9lu Ecobank, Meilleure banque d&rsquo;Afrique, Meilleure banque digitale d&rsquo;Afrique et Meilleure banque d&rsquo;Afrique pour les PME lors de sa c\u00e9r\u00e9monie de remise des prix 2022.<\/p>\n<p>\u00ab&nbsp;Ces distinctions sont le fruit de notre passion pour le service aux clients et de nos investissements continus dans la technologie, la mise en place de processus et le personnel. Je suis extr\u00eamement fier de mes coll\u00e8gues Ecobanquiers, et je tiens \u00e0 les remercier pour leur travail remarquable et leur engagement. Comme toujours, nous travaillons pour r\u00e9aliser notre vision et rester la banque de confiance pour l&rsquo;Afrique et les amis de l&rsquo;Afrique. \u00bb, a conclu Ade Ayeyemi.<\/p>\n<p><strong>Birame GUENE<\/strong><\/p>\n<p>&nbsp;<\/p>\n","protected":false},"excerpt":{"rendered":"<p>Les r\u00e9sultats du Groupe Ecobank au premier semestre 2022 sont satisfaisants, d\u2019apr\u00e8s les responsables. Dans un communiqu\u00e9, le directeur g\u00e9n\u00e9ral Ade Ayeyemi a salu\u00e9 la&#8230;<\/p>\n","protected":false},"author":3,"featured_media":3742,"comment_status":"closed","ping_status":"open","sticky":false,"template":"","format":"standard","meta":{"_jetpack_memberships_contains_paid_content":false,"footnotes":""},"categories":[23,10],"tags":[],"class_list":["post-3737","post","type-post","status-publish","format-standard","has-post-thumbnail","hentry","category-a-la-une","category-infos-eco","wpcat-23-id","wpcat-10-id"],"yoast_head":"<!-- This site is optimized with the Yoast SEO plugin v27.1.1 - https:\/\/yoast.com\/product\/yoast-seo-wordpress\/ -->\n<title>Le DG Ade Ayeyemi salue la performance semestrielle de Ecobank - challenges economiques<\/title>\n<meta name=\"robots\" content=\"index, follow, max-snippet:-1, max-image-preview:large, max-video-preview:-1\" \/>\n<link rel=\"canonical\" href=\"https:\/\/challengeseconomiques.com\/?p=3737\" \/>\n<meta property=\"og:locale\" content=\"fr_FR\" \/>\n<meta property=\"og:type\" content=\"article\" \/>\n<meta property=\"og:title\" content=\"Le DG Ade Ayeyemi salue la performance semestrielle de Ecobank - challenges economiques\" \/>\n<meta property=\"og:description\" content=\"Les r\u00e9sultats du Groupe Ecobank au premier semestre 2022 sont satisfaisants, d\u2019apr\u00e8s les responsables. Dans un communiqu\u00e9, le directeur g\u00e9n\u00e9ral Ade Ayeyemi a salu\u00e9 la...\" \/>\n<meta property=\"og:url\" content=\"https:\/\/challengeseconomiques.com\/?p=3737\" \/>\n<meta property=\"og:site_name\" content=\"challenges economiques\" \/>\n<meta property=\"article:published_time\" content=\"2022-07-27T16:42:17+00:00\" \/>\n<meta property=\"article:modified_time\" content=\"2022-07-27T16:45:16+00:00\" \/>\n<meta property=\"og:image\" content=\"https:\/\/challengeseconomiques.com\/wp-content\/uploads\/2022\/07\/adeecobank.jpg\" \/>\n\t<meta property=\"og:image:width\" content=\"696\" \/>\n\t<meta property=\"og:image:height\" content=\"542\" \/>\n\t<meta property=\"og:image:type\" content=\"image\/jpeg\" \/>\n<meta name=\"author\" content=\"aliou kane ndiaye\" \/>\n<meta name=\"twitter:card\" content=\"summary_large_image\" \/>\n<meta name=\"twitter:label1\" content=\"\u00c9crit par\" \/>\n\t<meta name=\"twitter:data1\" content=\"aliou kane ndiaye\" \/>\n\t<meta name=\"twitter:label2\" content=\"Dur\u00e9e de lecture estim\u00e9e\" \/>\n\t<meta name=\"twitter:data2\" content=\"2 minutes\" \/>\n<script type=\"application\/ld+json\" class=\"yoast-schema-graph\">{\"@context\":\"https:\/\/schema.org\",\"@graph\":[{\"@type\":\"Article\",\"@id\":\"https:\/\/challengeseconomiques.com\/?p=3737#article\",\"isPartOf\":{\"@id\":\"https:\/\/challengeseconomiques.com\/?p=3737\"},\"author\":{\"name\":\"aliou kane ndiaye\",\"@id\":\"https:\/\/challengeseconomiques.com\/#\/schema\/person\/2f70a31e102db1741c1a1c00c2bbd8a6\"},\"headline\":\"Le DG Ade Ayeyemi salue la performance semestrielle de Ecobank\",\"datePublished\":\"2022-07-27T16:42:17+00:00\",\"dateModified\":\"2022-07-27T16:45:16+00:00\",\"mainEntityOfPage\":{\"@id\":\"https:\/\/challengeseconomiques.com\/?p=3737\"},\"wordCount\":461,\"image\":{\"@id\":\"https:\/\/challengeseconomiques.com\/?p=3737#primaryimage\"},\"thumbnailUrl\":\"https:\/\/challengeseconomiques.com\/wp-content\/uploads\/2022\/07\/adeecobank.jpg\",\"articleSection\":[\"A la une\",\"Infos \u00e9co\"],\"inLanguage\":\"fr-FR\"},{\"@type\":\"WebPage\",\"@id\":\"https:\/\/challengeseconomiques.com\/?p=3737\",\"url\":\"https:\/\/challengeseconomiques.com\/?p=3737\",\"name\":\"Le DG Ade Ayeyemi salue la performance semestrielle de Ecobank - challenges economiques\",\"isPartOf\":{\"@id\":\"https:\/\/challengeseconomiques.com\/#website\"},\"primaryImageOfPage\":{\"@id\":\"https:\/\/challengeseconomiques.com\/?p=3737#primaryimage\"},\"image\":{\"@id\":\"https:\/\/challengeseconomiques.com\/?p=3737#primaryimage\"},\"thumbnailUrl\":\"https:\/\/challengeseconomiques.com\/wp-content\/uploads\/2022\/07\/adeecobank.jpg\",\"datePublished\":\"2022-07-27T16:42:17+00:00\",\"dateModified\":\"2022-07-27T16:45:16+00:00\",\"author\":{\"@id\":\"https:\/\/challengeseconomiques.com\/#\/schema\/person\/2f70a31e102db1741c1a1c00c2bbd8a6\"},\"breadcrumb\":{\"@id\":\"https:\/\/challengeseconomiques.com\/?p=3737#breadcrumb\"},\"inLanguage\":\"fr-FR\",\"potentialAction\":[{\"@type\":\"ReadAction\",\"target\":[\"https:\/\/challengeseconomiques.com\/?p=3737\"]}]},{\"@type\":\"ImageObject\",\"inLanguage\":\"fr-FR\",\"@id\":\"https:\/\/challengeseconomiques.com\/?p=3737#primaryimage\",\"url\":\"https:\/\/challengeseconomiques.com\/wp-content\/uploads\/2022\/07\/adeecobank.jpg\",\"contentUrl\":\"https:\/\/challengeseconomiques.com\/wp-content\/uploads\/2022\/07\/adeecobank.jpg\",\"width\":696,\"height\":542},{\"@type\":\"BreadcrumbList\",\"@id\":\"https:\/\/challengeseconomiques.com\/?p=3737#breadcrumb\",\"itemListElement\":[{\"@type\":\"ListItem\",\"position\":1,\"name\":\"Home\",\"item\":\"https:\/\/challengeseconomiques.com\/\"},{\"@type\":\"ListItem\",\"position\":2,\"name\":\"Le DG Ade Ayeyemi salue la performance semestrielle de Ecobank\"}]},{\"@type\":\"WebSite\",\"@id\":\"https:\/\/challengeseconomiques.com\/#website\",\"url\":\"https:\/\/challengeseconomiques.com\/\",\"name\":\"challenges economiques\",\"description\":\"\",\"potentialAction\":[{\"@type\":\"SearchAction\",\"target\":{\"@type\":\"EntryPoint\",\"urlTemplate\":\"https:\/\/challengeseconomiques.com\/?s={search_term_string}\"},\"query-input\":{\"@type\":\"PropertyValueSpecification\",\"valueRequired\":true,\"valueName\":\"search_term_string\"}}],\"inLanguage\":\"fr-FR\"},{\"@type\":\"Person\",\"@id\":\"https:\/\/challengeseconomiques.com\/#\/schema\/person\/2f70a31e102db1741c1a1c00c2bbd8a6\",\"name\":\"aliou kane ndiaye\",\"image\":{\"@type\":\"ImageObject\",\"inLanguage\":\"fr-FR\",\"@id\":\"https:\/\/challengeseconomiques.com\/#\/schema\/person\/image\/\",\"url\":\"https:\/\/secure.gravatar.com\/avatar\/df942321e58711a9f1fee838e446766660477bacd4b42fa20400d2c7cf4da7ca?s=96&d=mm&r=g\",\"contentUrl\":\"https:\/\/secure.gravatar.com\/avatar\/df942321e58711a9f1fee838e446766660477bacd4b42fa20400d2c7cf4da7ca?s=96&d=mm&r=g\",\"caption\":\"aliou kane ndiaye\"},\"sameAs\":[\"http:\/\/www.challengeseconomiques.com\"],\"url\":\"https:\/\/challengeseconomiques.com\/?author=3\"}]}<\/script>\n<!-- \/ Yoast SEO plugin. -->","yoast_head_json":{"title":"Le DG Ade Ayeyemi salue la performance semestrielle de Ecobank - challenges economiques","robots":{"index":"index","follow":"follow","max-snippet":"max-snippet:-1","max-image-preview":"max-image-preview:large","max-video-preview":"max-video-preview:-1"},"canonical":"https:\/\/challengeseconomiques.com\/?p=3737","og_locale":"fr_FR","og_type":"article","og_title":"Le DG Ade Ayeyemi salue la performance semestrielle de Ecobank - challenges economiques","og_description":"Les r\u00e9sultats du Groupe Ecobank au premier semestre 2022 sont satisfaisants, d\u2019apr\u00e8s les responsables. Dans un communiqu\u00e9, le directeur g\u00e9n\u00e9ral Ade Ayeyemi a salu\u00e9 la...","og_url":"https:\/\/challengeseconomiques.com\/?p=3737","og_site_name":"challenges economiques","article_published_time":"2022-07-27T16:42:17+00:00","article_modified_time":"2022-07-27T16:45:16+00:00","og_image":[{"width":696,"height":542,"url":"https:\/\/challengeseconomiques.com\/wp-content\/uploads\/2022\/07\/adeecobank.jpg","type":"image\/jpeg"}],"author":"aliou kane ndiaye","twitter_card":"summary_large_image","twitter_misc":{"\u00c9crit par":"aliou kane ndiaye","Dur\u00e9e de lecture estim\u00e9e":"2 minutes"},"schema":{"@context":"https:\/\/schema.org","@graph":[{"@type":"Article","@id":"https:\/\/challengeseconomiques.com\/?p=3737#article","isPartOf":{"@id":"https:\/\/challengeseconomiques.com\/?p=3737"},"author":{"name":"aliou kane ndiaye","@id":"https:\/\/challengeseconomiques.com\/#\/schema\/person\/2f70a31e102db1741c1a1c00c2bbd8a6"},"headline":"Le DG Ade Ayeyemi salue la performance semestrielle de Ecobank","datePublished":"2022-07-27T16:42:17+00:00","dateModified":"2022-07-27T16:45:16+00:00","mainEntityOfPage":{"@id":"https:\/\/challengeseconomiques.com\/?p=3737"},"wordCount":461,"image":{"@id":"https:\/\/challengeseconomiques.com\/?p=3737#primaryimage"},"thumbnailUrl":"https:\/\/challengeseconomiques.com\/wp-content\/uploads\/2022\/07\/adeecobank.jpg","articleSection":["A la une","Infos \u00e9co"],"inLanguage":"fr-FR"},{"@type":"WebPage","@id":"https:\/\/challengeseconomiques.com\/?p=3737","url":"https:\/\/challengeseconomiques.com\/?p=3737","name":"Le DG Ade Ayeyemi salue la performance semestrielle de Ecobank - challenges economiques","isPartOf":{"@id":"https:\/\/challengeseconomiques.com\/#website"},"primaryImageOfPage":{"@id":"https:\/\/challengeseconomiques.com\/?p=3737#primaryimage"},"image":{"@id":"https:\/\/challengeseconomiques.com\/?p=3737#primaryimage"},"thumbnailUrl":"https:\/\/challengeseconomiques.com\/wp-content\/uploads\/2022\/07\/adeecobank.jpg","datePublished":"2022-07-27T16:42:17+00:00","dateModified":"2022-07-27T16:45:16+00:00","author":{"@id":"https:\/\/challengeseconomiques.com\/#\/schema\/person\/2f70a31e102db1741c1a1c00c2bbd8a6"},"breadcrumb":{"@id":"https:\/\/challengeseconomiques.com\/?p=3737#breadcrumb"},"inLanguage":"fr-FR","potentialAction":[{"@type":"ReadAction","target":["https:\/\/challengeseconomiques.com\/?p=3737"]}]},{"@type":"ImageObject","inLanguage":"fr-FR","@id":"https:\/\/challengeseconomiques.com\/?p=3737#primaryimage","url":"https:\/\/challengeseconomiques.com\/wp-content\/uploads\/2022\/07\/adeecobank.jpg","contentUrl":"https:\/\/challengeseconomiques.com\/wp-content\/uploads\/2022\/07\/adeecobank.jpg","width":696,"height":542},{"@type":"BreadcrumbList","@id":"https:\/\/challengeseconomiques.com\/?p=3737#breadcrumb","itemListElement":[{"@type":"ListItem","position":1,"name":"Home","item":"https:\/\/challengeseconomiques.com\/"},{"@type":"ListItem","position":2,"name":"Le DG Ade Ayeyemi salue la performance semestrielle de Ecobank"}]},{"@type":"WebSite","@id":"https:\/\/challengeseconomiques.com\/#website","url":"https:\/\/challengeseconomiques.com\/","name":"challenges economiques","description":"","potentialAction":[{"@type":"SearchAction","target":{"@type":"EntryPoint","urlTemplate":"https:\/\/challengeseconomiques.com\/?s={search_term_string}"},"query-input":{"@type":"PropertyValueSpecification","valueRequired":true,"valueName":"search_term_string"}}],"inLanguage":"fr-FR"},{"@type":"Person","@id":"https:\/\/challengeseconomiques.com\/#\/schema\/person\/2f70a31e102db1741c1a1c00c2bbd8a6","name":"aliou kane ndiaye","image":{"@type":"ImageObject","inLanguage":"fr-FR","@id":"https:\/\/challengeseconomiques.com\/#\/schema\/person\/image\/","url":"https:\/\/secure.gravatar.com\/avatar\/df942321e58711a9f1fee838e446766660477bacd4b42fa20400d2c7cf4da7ca?s=96&d=mm&r=g","contentUrl":"https:\/\/secure.gravatar.com\/avatar\/df942321e58711a9f1fee838e446766660477bacd4b42fa20400d2c7cf4da7ca?s=96&d=mm&r=g","caption":"aliou kane ndiaye"},"sameAs":["http:\/\/www.challengeseconomiques.com"],"url":"https:\/\/challengeseconomiques.com\/?author=3"}]}},"jetpack_featured_media_url":"https:\/\/challengeseconomiques.com\/wp-content\/uploads\/2022\/07\/adeecobank.jpg","jetpack_sharing_enabled":true,"_links":{"self":[{"href":"https:\/\/challengeseconomiques.com\/index.php?rest_route=\/wp\/v2\/posts\/3737","targetHints":{"allow":["GET"]}}],"collection":[{"href":"https:\/\/challengeseconomiques.com\/index.php?rest_route=\/wp\/v2\/posts"}],"about":[{"href":"https:\/\/challengeseconomiques.com\/index.php?rest_route=\/wp\/v2\/types\/post"}],"author":[{"embeddable":true,"href":"https:\/\/challengeseconomiques.com\/index.php?rest_route=\/wp\/v2\/users\/3"}],"replies":[{"embeddable":true,"href":"https:\/\/challengeseconomiques.com\/index.php?rest_route=%2Fwp%2Fv2%2Fcomments&post=3737"}],"version-history":[{"count":2,"href":"https:\/\/challengeseconomiques.com\/index.php?rest_route=\/wp\/v2\/posts\/3737\/revisions"}],"predecessor-version":[{"id":3740,"href":"https:\/\/challengeseconomiques.com\/index.php?rest_route=\/wp\/v2\/posts\/3737\/revisions\/3740"}],"wp:featuredmedia":[{"embeddable":true,"href":"https:\/\/challengeseconomiques.com\/index.php?rest_route=\/wp\/v2\/media\/3742"}],"wp:attachment":[{"href":"https:\/\/challengeseconomiques.com\/index.php?rest_route=%2Fwp%2Fv2%2Fmedia&parent=3737"}],"wp:term":[{"taxonomy":"category","embeddable":true,"href":"https:\/\/challengeseconomiques.com\/index.php?rest_route=%2Fwp%2Fv2%2Fcategories&post=3737"},{"taxonomy":"post_tag","embeddable":true,"href":"https:\/\/challengeseconomiques.com\/index.php?rest_route=%2Fwp%2Fv2%2Ftags&post=3737"}],"curies":[{"name":"wp","href":"https:\/\/api.w.org\/{rel}","templated":true}]}}