{"id":3654,"date":"2022-07-07T21:49:39","date_gmt":"2022-07-07T21:49:39","guid":{"rendered":"https:\/\/challengeseconomiques.com\/?p=3654"},"modified":"2022-07-07T21:50:00","modified_gmt":"2022-07-07T21:50:00","slug":"leuro-seffondre-de-nouveau-face-au-dollar-americain-et-entraine-dans-sa-chute-le-franc-cfa","status":"publish","type":"post","link":"https:\/\/challengeseconomiques.com\/?p=3654","title":{"rendered":"L&rsquo;euro s&rsquo;effondre de nouveau face au dollar am\u00e9ricain et entra\u00eene dans sa chute le franc CFA"},"content":{"rendered":"<p class=\"textearticle texte\"><strong> La stabilit\u00e9 qui est souvent avanc\u00e9e pour justifier la parit\u00e9 fixe entre l\u2019euro et le FCFA semble aujourd\u2019hui voler en \u00e9clats. La monnaie europ\u00e9enne ne semble plus pouvoir se prot\u00e9ger elle-m\u00eame face au dollar am\u00e9ricain, et entra\u00eene celle de la CEMAC et de l\u2019UEMOA dans sa tourmente.<\/strong><\/p>\n<p class=\"textearticle texte\">Mardi 5 juillet, l&rsquo;euro, la monnaie commune \u00e0 19 pays europ\u00e9ens, a recul\u00e9 de 1,5% face au dollar am\u00e9ricain, atteignant son niveau le plus bas depuis pr\u00e8s de 20 ans, a pu constater l&rsquo;<em>Agence Ecofin<\/em>. Les raisons de cette nouvelle baisse divergent, car il n\u2019est pas toujours \u00e9vident d&rsquo;expliquer des mouvements brusques de march\u00e9 sur une p\u00e9riode courte.<\/p>\n<p class=\"textearticle texte\">Les analyses constantes semblent indiquer que les agents \u00e9conomiques craignent que la zone euro ne soit en r\u00e9cession. Mais un fait constant qu&rsquo;on peut relever, c&rsquo;est que l&rsquo;inflation a atteint \u00e0 fin juin, le niveau de 8,6%, principalement tir\u00e9e par les prix de l&rsquo;\u00e9nergie dont les factures au niveau mondial se payent principalement en dollar US. Cette hausse g\u00e9n\u00e9ralis\u00e9e des prix sur le march\u00e9 mondial profite \u00e0 la monnaie am\u00e9ricaine qui est tr\u00e8s sollicit\u00e9e et sa valeur augmente.<\/p>\n<p class=\"textearticle texte\">La situation actuelle a pouss\u00e9 la Banque centrale europ\u00e9enne (BCE) \u00e0 envisager de relever ses taux pour la premi\u00e8re fois depuis 11 ans, lors de sa r\u00e9union du jeudi 21 juillet&nbsp; prochain. Les investisseurs sont insatisfaits de l&rsquo;annonce faite par Christine Lagarde, pr\u00e9sidente de la BCE, d&rsquo;une hausse de 0,25%, et privil\u00e9gient ainsi le dollar qui est plus rentable.<\/p>\n<p class=\"textearticle texte\"><strong>Des implications \u00e0 anticiper pour le FCFA<\/strong><\/p>\n<p class=\"textearticle texte\">Alors que les pays de l&rsquo;UEMOA et de la CEMAC n\u2019exercent aucune influence sur les d\u00e9cisions de politique mon\u00e9taire europ\u00e9enne, les variations de l&rsquo;euro les impactent en raison de la parit\u00e9 fixe qui existe entre le franc CFA et la monnaie europ\u00e9enne. Ce mercredi 6 juillet, la devise africaine \u00e9tait en baisse de 10% depuis le d\u00e9but de l&rsquo;ann\u00e9e, et se n\u00e9gociait \u00e0 <a href=\"https:\/\/www.xe.com\/currencycharts\/?from=USD&amp;to=XOF&amp;view=10Y\">640,1 FCFA pour 1$<\/a>, selon des informations de la plateforme Xe.com. C&rsquo;est son niveau le plus faible depuis plus de 20 ans.<\/p>\n<p class=\"textearticle texte\">Aucune banque centrale ou minist\u00e8re des Finances des deux sous-r\u00e9gions ne pr\u00e9voyait un tel sc\u00e9nario. Les gains et les pertes devront \u00eatre scrupuleusement analys\u00e9s, alors que dans l&rsquo;ensemble des pays, on se pr\u00e9pare d\u00e9j\u00e0 aux budgets de l&rsquo;ann\u00e9e 2023.<\/p>\n<p class=\"textearticle texte\">Pour les pays exportateurs de mati\u00e8res premi\u00e8res comme le p\u00e9trole, l&rsquo;or, le gaz, le cacao, le coton, l&rsquo;opportunit\u00e9 est r\u00e9elle d&rsquo;accro\u00eetre les revenus d&rsquo;exportation.<\/p>\n<p class=\"textearticle texte\">Aussi, pour les pays de la zone UEMOA dont la Banque centrale (BCEAO) a r\u00e9cup\u00e9r\u00e9 les r\u00e9serves de change et les a plac\u00e9es majoritairement sur des actifs en dollars US, c&rsquo;est aussi une bonne opportunit\u00e9 de g\u00e9n\u00e9rer des plus-values. Mais les deux sous-r\u00e9gions sont aussi importatrices de biens et services, et la zone euro, en proie \u00e0 l&rsquo;inflation, est un partenaire cl\u00e9.<\/p>\n<p class=\"textearticle texte\">La difficult\u00e9 est de savoir jusqu&rsquo;\u00e0 quand cette situation va durer. Si la crise en Ukraine et les ruptures sur la cha\u00eene d&rsquo;approvisionnement mondiale sont \u00e9voqu\u00e9es comme principales raisons, il est \u00e0 noter que la chute de l&rsquo;euro a d\u00e9but\u00e9 depuis le 1er janvier 2021. Une fois de plus, ce sont les sentiments de march\u00e9 qui ont fait la diff\u00e9rence. Les banques centrales am\u00e9ricaine et europ\u00e9enne ont mis en \u0153uvre des politiques mon\u00e9taires accommodantes face \u00e0 la crise de 2008 et celle de la covid-19.<\/p>\n<p class=\"textearticle texte\">Mais alors que la FED a commenc\u00e9 \u00e0 donner des signaux d&rsquo;une suspension de son programme, les Europ\u00e9ens quant \u00e0 eux ont essay\u00e9 de trouver des mesures d&rsquo;adaptation pour soutenir la dette de certains pays comme la France ou l&rsquo;Italie, et surtout, pour permettre une relance post-covid vigoureuse et constante. Cette strat\u00e9gie ne semble pas avoir eu que des implications positives. Les agents \u00e9conomiques de la CEMAC et de l&rsquo;UEMOA doivent d\u00e9sormais subir les effets de ces choix, sans que leurs avis, et surtout leurs int\u00e9r\u00eats, ne puissent compter dans la recherche des solutions aux d\u00e9fis actuels.<\/p>\n<p><strong>(Agence Ecofin) <\/strong><\/p>\n","protected":false},"excerpt":{"rendered":"<p>La stabilit\u00e9 qui est souvent avanc\u00e9e pour justifier la parit\u00e9 fixe entre l\u2019euro et le FCFA semble aujourd\u2019hui voler en \u00e9clats. La monnaie europ\u00e9enne ne&#8230;<\/p>\n","protected":false},"author":1,"featured_media":3655,"comment_status":"closed","ping_status":"open","sticky":false,"template":"","format":"standard","meta":{"_jetpack_memberships_contains_paid_content":false,"footnotes":""},"categories":[8,10],"tags":[],"class_list":["post-3654","post","type-post","status-publish","format-standard","has-post-thumbnail","hentry","category-actualite-economique","category-infos-eco","wpcat-8-id","wpcat-10-id"],"yoast_head":"<!-- This site is optimized with the Yoast SEO plugin v27.1.1 - https:\/\/yoast.com\/product\/yoast-seo-wordpress\/ -->\n<title>L&#039;euro s&#039;effondre de nouveau face au dollar am\u00e9ricain et entra\u00eene dans sa chute le franc CFA - challenges economiques<\/title>\n<meta name=\"robots\" content=\"index, follow, max-snippet:-1, max-image-preview:large, max-video-preview:-1\" \/>\n<link rel=\"canonical\" href=\"https:\/\/challengeseconomiques.com\/?p=3654\" \/>\n<meta property=\"og:locale\" content=\"fr_FR\" \/>\n<meta property=\"og:type\" content=\"article\" \/>\n<meta property=\"og:title\" content=\"L&#039;euro s&#039;effondre de nouveau face au dollar am\u00e9ricain et entra\u00eene dans sa chute le franc CFA - challenges economiques\" \/>\n<meta property=\"og:description\" content=\"La stabilit\u00e9 qui est souvent avanc\u00e9e pour justifier la parit\u00e9 fixe entre l\u2019euro et le FCFA semble aujourd\u2019hui voler en \u00e9clats. La monnaie europ\u00e9enne ne...\" \/>\n<meta property=\"og:url\" content=\"https:\/\/challengeseconomiques.com\/?p=3654\" \/>\n<meta property=\"og:site_name\" content=\"challenges economiques\" \/>\n<meta property=\"article:published_time\" content=\"2022-07-07T21:49:39+00:00\" \/>\n<meta property=\"article:modified_time\" content=\"2022-07-07T21:50:00+00:00\" \/>\n<meta property=\"og:image\" content=\"https:\/\/challengeseconomiques.com\/wp-content\/uploads\/2022\/07\/euro-et-dollars-14582045.jpg\" \/>\n\t<meta property=\"og:image:width\" content=\"800\" \/>\n\t<meta property=\"og:image:height\" content=\"533\" \/>\n\t<meta property=\"og:image:type\" content=\"image\/jpeg\" \/>\n<meta name=\"author\" content=\"admin\" \/>\n<meta name=\"twitter:card\" content=\"summary_large_image\" \/>\n<meta name=\"twitter:label1\" content=\"\u00c9crit par\" \/>\n\t<meta name=\"twitter:data1\" content=\"admin\" \/>\n\t<meta name=\"twitter:label2\" content=\"Dur\u00e9e de lecture estim\u00e9e\" \/>\n\t<meta name=\"twitter:data2\" content=\"4 minutes\" \/>\n<script type=\"application\/ld+json\" class=\"yoast-schema-graph\">{\"@context\":\"https:\/\/schema.org\",\"@graph\":[{\"@type\":\"Article\",\"@id\":\"https:\/\/challengeseconomiques.com\/?p=3654#article\",\"isPartOf\":{\"@id\":\"https:\/\/challengeseconomiques.com\/?p=3654\"},\"author\":{\"name\":\"admin\",\"@id\":\"https:\/\/challengeseconomiques.com\/#\/schema\/person\/b4568c9afebc5a9238a771873801e349\"},\"headline\":\"L&rsquo;euro s&rsquo;effondre de nouveau face au dollar am\u00e9ricain et entra\u00eene dans sa chute le franc CFA\",\"datePublished\":\"2022-07-07T21:49:39+00:00\",\"dateModified\":\"2022-07-07T21:50:00+00:00\",\"mainEntityOfPage\":{\"@id\":\"https:\/\/challengeseconomiques.com\/?p=3654\"},\"wordCount\":733,\"image\":{\"@id\":\"https:\/\/challengeseconomiques.com\/?p=3654#primaryimage\"},\"thumbnailUrl\":\"https:\/\/challengeseconomiques.com\/wp-content\/uploads\/2022\/07\/euro-et-dollars-14582045.jpg\",\"articleSection\":[\"Actualit\u00e9 \u00e9conomique\",\"Infos \u00e9co\"],\"inLanguage\":\"fr-FR\"},{\"@type\":\"WebPage\",\"@id\":\"https:\/\/challengeseconomiques.com\/?p=3654\",\"url\":\"https:\/\/challengeseconomiques.com\/?p=3654\",\"name\":\"L'euro s'effondre de nouveau face au dollar am\u00e9ricain et entra\u00eene dans sa chute le franc CFA - challenges economiques\",\"isPartOf\":{\"@id\":\"https:\/\/challengeseconomiques.com\/#website\"},\"primaryImageOfPage\":{\"@id\":\"https:\/\/challengeseconomiques.com\/?p=3654#primaryimage\"},\"image\":{\"@id\":\"https:\/\/challengeseconomiques.com\/?p=3654#primaryimage\"},\"thumbnailUrl\":\"https:\/\/challengeseconomiques.com\/wp-content\/uploads\/2022\/07\/euro-et-dollars-14582045.jpg\",\"datePublished\":\"2022-07-07T21:49:39+00:00\",\"dateModified\":\"2022-07-07T21:50:00+00:00\",\"author\":{\"@id\":\"https:\/\/challengeseconomiques.com\/#\/schema\/person\/b4568c9afebc5a9238a771873801e349\"},\"breadcrumb\":{\"@id\":\"https:\/\/challengeseconomiques.com\/?p=3654#breadcrumb\"},\"inLanguage\":\"fr-FR\",\"potentialAction\":[{\"@type\":\"ReadAction\",\"target\":[\"https:\/\/challengeseconomiques.com\/?p=3654\"]}]},{\"@type\":\"ImageObject\",\"inLanguage\":\"fr-FR\",\"@id\":\"https:\/\/challengeseconomiques.com\/?p=3654#primaryimage\",\"url\":\"https:\/\/challengeseconomiques.com\/wp-content\/uploads\/2022\/07\/euro-et-dollars-14582045.jpg\",\"contentUrl\":\"https:\/\/challengeseconomiques.com\/wp-content\/uploads\/2022\/07\/euro-et-dollars-14582045.jpg\",\"width\":800,\"height\":533},{\"@type\":\"BreadcrumbList\",\"@id\":\"https:\/\/challengeseconomiques.com\/?p=3654#breadcrumb\",\"itemListElement\":[{\"@type\":\"ListItem\",\"position\":1,\"name\":\"Home\",\"item\":\"https:\/\/challengeseconomiques.com\/\"},{\"@type\":\"ListItem\",\"position\":2,\"name\":\"L&rsquo;euro s&rsquo;effondre de nouveau face au dollar am\u00e9ricain et entra\u00eene dans sa chute le franc CFA\"}]},{\"@type\":\"WebSite\",\"@id\":\"https:\/\/challengeseconomiques.com\/#website\",\"url\":\"https:\/\/challengeseconomiques.com\/\",\"name\":\"challenges economiques\",\"description\":\"\",\"potentialAction\":[{\"@type\":\"SearchAction\",\"target\":{\"@type\":\"EntryPoint\",\"urlTemplate\":\"https:\/\/challengeseconomiques.com\/?s={search_term_string}\"},\"query-input\":{\"@type\":\"PropertyValueSpecification\",\"valueRequired\":true,\"valueName\":\"search_term_string\"}}],\"inLanguage\":\"fr-FR\"},{\"@type\":\"Person\",\"@id\":\"https:\/\/challengeseconomiques.com\/#\/schema\/person\/b4568c9afebc5a9238a771873801e349\",\"name\":\"admin\",\"image\":{\"@type\":\"ImageObject\",\"inLanguage\":\"fr-FR\",\"@id\":\"https:\/\/challengeseconomiques.com\/#\/schema\/person\/image\/\",\"url\":\"https:\/\/secure.gravatar.com\/avatar\/099e42240b5eea11acdb72751fcce0dd918603f0749d24974b7984ea47ed9fd9?s=96&d=mm&r=g\",\"contentUrl\":\"https:\/\/secure.gravatar.com\/avatar\/099e42240b5eea11acdb72751fcce0dd918603f0749d24974b7984ea47ed9fd9?s=96&d=mm&r=g\",\"caption\":\"admin\"},\"sameAs\":[\"https:\/\/challengeseconomiques.com\"],\"url\":\"https:\/\/challengeseconomiques.com\/?author=1\"}]}<\/script>\n<!-- \/ Yoast SEO plugin. -->","yoast_head_json":{"title":"L'euro s'effondre de nouveau face au dollar am\u00e9ricain et entra\u00eene dans sa chute le franc CFA - challenges economiques","robots":{"index":"index","follow":"follow","max-snippet":"max-snippet:-1","max-image-preview":"max-image-preview:large","max-video-preview":"max-video-preview:-1"},"canonical":"https:\/\/challengeseconomiques.com\/?p=3654","og_locale":"fr_FR","og_type":"article","og_title":"L'euro s'effondre de nouveau face au dollar am\u00e9ricain et entra\u00eene dans sa chute le franc CFA - challenges economiques","og_description":"La stabilit\u00e9 qui est souvent avanc\u00e9e pour justifier la parit\u00e9 fixe entre l\u2019euro et le FCFA semble aujourd\u2019hui voler en \u00e9clats. La monnaie europ\u00e9enne ne...","og_url":"https:\/\/challengeseconomiques.com\/?p=3654","og_site_name":"challenges economiques","article_published_time":"2022-07-07T21:49:39+00:00","article_modified_time":"2022-07-07T21:50:00+00:00","og_image":[{"width":800,"height":533,"url":"https:\/\/challengeseconomiques.com\/wp-content\/uploads\/2022\/07\/euro-et-dollars-14582045.jpg","type":"image\/jpeg"}],"author":"admin","twitter_card":"summary_large_image","twitter_misc":{"\u00c9crit par":"admin","Dur\u00e9e de lecture estim\u00e9e":"4 minutes"},"schema":{"@context":"https:\/\/schema.org","@graph":[{"@type":"Article","@id":"https:\/\/challengeseconomiques.com\/?p=3654#article","isPartOf":{"@id":"https:\/\/challengeseconomiques.com\/?p=3654"},"author":{"name":"admin","@id":"https:\/\/challengeseconomiques.com\/#\/schema\/person\/b4568c9afebc5a9238a771873801e349"},"headline":"L&rsquo;euro s&rsquo;effondre de nouveau face au dollar am\u00e9ricain et entra\u00eene dans sa chute le franc CFA","datePublished":"2022-07-07T21:49:39+00:00","dateModified":"2022-07-07T21:50:00+00:00","mainEntityOfPage":{"@id":"https:\/\/challengeseconomiques.com\/?p=3654"},"wordCount":733,"image":{"@id":"https:\/\/challengeseconomiques.com\/?p=3654#primaryimage"},"thumbnailUrl":"https:\/\/challengeseconomiques.com\/wp-content\/uploads\/2022\/07\/euro-et-dollars-14582045.jpg","articleSection":["Actualit\u00e9 \u00e9conomique","Infos \u00e9co"],"inLanguage":"fr-FR"},{"@type":"WebPage","@id":"https:\/\/challengeseconomiques.com\/?p=3654","url":"https:\/\/challengeseconomiques.com\/?p=3654","name":"L'euro s'effondre de nouveau face au dollar am\u00e9ricain et entra\u00eene dans sa chute le franc CFA - challenges economiques","isPartOf":{"@id":"https:\/\/challengeseconomiques.com\/#website"},"primaryImageOfPage":{"@id":"https:\/\/challengeseconomiques.com\/?p=3654#primaryimage"},"image":{"@id":"https:\/\/challengeseconomiques.com\/?p=3654#primaryimage"},"thumbnailUrl":"https:\/\/challengeseconomiques.com\/wp-content\/uploads\/2022\/07\/euro-et-dollars-14582045.jpg","datePublished":"2022-07-07T21:49:39+00:00","dateModified":"2022-07-07T21:50:00+00:00","author":{"@id":"https:\/\/challengeseconomiques.com\/#\/schema\/person\/b4568c9afebc5a9238a771873801e349"},"breadcrumb":{"@id":"https:\/\/challengeseconomiques.com\/?p=3654#breadcrumb"},"inLanguage":"fr-FR","potentialAction":[{"@type":"ReadAction","target":["https:\/\/challengeseconomiques.com\/?p=3654"]}]},{"@type":"ImageObject","inLanguage":"fr-FR","@id":"https:\/\/challengeseconomiques.com\/?p=3654#primaryimage","url":"https:\/\/challengeseconomiques.com\/wp-content\/uploads\/2022\/07\/euro-et-dollars-14582045.jpg","contentUrl":"https:\/\/challengeseconomiques.com\/wp-content\/uploads\/2022\/07\/euro-et-dollars-14582045.jpg","width":800,"height":533},{"@type":"BreadcrumbList","@id":"https:\/\/challengeseconomiques.com\/?p=3654#breadcrumb","itemListElement":[{"@type":"ListItem","position":1,"name":"Home","item":"https:\/\/challengeseconomiques.com\/"},{"@type":"ListItem","position":2,"name":"L&rsquo;euro s&rsquo;effondre de nouveau face au dollar am\u00e9ricain et entra\u00eene dans sa chute le franc CFA"}]},{"@type":"WebSite","@id":"https:\/\/challengeseconomiques.com\/#website","url":"https:\/\/challengeseconomiques.com\/","name":"challenges economiques","description":"","potentialAction":[{"@type":"SearchAction","target":{"@type":"EntryPoint","urlTemplate":"https:\/\/challengeseconomiques.com\/?s={search_term_string}"},"query-input":{"@type":"PropertyValueSpecification","valueRequired":true,"valueName":"search_term_string"}}],"inLanguage":"fr-FR"},{"@type":"Person","@id":"https:\/\/challengeseconomiques.com\/#\/schema\/person\/b4568c9afebc5a9238a771873801e349","name":"admin","image":{"@type":"ImageObject","inLanguage":"fr-FR","@id":"https:\/\/challengeseconomiques.com\/#\/schema\/person\/image\/","url":"https:\/\/secure.gravatar.com\/avatar\/099e42240b5eea11acdb72751fcce0dd918603f0749d24974b7984ea47ed9fd9?s=96&d=mm&r=g","contentUrl":"https:\/\/secure.gravatar.com\/avatar\/099e42240b5eea11acdb72751fcce0dd918603f0749d24974b7984ea47ed9fd9?s=96&d=mm&r=g","caption":"admin"},"sameAs":["https:\/\/challengeseconomiques.com"],"url":"https:\/\/challengeseconomiques.com\/?author=1"}]}},"jetpack_featured_media_url":"https:\/\/challengeseconomiques.com\/wp-content\/uploads\/2022\/07\/euro-et-dollars-14582045.jpg","jetpack_sharing_enabled":true,"_links":{"self":[{"href":"https:\/\/challengeseconomiques.com\/index.php?rest_route=\/wp\/v2\/posts\/3654","targetHints":{"allow":["GET"]}}],"collection":[{"href":"https:\/\/challengeseconomiques.com\/index.php?rest_route=\/wp\/v2\/posts"}],"about":[{"href":"https:\/\/challengeseconomiques.com\/index.php?rest_route=\/wp\/v2\/types\/post"}],"author":[{"embeddable":true,"href":"https:\/\/challengeseconomiques.com\/index.php?rest_route=\/wp\/v2\/users\/1"}],"replies":[{"embeddable":true,"href":"https:\/\/challengeseconomiques.com\/index.php?rest_route=%2Fwp%2Fv2%2Fcomments&post=3654"}],"version-history":[{"count":2,"href":"https:\/\/challengeseconomiques.com\/index.php?rest_route=\/wp\/v2\/posts\/3654\/revisions"}],"predecessor-version":[{"id":3657,"href":"https:\/\/challengeseconomiques.com\/index.php?rest_route=\/wp\/v2\/posts\/3654\/revisions\/3657"}],"wp:featuredmedia":[{"embeddable":true,"href":"https:\/\/challengeseconomiques.com\/index.php?rest_route=\/wp\/v2\/media\/3655"}],"wp:attachment":[{"href":"https:\/\/challengeseconomiques.com\/index.php?rest_route=%2Fwp%2Fv2%2Fmedia&parent=3654"}],"wp:term":[{"taxonomy":"category","embeddable":true,"href":"https:\/\/challengeseconomiques.com\/index.php?rest_route=%2Fwp%2Fv2%2Fcategories&post=3654"},{"taxonomy":"post_tag","embeddable":true,"href":"https:\/\/challengeseconomiques.com\/index.php?rest_route=%2Fwp%2Fv2%2Ftags&post=3654"}],"curies":[{"name":"wp","href":"https:\/\/api.w.org\/{rel}","templated":true}]}}