{"id":3650,"date":"2022-07-07T21:36:24","date_gmt":"2022-07-07T21:36:24","guid":{"rendered":"https:\/\/challengeseconomiques.com\/?p=3650"},"modified":"2022-07-07T21:36:56","modified_gmt":"2022-07-07T21:36:56","slug":"76eme-reunion-de-lassociation-des-banques-de-lafrique-de-louest-cap-sur-lharmonisation-des-systemes-bancaires-de-la-cedeao","status":"publish","type":"post","link":"https:\/\/challengeseconomiques.com\/?p=3650","title":{"rendered":"76\u00e8me r\u00e9union de l\u2019Association des Banques de l\u2019Afrique de l\u2019Ouest Cap sur l\u2019harmonisation des syst\u00e8mes bancaires de la CEDEAO"},"content":{"rendered":"<p><strong>Les membres et autres professionnels de l\u2019Association des Banques de l\u2019Afrique de l\u2019Ouest (ABAO), r\u00e9unis \u00e0 Dakar,&nbsp; la Capitale s\u00e9n\u00e9galaise les 7 et 8 juillet, entendent \u00e9changer sur les enjeux des syst\u00e8mes de la Communaut\u00e9 Economique des Etats de l\u2019Afrique de l\u2019Ouest (CEDEAO). Selon Thierno Seydou Nourou Sy, pr\u00e9sident de l\u2019ABAO et Dg de la BNDE, au chapitre des priorit\u00e9s, il s\u2019agira de mettre diligenter l\u2019harmonisation des syst\u00e8mes bancaires de la CEDEAO, la mise en place l\u2019institut bancaire de l\u2019Afrique de l\u2019Ouest et la base de donn\u00e9es des risques &nbsp;bancaires de l\u2019Afrique de l\u2019Ouest.<\/strong><\/p>\n<p>\u00ab&nbsp;Une grande journ\u00e9e pour l\u2019ABAO&nbsp;\u00bb. C\u2019est en ces mots, que le pr\u00e9sident de ladite institution sous-r\u00e9gionale bancaire a camp\u00e9 son adresse lors de la 76<sup>\u00e8me<\/sup> r\u00e9union ordinaire du Conseil Ex\u00e9cutif et de l\u2019Assembl\u00e9e g\u00e9n\u00e9rale. Selon Thierno&nbsp; Seydou Nourou Sy, l\u2019ABAO jour un r\u00f4le \u00e0 la fois professionnel et politique. &nbsp;Dans le d\u00e9tail, il indique que en tant organisation professionnelle, l\u2019ABAO est charg\u00e9e d\u2019assurer la promotion de ses membres, de d\u00e9fendre leurs int\u00e9r\u00eats et de faire valoir leurs points de vue o\u00f9 besoin en est. En outre, le DG de la BNDE ajoute que l\u2019ABAO, en tant que membre du \u2018\u2019groupe secteur priv\u00e9 de la CEDEAO\u2019\u2019, reste un organe \u00e0 travers lequel la Commission des Etats de la CEDEAO traitent avec le syst\u00e8me bancaire et financier de la zone.<\/p>\n<p>Ainsi, pour Thierno Seydou Nourou Sy dans les projets majeurs de l\u2019ABAO, figurent en bonne place l\u2019Institut bancaire de l\u2019Afrique de l\u2019Ouest, la base de donn\u00e9es des Risques bancaires&nbsp; de la CEDEAO et l\u2019harmonisation des r\u00e8gles et pratiques bancaires et financi\u00e8res de la CEDEAO entre autres. Il estime que l\u2019ABAO se trouve \u00e0 un tournant crucial de son \u00e9volution et doit asseoir et consolider sa gouvernance pour renforcer la confiance de ses membres actuels et futurs. A cet effet, le pr\u00e9sident de l\u2019ABAO est d\u2019avis que cette \u00e9volution pour \u00eatre \u00ab&nbsp;marquante&nbsp;\u00bb, doit n\u00e9cessairement passer par le retour en son sein de toutes les banques commerciales et \u00e9tablissements financiers de l\u2019Uemoa. Thierno Nourou Sy poursuit pour dire que le caract\u00e8re sous-r\u00e9gional, voire continental des enjeux des syst\u00e8mes bancaires et financiers, oblige toutes les banques de la CEDEAO \u00e0 se regrouper au sein de l\u2019ABAO. Sur cet objectif affich\u00e9, il compte sur les soutiens de Patrice Talon, pr\u00e9sident de la Conf\u00e9rence des Chefs d\u2019Etats et de Gouvernements de l\u2019Uemoa, Abdoulaye Diop, pr\u00e9sident de la Commission de l\u2019Uemoa et Bocar Sy, futur pr\u00e9sident de la F\u00e9d\u00e9ration des Associations des Banques et Etablissements financiers de l\u2019Uemoa.<\/p>\n<p>Par ailleurs, le DG de la BNDE d\u00e9clare que l\u2019ABAO vitrine de l\u2019\u00e9conomie et du secteur bancaire, doit \u00eatre \u00e0 l\u2019avant-garde sur certaines questions. Il s\u2019agit des \u00e9volutions r\u00e9glementaires des normes de B\u00e2le 2 et 3 devant \u00eatre adapt\u00e9es au contexte de l\u2019Afrique et la finance durable entre autres.<\/p>\n<p><strong>Acc\u00e9l\u00e9rer la collaboration entre Etats et Banques centrales<\/strong><\/p>\n<p>Pour sa part, le repr\u00e9sentant du ministre des Finances et du Budget, Ange C. Mancabou, &nbsp;Coordonnateur de la Direction g\u00e9n\u00e9rale du Secteur financier et de la Comp\u00e9titivit\u00e9 &nbsp;(DGSFC), met l\u2019accent sur l\u2019acc\u00e9l\u00e9ration de la collaboration entre les Etats, les banques centrales et les bourses de valeurs entre autres. D\u2019apr\u00e8s lui, il s\u2019agira de r\u00e9ussir l\u2019\u00e9mergence d\u2019un espace \u00e9conomique&nbsp; fortement int\u00e9gr\u00e9 dans un environnement macro\u00e9conomique viable et un syst\u00e8me bancaire et financier performant.<\/p>\n<p><strong>Moustapha DIA<\/strong><\/p>\n","protected":false},"excerpt":{"rendered":"<p>Les membres et autres professionnels de l\u2019Association des Banques de l\u2019Afrique de l\u2019Ouest (ABAO), r\u00e9unis \u00e0 Dakar,&nbsp; la Capitale s\u00e9n\u00e9galaise les 7 et 8 juillet,&#8230;<\/p>\n","protected":false},"author":1,"featured_media":3651,"comment_status":"closed","ping_status":"open","sticky":false,"template":"","format":"standard","meta":{"_jetpack_memberships_contains_paid_content":false,"footnotes":""},"categories":[23,10],"tags":[],"class_list":["post-3650","post","type-post","status-publish","format-standard","has-post-thumbnail","hentry","category-a-la-une","category-infos-eco","wpcat-23-id","wpcat-10-id"],"yoast_head":"<!-- This site is optimized with the Yoast SEO plugin v27.1.1 - https:\/\/yoast.com\/product\/yoast-seo-wordpress\/ -->\n<title>76\u00e8me r\u00e9union de l\u2019Association des Banques de l\u2019Afrique de l\u2019Ouest Cap sur l\u2019harmonisation des syst\u00e8mes bancaires de la CEDEAO - challenges economiques<\/title>\n<meta name=\"robots\" content=\"index, follow, max-snippet:-1, max-image-preview:large, max-video-preview:-1\" \/>\n<link rel=\"canonical\" href=\"https:\/\/challengeseconomiques.com\/?p=3650\" \/>\n<meta property=\"og:locale\" content=\"fr_FR\" \/>\n<meta property=\"og:type\" content=\"article\" \/>\n<meta property=\"og:title\" content=\"76\u00e8me r\u00e9union de l\u2019Association des Banques de l\u2019Afrique de l\u2019Ouest Cap sur l\u2019harmonisation des syst\u00e8mes bancaires de la CEDEAO - challenges economiques\" \/>\n<meta property=\"og:description\" content=\"Les membres et autres professionnels de l\u2019Association des Banques de l\u2019Afrique de l\u2019Ouest (ABAO), r\u00e9unis \u00e0 Dakar,&nbsp; la Capitale s\u00e9n\u00e9galaise les 7 et 8 juillet,...\" \/>\n<meta property=\"og:url\" content=\"https:\/\/challengeseconomiques.com\/?p=3650\" \/>\n<meta property=\"og:site_name\" content=\"challenges economiques\" \/>\n<meta property=\"article:published_time\" content=\"2022-07-07T21:36:24+00:00\" \/>\n<meta property=\"article:modified_time\" content=\"2022-07-07T21:36:56+00:00\" \/>\n<meta property=\"og:image\" content=\"https:\/\/challengeseconomiques.com\/wp-content\/uploads\/2022\/07\/abao2.jpg\" \/>\n\t<meta property=\"og:image:width\" content=\"512\" \/>\n\t<meta property=\"og:image:height\" content=\"341\" \/>\n\t<meta property=\"og:image:type\" content=\"image\/jpeg\" \/>\n<meta name=\"author\" content=\"admin\" \/>\n<meta name=\"twitter:card\" content=\"summary_large_image\" \/>\n<meta name=\"twitter:label1\" content=\"\u00c9crit par\" \/>\n\t<meta name=\"twitter:data1\" content=\"admin\" \/>\n\t<meta name=\"twitter:label2\" content=\"Dur\u00e9e de lecture estim\u00e9e\" \/>\n\t<meta name=\"twitter:data2\" content=\"3 minutes\" \/>\n<script type=\"application\/ld+json\" class=\"yoast-schema-graph\">{\"@context\":\"https:\/\/schema.org\",\"@graph\":[{\"@type\":\"Article\",\"@id\":\"https:\/\/challengeseconomiques.com\/?p=3650#article\",\"isPartOf\":{\"@id\":\"https:\/\/challengeseconomiques.com\/?p=3650\"},\"author\":{\"name\":\"admin\",\"@id\":\"https:\/\/challengeseconomiques.com\/#\/schema\/person\/b4568c9afebc5a9238a771873801e349\"},\"headline\":\"76\u00e8me r\u00e9union de l\u2019Association des Banques de l\u2019Afrique de l\u2019Ouest Cap sur l\u2019harmonisation des syst\u00e8mes bancaires de la CEDEAO\",\"datePublished\":\"2022-07-07T21:36:24+00:00\",\"dateModified\":\"2022-07-07T21:36:56+00:00\",\"mainEntityOfPage\":{\"@id\":\"https:\/\/challengeseconomiques.com\/?p=3650\"},\"wordCount\":671,\"image\":{\"@id\":\"https:\/\/challengeseconomiques.com\/?p=3650#primaryimage\"},\"thumbnailUrl\":\"https:\/\/challengeseconomiques.com\/wp-content\/uploads\/2022\/07\/abao2.jpg\",\"articleSection\":[\"A la une\",\"Infos \u00e9co\"],\"inLanguage\":\"fr-FR\"},{\"@type\":\"WebPage\",\"@id\":\"https:\/\/challengeseconomiques.com\/?p=3650\",\"url\":\"https:\/\/challengeseconomiques.com\/?p=3650\",\"name\":\"76\u00e8me r\u00e9union de l\u2019Association des Banques de l\u2019Afrique de l\u2019Ouest Cap sur l\u2019harmonisation des syst\u00e8mes bancaires de la CEDEAO - challenges economiques\",\"isPartOf\":{\"@id\":\"https:\/\/challengeseconomiques.com\/#website\"},\"primaryImageOfPage\":{\"@id\":\"https:\/\/challengeseconomiques.com\/?p=3650#primaryimage\"},\"image\":{\"@id\":\"https:\/\/challengeseconomiques.com\/?p=3650#primaryimage\"},\"thumbnailUrl\":\"https:\/\/challengeseconomiques.com\/wp-content\/uploads\/2022\/07\/abao2.jpg\",\"datePublished\":\"2022-07-07T21:36:24+00:00\",\"dateModified\":\"2022-07-07T21:36:56+00:00\",\"author\":{\"@id\":\"https:\/\/challengeseconomiques.com\/#\/schema\/person\/b4568c9afebc5a9238a771873801e349\"},\"breadcrumb\":{\"@id\":\"https:\/\/challengeseconomiques.com\/?p=3650#breadcrumb\"},\"inLanguage\":\"fr-FR\",\"potentialAction\":[{\"@type\":\"ReadAction\",\"target\":[\"https:\/\/challengeseconomiques.com\/?p=3650\"]}]},{\"@type\":\"ImageObject\",\"inLanguage\":\"fr-FR\",\"@id\":\"https:\/\/challengeseconomiques.com\/?p=3650#primaryimage\",\"url\":\"https:\/\/challengeseconomiques.com\/wp-content\/uploads\/2022\/07\/abao2.jpg\",\"contentUrl\":\"https:\/\/challengeseconomiques.com\/wp-content\/uploads\/2022\/07\/abao2.jpg\",\"width\":512,\"height\":341},{\"@type\":\"BreadcrumbList\",\"@id\":\"https:\/\/challengeseconomiques.com\/?p=3650#breadcrumb\",\"itemListElement\":[{\"@type\":\"ListItem\",\"position\":1,\"name\":\"Home\",\"item\":\"https:\/\/challengeseconomiques.com\/\"},{\"@type\":\"ListItem\",\"position\":2,\"name\":\"76\u00e8me r\u00e9union de l\u2019Association des Banques de l\u2019Afrique de l\u2019Ouest Cap sur l\u2019harmonisation des syst\u00e8mes bancaires de la CEDEAO\"}]},{\"@type\":\"WebSite\",\"@id\":\"https:\/\/challengeseconomiques.com\/#website\",\"url\":\"https:\/\/challengeseconomiques.com\/\",\"name\":\"challenges economiques\",\"description\":\"\",\"potentialAction\":[{\"@type\":\"SearchAction\",\"target\":{\"@type\":\"EntryPoint\",\"urlTemplate\":\"https:\/\/challengeseconomiques.com\/?s={search_term_string}\"},\"query-input\":{\"@type\":\"PropertyValueSpecification\",\"valueRequired\":true,\"valueName\":\"search_term_string\"}}],\"inLanguage\":\"fr-FR\"},{\"@type\":\"Person\",\"@id\":\"https:\/\/challengeseconomiques.com\/#\/schema\/person\/b4568c9afebc5a9238a771873801e349\",\"name\":\"admin\",\"image\":{\"@type\":\"ImageObject\",\"inLanguage\":\"fr-FR\",\"@id\":\"https:\/\/challengeseconomiques.com\/#\/schema\/person\/image\/\",\"url\":\"https:\/\/secure.gravatar.com\/avatar\/099e42240b5eea11acdb72751fcce0dd918603f0749d24974b7984ea47ed9fd9?s=96&d=mm&r=g\",\"contentUrl\":\"https:\/\/secure.gravatar.com\/avatar\/099e42240b5eea11acdb72751fcce0dd918603f0749d24974b7984ea47ed9fd9?s=96&d=mm&r=g\",\"caption\":\"admin\"},\"sameAs\":[\"https:\/\/challengeseconomiques.com\"],\"url\":\"https:\/\/challengeseconomiques.com\/?author=1\"}]}<\/script>\n<!-- \/ Yoast SEO plugin. -->","yoast_head_json":{"title":"76\u00e8me r\u00e9union de l\u2019Association des Banques de l\u2019Afrique de l\u2019Ouest Cap sur l\u2019harmonisation des syst\u00e8mes bancaires de la CEDEAO - challenges economiques","robots":{"index":"index","follow":"follow","max-snippet":"max-snippet:-1","max-image-preview":"max-image-preview:large","max-video-preview":"max-video-preview:-1"},"canonical":"https:\/\/challengeseconomiques.com\/?p=3650","og_locale":"fr_FR","og_type":"article","og_title":"76\u00e8me r\u00e9union de l\u2019Association des Banques de l\u2019Afrique de l\u2019Ouest Cap sur l\u2019harmonisation des syst\u00e8mes bancaires de la CEDEAO - challenges economiques","og_description":"Les membres et autres professionnels de l\u2019Association des Banques de l\u2019Afrique de l\u2019Ouest (ABAO), r\u00e9unis \u00e0 Dakar,&nbsp; la Capitale s\u00e9n\u00e9galaise les 7 et 8 juillet,...","og_url":"https:\/\/challengeseconomiques.com\/?p=3650","og_site_name":"challenges economiques","article_published_time":"2022-07-07T21:36:24+00:00","article_modified_time":"2022-07-07T21:36:56+00:00","og_image":[{"width":512,"height":341,"url":"https:\/\/challengeseconomiques.com\/wp-content\/uploads\/2022\/07\/abao2.jpg","type":"image\/jpeg"}],"author":"admin","twitter_card":"summary_large_image","twitter_misc":{"\u00c9crit par":"admin","Dur\u00e9e de lecture estim\u00e9e":"3 minutes"},"schema":{"@context":"https:\/\/schema.org","@graph":[{"@type":"Article","@id":"https:\/\/challengeseconomiques.com\/?p=3650#article","isPartOf":{"@id":"https:\/\/challengeseconomiques.com\/?p=3650"},"author":{"name":"admin","@id":"https:\/\/challengeseconomiques.com\/#\/schema\/person\/b4568c9afebc5a9238a771873801e349"},"headline":"76\u00e8me r\u00e9union de l\u2019Association des Banques de l\u2019Afrique de l\u2019Ouest Cap sur l\u2019harmonisation des syst\u00e8mes bancaires de la CEDEAO","datePublished":"2022-07-07T21:36:24+00:00","dateModified":"2022-07-07T21:36:56+00:00","mainEntityOfPage":{"@id":"https:\/\/challengeseconomiques.com\/?p=3650"},"wordCount":671,"image":{"@id":"https:\/\/challengeseconomiques.com\/?p=3650#primaryimage"},"thumbnailUrl":"https:\/\/challengeseconomiques.com\/wp-content\/uploads\/2022\/07\/abao2.jpg","articleSection":["A la une","Infos \u00e9co"],"inLanguage":"fr-FR"},{"@type":"WebPage","@id":"https:\/\/challengeseconomiques.com\/?p=3650","url":"https:\/\/challengeseconomiques.com\/?p=3650","name":"76\u00e8me r\u00e9union de l\u2019Association des Banques de l\u2019Afrique de l\u2019Ouest Cap sur l\u2019harmonisation des syst\u00e8mes bancaires de la CEDEAO - challenges economiques","isPartOf":{"@id":"https:\/\/challengeseconomiques.com\/#website"},"primaryImageOfPage":{"@id":"https:\/\/challengeseconomiques.com\/?p=3650#primaryimage"},"image":{"@id":"https:\/\/challengeseconomiques.com\/?p=3650#primaryimage"},"thumbnailUrl":"https:\/\/challengeseconomiques.com\/wp-content\/uploads\/2022\/07\/abao2.jpg","datePublished":"2022-07-07T21:36:24+00:00","dateModified":"2022-07-07T21:36:56+00:00","author":{"@id":"https:\/\/challengeseconomiques.com\/#\/schema\/person\/b4568c9afebc5a9238a771873801e349"},"breadcrumb":{"@id":"https:\/\/challengeseconomiques.com\/?p=3650#breadcrumb"},"inLanguage":"fr-FR","potentialAction":[{"@type":"ReadAction","target":["https:\/\/challengeseconomiques.com\/?p=3650"]}]},{"@type":"ImageObject","inLanguage":"fr-FR","@id":"https:\/\/challengeseconomiques.com\/?p=3650#primaryimage","url":"https:\/\/challengeseconomiques.com\/wp-content\/uploads\/2022\/07\/abao2.jpg","contentUrl":"https:\/\/challengeseconomiques.com\/wp-content\/uploads\/2022\/07\/abao2.jpg","width":512,"height":341},{"@type":"BreadcrumbList","@id":"https:\/\/challengeseconomiques.com\/?p=3650#breadcrumb","itemListElement":[{"@type":"ListItem","position":1,"name":"Home","item":"https:\/\/challengeseconomiques.com\/"},{"@type":"ListItem","position":2,"name":"76\u00e8me r\u00e9union de l\u2019Association des Banques de l\u2019Afrique de l\u2019Ouest Cap sur l\u2019harmonisation des syst\u00e8mes bancaires de la CEDEAO"}]},{"@type":"WebSite","@id":"https:\/\/challengeseconomiques.com\/#website","url":"https:\/\/challengeseconomiques.com\/","name":"challenges economiques","description":"","potentialAction":[{"@type":"SearchAction","target":{"@type":"EntryPoint","urlTemplate":"https:\/\/challengeseconomiques.com\/?s={search_term_string}"},"query-input":{"@type":"PropertyValueSpecification","valueRequired":true,"valueName":"search_term_string"}}],"inLanguage":"fr-FR"},{"@type":"Person","@id":"https:\/\/challengeseconomiques.com\/#\/schema\/person\/b4568c9afebc5a9238a771873801e349","name":"admin","image":{"@type":"ImageObject","inLanguage":"fr-FR","@id":"https:\/\/challengeseconomiques.com\/#\/schema\/person\/image\/","url":"https:\/\/secure.gravatar.com\/avatar\/099e42240b5eea11acdb72751fcce0dd918603f0749d24974b7984ea47ed9fd9?s=96&d=mm&r=g","contentUrl":"https:\/\/secure.gravatar.com\/avatar\/099e42240b5eea11acdb72751fcce0dd918603f0749d24974b7984ea47ed9fd9?s=96&d=mm&r=g","caption":"admin"},"sameAs":["https:\/\/challengeseconomiques.com"],"url":"https:\/\/challengeseconomiques.com\/?author=1"}]}},"jetpack_featured_media_url":"https:\/\/challengeseconomiques.com\/wp-content\/uploads\/2022\/07\/abao2.jpg","jetpack_sharing_enabled":true,"_links":{"self":[{"href":"https:\/\/challengeseconomiques.com\/index.php?rest_route=\/wp\/v2\/posts\/3650","targetHints":{"allow":["GET"]}}],"collection":[{"href":"https:\/\/challengeseconomiques.com\/index.php?rest_route=\/wp\/v2\/posts"}],"about":[{"href":"https:\/\/challengeseconomiques.com\/index.php?rest_route=\/wp\/v2\/types\/post"}],"author":[{"embeddable":true,"href":"https:\/\/challengeseconomiques.com\/index.php?rest_route=\/wp\/v2\/users\/1"}],"replies":[{"embeddable":true,"href":"https:\/\/challengeseconomiques.com\/index.php?rest_route=%2Fwp%2Fv2%2Fcomments&post=3650"}],"version-history":[{"count":2,"href":"https:\/\/challengeseconomiques.com\/index.php?rest_route=\/wp\/v2\/posts\/3650\/revisions"}],"predecessor-version":[{"id":3653,"href":"https:\/\/challengeseconomiques.com\/index.php?rest_route=\/wp\/v2\/posts\/3650\/revisions\/3653"}],"wp:featuredmedia":[{"embeddable":true,"href":"https:\/\/challengeseconomiques.com\/index.php?rest_route=\/wp\/v2\/media\/3651"}],"wp:attachment":[{"href":"https:\/\/challengeseconomiques.com\/index.php?rest_route=%2Fwp%2Fv2%2Fmedia&parent=3650"}],"wp:term":[{"taxonomy":"category","embeddable":true,"href":"https:\/\/challengeseconomiques.com\/index.php?rest_route=%2Fwp%2Fv2%2Fcategories&post=3650"},{"taxonomy":"post_tag","embeddable":true,"href":"https:\/\/challengeseconomiques.com\/index.php?rest_route=%2Fwp%2Fv2%2Ftags&post=3650"}],"curies":[{"name":"wp","href":"https:\/\/api.w.org\/{rel}","templated":true}]}}