{"id":3645,"date":"2022-07-06T15:32:08","date_gmt":"2022-07-06T15:32:08","guid":{"rendered":"https:\/\/challengeseconomiques.com\/?p=3645"},"modified":"2022-07-06T15:32:39","modified_gmt":"2022-07-06T15:32:39","slug":"partenariat-wave-sa-et-ifc-une-enveloppe-de-90-millions-deuros-dediee-a-linclusion-financiere","status":"publish","type":"post","link":"https:\/\/challengeseconomiques.com\/?p=3645","title":{"rendered":"Partenariat Wave SA et IFC : Une enveloppe de 90 millions d\u2019euros d\u00e9di\u00e9e \u00e0 l\u2019inclusion financi\u00e8re"},"content":{"rendered":"<p><strong>Coura Tine S\u00e9ne, Directrice r\u00e9gionale de Wave<\/strong><\/p>\n<p><strong>C\u2019est le S\u00e9n\u00e9gal et la C\u00f4te d\u2019Ivoire qui seront les deux pays b\u00e9n\u00e9ficiaires d\u2019une telle enveloppe enti\u00e8rement destin\u00e9e \u00e0 renforcer l\u2019inclusion financi\u00e8re et soutenir la croissance \u00e9conomique, informe un communiqu\u00e9.<\/strong><\/p>\n<p>C\u2019est ce 6 juillet que le partenariat entre IFC ou la Soci\u00e9t\u00e9 Financi\u00e8re Internationale (SFI), filiale du groupe de la Banque Mondiale (BM) et Wave SA a \u00e9t\u00e9 scell\u00e9. Ainsi, dans un communiqu\u00e9, il est &nbsp;&nbsp;annonc\u00e9 que la SFI a consenti &nbsp;un investissement dans Wave Mobile Money S.A. (S\u00e9n\u00e9gal) et Wave C\u00f4te d&rsquo;Ivoire S.A., deux fournisseurs majeurs de services de mobile money dans leur march\u00e9 respectif, qui contribuent \u00e0 faire baisser les prix de ces services en Afrique de l\u2019Ouest. Mieux, il est d\u00e9crit que le financement, accord\u00e9&nbsp; par IFC et d&rsquo;autres investisseurs, aidera Wave \u00e0 d\u00e9velopper ses activit\u00e9s en C\u00f4te d&rsquo;Ivoire et au S\u00e9n\u00e9gal et \u00e0 \u00e9largir son offre de produits ainsi que sa client\u00e8le.<\/p>\n<p>Dans les d\u00e9tails, le communiqu\u00e9 souligne que le partenariat entre IFC et Wave permettra de r\u00e9pondre \u00e0 la forte croissance de la demande en mati\u00e8re de paiements num\u00e9riques et de services de mobile money en Afrique de l&rsquo;Ouest, une tendance qui a \u00e9t\u00e9 renforc\u00e9e par la pand\u00e9mie de COVID-19. En effet, il a \u00e9t\u00e9 not\u00e9 que &nbsp;l&rsquo;acc\u00e8s aux services financiers num\u00e9riques reste cependant limit\u00e9 dans la r\u00e9gion, avec seulement 24 % de comptes de mobile money actifs, contre 34 % en Afrique de l&rsquo;Est en 2020. &nbsp;Selon le communiqu\u00e9 Wave S\u00e9n\u00e9gal compte \u00e0 ce jour plus de 6 millions d\u2019utilisateurs actifs et la fintech offre \u00e9galement des services de paiements de factures, de paiements marchands et plus r\u00e9cemment les transferts bank-to-wallet. &nbsp;Dans le m\u00eame sillage, Wave C\u00f4te d\u2019Ivoire qui op\u00e8re dans le deuxi\u00e8me plus grand march\u00e9 pour la fintech propose d\u00e9sormais les paiements de factures et les transferts d\u2019argent internationaux en plus des paiements de personne \u00e0 personne, renseigne le communiqu\u00e9.<\/p>\n<p><strong>Wave SA r\u00e9solument engag\u00e9e dans l\u2019inclusion financi\u00e8re<\/strong><\/p>\n<p>D\u2019apr\u00e8s Coura S\u00e8ne, directrice r\u00e9gionale de Wave Mobile Money pour la zone couvrant l&rsquo;Union \u00e9conomique et mon\u00e9taire ouest-africaine (UEMOA), \u00ab&nbsp;la vision de Wave, qui consiste \u00e0 faire de l\u2019Afrique le premier continent \u2018cashless\u2019, en proposant des solutions abordables et orient\u00e9es vers les utilisateurs, correspond aux ambitions d\u2019IFC en mati\u00e8re d\u2019inclusion financi\u00e8re universelle&nbsp;\u00bb, cite le communiqu\u00e9. Selon Coura S\u00e8ne, \u00ab&nbsp;cet investissement d\u2019IFC et d\u2019autres partenaires va nous aider \u00e0 offrir une vari\u00e9t\u00e9 de produits financiers, ce qui encouragera les utilisateurs \u00e0 rester dans le secteur financier formel et favorisera l\u2019inclusion financi\u00e8re dans la r\u00e9gion.<\/p>\n<p>Pour sa part, Aliou Ma\u00efga, directeur r\u00e9gional d&rsquo;IFC pour l&rsquo;Afrique de l\u2019Ouest et centrale, soutient que \u00ab cet investissement dans Wave va non seulement promouvoir un secteur financier plus inclusif, mais il va aussi grandement contribuer \u00e0 favoriser l\u2019essor des solutions num\u00e9riques en Afrique de l&rsquo;Ouest \u00bb. Il pr\u00e9cise en outre, que \u00ab Favoriser l\u2019acc\u00e8s aux services financiers pour les populations \u00e0 faible revenu non bancaris\u00e9es&nbsp; est une priorit\u00e9 pour IFC&nbsp;\u00bb.<\/p>\n<p>Il est \u00e0 rappeler que le mod\u00e8le radicalement abordable de Wave, qui ne facture que 1% pour les transferts et permet aux clients de faire des d\u00e9p\u00f4ts et des retraits d\u2019esp\u00e8ces sans frais, a d\u00e9j\u00e0 profit\u00e9 aux march\u00e9s de plusieurs pays de l\u2019UEMOA, mentionne le communiqu\u00e9.<\/p>\n<p>&nbsp;<\/p>\n<p><strong>Moustapha DIA<\/strong><\/p>\n<p>&nbsp;<\/p>\n","protected":false},"excerpt":{"rendered":"<p>Coura Tine S\u00e9ne, Directrice r\u00e9gionale de Wave C\u2019est le S\u00e9n\u00e9gal et la C\u00f4te d\u2019Ivoire qui seront les deux pays b\u00e9n\u00e9ficiaires d\u2019une telle enveloppe enti\u00e8rement destin\u00e9e&#8230;<\/p>\n","protected":false},"author":1,"featured_media":3603,"comment_status":"closed","ping_status":"open","sticky":false,"template":"","format":"standard","meta":{"_jetpack_memberships_contains_paid_content":false,"footnotes":""},"categories":[23,10],"tags":[],"class_list":["post-3645","post","type-post","status-publish","format-standard","has-post-thumbnail","hentry","category-a-la-une","category-infos-eco","wpcat-23-id","wpcat-10-id"],"yoast_head":"<!-- This site is optimized with the Yoast SEO plugin v27.1.1 - https:\/\/yoast.com\/product\/yoast-seo-wordpress\/ -->\n<title>Partenariat Wave SA et IFC : Une enveloppe de 90 millions d\u2019euros d\u00e9di\u00e9e \u00e0 l\u2019inclusion financi\u00e8re - challenges economiques<\/title>\n<meta name=\"robots\" content=\"index, follow, max-snippet:-1, max-image-preview:large, max-video-preview:-1\" \/>\n<link rel=\"canonical\" href=\"https:\/\/challengeseconomiques.com\/?p=3645\" \/>\n<meta property=\"og:locale\" content=\"fr_FR\" \/>\n<meta property=\"og:type\" content=\"article\" \/>\n<meta property=\"og:title\" content=\"Partenariat Wave SA et IFC : Une enveloppe de 90 millions d\u2019euros d\u00e9di\u00e9e \u00e0 l\u2019inclusion financi\u00e8re - challenges economiques\" \/>\n<meta property=\"og:description\" content=\"Coura Tine S\u00e9ne, Directrice r\u00e9gionale de Wave C\u2019est le S\u00e9n\u00e9gal et la C\u00f4te d\u2019Ivoire qui seront les deux pays b\u00e9n\u00e9ficiaires d\u2019une telle enveloppe enti\u00e8rement destin\u00e9e...\" \/>\n<meta property=\"og:url\" content=\"https:\/\/challengeseconomiques.com\/?p=3645\" \/>\n<meta property=\"og:site_name\" content=\"challenges economiques\" \/>\n<meta property=\"article:published_time\" content=\"2022-07-06T15:32:08+00:00\" \/>\n<meta property=\"article:modified_time\" content=\"2022-07-06T15:32:39+00:00\" \/>\n<meta property=\"og:image\" content=\"https:\/\/challengeseconomiques.com\/wp-content\/uploads\/2022\/06\/coura-tine.jpeg\" \/>\n\t<meta property=\"og:image:width\" content=\"1080\" \/>\n\t<meta property=\"og:image:height\" content=\"720\" \/>\n\t<meta property=\"og:image:type\" content=\"image\/jpeg\" \/>\n<meta name=\"author\" content=\"admin\" \/>\n<meta name=\"twitter:card\" content=\"summary_large_image\" \/>\n<meta name=\"twitter:label1\" content=\"\u00c9crit par\" \/>\n\t<meta name=\"twitter:data1\" content=\"admin\" \/>\n\t<meta name=\"twitter:label2\" content=\"Dur\u00e9e de lecture estim\u00e9e\" \/>\n\t<meta name=\"twitter:data2\" content=\"3 minutes\" \/>\n<script type=\"application\/ld+json\" class=\"yoast-schema-graph\">{\"@context\":\"https:\/\/schema.org\",\"@graph\":[{\"@type\":\"Article\",\"@id\":\"https:\/\/challengeseconomiques.com\/?p=3645#article\",\"isPartOf\":{\"@id\":\"https:\/\/challengeseconomiques.com\/?p=3645\"},\"author\":{\"name\":\"admin\",\"@id\":\"https:\/\/challengeseconomiques.com\/#\/schema\/person\/b4568c9afebc5a9238a771873801e349\"},\"headline\":\"Partenariat Wave SA et IFC : Une enveloppe de 90 millions d\u2019euros d\u00e9di\u00e9e \u00e0 l\u2019inclusion financi\u00e8re\",\"datePublished\":\"2022-07-06T15:32:08+00:00\",\"dateModified\":\"2022-07-06T15:32:39+00:00\",\"mainEntityOfPage\":{\"@id\":\"https:\/\/challengeseconomiques.com\/?p=3645\"},\"wordCount\":640,\"image\":{\"@id\":\"https:\/\/challengeseconomiques.com\/?p=3645#primaryimage\"},\"thumbnailUrl\":\"https:\/\/challengeseconomiques.com\/wp-content\/uploads\/2022\/06\/coura-tine.jpeg\",\"articleSection\":[\"A la une\",\"Infos \u00e9co\"],\"inLanguage\":\"fr-FR\"},{\"@type\":\"WebPage\",\"@id\":\"https:\/\/challengeseconomiques.com\/?p=3645\",\"url\":\"https:\/\/challengeseconomiques.com\/?p=3645\",\"name\":\"Partenariat Wave SA et IFC : Une enveloppe de 90 millions d\u2019euros d\u00e9di\u00e9e \u00e0 l\u2019inclusion financi\u00e8re - challenges economiques\",\"isPartOf\":{\"@id\":\"https:\/\/challengeseconomiques.com\/#website\"},\"primaryImageOfPage\":{\"@id\":\"https:\/\/challengeseconomiques.com\/?p=3645#primaryimage\"},\"image\":{\"@id\":\"https:\/\/challengeseconomiques.com\/?p=3645#primaryimage\"},\"thumbnailUrl\":\"https:\/\/challengeseconomiques.com\/wp-content\/uploads\/2022\/06\/coura-tine.jpeg\",\"datePublished\":\"2022-07-06T15:32:08+00:00\",\"dateModified\":\"2022-07-06T15:32:39+00:00\",\"author\":{\"@id\":\"https:\/\/challengeseconomiques.com\/#\/schema\/person\/b4568c9afebc5a9238a771873801e349\"},\"breadcrumb\":{\"@id\":\"https:\/\/challengeseconomiques.com\/?p=3645#breadcrumb\"},\"inLanguage\":\"fr-FR\",\"potentialAction\":[{\"@type\":\"ReadAction\",\"target\":[\"https:\/\/challengeseconomiques.com\/?p=3645\"]}]},{\"@type\":\"ImageObject\",\"inLanguage\":\"fr-FR\",\"@id\":\"https:\/\/challengeseconomiques.com\/?p=3645#primaryimage\",\"url\":\"https:\/\/challengeseconomiques.com\/wp-content\/uploads\/2022\/06\/coura-tine.jpeg\",\"contentUrl\":\"https:\/\/challengeseconomiques.com\/wp-content\/uploads\/2022\/06\/coura-tine.jpeg\",\"width\":1080,\"height\":720},{\"@type\":\"BreadcrumbList\",\"@id\":\"https:\/\/challengeseconomiques.com\/?p=3645#breadcrumb\",\"itemListElement\":[{\"@type\":\"ListItem\",\"position\":1,\"name\":\"Home\",\"item\":\"https:\/\/challengeseconomiques.com\/\"},{\"@type\":\"ListItem\",\"position\":2,\"name\":\"Partenariat Wave SA et IFC : Une enveloppe de 90 millions d\u2019euros d\u00e9di\u00e9e \u00e0 l\u2019inclusion financi\u00e8re\"}]},{\"@type\":\"WebSite\",\"@id\":\"https:\/\/challengeseconomiques.com\/#website\",\"url\":\"https:\/\/challengeseconomiques.com\/\",\"name\":\"challenges economiques\",\"description\":\"\",\"potentialAction\":[{\"@type\":\"SearchAction\",\"target\":{\"@type\":\"EntryPoint\",\"urlTemplate\":\"https:\/\/challengeseconomiques.com\/?s={search_term_string}\"},\"query-input\":{\"@type\":\"PropertyValueSpecification\",\"valueRequired\":true,\"valueName\":\"search_term_string\"}}],\"inLanguage\":\"fr-FR\"},{\"@type\":\"Person\",\"@id\":\"https:\/\/challengeseconomiques.com\/#\/schema\/person\/b4568c9afebc5a9238a771873801e349\",\"name\":\"admin\",\"image\":{\"@type\":\"ImageObject\",\"inLanguage\":\"fr-FR\",\"@id\":\"https:\/\/challengeseconomiques.com\/#\/schema\/person\/image\/\",\"url\":\"https:\/\/secure.gravatar.com\/avatar\/099e42240b5eea11acdb72751fcce0dd918603f0749d24974b7984ea47ed9fd9?s=96&d=mm&r=g\",\"contentUrl\":\"https:\/\/secure.gravatar.com\/avatar\/099e42240b5eea11acdb72751fcce0dd918603f0749d24974b7984ea47ed9fd9?s=96&d=mm&r=g\",\"caption\":\"admin\"},\"sameAs\":[\"https:\/\/challengeseconomiques.com\"],\"url\":\"https:\/\/challengeseconomiques.com\/?author=1\"}]}<\/script>\n<!-- \/ Yoast SEO plugin. -->","yoast_head_json":{"title":"Partenariat Wave SA et IFC : Une enveloppe de 90 millions d\u2019euros d\u00e9di\u00e9e \u00e0 l\u2019inclusion financi\u00e8re - challenges economiques","robots":{"index":"index","follow":"follow","max-snippet":"max-snippet:-1","max-image-preview":"max-image-preview:large","max-video-preview":"max-video-preview:-1"},"canonical":"https:\/\/challengeseconomiques.com\/?p=3645","og_locale":"fr_FR","og_type":"article","og_title":"Partenariat Wave SA et IFC : Une enveloppe de 90 millions d\u2019euros d\u00e9di\u00e9e \u00e0 l\u2019inclusion financi\u00e8re - challenges economiques","og_description":"Coura Tine S\u00e9ne, Directrice r\u00e9gionale de Wave C\u2019est le S\u00e9n\u00e9gal et la C\u00f4te d\u2019Ivoire qui seront les deux pays b\u00e9n\u00e9ficiaires d\u2019une telle enveloppe enti\u00e8rement destin\u00e9e...","og_url":"https:\/\/challengeseconomiques.com\/?p=3645","og_site_name":"challenges economiques","article_published_time":"2022-07-06T15:32:08+00:00","article_modified_time":"2022-07-06T15:32:39+00:00","og_image":[{"width":1080,"height":720,"url":"https:\/\/challengeseconomiques.com\/wp-content\/uploads\/2022\/06\/coura-tine.jpeg","type":"image\/jpeg"}],"author":"admin","twitter_card":"summary_large_image","twitter_misc":{"\u00c9crit par":"admin","Dur\u00e9e de lecture estim\u00e9e":"3 minutes"},"schema":{"@context":"https:\/\/schema.org","@graph":[{"@type":"Article","@id":"https:\/\/challengeseconomiques.com\/?p=3645#article","isPartOf":{"@id":"https:\/\/challengeseconomiques.com\/?p=3645"},"author":{"name":"admin","@id":"https:\/\/challengeseconomiques.com\/#\/schema\/person\/b4568c9afebc5a9238a771873801e349"},"headline":"Partenariat Wave SA et IFC : Une enveloppe de 90 millions d\u2019euros d\u00e9di\u00e9e \u00e0 l\u2019inclusion financi\u00e8re","datePublished":"2022-07-06T15:32:08+00:00","dateModified":"2022-07-06T15:32:39+00:00","mainEntityOfPage":{"@id":"https:\/\/challengeseconomiques.com\/?p=3645"},"wordCount":640,"image":{"@id":"https:\/\/challengeseconomiques.com\/?p=3645#primaryimage"},"thumbnailUrl":"https:\/\/challengeseconomiques.com\/wp-content\/uploads\/2022\/06\/coura-tine.jpeg","articleSection":["A la une","Infos \u00e9co"],"inLanguage":"fr-FR"},{"@type":"WebPage","@id":"https:\/\/challengeseconomiques.com\/?p=3645","url":"https:\/\/challengeseconomiques.com\/?p=3645","name":"Partenariat Wave SA et IFC : Une enveloppe de 90 millions d\u2019euros d\u00e9di\u00e9e \u00e0 l\u2019inclusion financi\u00e8re - challenges economiques","isPartOf":{"@id":"https:\/\/challengeseconomiques.com\/#website"},"primaryImageOfPage":{"@id":"https:\/\/challengeseconomiques.com\/?p=3645#primaryimage"},"image":{"@id":"https:\/\/challengeseconomiques.com\/?p=3645#primaryimage"},"thumbnailUrl":"https:\/\/challengeseconomiques.com\/wp-content\/uploads\/2022\/06\/coura-tine.jpeg","datePublished":"2022-07-06T15:32:08+00:00","dateModified":"2022-07-06T15:32:39+00:00","author":{"@id":"https:\/\/challengeseconomiques.com\/#\/schema\/person\/b4568c9afebc5a9238a771873801e349"},"breadcrumb":{"@id":"https:\/\/challengeseconomiques.com\/?p=3645#breadcrumb"},"inLanguage":"fr-FR","potentialAction":[{"@type":"ReadAction","target":["https:\/\/challengeseconomiques.com\/?p=3645"]}]},{"@type":"ImageObject","inLanguage":"fr-FR","@id":"https:\/\/challengeseconomiques.com\/?p=3645#primaryimage","url":"https:\/\/challengeseconomiques.com\/wp-content\/uploads\/2022\/06\/coura-tine.jpeg","contentUrl":"https:\/\/challengeseconomiques.com\/wp-content\/uploads\/2022\/06\/coura-tine.jpeg","width":1080,"height":720},{"@type":"BreadcrumbList","@id":"https:\/\/challengeseconomiques.com\/?p=3645#breadcrumb","itemListElement":[{"@type":"ListItem","position":1,"name":"Home","item":"https:\/\/challengeseconomiques.com\/"},{"@type":"ListItem","position":2,"name":"Partenariat Wave SA et IFC : Une enveloppe de 90 millions d\u2019euros d\u00e9di\u00e9e \u00e0 l\u2019inclusion financi\u00e8re"}]},{"@type":"WebSite","@id":"https:\/\/challengeseconomiques.com\/#website","url":"https:\/\/challengeseconomiques.com\/","name":"challenges economiques","description":"","potentialAction":[{"@type":"SearchAction","target":{"@type":"EntryPoint","urlTemplate":"https:\/\/challengeseconomiques.com\/?s={search_term_string}"},"query-input":{"@type":"PropertyValueSpecification","valueRequired":true,"valueName":"search_term_string"}}],"inLanguage":"fr-FR"},{"@type":"Person","@id":"https:\/\/challengeseconomiques.com\/#\/schema\/person\/b4568c9afebc5a9238a771873801e349","name":"admin","image":{"@type":"ImageObject","inLanguage":"fr-FR","@id":"https:\/\/challengeseconomiques.com\/#\/schema\/person\/image\/","url":"https:\/\/secure.gravatar.com\/avatar\/099e42240b5eea11acdb72751fcce0dd918603f0749d24974b7984ea47ed9fd9?s=96&d=mm&r=g","contentUrl":"https:\/\/secure.gravatar.com\/avatar\/099e42240b5eea11acdb72751fcce0dd918603f0749d24974b7984ea47ed9fd9?s=96&d=mm&r=g","caption":"admin"},"sameAs":["https:\/\/challengeseconomiques.com"],"url":"https:\/\/challengeseconomiques.com\/?author=1"}]}},"jetpack_featured_media_url":"https:\/\/challengeseconomiques.com\/wp-content\/uploads\/2022\/06\/coura-tine.jpeg","jetpack_sharing_enabled":true,"_links":{"self":[{"href":"https:\/\/challengeseconomiques.com\/index.php?rest_route=\/wp\/v2\/posts\/3645","targetHints":{"allow":["GET"]}}],"collection":[{"href":"https:\/\/challengeseconomiques.com\/index.php?rest_route=\/wp\/v2\/posts"}],"about":[{"href":"https:\/\/challengeseconomiques.com\/index.php?rest_route=\/wp\/v2\/types\/post"}],"author":[{"embeddable":true,"href":"https:\/\/challengeseconomiques.com\/index.php?rest_route=\/wp\/v2\/users\/1"}],"replies":[{"embeddable":true,"href":"https:\/\/challengeseconomiques.com\/index.php?rest_route=%2Fwp%2Fv2%2Fcomments&post=3645"}],"version-history":[{"count":3,"href":"https:\/\/challengeseconomiques.com\/index.php?rest_route=\/wp\/v2\/posts\/3645\/revisions"}],"predecessor-version":[{"id":3648,"href":"https:\/\/challengeseconomiques.com\/index.php?rest_route=\/wp\/v2\/posts\/3645\/revisions\/3648"}],"wp:featuredmedia":[{"embeddable":true,"href":"https:\/\/challengeseconomiques.com\/index.php?rest_route=\/wp\/v2\/media\/3603"}],"wp:attachment":[{"href":"https:\/\/challengeseconomiques.com\/index.php?rest_route=%2Fwp%2Fv2%2Fmedia&parent=3645"}],"wp:term":[{"taxonomy":"category","embeddable":true,"href":"https:\/\/challengeseconomiques.com\/index.php?rest_route=%2Fwp%2Fv2%2Fcategories&post=3645"},{"taxonomy":"post_tag","embeddable":true,"href":"https:\/\/challengeseconomiques.com\/index.php?rest_route=%2Fwp%2Fv2%2Ftags&post=3645"}],"curies":[{"name":"wp","href":"https:\/\/api.w.org\/{rel}","templated":true}]}}