{"id":3642,"date":"2022-07-06T10:54:00","date_gmt":"2022-07-06T10:54:00","guid":{"rendered":"https:\/\/challengeseconomiques.com\/?p=3642"},"modified":"2022-07-06T10:54:41","modified_gmt":"2022-07-06T10:54:41","slug":"wave-reduit-ses-effectifs-au-burkina-au-mali-et-en-ouganda","status":"publish","type":"post","link":"https:\/\/challengeseconomiques.com\/?p=3642","title":{"rendered":"Wave  r\u00e9duit ses effectifs au Burkina, au Mali et en Ouganda"},"content":{"rendered":"<p>Dans un communiqu\u00e9 de Wave qui nous est parvenu, l\u2019Etablissement \u00e9mettrice de monnaie \u00e9lectronique d\u00e9ment &nbsp;formellement une information selon laquelle, la fin Tech aurait proc\u00e9d\u00e9 \u00e0 la fermeture des soci\u00e9t\u00e9s Wave au Burkina, au Mali et en Ouganda. Wave affirme &nbsp;dans ce communiqu\u00e9 qu\u2019elle se r\u00e9serve le droit d\u2019engager des poursuites judiciaires \u00e0 l\u2019encontre des auteurs et complices des actes et des messages de nature \u00e0 porter atteinte \u00e0 son image, sa r\u00e9putation sur ces diff\u00e9rents march\u00e9s et \u00e0 sa cr\u00e9dibilit\u00e9.<\/p>\n<p>Toutefois dans le communiqu\u00e9 sign\u00e9 de la Direction r\u00e9gionale de Wave, l\u2019Etablissement \u00e9mettrice de monnaie \u00e9lectronique avoue avoir d\u00fb prendre dans les trois pays cit\u00e9s plus haut &nbsp;&nbsp;la d\u00e9cision \u00ab&nbsp;particuli\u00e8rement difficile&nbsp;\u00bb de r\u00e9duire ses effectifs. Ce qui, explique Wave,&nbsp; ne correspond aucunement \u00e0 une fermeture de ses filiales, tel que relat\u00e9 dans la presse en ligne.<\/p>\n<p>Wave r\u00e9it\u00e9r\u00e9 &nbsp;dans le m\u00eame communiqu\u00e9 son engagement \u00e0 continuer de servir les 10 millions d\u2019utilisateurs actifs qui lui font confiance au Mali, au Burkina Faso, en Ouganda, en C\u00f4te d\u2019Ivoire<br \/>\net au S\u00e9n\u00e9gal.<\/p>\n","protected":false},"excerpt":{"rendered":"<p>Dans un communiqu\u00e9 de Wave qui nous est parvenu, l\u2019Etablissement \u00e9mettrice de monnaie \u00e9lectronique d\u00e9ment &nbsp;formellement une information selon laquelle, la fin Tech aurait proc\u00e9d\u00e9&#8230;<\/p>\n","protected":false},"author":1,"featured_media":2645,"comment_status":"closed","ping_status":"open","sticky":false,"template":"","format":"standard","meta":{"_jetpack_memberships_contains_paid_content":false,"footnotes":""},"categories":[23,10],"tags":[],"class_list":["post-3642","post","type-post","status-publish","format-standard","has-post-thumbnail","hentry","category-a-la-une","category-infos-eco","wpcat-23-id","wpcat-10-id"],"yoast_head":"<!-- This site is optimized with the Yoast SEO plugin v27.1.1 - https:\/\/yoast.com\/product\/yoast-seo-wordpress\/ -->\n<title>Wave r\u00e9duit ses effectifs au Burkina, au Mali et en Ouganda - challenges economiques<\/title>\n<meta name=\"robots\" content=\"index, follow, max-snippet:-1, max-image-preview:large, max-video-preview:-1\" \/>\n<link rel=\"canonical\" href=\"https:\/\/challengeseconomiques.com\/?p=3642\" \/>\n<meta property=\"og:locale\" content=\"fr_FR\" \/>\n<meta property=\"og:type\" content=\"article\" \/>\n<meta property=\"og:title\" content=\"Wave r\u00e9duit ses effectifs au Burkina, au Mali et en Ouganda - challenges economiques\" \/>\n<meta property=\"og:description\" content=\"Dans un communiqu\u00e9 de Wave qui nous est parvenu, l\u2019Etablissement \u00e9mettrice de monnaie \u00e9lectronique d\u00e9ment &nbsp;formellement une information selon laquelle, la fin Tech aurait proc\u00e9d\u00e9...\" \/>\n<meta property=\"og:url\" content=\"https:\/\/challengeseconomiques.com\/?p=3642\" \/>\n<meta property=\"og:site_name\" content=\"challenges economiques\" \/>\n<meta property=\"article:published_time\" content=\"2022-07-06T10:54:00+00:00\" \/>\n<meta property=\"article:modified_time\" content=\"2022-07-06T10:54:41+00:00\" \/>\n<meta property=\"og:image\" content=\"https:\/\/challengeseconomiques.com\/wp-content\/uploads\/2022\/02\/wave.jpg\" \/>\n\t<meta property=\"og:image:width\" content=\"800\" \/>\n\t<meta property=\"og:image:height\" content=\"500\" \/>\n\t<meta property=\"og:image:type\" content=\"image\/jpeg\" \/>\n<meta name=\"author\" content=\"admin\" \/>\n<meta name=\"twitter:card\" content=\"summary_large_image\" \/>\n<meta name=\"twitter:label1\" content=\"\u00c9crit par\" \/>\n\t<meta name=\"twitter:data1\" content=\"admin\" \/>\n\t<meta name=\"twitter:label2\" content=\"Dur\u00e9e de lecture estim\u00e9e\" \/>\n\t<meta name=\"twitter:data2\" content=\"1 minute\" \/>\n<script type=\"application\/ld+json\" class=\"yoast-schema-graph\">{\"@context\":\"https:\/\/schema.org\",\"@graph\":[{\"@type\":\"Article\",\"@id\":\"https:\/\/challengeseconomiques.com\/?p=3642#article\",\"isPartOf\":{\"@id\":\"https:\/\/challengeseconomiques.com\/?p=3642\"},\"author\":{\"name\":\"admin\",\"@id\":\"https:\/\/challengeseconomiques.com\/#\/schema\/person\/b4568c9afebc5a9238a771873801e349\"},\"headline\":\"Wave r\u00e9duit ses effectifs au Burkina, au Mali et en Ouganda\",\"datePublished\":\"2022-07-06T10:54:00+00:00\",\"dateModified\":\"2022-07-06T10:54:41+00:00\",\"mainEntityOfPage\":{\"@id\":\"https:\/\/challengeseconomiques.com\/?p=3642\"},\"wordCount\":210,\"image\":{\"@id\":\"https:\/\/challengeseconomiques.com\/?p=3642#primaryimage\"},\"thumbnailUrl\":\"https:\/\/challengeseconomiques.com\/wp-content\/uploads\/2022\/02\/wave.jpg\",\"articleSection\":[\"A la une\",\"Infos \u00e9co\"],\"inLanguage\":\"fr-FR\"},{\"@type\":\"WebPage\",\"@id\":\"https:\/\/challengeseconomiques.com\/?p=3642\",\"url\":\"https:\/\/challengeseconomiques.com\/?p=3642\",\"name\":\"Wave r\u00e9duit ses effectifs au Burkina, au Mali et en Ouganda - challenges economiques\",\"isPartOf\":{\"@id\":\"https:\/\/challengeseconomiques.com\/#website\"},\"primaryImageOfPage\":{\"@id\":\"https:\/\/challengeseconomiques.com\/?p=3642#primaryimage\"},\"image\":{\"@id\":\"https:\/\/challengeseconomiques.com\/?p=3642#primaryimage\"},\"thumbnailUrl\":\"https:\/\/challengeseconomiques.com\/wp-content\/uploads\/2022\/02\/wave.jpg\",\"datePublished\":\"2022-07-06T10:54:00+00:00\",\"dateModified\":\"2022-07-06T10:54:41+00:00\",\"author\":{\"@id\":\"https:\/\/challengeseconomiques.com\/#\/schema\/person\/b4568c9afebc5a9238a771873801e349\"},\"breadcrumb\":{\"@id\":\"https:\/\/challengeseconomiques.com\/?p=3642#breadcrumb\"},\"inLanguage\":\"fr-FR\",\"potentialAction\":[{\"@type\":\"ReadAction\",\"target\":[\"https:\/\/challengeseconomiques.com\/?p=3642\"]}]},{\"@type\":\"ImageObject\",\"inLanguage\":\"fr-FR\",\"@id\":\"https:\/\/challengeseconomiques.com\/?p=3642#primaryimage\",\"url\":\"https:\/\/challengeseconomiques.com\/wp-content\/uploads\/2022\/02\/wave.jpg\",\"contentUrl\":\"https:\/\/challengeseconomiques.com\/wp-content\/uploads\/2022\/02\/wave.jpg\",\"width\":800,\"height\":500},{\"@type\":\"BreadcrumbList\",\"@id\":\"https:\/\/challengeseconomiques.com\/?p=3642#breadcrumb\",\"itemListElement\":[{\"@type\":\"ListItem\",\"position\":1,\"name\":\"Home\",\"item\":\"https:\/\/challengeseconomiques.com\/\"},{\"@type\":\"ListItem\",\"position\":2,\"name\":\"Wave r\u00e9duit ses effectifs au Burkina, au Mali et en Ouganda\"}]},{\"@type\":\"WebSite\",\"@id\":\"https:\/\/challengeseconomiques.com\/#website\",\"url\":\"https:\/\/challengeseconomiques.com\/\",\"name\":\"challenges economiques\",\"description\":\"\",\"potentialAction\":[{\"@type\":\"SearchAction\",\"target\":{\"@type\":\"EntryPoint\",\"urlTemplate\":\"https:\/\/challengeseconomiques.com\/?s={search_term_string}\"},\"query-input\":{\"@type\":\"PropertyValueSpecification\",\"valueRequired\":true,\"valueName\":\"search_term_string\"}}],\"inLanguage\":\"fr-FR\"},{\"@type\":\"Person\",\"@id\":\"https:\/\/challengeseconomiques.com\/#\/schema\/person\/b4568c9afebc5a9238a771873801e349\",\"name\":\"admin\",\"image\":{\"@type\":\"ImageObject\",\"inLanguage\":\"fr-FR\",\"@id\":\"https:\/\/challengeseconomiques.com\/#\/schema\/person\/image\/\",\"url\":\"https:\/\/secure.gravatar.com\/avatar\/099e42240b5eea11acdb72751fcce0dd918603f0749d24974b7984ea47ed9fd9?s=96&d=mm&r=g\",\"contentUrl\":\"https:\/\/secure.gravatar.com\/avatar\/099e42240b5eea11acdb72751fcce0dd918603f0749d24974b7984ea47ed9fd9?s=96&d=mm&r=g\",\"caption\":\"admin\"},\"sameAs\":[\"https:\/\/challengeseconomiques.com\"],\"url\":\"https:\/\/challengeseconomiques.com\/?author=1\"}]}<\/script>\n<!-- \/ Yoast SEO plugin. -->","yoast_head_json":{"title":"Wave r\u00e9duit ses effectifs au Burkina, au Mali et en Ouganda - challenges economiques","robots":{"index":"index","follow":"follow","max-snippet":"max-snippet:-1","max-image-preview":"max-image-preview:large","max-video-preview":"max-video-preview:-1"},"canonical":"https:\/\/challengeseconomiques.com\/?p=3642","og_locale":"fr_FR","og_type":"article","og_title":"Wave r\u00e9duit ses effectifs au Burkina, au Mali et en Ouganda - challenges economiques","og_description":"Dans un communiqu\u00e9 de Wave qui nous est parvenu, l\u2019Etablissement \u00e9mettrice de monnaie \u00e9lectronique d\u00e9ment &nbsp;formellement une information selon laquelle, la fin Tech aurait proc\u00e9d\u00e9...","og_url":"https:\/\/challengeseconomiques.com\/?p=3642","og_site_name":"challenges economiques","article_published_time":"2022-07-06T10:54:00+00:00","article_modified_time":"2022-07-06T10:54:41+00:00","og_image":[{"width":800,"height":500,"url":"https:\/\/challengeseconomiques.com\/wp-content\/uploads\/2022\/02\/wave.jpg","type":"image\/jpeg"}],"author":"admin","twitter_card":"summary_large_image","twitter_misc":{"\u00c9crit par":"admin","Dur\u00e9e de lecture estim\u00e9e":"1 minute"},"schema":{"@context":"https:\/\/schema.org","@graph":[{"@type":"Article","@id":"https:\/\/challengeseconomiques.com\/?p=3642#article","isPartOf":{"@id":"https:\/\/challengeseconomiques.com\/?p=3642"},"author":{"name":"admin","@id":"https:\/\/challengeseconomiques.com\/#\/schema\/person\/b4568c9afebc5a9238a771873801e349"},"headline":"Wave r\u00e9duit ses effectifs au Burkina, au Mali et en Ouganda","datePublished":"2022-07-06T10:54:00+00:00","dateModified":"2022-07-06T10:54:41+00:00","mainEntityOfPage":{"@id":"https:\/\/challengeseconomiques.com\/?p=3642"},"wordCount":210,"image":{"@id":"https:\/\/challengeseconomiques.com\/?p=3642#primaryimage"},"thumbnailUrl":"https:\/\/challengeseconomiques.com\/wp-content\/uploads\/2022\/02\/wave.jpg","articleSection":["A la une","Infos \u00e9co"],"inLanguage":"fr-FR"},{"@type":"WebPage","@id":"https:\/\/challengeseconomiques.com\/?p=3642","url":"https:\/\/challengeseconomiques.com\/?p=3642","name":"Wave r\u00e9duit ses effectifs au Burkina, au Mali et en Ouganda - challenges economiques","isPartOf":{"@id":"https:\/\/challengeseconomiques.com\/#website"},"primaryImageOfPage":{"@id":"https:\/\/challengeseconomiques.com\/?p=3642#primaryimage"},"image":{"@id":"https:\/\/challengeseconomiques.com\/?p=3642#primaryimage"},"thumbnailUrl":"https:\/\/challengeseconomiques.com\/wp-content\/uploads\/2022\/02\/wave.jpg","datePublished":"2022-07-06T10:54:00+00:00","dateModified":"2022-07-06T10:54:41+00:00","author":{"@id":"https:\/\/challengeseconomiques.com\/#\/schema\/person\/b4568c9afebc5a9238a771873801e349"},"breadcrumb":{"@id":"https:\/\/challengeseconomiques.com\/?p=3642#breadcrumb"},"inLanguage":"fr-FR","potentialAction":[{"@type":"ReadAction","target":["https:\/\/challengeseconomiques.com\/?p=3642"]}]},{"@type":"ImageObject","inLanguage":"fr-FR","@id":"https:\/\/challengeseconomiques.com\/?p=3642#primaryimage","url":"https:\/\/challengeseconomiques.com\/wp-content\/uploads\/2022\/02\/wave.jpg","contentUrl":"https:\/\/challengeseconomiques.com\/wp-content\/uploads\/2022\/02\/wave.jpg","width":800,"height":500},{"@type":"BreadcrumbList","@id":"https:\/\/challengeseconomiques.com\/?p=3642#breadcrumb","itemListElement":[{"@type":"ListItem","position":1,"name":"Home","item":"https:\/\/challengeseconomiques.com\/"},{"@type":"ListItem","position":2,"name":"Wave r\u00e9duit ses effectifs au Burkina, au Mali et en Ouganda"}]},{"@type":"WebSite","@id":"https:\/\/challengeseconomiques.com\/#website","url":"https:\/\/challengeseconomiques.com\/","name":"challenges economiques","description":"","potentialAction":[{"@type":"SearchAction","target":{"@type":"EntryPoint","urlTemplate":"https:\/\/challengeseconomiques.com\/?s={search_term_string}"},"query-input":{"@type":"PropertyValueSpecification","valueRequired":true,"valueName":"search_term_string"}}],"inLanguage":"fr-FR"},{"@type":"Person","@id":"https:\/\/challengeseconomiques.com\/#\/schema\/person\/b4568c9afebc5a9238a771873801e349","name":"admin","image":{"@type":"ImageObject","inLanguage":"fr-FR","@id":"https:\/\/challengeseconomiques.com\/#\/schema\/person\/image\/","url":"https:\/\/secure.gravatar.com\/avatar\/099e42240b5eea11acdb72751fcce0dd918603f0749d24974b7984ea47ed9fd9?s=96&d=mm&r=g","contentUrl":"https:\/\/secure.gravatar.com\/avatar\/099e42240b5eea11acdb72751fcce0dd918603f0749d24974b7984ea47ed9fd9?s=96&d=mm&r=g","caption":"admin"},"sameAs":["https:\/\/challengeseconomiques.com"],"url":"https:\/\/challengeseconomiques.com\/?author=1"}]}},"jetpack_featured_media_url":"https:\/\/challengeseconomiques.com\/wp-content\/uploads\/2022\/02\/wave.jpg","jetpack_sharing_enabled":true,"_links":{"self":[{"href":"https:\/\/challengeseconomiques.com\/index.php?rest_route=\/wp\/v2\/posts\/3642","targetHints":{"allow":["GET"]}}],"collection":[{"href":"https:\/\/challengeseconomiques.com\/index.php?rest_route=\/wp\/v2\/posts"}],"about":[{"href":"https:\/\/challengeseconomiques.com\/index.php?rest_route=\/wp\/v2\/types\/post"}],"author":[{"embeddable":true,"href":"https:\/\/challengeseconomiques.com\/index.php?rest_route=\/wp\/v2\/users\/1"}],"replies":[{"embeddable":true,"href":"https:\/\/challengeseconomiques.com\/index.php?rest_route=%2Fwp%2Fv2%2Fcomments&post=3642"}],"version-history":[{"count":2,"href":"https:\/\/challengeseconomiques.com\/index.php?rest_route=\/wp\/v2\/posts\/3642\/revisions"}],"predecessor-version":[{"id":3644,"href":"https:\/\/challengeseconomiques.com\/index.php?rest_route=\/wp\/v2\/posts\/3642\/revisions\/3644"}],"wp:featuredmedia":[{"embeddable":true,"href":"https:\/\/challengeseconomiques.com\/index.php?rest_route=\/wp\/v2\/media\/2645"}],"wp:attachment":[{"href":"https:\/\/challengeseconomiques.com\/index.php?rest_route=%2Fwp%2Fv2%2Fmedia&parent=3642"}],"wp:term":[{"taxonomy":"category","embeddable":true,"href":"https:\/\/challengeseconomiques.com\/index.php?rest_route=%2Fwp%2Fv2%2Fcategories&post=3642"},{"taxonomy":"post_tag","embeddable":true,"href":"https:\/\/challengeseconomiques.com\/index.php?rest_route=%2Fwp%2Fv2%2Ftags&post=3642"}],"curies":[{"name":"wp","href":"https:\/\/api.w.org\/{rel}","templated":true}]}}