{"id":3632,"date":"2022-07-05T10:44:09","date_gmt":"2022-07-05T10:44:09","guid":{"rendered":"https:\/\/challengeseconomiques.com\/?p=3632"},"modified":"2022-07-05T10:47:31","modified_gmt":"2022-07-05T10:47:31","slug":"sommet-de-lida-20-pour-les-pays-africains-dakar-va-abriter-ce-7-juillet-une-reunion-internationale","status":"publish","type":"post","link":"https:\/\/challengeseconomiques.com\/?p=3632","title":{"rendered":"Sommet de l\u2019IDA 20 pour les pays africains: Dakar va abriter ce 7 juillet une r\u00e9union internationale"},"content":{"rendered":"<p><strong>Le Groupe de la Banque mondiale (BM) par le biais de l\u2019Association internationale de d\u00e9veloppement (IDA-20), va organiser \u00e0 Dakar, la Capitale s\u00e9n\u00e9galaise, une r\u00e9union de haut niveau avec des dirigeants africains afin de mobiliser les pays d\u2019Afrique autour de la th\u00e9matique \u00ab&nbsp;<em>Mieux reconstruire apr\u00e8s la crise&nbsp;: pour un avenir vert, r\u00e9silient et inclusif<\/em><\/strong><strong>&nbsp;\u00bb.<\/strong><\/p>\n<p>Selon le communiqu\u00e9 de la BM, les chefs d\u2019\u00c9tat africains avaient d\u00e9j\u00e0 pleinement soutenu les priorit\u00e9s et l\u2019enveloppe financi\u00e8re d\u2019IDA-20, l\u2019ann\u00e9e derni\u00e8re, lors d\u2019un sommet similaire tenu \u00e0 Abidjan. Le cycle de l\u2019IDA-20 couvre la p\u00e9riode allant du 1er&nbsp;juillet 2022 au 30&nbsp;juin 2025. D\u2019apr\u00e8s la BM, l\u2019Afrique est la r\u00e9gion qui compte le plus de pays (39 sur 74) b\u00e9n\u00e9ficiaires de l\u2019IDA-20. En outre, elle indique les pays africains sont durement touch\u00e9s par des crises mondiales \u00e0 r\u00e9p\u00e9tition (changements climatiques, pand\u00e9mie de COVID-19, mont\u00e9e de l\u2019ins\u00e9curit\u00e9, et plus r\u00e9cemment la crise en Ukraine). Ainsi,&nbsp; le Groupe de la BM se tient pr\u00eat \u00e0 collaborer avec les gouvernements pour accompagner la mise en place de politiques visant \u00e0 mieux reconstruire et \u00e0 acc\u00e9l\u00e9rer le d\u00e9veloppement et la transformation \u00e9conomique du continent, informe le communiqu\u00e9.<\/p>\n<p>Par ailleurs, pour la rencontre de Dakar qui sera pr\u00e9sid\u00e9e par Son Excellence &nbsp;Macky Sall, pr\u00e9sident de la R\u00e9publique du S\u00e9n\u00e9gal, les dirigeants et responsables de la mise en \u0153uvre des projets seront invit\u00e9s \u00e0 exploiter pleinement le programme de l\u2019IDA-20, en s\u2019appuyant sur l\u2019expertise de la BM et de sa pr\u00e9sence dans les pays, dans le but d\u2019obtenir des r\u00e9sultats durables au b\u00e9n\u00e9fice des populations africaines, renseigne le communiqu\u00e9. Il s\u2019agira aussi pour les chefs d\u2019\u00c9tat &nbsp;de confirmer leur engagement en faveur d\u2019une reprise vigoureuse en Afrique et &nbsp;de s&rsquo;attacher \u00e0 cerner les projets prioritaires susceptibles d\u2019apporter une transformation et d\u2019assurer un \u00ab&nbsp;bond en avant&nbsp;\u00bb du continent avec l\u2019aide d\u00e9di\u00e9e de l\u2019IDA.<\/p>\n<p><strong>Moustapha DIA<\/strong><\/p>\n","protected":false},"excerpt":{"rendered":"<p>Le Groupe de la Banque mondiale (BM) par le biais de l\u2019Association internationale de d\u00e9veloppement (IDA-20), va organiser \u00e0 Dakar, la Capitale s\u00e9n\u00e9galaise, une r\u00e9union&#8230;<\/p>\n","protected":false},"author":1,"featured_media":3636,"comment_status":"closed","ping_status":"open","sticky":false,"template":"","format":"standard","meta":{"_jetpack_memberships_contains_paid_content":false,"footnotes":""},"categories":[23,10],"tags":[],"class_list":["post-3632","post","type-post","status-publish","format-standard","has-post-thumbnail","hentry","category-a-la-une","category-infos-eco","wpcat-23-id","wpcat-10-id"],"yoast_head":"<!-- This site is optimized with the Yoast SEO plugin v27.1.1 - https:\/\/yoast.com\/product\/yoast-seo-wordpress\/ -->\n<title>Sommet de l\u2019IDA 20 pour les pays africains: Dakar va abriter ce 7 juillet une r\u00e9union internationale - challenges economiques<\/title>\n<meta name=\"robots\" content=\"index, follow, max-snippet:-1, max-image-preview:large, max-video-preview:-1\" \/>\n<link rel=\"canonical\" href=\"https:\/\/challengeseconomiques.com\/?p=3632\" \/>\n<meta property=\"og:locale\" content=\"fr_FR\" \/>\n<meta property=\"og:type\" content=\"article\" \/>\n<meta property=\"og:title\" content=\"Sommet de l\u2019IDA 20 pour les pays africains: Dakar va abriter ce 7 juillet une r\u00e9union internationale - challenges economiques\" \/>\n<meta property=\"og:description\" content=\"Le Groupe de la Banque mondiale (BM) par le biais de l\u2019Association internationale de d\u00e9veloppement (IDA-20), va organiser \u00e0 Dakar, la Capitale s\u00e9n\u00e9galaise, une r\u00e9union...\" \/>\n<meta property=\"og:url\" content=\"https:\/\/challengeseconomiques.com\/?p=3632\" \/>\n<meta property=\"og:site_name\" content=\"challenges economiques\" \/>\n<meta property=\"article:published_time\" content=\"2022-07-05T10:44:09+00:00\" \/>\n<meta property=\"article:modified_time\" content=\"2022-07-05T10:47:31+00:00\" \/>\n<meta property=\"og:image\" content=\"https:\/\/challengeseconomiques.com\/wp-content\/uploads\/2022\/07\/ida2.jpeg\" \/>\n\t<meta property=\"og:image:width\" content=\"834\" \/>\n\t<meta property=\"og:image:height\" content=\"567\" \/>\n\t<meta property=\"og:image:type\" content=\"image\/jpeg\" \/>\n<meta name=\"author\" content=\"admin\" \/>\n<meta name=\"twitter:card\" content=\"summary_large_image\" \/>\n<meta name=\"twitter:label1\" content=\"\u00c9crit par\" \/>\n\t<meta name=\"twitter:data1\" content=\"admin\" \/>\n\t<meta name=\"twitter:label2\" content=\"Dur\u00e9e de lecture estim\u00e9e\" \/>\n\t<meta name=\"twitter:data2\" content=\"2 minutes\" \/>\n<script type=\"application\/ld+json\" class=\"yoast-schema-graph\">{\"@context\":\"https:\/\/schema.org\",\"@graph\":[{\"@type\":\"Article\",\"@id\":\"https:\/\/challengeseconomiques.com\/?p=3632#article\",\"isPartOf\":{\"@id\":\"https:\/\/challengeseconomiques.com\/?p=3632\"},\"author\":{\"name\":\"admin\",\"@id\":\"https:\/\/challengeseconomiques.com\/#\/schema\/person\/b4568c9afebc5a9238a771873801e349\"},\"headline\":\"Sommet de l\u2019IDA 20 pour les pays africains: Dakar va abriter ce 7 juillet une r\u00e9union internationale\",\"datePublished\":\"2022-07-05T10:44:09+00:00\",\"dateModified\":\"2022-07-05T10:47:31+00:00\",\"mainEntityOfPage\":{\"@id\":\"https:\/\/challengeseconomiques.com\/?p=3632\"},\"wordCount\":384,\"image\":{\"@id\":\"https:\/\/challengeseconomiques.com\/?p=3632#primaryimage\"},\"thumbnailUrl\":\"https:\/\/challengeseconomiques.com\/wp-content\/uploads\/2022\/07\/ida2.jpeg\",\"articleSection\":[\"A la une\",\"Infos \u00e9co\"],\"inLanguage\":\"fr-FR\"},{\"@type\":\"WebPage\",\"@id\":\"https:\/\/challengeseconomiques.com\/?p=3632\",\"url\":\"https:\/\/challengeseconomiques.com\/?p=3632\",\"name\":\"Sommet de l\u2019IDA 20 pour les pays africains: Dakar va abriter ce 7 juillet une r\u00e9union internationale - challenges economiques\",\"isPartOf\":{\"@id\":\"https:\/\/challengeseconomiques.com\/#website\"},\"primaryImageOfPage\":{\"@id\":\"https:\/\/challengeseconomiques.com\/?p=3632#primaryimage\"},\"image\":{\"@id\":\"https:\/\/challengeseconomiques.com\/?p=3632#primaryimage\"},\"thumbnailUrl\":\"https:\/\/challengeseconomiques.com\/wp-content\/uploads\/2022\/07\/ida2.jpeg\",\"datePublished\":\"2022-07-05T10:44:09+00:00\",\"dateModified\":\"2022-07-05T10:47:31+00:00\",\"author\":{\"@id\":\"https:\/\/challengeseconomiques.com\/#\/schema\/person\/b4568c9afebc5a9238a771873801e349\"},\"breadcrumb\":{\"@id\":\"https:\/\/challengeseconomiques.com\/?p=3632#breadcrumb\"},\"inLanguage\":\"fr-FR\",\"potentialAction\":[{\"@type\":\"ReadAction\",\"target\":[\"https:\/\/challengeseconomiques.com\/?p=3632\"]}]},{\"@type\":\"ImageObject\",\"inLanguage\":\"fr-FR\",\"@id\":\"https:\/\/challengeseconomiques.com\/?p=3632#primaryimage\",\"url\":\"https:\/\/challengeseconomiques.com\/wp-content\/uploads\/2022\/07\/ida2.jpeg\",\"contentUrl\":\"https:\/\/challengeseconomiques.com\/wp-content\/uploads\/2022\/07\/ida2.jpeg\",\"width\":834,\"height\":567},{\"@type\":\"BreadcrumbList\",\"@id\":\"https:\/\/challengeseconomiques.com\/?p=3632#breadcrumb\",\"itemListElement\":[{\"@type\":\"ListItem\",\"position\":1,\"name\":\"Home\",\"item\":\"https:\/\/challengeseconomiques.com\/\"},{\"@type\":\"ListItem\",\"position\":2,\"name\":\"Sommet de l\u2019IDA 20 pour les pays africains: Dakar va abriter ce 7 juillet une r\u00e9union internationale\"}]},{\"@type\":\"WebSite\",\"@id\":\"https:\/\/challengeseconomiques.com\/#website\",\"url\":\"https:\/\/challengeseconomiques.com\/\",\"name\":\"challenges economiques\",\"description\":\"\",\"potentialAction\":[{\"@type\":\"SearchAction\",\"target\":{\"@type\":\"EntryPoint\",\"urlTemplate\":\"https:\/\/challengeseconomiques.com\/?s={search_term_string}\"},\"query-input\":{\"@type\":\"PropertyValueSpecification\",\"valueRequired\":true,\"valueName\":\"search_term_string\"}}],\"inLanguage\":\"fr-FR\"},{\"@type\":\"Person\",\"@id\":\"https:\/\/challengeseconomiques.com\/#\/schema\/person\/b4568c9afebc5a9238a771873801e349\",\"name\":\"admin\",\"image\":{\"@type\":\"ImageObject\",\"inLanguage\":\"fr-FR\",\"@id\":\"https:\/\/challengeseconomiques.com\/#\/schema\/person\/image\/\",\"url\":\"https:\/\/secure.gravatar.com\/avatar\/099e42240b5eea11acdb72751fcce0dd918603f0749d24974b7984ea47ed9fd9?s=96&d=mm&r=g\",\"contentUrl\":\"https:\/\/secure.gravatar.com\/avatar\/099e42240b5eea11acdb72751fcce0dd918603f0749d24974b7984ea47ed9fd9?s=96&d=mm&r=g\",\"caption\":\"admin\"},\"sameAs\":[\"https:\/\/challengeseconomiques.com\"],\"url\":\"https:\/\/challengeseconomiques.com\/?author=1\"}]}<\/script>\n<!-- \/ Yoast SEO plugin. -->","yoast_head_json":{"title":"Sommet de l\u2019IDA 20 pour les pays africains: Dakar va abriter ce 7 juillet une r\u00e9union internationale - challenges economiques","robots":{"index":"index","follow":"follow","max-snippet":"max-snippet:-1","max-image-preview":"max-image-preview:large","max-video-preview":"max-video-preview:-1"},"canonical":"https:\/\/challengeseconomiques.com\/?p=3632","og_locale":"fr_FR","og_type":"article","og_title":"Sommet de l\u2019IDA 20 pour les pays africains: Dakar va abriter ce 7 juillet une r\u00e9union internationale - challenges economiques","og_description":"Le Groupe de la Banque mondiale (BM) par le biais de l\u2019Association internationale de d\u00e9veloppement (IDA-20), va organiser \u00e0 Dakar, la Capitale s\u00e9n\u00e9galaise, une r\u00e9union...","og_url":"https:\/\/challengeseconomiques.com\/?p=3632","og_site_name":"challenges economiques","article_published_time":"2022-07-05T10:44:09+00:00","article_modified_time":"2022-07-05T10:47:31+00:00","og_image":[{"width":834,"height":567,"url":"https:\/\/challengeseconomiques.com\/wp-content\/uploads\/2022\/07\/ida2.jpeg","type":"image\/jpeg"}],"author":"admin","twitter_card":"summary_large_image","twitter_misc":{"\u00c9crit par":"admin","Dur\u00e9e de lecture estim\u00e9e":"2 minutes"},"schema":{"@context":"https:\/\/schema.org","@graph":[{"@type":"Article","@id":"https:\/\/challengeseconomiques.com\/?p=3632#article","isPartOf":{"@id":"https:\/\/challengeseconomiques.com\/?p=3632"},"author":{"name":"admin","@id":"https:\/\/challengeseconomiques.com\/#\/schema\/person\/b4568c9afebc5a9238a771873801e349"},"headline":"Sommet de l\u2019IDA 20 pour les pays africains: Dakar va abriter ce 7 juillet une r\u00e9union internationale","datePublished":"2022-07-05T10:44:09+00:00","dateModified":"2022-07-05T10:47:31+00:00","mainEntityOfPage":{"@id":"https:\/\/challengeseconomiques.com\/?p=3632"},"wordCount":384,"image":{"@id":"https:\/\/challengeseconomiques.com\/?p=3632#primaryimage"},"thumbnailUrl":"https:\/\/challengeseconomiques.com\/wp-content\/uploads\/2022\/07\/ida2.jpeg","articleSection":["A la une","Infos \u00e9co"],"inLanguage":"fr-FR"},{"@type":"WebPage","@id":"https:\/\/challengeseconomiques.com\/?p=3632","url":"https:\/\/challengeseconomiques.com\/?p=3632","name":"Sommet de l\u2019IDA 20 pour les pays africains: Dakar va abriter ce 7 juillet une r\u00e9union internationale - challenges economiques","isPartOf":{"@id":"https:\/\/challengeseconomiques.com\/#website"},"primaryImageOfPage":{"@id":"https:\/\/challengeseconomiques.com\/?p=3632#primaryimage"},"image":{"@id":"https:\/\/challengeseconomiques.com\/?p=3632#primaryimage"},"thumbnailUrl":"https:\/\/challengeseconomiques.com\/wp-content\/uploads\/2022\/07\/ida2.jpeg","datePublished":"2022-07-05T10:44:09+00:00","dateModified":"2022-07-05T10:47:31+00:00","author":{"@id":"https:\/\/challengeseconomiques.com\/#\/schema\/person\/b4568c9afebc5a9238a771873801e349"},"breadcrumb":{"@id":"https:\/\/challengeseconomiques.com\/?p=3632#breadcrumb"},"inLanguage":"fr-FR","potentialAction":[{"@type":"ReadAction","target":["https:\/\/challengeseconomiques.com\/?p=3632"]}]},{"@type":"ImageObject","inLanguage":"fr-FR","@id":"https:\/\/challengeseconomiques.com\/?p=3632#primaryimage","url":"https:\/\/challengeseconomiques.com\/wp-content\/uploads\/2022\/07\/ida2.jpeg","contentUrl":"https:\/\/challengeseconomiques.com\/wp-content\/uploads\/2022\/07\/ida2.jpeg","width":834,"height":567},{"@type":"BreadcrumbList","@id":"https:\/\/challengeseconomiques.com\/?p=3632#breadcrumb","itemListElement":[{"@type":"ListItem","position":1,"name":"Home","item":"https:\/\/challengeseconomiques.com\/"},{"@type":"ListItem","position":2,"name":"Sommet de l\u2019IDA 20 pour les pays africains: Dakar va abriter ce 7 juillet une r\u00e9union internationale"}]},{"@type":"WebSite","@id":"https:\/\/challengeseconomiques.com\/#website","url":"https:\/\/challengeseconomiques.com\/","name":"challenges economiques","description":"","potentialAction":[{"@type":"SearchAction","target":{"@type":"EntryPoint","urlTemplate":"https:\/\/challengeseconomiques.com\/?s={search_term_string}"},"query-input":{"@type":"PropertyValueSpecification","valueRequired":true,"valueName":"search_term_string"}}],"inLanguage":"fr-FR"},{"@type":"Person","@id":"https:\/\/challengeseconomiques.com\/#\/schema\/person\/b4568c9afebc5a9238a771873801e349","name":"admin","image":{"@type":"ImageObject","inLanguage":"fr-FR","@id":"https:\/\/challengeseconomiques.com\/#\/schema\/person\/image\/","url":"https:\/\/secure.gravatar.com\/avatar\/099e42240b5eea11acdb72751fcce0dd918603f0749d24974b7984ea47ed9fd9?s=96&d=mm&r=g","contentUrl":"https:\/\/secure.gravatar.com\/avatar\/099e42240b5eea11acdb72751fcce0dd918603f0749d24974b7984ea47ed9fd9?s=96&d=mm&r=g","caption":"admin"},"sameAs":["https:\/\/challengeseconomiques.com"],"url":"https:\/\/challengeseconomiques.com\/?author=1"}]}},"jetpack_featured_media_url":"https:\/\/challengeseconomiques.com\/wp-content\/uploads\/2022\/07\/ida2.jpeg","jetpack_sharing_enabled":true,"_links":{"self":[{"href":"https:\/\/challengeseconomiques.com\/index.php?rest_route=\/wp\/v2\/posts\/3632","targetHints":{"allow":["GET"]}}],"collection":[{"href":"https:\/\/challengeseconomiques.com\/index.php?rest_route=\/wp\/v2\/posts"}],"about":[{"href":"https:\/\/challengeseconomiques.com\/index.php?rest_route=\/wp\/v2\/types\/post"}],"author":[{"embeddable":true,"href":"https:\/\/challengeseconomiques.com\/index.php?rest_route=\/wp\/v2\/users\/1"}],"replies":[{"embeddable":true,"href":"https:\/\/challengeseconomiques.com\/index.php?rest_route=%2Fwp%2Fv2%2Fcomments&post=3632"}],"version-history":[{"count":2,"href":"https:\/\/challengeseconomiques.com\/index.php?rest_route=\/wp\/v2\/posts\/3632\/revisions"}],"predecessor-version":[{"id":3635,"href":"https:\/\/challengeseconomiques.com\/index.php?rest_route=\/wp\/v2\/posts\/3632\/revisions\/3635"}],"wp:featuredmedia":[{"embeddable":true,"href":"https:\/\/challengeseconomiques.com\/index.php?rest_route=\/wp\/v2\/media\/3636"}],"wp:attachment":[{"href":"https:\/\/challengeseconomiques.com\/index.php?rest_route=%2Fwp%2Fv2%2Fmedia&parent=3632"}],"wp:term":[{"taxonomy":"category","embeddable":true,"href":"https:\/\/challengeseconomiques.com\/index.php?rest_route=%2Fwp%2Fv2%2Fcategories&post=3632"},{"taxonomy":"post_tag","embeddable":true,"href":"https:\/\/challengeseconomiques.com\/index.php?rest_route=%2Fwp%2Fv2%2Ftags&post=3632"}],"curies":[{"name":"wp","href":"https:\/\/api.w.org\/{rel}","templated":true}]}}