{"id":3627,"date":"2022-07-04T10:26:21","date_gmt":"2022-07-04T10:26:21","guid":{"rendered":"https:\/\/challengeseconomiques.com\/?p=3627"},"modified":"2022-07-04T10:26:44","modified_gmt":"2022-07-04T10:26:44","slug":"plan-national-depargne-la-cciad-et-cgf-lancent-le-national-asset-nass","status":"publish","type":"post","link":"https:\/\/challengeseconomiques.com\/?p=3627","title":{"rendered":"Plan National d\u2019\u00c9pargne : La CCIAD et CGF lancent le National Asset (NASS)"},"content":{"rendered":"<p><em><strong>La Chambre de Commerce, d\u2019Industrie et d\u2019Agriculture de Dakar&nbsp;(CCIAD)&nbsp;et la Compagnie G\u00e9n\u00e9rale de Finance&nbsp;(CGF)&nbsp;ont organis\u00e9, ce vendredi 1er juillet 2022, la c\u00e9r\u00e9monie de lancement du Plan d\u2019\u00c9pargne \u00ab&nbsp;National Assets&nbsp;(NASS)&nbsp;\u00bb.&nbsp;L\u2019objectif de ce plan est de collecter l\u2019\u00e9pargne au niveau national afin de financer des projets g\u00e9n\u00e9rateurs de revenus pour toute la population.&nbsp;Plusieurs organisations patronales ont pris part \u00e0 cette c\u00e9r\u00e9monie.<\/strong><\/em><\/p>\n<p>Le National&nbsp;Asset&nbsp;(NASS)&nbsp;est un ambitieux projet qui a pour objet de permettre \u00e0 tous les adh\u00e9rents de participer \u00e0 la constitution d\u2019un portefeuille de valeurs mobili\u00e8res dont la liquidation par chaque adh\u00e9rent pourra servir \u00e0 terme \u00e0 l\u2019alimentation d\u2019un produit d\u2019\u00e9pargne.&nbsp;Le but sera de mobiliser assez de ressources financi\u00e8res pour investir dans des activit\u00e9s et g\u00e9n\u00e9rer des revenus.<br \/>\nCet instrument financier permet de mobiliser une \u00e9pargne collective r\u00e9mun\u00e9r\u00e9e, tout en respectant les r\u00e8gles de confidentialit\u00e9 et de transparence, avec un compte ouvert par adh\u00e9rant, a expliqu\u00e9&nbsp;Ndeye&nbsp;Khady&nbsp;Diack, Directrice g\u00e9n\u00e9rale adjointe de&nbsp;CGF&nbsp;Bourse.<\/p>\n<p><strong><em>Tickets d\u2019entr\u00e9e et mensualit\u00e9s<\/em><\/strong><\/p>\n<p>Le Plan d\u2019\u00e9pargne s\u2019adresse aux personnes physiques de nationalit\u00e9 s\u00e9n\u00e9galaise ainsi qu\u2019aux personnes morales dont plus de 51 % des parts sociales sont d\u00e9tenues par des S\u00e9n\u00e9galais.<br \/>\nLe&nbsp;ticket&nbsp;d\u2019adh\u00e9sion&nbsp;est&nbsp;fix\u00e9&nbsp;\u00e0 5.000.000&nbsp;FCFA&nbsp;pour les personnes morales en plus d\u2019une cotisation mensuelle de 500.000&nbsp;FCFA.&nbsp;Pour les personnes physiques, il faudra d\u00e9bourser 1.000.000&nbsp;FCFA&nbsp;pour adh\u00e9rer au Plan et verser chaque mois 100.000&nbsp;FCFA.<br \/>\nIl faut noter, en outre, que les parts souscrites seront bloqu\u00e9es pour&nbsp;un&nbsp;dur\u00e9e d\u2019un an \u00e0 compter de la date d\u2019ouverture du compte.<br \/>\nLa deuxi\u00e8me \u00e9tape de ce m\u00e9canisme consistera \u00e0 investir l\u2019\u00e9pargne mobilis\u00e9e.&nbsp;Pour cela, le v\u00e9hicule d\u2019investissement choisi sera une Soci\u00e9t\u00e9 ou un Fonds d\u2019Investissement.<br \/>\nDe l\u2019avis&nbsp;de Abdoulaye&nbsp;Sow, pr\u00e9sident de la&nbsp;CCIAD, cette initiative d\u2019envergure vient \u00e0 son heure.&nbsp;Il \u00e9tait important, selon lui, que les S\u00e9n\u00e9galais puissent regrouper leurs \u00e9pargnes afin d\u2019investir dans de grands projets.<br \/>\nPlusieurs organisations patronales comme la&nbsp;CNES, le&nbsp;GES, l\u2019Unacois\/Jappo&nbsp;et l\u2019ACIS&nbsp;ont pris part \u00e0 la c\u00e9r\u00e9monie de lancement.<br \/>\nAdama&nbsp;Lam, pr\u00e9sident de la Conf\u00e9d\u00e9ration Nationale des Employeurs du S\u00e9n\u00e9gal&nbsp;(CNES)&nbsp;a promis que son organisation allait verser entre 700 millions et un milliard de Francs CFA.<br \/>\nLe pr\u00e9sident de la&nbsp;CCIAD&nbsp;a annonc\u00e9 la mise en place d\u2019un comit\u00e9 de promotion du Plan pour sa bonne vulgarisation au niveau national.<\/p>\n<p><strong>(Bie)<\/strong><\/p>\n","protected":false},"excerpt":{"rendered":"<p>La Chambre de Commerce, d\u2019Industrie et d\u2019Agriculture de Dakar&nbsp;(CCIAD)&nbsp;et la Compagnie G\u00e9n\u00e9rale de Finance&nbsp;(CGF)&nbsp;ont organis\u00e9, ce vendredi 1er juillet 2022, la c\u00e9r\u00e9monie de lancement du&#8230;<\/p>\n","protected":false},"author":1,"featured_media":3628,"comment_status":"closed","ping_status":"open","sticky":false,"template":"","format":"standard","meta":{"_jetpack_memberships_contains_paid_content":false,"footnotes":""},"categories":[23,10],"tags":[],"class_list":["post-3627","post","type-post","status-publish","format-standard","has-post-thumbnail","hentry","category-a-la-une","category-infos-eco","wpcat-23-id","wpcat-10-id"],"yoast_head":"<!-- This site is optimized with the Yoast SEO plugin v27.1.1 - https:\/\/yoast.com\/product\/yoast-seo-wordpress\/ -->\n<title>Plan National d\u2019\u00c9pargne : La CCIAD et CGF lancent le National Asset (NASS) - challenges economiques<\/title>\n<meta name=\"robots\" content=\"index, follow, max-snippet:-1, max-image-preview:large, max-video-preview:-1\" \/>\n<link rel=\"canonical\" href=\"https:\/\/challengeseconomiques.com\/?p=3627\" \/>\n<meta property=\"og:locale\" content=\"fr_FR\" \/>\n<meta property=\"og:type\" content=\"article\" \/>\n<meta property=\"og:title\" content=\"Plan National d\u2019\u00c9pargne : La CCIAD et CGF lancent le National Asset (NASS) - challenges economiques\" \/>\n<meta property=\"og:description\" content=\"La Chambre de Commerce, d\u2019Industrie et d\u2019Agriculture de Dakar&nbsp;(CCIAD)&nbsp;et la Compagnie G\u00e9n\u00e9rale de Finance&nbsp;(CGF)&nbsp;ont organis\u00e9, ce vendredi 1er juillet 2022, la c\u00e9r\u00e9monie de lancement du...\" \/>\n<meta property=\"og:url\" content=\"https:\/\/challengeseconomiques.com\/?p=3627\" \/>\n<meta property=\"og:site_name\" content=\"challenges economiques\" \/>\n<meta property=\"article:published_time\" content=\"2022-07-04T10:26:21+00:00\" \/>\n<meta property=\"article:modified_time\" content=\"2022-07-04T10:26:44+00:00\" \/>\n<meta property=\"og:image\" content=\"https:\/\/challengeseconomiques.com\/wp-content\/uploads\/2022\/07\/NASS-1.webp\" \/>\n\t<meta property=\"og:image:width\" content=\"850\" \/>\n\t<meta property=\"og:image:height\" content=\"560\" \/>\n\t<meta property=\"og:image:type\" content=\"image\/webp\" \/>\n<meta name=\"author\" content=\"admin\" \/>\n<meta name=\"twitter:card\" content=\"summary_large_image\" \/>\n<meta name=\"twitter:label1\" content=\"\u00c9crit par\" \/>\n\t<meta name=\"twitter:data1\" content=\"admin\" \/>\n\t<meta name=\"twitter:label2\" content=\"Dur\u00e9e de lecture estim\u00e9e\" \/>\n\t<meta name=\"twitter:data2\" content=\"2 minutes\" \/>\n<script type=\"application\/ld+json\" class=\"yoast-schema-graph\">{\"@context\":\"https:\/\/schema.org\",\"@graph\":[{\"@type\":\"Article\",\"@id\":\"https:\/\/challengeseconomiques.com\/?p=3627#article\",\"isPartOf\":{\"@id\":\"https:\/\/challengeseconomiques.com\/?p=3627\"},\"author\":{\"name\":\"admin\",\"@id\":\"https:\/\/challengeseconomiques.com\/#\/schema\/person\/b4568c9afebc5a9238a771873801e349\"},\"headline\":\"Plan National d\u2019\u00c9pargne : La CCIAD et CGF lancent le National Asset (NASS)\",\"datePublished\":\"2022-07-04T10:26:21+00:00\",\"dateModified\":\"2022-07-04T10:26:44+00:00\",\"mainEntityOfPage\":{\"@id\":\"https:\/\/challengeseconomiques.com\/?p=3627\"},\"wordCount\":506,\"image\":{\"@id\":\"https:\/\/challengeseconomiques.com\/?p=3627#primaryimage\"},\"thumbnailUrl\":\"https:\/\/challengeseconomiques.com\/wp-content\/uploads\/2022\/07\/NASS-1.webp\",\"articleSection\":[\"A la une\",\"Infos \u00e9co\"],\"inLanguage\":\"fr-FR\"},{\"@type\":\"WebPage\",\"@id\":\"https:\/\/challengeseconomiques.com\/?p=3627\",\"url\":\"https:\/\/challengeseconomiques.com\/?p=3627\",\"name\":\"Plan National d\u2019\u00c9pargne : La CCIAD et CGF lancent le National Asset (NASS) - challenges economiques\",\"isPartOf\":{\"@id\":\"https:\/\/challengeseconomiques.com\/#website\"},\"primaryImageOfPage\":{\"@id\":\"https:\/\/challengeseconomiques.com\/?p=3627#primaryimage\"},\"image\":{\"@id\":\"https:\/\/challengeseconomiques.com\/?p=3627#primaryimage\"},\"thumbnailUrl\":\"https:\/\/challengeseconomiques.com\/wp-content\/uploads\/2022\/07\/NASS-1.webp\",\"datePublished\":\"2022-07-04T10:26:21+00:00\",\"dateModified\":\"2022-07-04T10:26:44+00:00\",\"author\":{\"@id\":\"https:\/\/challengeseconomiques.com\/#\/schema\/person\/b4568c9afebc5a9238a771873801e349\"},\"breadcrumb\":{\"@id\":\"https:\/\/challengeseconomiques.com\/?p=3627#breadcrumb\"},\"inLanguage\":\"fr-FR\",\"potentialAction\":[{\"@type\":\"ReadAction\",\"target\":[\"https:\/\/challengeseconomiques.com\/?p=3627\"]}]},{\"@type\":\"ImageObject\",\"inLanguage\":\"fr-FR\",\"@id\":\"https:\/\/challengeseconomiques.com\/?p=3627#primaryimage\",\"url\":\"https:\/\/challengeseconomiques.com\/wp-content\/uploads\/2022\/07\/NASS-1.webp\",\"contentUrl\":\"https:\/\/challengeseconomiques.com\/wp-content\/uploads\/2022\/07\/NASS-1.webp\",\"width\":850,\"height\":560},{\"@type\":\"BreadcrumbList\",\"@id\":\"https:\/\/challengeseconomiques.com\/?p=3627#breadcrumb\",\"itemListElement\":[{\"@type\":\"ListItem\",\"position\":1,\"name\":\"Home\",\"item\":\"https:\/\/challengeseconomiques.com\/\"},{\"@type\":\"ListItem\",\"position\":2,\"name\":\"Plan National d\u2019\u00c9pargne : La CCIAD et CGF lancent le National Asset (NASS)\"}]},{\"@type\":\"WebSite\",\"@id\":\"https:\/\/challengeseconomiques.com\/#website\",\"url\":\"https:\/\/challengeseconomiques.com\/\",\"name\":\"challenges economiques\",\"description\":\"\",\"potentialAction\":[{\"@type\":\"SearchAction\",\"target\":{\"@type\":\"EntryPoint\",\"urlTemplate\":\"https:\/\/challengeseconomiques.com\/?s={search_term_string}\"},\"query-input\":{\"@type\":\"PropertyValueSpecification\",\"valueRequired\":true,\"valueName\":\"search_term_string\"}}],\"inLanguage\":\"fr-FR\"},{\"@type\":\"Person\",\"@id\":\"https:\/\/challengeseconomiques.com\/#\/schema\/person\/b4568c9afebc5a9238a771873801e349\",\"name\":\"admin\",\"image\":{\"@type\":\"ImageObject\",\"inLanguage\":\"fr-FR\",\"@id\":\"https:\/\/challengeseconomiques.com\/#\/schema\/person\/image\/\",\"url\":\"https:\/\/secure.gravatar.com\/avatar\/099e42240b5eea11acdb72751fcce0dd918603f0749d24974b7984ea47ed9fd9?s=96&d=mm&r=g\",\"contentUrl\":\"https:\/\/secure.gravatar.com\/avatar\/099e42240b5eea11acdb72751fcce0dd918603f0749d24974b7984ea47ed9fd9?s=96&d=mm&r=g\",\"caption\":\"admin\"},\"sameAs\":[\"https:\/\/challengeseconomiques.com\"],\"url\":\"https:\/\/challengeseconomiques.com\/?author=1\"}]}<\/script>\n<!-- \/ Yoast SEO plugin. -->","yoast_head_json":{"title":"Plan National d\u2019\u00c9pargne : La CCIAD et CGF lancent le National Asset (NASS) - challenges economiques","robots":{"index":"index","follow":"follow","max-snippet":"max-snippet:-1","max-image-preview":"max-image-preview:large","max-video-preview":"max-video-preview:-1"},"canonical":"https:\/\/challengeseconomiques.com\/?p=3627","og_locale":"fr_FR","og_type":"article","og_title":"Plan National d\u2019\u00c9pargne : La CCIAD et CGF lancent le National Asset (NASS) - challenges economiques","og_description":"La Chambre de Commerce, d\u2019Industrie et d\u2019Agriculture de Dakar&nbsp;(CCIAD)&nbsp;et la Compagnie G\u00e9n\u00e9rale de Finance&nbsp;(CGF)&nbsp;ont organis\u00e9, ce vendredi 1er juillet 2022, la c\u00e9r\u00e9monie de lancement du...","og_url":"https:\/\/challengeseconomiques.com\/?p=3627","og_site_name":"challenges economiques","article_published_time":"2022-07-04T10:26:21+00:00","article_modified_time":"2022-07-04T10:26:44+00:00","og_image":[{"width":850,"height":560,"url":"https:\/\/challengeseconomiques.com\/wp-content\/uploads\/2022\/07\/NASS-1.webp","type":"image\/webp"}],"author":"admin","twitter_card":"summary_large_image","twitter_misc":{"\u00c9crit par":"admin","Dur\u00e9e de lecture estim\u00e9e":"2 minutes"},"schema":{"@context":"https:\/\/schema.org","@graph":[{"@type":"Article","@id":"https:\/\/challengeseconomiques.com\/?p=3627#article","isPartOf":{"@id":"https:\/\/challengeseconomiques.com\/?p=3627"},"author":{"name":"admin","@id":"https:\/\/challengeseconomiques.com\/#\/schema\/person\/b4568c9afebc5a9238a771873801e349"},"headline":"Plan National d\u2019\u00c9pargne : La CCIAD et CGF lancent le National Asset (NASS)","datePublished":"2022-07-04T10:26:21+00:00","dateModified":"2022-07-04T10:26:44+00:00","mainEntityOfPage":{"@id":"https:\/\/challengeseconomiques.com\/?p=3627"},"wordCount":506,"image":{"@id":"https:\/\/challengeseconomiques.com\/?p=3627#primaryimage"},"thumbnailUrl":"https:\/\/challengeseconomiques.com\/wp-content\/uploads\/2022\/07\/NASS-1.webp","articleSection":["A la une","Infos \u00e9co"],"inLanguage":"fr-FR"},{"@type":"WebPage","@id":"https:\/\/challengeseconomiques.com\/?p=3627","url":"https:\/\/challengeseconomiques.com\/?p=3627","name":"Plan National d\u2019\u00c9pargne : La CCIAD et CGF lancent le National Asset (NASS) - challenges economiques","isPartOf":{"@id":"https:\/\/challengeseconomiques.com\/#website"},"primaryImageOfPage":{"@id":"https:\/\/challengeseconomiques.com\/?p=3627#primaryimage"},"image":{"@id":"https:\/\/challengeseconomiques.com\/?p=3627#primaryimage"},"thumbnailUrl":"https:\/\/challengeseconomiques.com\/wp-content\/uploads\/2022\/07\/NASS-1.webp","datePublished":"2022-07-04T10:26:21+00:00","dateModified":"2022-07-04T10:26:44+00:00","author":{"@id":"https:\/\/challengeseconomiques.com\/#\/schema\/person\/b4568c9afebc5a9238a771873801e349"},"breadcrumb":{"@id":"https:\/\/challengeseconomiques.com\/?p=3627#breadcrumb"},"inLanguage":"fr-FR","potentialAction":[{"@type":"ReadAction","target":["https:\/\/challengeseconomiques.com\/?p=3627"]}]},{"@type":"ImageObject","inLanguage":"fr-FR","@id":"https:\/\/challengeseconomiques.com\/?p=3627#primaryimage","url":"https:\/\/challengeseconomiques.com\/wp-content\/uploads\/2022\/07\/NASS-1.webp","contentUrl":"https:\/\/challengeseconomiques.com\/wp-content\/uploads\/2022\/07\/NASS-1.webp","width":850,"height":560},{"@type":"BreadcrumbList","@id":"https:\/\/challengeseconomiques.com\/?p=3627#breadcrumb","itemListElement":[{"@type":"ListItem","position":1,"name":"Home","item":"https:\/\/challengeseconomiques.com\/"},{"@type":"ListItem","position":2,"name":"Plan National d\u2019\u00c9pargne : La CCIAD et CGF lancent le National Asset (NASS)"}]},{"@type":"WebSite","@id":"https:\/\/challengeseconomiques.com\/#website","url":"https:\/\/challengeseconomiques.com\/","name":"challenges economiques","description":"","potentialAction":[{"@type":"SearchAction","target":{"@type":"EntryPoint","urlTemplate":"https:\/\/challengeseconomiques.com\/?s={search_term_string}"},"query-input":{"@type":"PropertyValueSpecification","valueRequired":true,"valueName":"search_term_string"}}],"inLanguage":"fr-FR"},{"@type":"Person","@id":"https:\/\/challengeseconomiques.com\/#\/schema\/person\/b4568c9afebc5a9238a771873801e349","name":"admin","image":{"@type":"ImageObject","inLanguage":"fr-FR","@id":"https:\/\/challengeseconomiques.com\/#\/schema\/person\/image\/","url":"https:\/\/secure.gravatar.com\/avatar\/099e42240b5eea11acdb72751fcce0dd918603f0749d24974b7984ea47ed9fd9?s=96&d=mm&r=g","contentUrl":"https:\/\/secure.gravatar.com\/avatar\/099e42240b5eea11acdb72751fcce0dd918603f0749d24974b7984ea47ed9fd9?s=96&d=mm&r=g","caption":"admin"},"sameAs":["https:\/\/challengeseconomiques.com"],"url":"https:\/\/challengeseconomiques.com\/?author=1"}]}},"jetpack_featured_media_url":"https:\/\/challengeseconomiques.com\/wp-content\/uploads\/2022\/07\/NASS-1.webp","jetpack_sharing_enabled":true,"_links":{"self":[{"href":"https:\/\/challengeseconomiques.com\/index.php?rest_route=\/wp\/v2\/posts\/3627","targetHints":{"allow":["GET"]}}],"collection":[{"href":"https:\/\/challengeseconomiques.com\/index.php?rest_route=\/wp\/v2\/posts"}],"about":[{"href":"https:\/\/challengeseconomiques.com\/index.php?rest_route=\/wp\/v2\/types\/post"}],"author":[{"embeddable":true,"href":"https:\/\/challengeseconomiques.com\/index.php?rest_route=\/wp\/v2\/users\/1"}],"replies":[{"embeddable":true,"href":"https:\/\/challengeseconomiques.com\/index.php?rest_route=%2Fwp%2Fv2%2Fcomments&post=3627"}],"version-history":[{"count":2,"href":"https:\/\/challengeseconomiques.com\/index.php?rest_route=\/wp\/v2\/posts\/3627\/revisions"}],"predecessor-version":[{"id":3630,"href":"https:\/\/challengeseconomiques.com\/index.php?rest_route=\/wp\/v2\/posts\/3627\/revisions\/3630"}],"wp:featuredmedia":[{"embeddable":true,"href":"https:\/\/challengeseconomiques.com\/index.php?rest_route=\/wp\/v2\/media\/3628"}],"wp:attachment":[{"href":"https:\/\/challengeseconomiques.com\/index.php?rest_route=%2Fwp%2Fv2%2Fmedia&parent=3627"}],"wp:term":[{"taxonomy":"category","embeddable":true,"href":"https:\/\/challengeseconomiques.com\/index.php?rest_route=%2Fwp%2Fv2%2Fcategories&post=3627"},{"taxonomy":"post_tag","embeddable":true,"href":"https:\/\/challengeseconomiques.com\/index.php?rest_route=%2Fwp%2Fv2%2Ftags&post=3627"}],"curies":[{"name":"wp","href":"https:\/\/api.w.org\/{rel}","templated":true}]}}