{"id":3567,"date":"2022-06-20T11:08:08","date_gmt":"2022-06-20T11:08:08","guid":{"rendered":"https:\/\/challengeseconomiques.com\/?p=3567"},"modified":"2022-06-20T11:10:57","modified_gmt":"2022-06-20T11:10:57","slug":"commerce-transfrontalier-atelier-de-formation-des-acteurs-sur-le-mecanisme-maoc-administrateur-17-juin-2022-0","status":"publish","type":"post","link":"https:\/\/challengeseconomiques.com\/?p=3567","title":{"rendered":"Commerce transfrontalier : Atelier de formation des acteurs sur le m\u00e9canisme MAOC      Administrateur 17 juin 2022"},"content":{"rendered":"<p><strong>La Chambre de Commerce, d\u2019Industrie et d\u2019Agriculture de Dakar&nbsp;(CCIAD)&nbsp;en collaboration avec l\u2019International&nbsp;Trade&nbsp;Centre&nbsp;(ITC)&nbsp;a organis\u00e9, ce vendredi 17 juin 2022, un atelier de renforcement de capacit\u00e9s des entreprises sur le M\u00e9canisme d\u2019Alerte aux Obstacles au Commerce&nbsp;(MAOC).&nbsp;Ce dernier est un dispositif qui vise \u00e0 faciliter l\u2019identification des obstacles auxquels les op\u00e9rateurs commerciaux font face.&nbsp;Il les aidera \u00e0 mieux rapporter les contraintes rencontr\u00e9es au cours de leur trajet, notamment au niveau des fronti\u00e8res<\/strong>.<\/p>\n<p>Le M\u00e9canisme d\u2019Alerte aux Obstacles au Commerce&nbsp;(MAOC)&nbsp;va aider les op\u00e9rateurs \u00e9conomiques, notamment ceux qui s\u2019activent dans le commerce ext\u00e9rieur \u00e0 mieux rapporter les difficult\u00e9s rencontr\u00e9es au niveau des fronti\u00e8res.<br \/>\nMalgr\u00e9 les directives des organisations communautaires comme la CEDEAO concernant la libre circulation des personnes et des biens, force est de constater que ces r\u00e8glements ne sont pas toujours respect\u00e9s.<br \/>\nLa mise en place de ce m\u00e9canisme permettra d\u2019identifier plus facilement les obstacles que rencontrent les op\u00e9rateurs commerciaux de la sous-r\u00e9gion, a d\u00e9clar\u00e9 Ibrahima Lo, vice-pr\u00e9sident de la&nbsp;CCIAD, qui a pr\u00e9sid\u00e9 la c\u00e9r\u00e9monie d\u2019ouverture.<br \/>\nPlus concr\u00e8tement, le&nbsp;MAOC&nbsp;comprend une plateforme en ligne, dans laquelle les op\u00e9rateurs pourront se connecter afin d\u2019alerter en cas d\u2019obstacles rencontr\u00e9s.&nbsp;De ce fait, les autorit\u00e9s r\u00e9gionales pourront avoir des informations plus pr\u00e9cises sur la nature des obstacles&nbsp;intra&nbsp;et extrar\u00e9gionaux.<\/p>\n<p><strong>&nbsp;<\/strong><strong>Install\u00e9 dans 13 pays de CEDEAO<\/strong><\/p>\n<p>Selon Vianney&nbsp;Lesaffre, repr\u00e9sentant&nbsp;de International&nbsp;Trade&nbsp;Centre&nbsp;(<strong>ITC), ce<\/strong> m\u00e9canisme qui est install\u00e9 dans 13 pays de la CEDEAO a pour l\u2019objectif, de porter \u00e0 la connaissance des d\u00e9cideurs ces questions li\u00e9es au commerce transfrontalier.&nbsp;M.&nbsp;Lesaffre&nbsp;qui est, par ailleurs, le formateur, explique que le&nbsp;MAOC&nbsp;fait intervenir des institutions d\u00e9di\u00e9es et qui sont en charge de r\u00e9soudre ici et l\u00e0 des obstacles qui ont \u00e9t\u00e9 rapport\u00e9s par les commer\u00e7ants.<br \/>\nAu S\u00e9n\u00e9gal, la Chambre de Commerce de Dakar est le point focal national du MAOC. Selon Mbaye Chim\u00e8re, Secr\u00e9taire g\u00e9n\u00e9ral de la CCIAD, il y a une collaboration entre les Chambres de Commerce des pays de la sous-r\u00e9gion visant \u00e0 rendre plus op\u00e9rationnelle cette plateforme et \u00e0 lever les contraintes que rencontrent les acteurs du commerce transfrontalier.<\/p>\n<p><strong>(BIE)<\/strong><\/p>\n","protected":false},"excerpt":{"rendered":"<p>La Chambre de Commerce, d\u2019Industrie et d\u2019Agriculture de Dakar&nbsp;(CCIAD)&nbsp;en collaboration avec l\u2019International&nbsp;Trade&nbsp;Centre&nbsp;(ITC)&nbsp;a organis\u00e9, ce vendredi 17 juin 2022, un atelier de renforcement de capacit\u00e9s des&#8230;<\/p>\n","protected":false},"author":1,"featured_media":3568,"comment_status":"closed","ping_status":"open","sticky":false,"template":"","format":"standard","meta":{"_jetpack_memberships_contains_paid_content":false,"footnotes":""},"categories":[23,10],"tags":[],"class_list":["post-3567","post","type-post","status-publish","format-standard","has-post-thumbnail","hentry","category-a-la-une","category-infos-eco","wpcat-23-id","wpcat-10-id"],"yoast_head":"<!-- This site is optimized with the Yoast SEO plugin v27.1.1 - https:\/\/yoast.com\/product\/yoast-seo-wordpress\/ -->\n<title>Commerce transfrontalier : Atelier de formation des acteurs sur le m\u00e9canisme MAOC   Administrateur 17 juin 2022 - challenges economiques<\/title>\n<meta name=\"robots\" content=\"index, follow, max-snippet:-1, max-image-preview:large, max-video-preview:-1\" \/>\n<link rel=\"canonical\" href=\"https:\/\/challengeseconomiques.com\/?p=3567\" \/>\n<meta property=\"og:locale\" content=\"fr_FR\" \/>\n<meta property=\"og:type\" content=\"article\" \/>\n<meta property=\"og:title\" content=\"Commerce transfrontalier : Atelier de formation des acteurs sur le m\u00e9canisme MAOC   Administrateur 17 juin 2022 - challenges economiques\" \/>\n<meta property=\"og:description\" content=\"La Chambre de Commerce, d\u2019Industrie et d\u2019Agriculture de Dakar&nbsp;(CCIAD)&nbsp;en collaboration avec l\u2019International&nbsp;Trade&nbsp;Centre&nbsp;(ITC)&nbsp;a organis\u00e9, ce vendredi 17 juin 2022, un atelier de renforcement de capacit\u00e9s des...\" \/>\n<meta property=\"og:url\" content=\"https:\/\/challengeseconomiques.com\/?p=3567\" \/>\n<meta property=\"og:site_name\" content=\"challenges economiques\" \/>\n<meta property=\"article:published_time\" content=\"2022-06-20T11:08:08+00:00\" \/>\n<meta property=\"article:modified_time\" content=\"2022-06-20T11:10:57+00:00\" \/>\n<meta property=\"og:image\" content=\"https:\/\/challengeseconomiques.com\/wp-content\/uploads\/2022\/06\/Commerce-transfrontalier.webp\" \/>\n\t<meta property=\"og:image:width\" content=\"850\" \/>\n\t<meta property=\"og:image:height\" content=\"560\" \/>\n\t<meta property=\"og:image:type\" content=\"image\/webp\" \/>\n<meta name=\"author\" content=\"admin\" \/>\n<meta name=\"twitter:card\" content=\"summary_large_image\" \/>\n<meta name=\"twitter:label1\" content=\"\u00c9crit par\" \/>\n\t<meta name=\"twitter:data1\" content=\"admin\" \/>\n\t<meta name=\"twitter:label2\" content=\"Dur\u00e9e de lecture estim\u00e9e\" \/>\n\t<meta name=\"twitter:data2\" content=\"2 minutes\" \/>\n<script type=\"application\/ld+json\" class=\"yoast-schema-graph\">{\"@context\":\"https:\/\/schema.org\",\"@graph\":[{\"@type\":\"Article\",\"@id\":\"https:\/\/challengeseconomiques.com\/?p=3567#article\",\"isPartOf\":{\"@id\":\"https:\/\/challengeseconomiques.com\/?p=3567\"},\"author\":{\"name\":\"admin\",\"@id\":\"https:\/\/challengeseconomiques.com\/#\/schema\/person\/b4568c9afebc5a9238a771873801e349\"},\"headline\":\"Commerce transfrontalier : Atelier de formation des acteurs sur le m\u00e9canisme MAOC Administrateur 17 juin 2022\",\"datePublished\":\"2022-06-20T11:08:08+00:00\",\"dateModified\":\"2022-06-20T11:10:57+00:00\",\"mainEntityOfPage\":{\"@id\":\"https:\/\/challengeseconomiques.com\/?p=3567\"},\"wordCount\":441,\"image\":{\"@id\":\"https:\/\/challengeseconomiques.com\/?p=3567#primaryimage\"},\"thumbnailUrl\":\"https:\/\/challengeseconomiques.com\/wp-content\/uploads\/2022\/06\/Commerce-transfrontalier.webp\",\"articleSection\":[\"A la une\",\"Infos \u00e9co\"],\"inLanguage\":\"fr-FR\"},{\"@type\":\"WebPage\",\"@id\":\"https:\/\/challengeseconomiques.com\/?p=3567\",\"url\":\"https:\/\/challengeseconomiques.com\/?p=3567\",\"name\":\"Commerce transfrontalier : Atelier de formation des acteurs sur le m\u00e9canisme MAOC Administrateur 17 juin 2022 - challenges economiques\",\"isPartOf\":{\"@id\":\"https:\/\/challengeseconomiques.com\/#website\"},\"primaryImageOfPage\":{\"@id\":\"https:\/\/challengeseconomiques.com\/?p=3567#primaryimage\"},\"image\":{\"@id\":\"https:\/\/challengeseconomiques.com\/?p=3567#primaryimage\"},\"thumbnailUrl\":\"https:\/\/challengeseconomiques.com\/wp-content\/uploads\/2022\/06\/Commerce-transfrontalier.webp\",\"datePublished\":\"2022-06-20T11:08:08+00:00\",\"dateModified\":\"2022-06-20T11:10:57+00:00\",\"author\":{\"@id\":\"https:\/\/challengeseconomiques.com\/#\/schema\/person\/b4568c9afebc5a9238a771873801e349\"},\"breadcrumb\":{\"@id\":\"https:\/\/challengeseconomiques.com\/?p=3567#breadcrumb\"},\"inLanguage\":\"fr-FR\",\"potentialAction\":[{\"@type\":\"ReadAction\",\"target\":[\"https:\/\/challengeseconomiques.com\/?p=3567\"]}]},{\"@type\":\"ImageObject\",\"inLanguage\":\"fr-FR\",\"@id\":\"https:\/\/challengeseconomiques.com\/?p=3567#primaryimage\",\"url\":\"https:\/\/challengeseconomiques.com\/wp-content\/uploads\/2022\/06\/Commerce-transfrontalier.webp\",\"contentUrl\":\"https:\/\/challengeseconomiques.com\/wp-content\/uploads\/2022\/06\/Commerce-transfrontalier.webp\",\"width\":850,\"height\":560},{\"@type\":\"BreadcrumbList\",\"@id\":\"https:\/\/challengeseconomiques.com\/?p=3567#breadcrumb\",\"itemListElement\":[{\"@type\":\"ListItem\",\"position\":1,\"name\":\"Home\",\"item\":\"https:\/\/challengeseconomiques.com\/\"},{\"@type\":\"ListItem\",\"position\":2,\"name\":\"Commerce transfrontalier : Atelier de formation des acteurs sur le m\u00e9canisme MAOC Administrateur 17 juin 2022\"}]},{\"@type\":\"WebSite\",\"@id\":\"https:\/\/challengeseconomiques.com\/#website\",\"url\":\"https:\/\/challengeseconomiques.com\/\",\"name\":\"challenges economiques\",\"description\":\"\",\"potentialAction\":[{\"@type\":\"SearchAction\",\"target\":{\"@type\":\"EntryPoint\",\"urlTemplate\":\"https:\/\/challengeseconomiques.com\/?s={search_term_string}\"},\"query-input\":{\"@type\":\"PropertyValueSpecification\",\"valueRequired\":true,\"valueName\":\"search_term_string\"}}],\"inLanguage\":\"fr-FR\"},{\"@type\":\"Person\",\"@id\":\"https:\/\/challengeseconomiques.com\/#\/schema\/person\/b4568c9afebc5a9238a771873801e349\",\"name\":\"admin\",\"image\":{\"@type\":\"ImageObject\",\"inLanguage\":\"fr-FR\",\"@id\":\"https:\/\/challengeseconomiques.com\/#\/schema\/person\/image\/\",\"url\":\"https:\/\/secure.gravatar.com\/avatar\/099e42240b5eea11acdb72751fcce0dd918603f0749d24974b7984ea47ed9fd9?s=96&d=mm&r=g\",\"contentUrl\":\"https:\/\/secure.gravatar.com\/avatar\/099e42240b5eea11acdb72751fcce0dd918603f0749d24974b7984ea47ed9fd9?s=96&d=mm&r=g\",\"caption\":\"admin\"},\"sameAs\":[\"https:\/\/challengeseconomiques.com\"],\"url\":\"https:\/\/challengeseconomiques.com\/?author=1\"}]}<\/script>\n<!-- \/ Yoast SEO plugin. -->","yoast_head_json":{"title":"Commerce transfrontalier : Atelier de formation des acteurs sur le m\u00e9canisme MAOC   Administrateur 17 juin 2022 - challenges economiques","robots":{"index":"index","follow":"follow","max-snippet":"max-snippet:-1","max-image-preview":"max-image-preview:large","max-video-preview":"max-video-preview:-1"},"canonical":"https:\/\/challengeseconomiques.com\/?p=3567","og_locale":"fr_FR","og_type":"article","og_title":"Commerce transfrontalier : Atelier de formation des acteurs sur le m\u00e9canisme MAOC   Administrateur 17 juin 2022 - challenges economiques","og_description":"La Chambre de Commerce, d\u2019Industrie et d\u2019Agriculture de Dakar&nbsp;(CCIAD)&nbsp;en collaboration avec l\u2019International&nbsp;Trade&nbsp;Centre&nbsp;(ITC)&nbsp;a organis\u00e9, ce vendredi 17 juin 2022, un atelier de renforcement de capacit\u00e9s des...","og_url":"https:\/\/challengeseconomiques.com\/?p=3567","og_site_name":"challenges economiques","article_published_time":"2022-06-20T11:08:08+00:00","article_modified_time":"2022-06-20T11:10:57+00:00","og_image":[{"width":850,"height":560,"url":"https:\/\/challengeseconomiques.com\/wp-content\/uploads\/2022\/06\/Commerce-transfrontalier.webp","type":"image\/webp"}],"author":"admin","twitter_card":"summary_large_image","twitter_misc":{"\u00c9crit par":"admin","Dur\u00e9e de lecture estim\u00e9e":"2 minutes"},"schema":{"@context":"https:\/\/schema.org","@graph":[{"@type":"Article","@id":"https:\/\/challengeseconomiques.com\/?p=3567#article","isPartOf":{"@id":"https:\/\/challengeseconomiques.com\/?p=3567"},"author":{"name":"admin","@id":"https:\/\/challengeseconomiques.com\/#\/schema\/person\/b4568c9afebc5a9238a771873801e349"},"headline":"Commerce transfrontalier : Atelier de formation des acteurs sur le m\u00e9canisme MAOC Administrateur 17 juin 2022","datePublished":"2022-06-20T11:08:08+00:00","dateModified":"2022-06-20T11:10:57+00:00","mainEntityOfPage":{"@id":"https:\/\/challengeseconomiques.com\/?p=3567"},"wordCount":441,"image":{"@id":"https:\/\/challengeseconomiques.com\/?p=3567#primaryimage"},"thumbnailUrl":"https:\/\/challengeseconomiques.com\/wp-content\/uploads\/2022\/06\/Commerce-transfrontalier.webp","articleSection":["A la une","Infos \u00e9co"],"inLanguage":"fr-FR"},{"@type":"WebPage","@id":"https:\/\/challengeseconomiques.com\/?p=3567","url":"https:\/\/challengeseconomiques.com\/?p=3567","name":"Commerce transfrontalier : Atelier de formation des acteurs sur le m\u00e9canisme MAOC Administrateur 17 juin 2022 - challenges economiques","isPartOf":{"@id":"https:\/\/challengeseconomiques.com\/#website"},"primaryImageOfPage":{"@id":"https:\/\/challengeseconomiques.com\/?p=3567#primaryimage"},"image":{"@id":"https:\/\/challengeseconomiques.com\/?p=3567#primaryimage"},"thumbnailUrl":"https:\/\/challengeseconomiques.com\/wp-content\/uploads\/2022\/06\/Commerce-transfrontalier.webp","datePublished":"2022-06-20T11:08:08+00:00","dateModified":"2022-06-20T11:10:57+00:00","author":{"@id":"https:\/\/challengeseconomiques.com\/#\/schema\/person\/b4568c9afebc5a9238a771873801e349"},"breadcrumb":{"@id":"https:\/\/challengeseconomiques.com\/?p=3567#breadcrumb"},"inLanguage":"fr-FR","potentialAction":[{"@type":"ReadAction","target":["https:\/\/challengeseconomiques.com\/?p=3567"]}]},{"@type":"ImageObject","inLanguage":"fr-FR","@id":"https:\/\/challengeseconomiques.com\/?p=3567#primaryimage","url":"https:\/\/challengeseconomiques.com\/wp-content\/uploads\/2022\/06\/Commerce-transfrontalier.webp","contentUrl":"https:\/\/challengeseconomiques.com\/wp-content\/uploads\/2022\/06\/Commerce-transfrontalier.webp","width":850,"height":560},{"@type":"BreadcrumbList","@id":"https:\/\/challengeseconomiques.com\/?p=3567#breadcrumb","itemListElement":[{"@type":"ListItem","position":1,"name":"Home","item":"https:\/\/challengeseconomiques.com\/"},{"@type":"ListItem","position":2,"name":"Commerce transfrontalier : Atelier de formation des acteurs sur le m\u00e9canisme MAOC Administrateur 17 juin 2022"}]},{"@type":"WebSite","@id":"https:\/\/challengeseconomiques.com\/#website","url":"https:\/\/challengeseconomiques.com\/","name":"challenges economiques","description":"","potentialAction":[{"@type":"SearchAction","target":{"@type":"EntryPoint","urlTemplate":"https:\/\/challengeseconomiques.com\/?s={search_term_string}"},"query-input":{"@type":"PropertyValueSpecification","valueRequired":true,"valueName":"search_term_string"}}],"inLanguage":"fr-FR"},{"@type":"Person","@id":"https:\/\/challengeseconomiques.com\/#\/schema\/person\/b4568c9afebc5a9238a771873801e349","name":"admin","image":{"@type":"ImageObject","inLanguage":"fr-FR","@id":"https:\/\/challengeseconomiques.com\/#\/schema\/person\/image\/","url":"https:\/\/secure.gravatar.com\/avatar\/099e42240b5eea11acdb72751fcce0dd918603f0749d24974b7984ea47ed9fd9?s=96&d=mm&r=g","contentUrl":"https:\/\/secure.gravatar.com\/avatar\/099e42240b5eea11acdb72751fcce0dd918603f0749d24974b7984ea47ed9fd9?s=96&d=mm&r=g","caption":"admin"},"sameAs":["https:\/\/challengeseconomiques.com"],"url":"https:\/\/challengeseconomiques.com\/?author=1"}]}},"jetpack_featured_media_url":"https:\/\/challengeseconomiques.com\/wp-content\/uploads\/2022\/06\/Commerce-transfrontalier.webp","jetpack_sharing_enabled":true,"_links":{"self":[{"href":"https:\/\/challengeseconomiques.com\/index.php?rest_route=\/wp\/v2\/posts\/3567","targetHints":{"allow":["GET"]}}],"collection":[{"href":"https:\/\/challengeseconomiques.com\/index.php?rest_route=\/wp\/v2\/posts"}],"about":[{"href":"https:\/\/challengeseconomiques.com\/index.php?rest_route=\/wp\/v2\/types\/post"}],"author":[{"embeddable":true,"href":"https:\/\/challengeseconomiques.com\/index.php?rest_route=\/wp\/v2\/users\/1"}],"replies":[{"embeddable":true,"href":"https:\/\/challengeseconomiques.com\/index.php?rest_route=%2Fwp%2Fv2%2Fcomments&post=3567"}],"version-history":[{"count":3,"href":"https:\/\/challengeseconomiques.com\/index.php?rest_route=\/wp\/v2\/posts\/3567\/revisions"}],"predecessor-version":[{"id":3571,"href":"https:\/\/challengeseconomiques.com\/index.php?rest_route=\/wp\/v2\/posts\/3567\/revisions\/3571"}],"wp:featuredmedia":[{"embeddable":true,"href":"https:\/\/challengeseconomiques.com\/index.php?rest_route=\/wp\/v2\/media\/3568"}],"wp:attachment":[{"href":"https:\/\/challengeseconomiques.com\/index.php?rest_route=%2Fwp%2Fv2%2Fmedia&parent=3567"}],"wp:term":[{"taxonomy":"category","embeddable":true,"href":"https:\/\/challengeseconomiques.com\/index.php?rest_route=%2Fwp%2Fv2%2Fcategories&post=3567"},{"taxonomy":"post_tag","embeddable":true,"href":"https:\/\/challengeseconomiques.com\/index.php?rest_route=%2Fwp%2Fv2%2Ftags&post=3567"}],"curies":[{"name":"wp","href":"https:\/\/api.w.org\/{rel}","templated":true}]}}