{"id":3558,"date":"2022-06-17T12:20:48","date_gmt":"2022-06-17T12:20:48","guid":{"rendered":"https:\/\/challengeseconomiques.com\/?p=3558"},"modified":"2022-06-17T12:21:22","modified_gmt":"2022-06-17T12:21:22","slug":"le-coordonnateur-resident-du-systeme-des-nations-unies-appelle-a-la-mise-en-oeuvre-des-recommandations-du-rapport","status":"publish","type":"post","link":"https:\/\/challengeseconomiques.com\/?p=3558","title":{"rendered":"Le Coordonnateur r\u00e9sident du syst\u00e8me des nations unies appelle \u00e0 la mise en \u0153uvre des recommandations du rapport"},"content":{"rendered":"<p><strong>Le ministre de l\u2019\u00e9conomie du plan et de la coop\u00e9ration du S\u00e9n\u00e9gal a pr\u00e9sid\u00e9, le jeudi 16 juin 2022, en compagnie du coordonnateur r\u00e9sident du syst\u00e8me des nation unies au S\u00e9n\u00e9gal et du pr\u00e9sident de la commission de la soci\u00e9t\u00e9 civile, la c\u00e9r\u00e9monie d\u2019ouverture de l\u2019atelier de validation politique du rapport 2022 de la revue nationale volontaire. <\/strong><\/p>\n<p>Lors de cette c\u00e9r\u00e9monie qui s\u2019est tenu dans un h\u00f4tel de la place, le Coordonnateur r\u00e9sident du syst\u00e8me des nations au S\u00e9n\u00e9gal, Siaka Coulibaly a rappel\u00e9 que ce rapport n\u2019est pas une fin en soi. Allant plus loin, il a appel\u00e9 les autorit\u00e9s gouvernementales &nbsp;\u00e0 une application effective des recommandations issues du rapport. Un document dont Siaka Coulibaly par ailleurs &nbsp;pr\u00e9sident du groupe des 50 &nbsp;s \u2018est &nbsp;r\u00e9joui de &nbsp;l\u2019approche participative qui a guid\u00e9&nbsp; son \u00e9laboration, &nbsp;&nbsp;avec a-t-il tenu \u00e0 pr\u00e9ciser un fort consens.<\/p>\n<p>Ce sentiment est &nbsp;partag\u00e9 par le pr\u00e9sident de la Commission &nbsp;des organisations de la soci\u00e9t\u00e9 civile, Ibrahima Fall. Ce dernier a salu\u00e9 cette attitude \u00ab&nbsp;inclusive&nbsp;\u00bb du gouvernement et a appr\u00e9ci\u00e9 positivement la qualit\u00e9 du partenariat que le gouvernement d\u00e9veloppe avec la soci\u00e9t\u00e9 civile. M. Fall a en outre remerci\u00e9 le gouvernement pour le soutien qu\u2019il&nbsp; apporte \u00e0 la soci\u00e9t\u00e9 civile \u00e0 travers l\u2019Unit\u00e9 de suivi et de coordination des politiques \u00e9conomiques (USCPE).<\/p>\n<p>Prenant &nbsp;la parole, Amadou Hott le ministre de l\u2019\u00e9conomie du S\u00e9n\u00e9gal a rappel\u00e9 que le S\u00e9n\u00e9gal s\u2019est volontairement engag\u00e9, \u00e0 l\u2019instar de la communaut\u00e9 internationale, \u00e0 rendre compte, p\u00e9riodiquement, de l\u2019\u00e9tat d\u2019avancement de la mise en \u0153uvre des ODD. Notre pays, comme les autres a indiqu\u00e9 Amadou Hott &nbsp;devra \u00e9galement faire le point sur les progr\u00e8s r\u00e9alis\u00e9s, conform\u00e9ment aux objectifs de l\u2019agenda 2030, lors du Forum politique de haut niveau sur le d\u00e9veloppement durable (FPHN).<\/p>\n<p>C\u2019est a-t-il pr\u00e9cis\u00e9 dans ce cadre que le pr\u00e9sent rapport est \u00e9labor\u00e9. Le ministre de l\u2019\u00e9conomie a expliqu\u00e9 que le rapport est le fruit d\u2019une franche collaboration entre les services \u00e9tatiques centraux et d\u00e9concentr\u00e9s, le Syst\u00e8me des Nations Unies au S\u00e9n\u00e9gal, les Organisations de la soci\u00e9t\u00e9 civile, le Secteur priv\u00e9, les Elus locaux et l\u2019ensemble des autres acteurs au d\u00e9veloppement.<\/p>\n<p>M.Hott a donn\u00e9 des assurances sur le sort qui sera r\u00e9serv\u00e9 \u00e0 ce rapport en d\u00e9clarant devant les participants \u00e0 cet atelier que l\u2019engagement du S\u00e9n\u00e9gal pour la r\u00e9ussite de la mise en \u0153uvre et le suivi des ODD s\u2019est tr\u00e8s t\u00f4t manifest\u00e9, \u00e0 travers une approche participative, inclusive et it\u00e9rative. C\u2019est ainsi a-t-il indiqu\u00e9 depuis 2016, nous suivons annuellement l\u2019\u00e9tat d\u2019avancement des ODD, \u00e0 travers la Revue annuelle conjointe (RAC). Selon Amadou Hott, la d\u00e9marche holistique choisie par le gouvernement du S\u00e9n\u00e9gal a permis d\u2019int\u00e9grer et d\u2019aligner plus de 95% des cibles ODD dans le Plan d\u2019actions prioritaires du Plan S\u00e9n\u00e9gal Emergent (PSE).<\/p>\n<p>Il a rappel\u00e9 \u00e0 l\u2019assistance que malgr\u00e9 &nbsp;ces r\u00e9sultats positifs, des d\u00e9fis majeurs restent \u00e0 relever pour l\u2019atteinte des OD<\/p>\n","protected":false},"excerpt":{"rendered":"<p>Le ministre de l\u2019\u00e9conomie du plan et de la coop\u00e9ration du S\u00e9n\u00e9gal a pr\u00e9sid\u00e9, le jeudi 16 juin 2022, en compagnie du coordonnateur r\u00e9sident du&#8230;<\/p>\n","protected":false},"author":3,"featured_media":3559,"comment_status":"closed","ping_status":"open","sticky":false,"template":"","format":"standard","meta":{"_jetpack_memberships_contains_paid_content":false,"footnotes":""},"categories":[23,10],"tags":[],"class_list":["post-3558","post","type-post","status-publish","format-standard","has-post-thumbnail","hentry","category-a-la-une","category-infos-eco","wpcat-23-id","wpcat-10-id"],"yoast_head":"<!-- This site is optimized with the Yoast SEO plugin v27.1.1 - https:\/\/yoast.com\/product\/yoast-seo-wordpress\/ -->\n<title>Le Coordonnateur r\u00e9sident du syst\u00e8me des nations unies appelle \u00e0 la mise en \u0153uvre des recommandations du rapport - challenges economiques<\/title>\n<meta name=\"robots\" content=\"index, follow, max-snippet:-1, max-image-preview:large, max-video-preview:-1\" \/>\n<link rel=\"canonical\" href=\"https:\/\/challengeseconomiques.com\/?p=3558\" \/>\n<meta property=\"og:locale\" content=\"fr_FR\" \/>\n<meta property=\"og:type\" content=\"article\" \/>\n<meta property=\"og:title\" content=\"Le Coordonnateur r\u00e9sident du syst\u00e8me des nations unies appelle \u00e0 la mise en \u0153uvre des recommandations du rapport - challenges economiques\" \/>\n<meta property=\"og:description\" content=\"Le ministre de l\u2019\u00e9conomie du plan et de la coop\u00e9ration du S\u00e9n\u00e9gal a pr\u00e9sid\u00e9, le jeudi 16 juin 2022, en compagnie du coordonnateur r\u00e9sident du...\" \/>\n<meta property=\"og:url\" content=\"https:\/\/challengeseconomiques.com\/?p=3558\" \/>\n<meta property=\"og:site_name\" content=\"challenges economiques\" \/>\n<meta property=\"article:published_time\" content=\"2022-06-17T12:20:48+00:00\" \/>\n<meta property=\"article:modified_time\" content=\"2022-06-17T12:21:22+00:00\" \/>\n<meta property=\"og:image\" content=\"https:\/\/challengeseconomiques.com\/wp-content\/uploads\/2022\/06\/revue.jpg\" \/>\n\t<meta property=\"og:image:width\" content=\"1280\" \/>\n\t<meta property=\"og:image:height\" content=\"718\" \/>\n\t<meta property=\"og:image:type\" content=\"image\/jpeg\" \/>\n<meta name=\"author\" content=\"aliou kane ndiaye\" \/>\n<meta name=\"twitter:card\" content=\"summary_large_image\" \/>\n<meta name=\"twitter:label1\" content=\"\u00c9crit par\" \/>\n\t<meta name=\"twitter:data1\" content=\"aliou kane ndiaye\" \/>\n\t<meta name=\"twitter:label2\" content=\"Dur\u00e9e de lecture estim\u00e9e\" \/>\n\t<meta name=\"twitter:data2\" content=\"3 minutes\" \/>\n<script type=\"application\/ld+json\" class=\"yoast-schema-graph\">{\"@context\":\"https:\/\/schema.org\",\"@graph\":[{\"@type\":\"Article\",\"@id\":\"https:\/\/challengeseconomiques.com\/?p=3558#article\",\"isPartOf\":{\"@id\":\"https:\/\/challengeseconomiques.com\/?p=3558\"},\"author\":{\"name\":\"aliou kane ndiaye\",\"@id\":\"https:\/\/challengeseconomiques.com\/#\/schema\/person\/2f70a31e102db1741c1a1c00c2bbd8a6\"},\"headline\":\"Le Coordonnateur r\u00e9sident du syst\u00e8me des nations unies appelle \u00e0 la mise en \u0153uvre des recommandations du rapport\",\"datePublished\":\"2022-06-17T12:20:48+00:00\",\"dateModified\":\"2022-06-17T12:21:22+00:00\",\"mainEntityOfPage\":{\"@id\":\"https:\/\/challengeseconomiques.com\/?p=3558\"},\"wordCount\":581,\"image\":{\"@id\":\"https:\/\/challengeseconomiques.com\/?p=3558#primaryimage\"},\"thumbnailUrl\":\"https:\/\/challengeseconomiques.com\/wp-content\/uploads\/2022\/06\/revue.jpg\",\"articleSection\":[\"A la une\",\"Infos \u00e9co\"],\"inLanguage\":\"fr-FR\"},{\"@type\":\"WebPage\",\"@id\":\"https:\/\/challengeseconomiques.com\/?p=3558\",\"url\":\"https:\/\/challengeseconomiques.com\/?p=3558\",\"name\":\"Le Coordonnateur r\u00e9sident du syst\u00e8me des nations unies appelle \u00e0 la mise en \u0153uvre des recommandations du rapport - challenges economiques\",\"isPartOf\":{\"@id\":\"https:\/\/challengeseconomiques.com\/#website\"},\"primaryImageOfPage\":{\"@id\":\"https:\/\/challengeseconomiques.com\/?p=3558#primaryimage\"},\"image\":{\"@id\":\"https:\/\/challengeseconomiques.com\/?p=3558#primaryimage\"},\"thumbnailUrl\":\"https:\/\/challengeseconomiques.com\/wp-content\/uploads\/2022\/06\/revue.jpg\",\"datePublished\":\"2022-06-17T12:20:48+00:00\",\"dateModified\":\"2022-06-17T12:21:22+00:00\",\"author\":{\"@id\":\"https:\/\/challengeseconomiques.com\/#\/schema\/person\/2f70a31e102db1741c1a1c00c2bbd8a6\"},\"breadcrumb\":{\"@id\":\"https:\/\/challengeseconomiques.com\/?p=3558#breadcrumb\"},\"inLanguage\":\"fr-FR\",\"potentialAction\":[{\"@type\":\"ReadAction\",\"target\":[\"https:\/\/challengeseconomiques.com\/?p=3558\"]}]},{\"@type\":\"ImageObject\",\"inLanguage\":\"fr-FR\",\"@id\":\"https:\/\/challengeseconomiques.com\/?p=3558#primaryimage\",\"url\":\"https:\/\/challengeseconomiques.com\/wp-content\/uploads\/2022\/06\/revue.jpg\",\"contentUrl\":\"https:\/\/challengeseconomiques.com\/wp-content\/uploads\/2022\/06\/revue.jpg\",\"width\":1280,\"height\":718},{\"@type\":\"BreadcrumbList\",\"@id\":\"https:\/\/challengeseconomiques.com\/?p=3558#breadcrumb\",\"itemListElement\":[{\"@type\":\"ListItem\",\"position\":1,\"name\":\"Home\",\"item\":\"https:\/\/challengeseconomiques.com\/\"},{\"@type\":\"ListItem\",\"position\":2,\"name\":\"Le Coordonnateur r\u00e9sident du syst\u00e8me des nations unies appelle \u00e0 la mise en \u0153uvre des recommandations du rapport\"}]},{\"@type\":\"WebSite\",\"@id\":\"https:\/\/challengeseconomiques.com\/#website\",\"url\":\"https:\/\/challengeseconomiques.com\/\",\"name\":\"challenges economiques\",\"description\":\"\",\"potentialAction\":[{\"@type\":\"SearchAction\",\"target\":{\"@type\":\"EntryPoint\",\"urlTemplate\":\"https:\/\/challengeseconomiques.com\/?s={search_term_string}\"},\"query-input\":{\"@type\":\"PropertyValueSpecification\",\"valueRequired\":true,\"valueName\":\"search_term_string\"}}],\"inLanguage\":\"fr-FR\"},{\"@type\":\"Person\",\"@id\":\"https:\/\/challengeseconomiques.com\/#\/schema\/person\/2f70a31e102db1741c1a1c00c2bbd8a6\",\"name\":\"aliou kane ndiaye\",\"image\":{\"@type\":\"ImageObject\",\"inLanguage\":\"fr-FR\",\"@id\":\"https:\/\/challengeseconomiques.com\/#\/schema\/person\/image\/\",\"url\":\"https:\/\/secure.gravatar.com\/avatar\/df942321e58711a9f1fee838e446766660477bacd4b42fa20400d2c7cf4da7ca?s=96&d=mm&r=g\",\"contentUrl\":\"https:\/\/secure.gravatar.com\/avatar\/df942321e58711a9f1fee838e446766660477bacd4b42fa20400d2c7cf4da7ca?s=96&d=mm&r=g\",\"caption\":\"aliou kane ndiaye\"},\"sameAs\":[\"http:\/\/www.challengeseconomiques.com\"],\"url\":\"https:\/\/challengeseconomiques.com\/?author=3\"}]}<\/script>\n<!-- \/ Yoast SEO plugin. -->","yoast_head_json":{"title":"Le Coordonnateur r\u00e9sident du syst\u00e8me des nations unies appelle \u00e0 la mise en \u0153uvre des recommandations du rapport - challenges economiques","robots":{"index":"index","follow":"follow","max-snippet":"max-snippet:-1","max-image-preview":"max-image-preview:large","max-video-preview":"max-video-preview:-1"},"canonical":"https:\/\/challengeseconomiques.com\/?p=3558","og_locale":"fr_FR","og_type":"article","og_title":"Le Coordonnateur r\u00e9sident du syst\u00e8me des nations unies appelle \u00e0 la mise en \u0153uvre des recommandations du rapport - challenges economiques","og_description":"Le ministre de l\u2019\u00e9conomie du plan et de la coop\u00e9ration du S\u00e9n\u00e9gal a pr\u00e9sid\u00e9, le jeudi 16 juin 2022, en compagnie du coordonnateur r\u00e9sident du...","og_url":"https:\/\/challengeseconomiques.com\/?p=3558","og_site_name":"challenges economiques","article_published_time":"2022-06-17T12:20:48+00:00","article_modified_time":"2022-06-17T12:21:22+00:00","og_image":[{"width":1280,"height":718,"url":"https:\/\/challengeseconomiques.com\/wp-content\/uploads\/2022\/06\/revue.jpg","type":"image\/jpeg"}],"author":"aliou kane ndiaye","twitter_card":"summary_large_image","twitter_misc":{"\u00c9crit par":"aliou kane ndiaye","Dur\u00e9e de lecture estim\u00e9e":"3 minutes"},"schema":{"@context":"https:\/\/schema.org","@graph":[{"@type":"Article","@id":"https:\/\/challengeseconomiques.com\/?p=3558#article","isPartOf":{"@id":"https:\/\/challengeseconomiques.com\/?p=3558"},"author":{"name":"aliou kane ndiaye","@id":"https:\/\/challengeseconomiques.com\/#\/schema\/person\/2f70a31e102db1741c1a1c00c2bbd8a6"},"headline":"Le Coordonnateur r\u00e9sident du syst\u00e8me des nations unies appelle \u00e0 la mise en \u0153uvre des recommandations du rapport","datePublished":"2022-06-17T12:20:48+00:00","dateModified":"2022-06-17T12:21:22+00:00","mainEntityOfPage":{"@id":"https:\/\/challengeseconomiques.com\/?p=3558"},"wordCount":581,"image":{"@id":"https:\/\/challengeseconomiques.com\/?p=3558#primaryimage"},"thumbnailUrl":"https:\/\/challengeseconomiques.com\/wp-content\/uploads\/2022\/06\/revue.jpg","articleSection":["A la une","Infos \u00e9co"],"inLanguage":"fr-FR"},{"@type":"WebPage","@id":"https:\/\/challengeseconomiques.com\/?p=3558","url":"https:\/\/challengeseconomiques.com\/?p=3558","name":"Le Coordonnateur r\u00e9sident du syst\u00e8me des nations unies appelle \u00e0 la mise en \u0153uvre des recommandations du rapport - challenges economiques","isPartOf":{"@id":"https:\/\/challengeseconomiques.com\/#website"},"primaryImageOfPage":{"@id":"https:\/\/challengeseconomiques.com\/?p=3558#primaryimage"},"image":{"@id":"https:\/\/challengeseconomiques.com\/?p=3558#primaryimage"},"thumbnailUrl":"https:\/\/challengeseconomiques.com\/wp-content\/uploads\/2022\/06\/revue.jpg","datePublished":"2022-06-17T12:20:48+00:00","dateModified":"2022-06-17T12:21:22+00:00","author":{"@id":"https:\/\/challengeseconomiques.com\/#\/schema\/person\/2f70a31e102db1741c1a1c00c2bbd8a6"},"breadcrumb":{"@id":"https:\/\/challengeseconomiques.com\/?p=3558#breadcrumb"},"inLanguage":"fr-FR","potentialAction":[{"@type":"ReadAction","target":["https:\/\/challengeseconomiques.com\/?p=3558"]}]},{"@type":"ImageObject","inLanguage":"fr-FR","@id":"https:\/\/challengeseconomiques.com\/?p=3558#primaryimage","url":"https:\/\/challengeseconomiques.com\/wp-content\/uploads\/2022\/06\/revue.jpg","contentUrl":"https:\/\/challengeseconomiques.com\/wp-content\/uploads\/2022\/06\/revue.jpg","width":1280,"height":718},{"@type":"BreadcrumbList","@id":"https:\/\/challengeseconomiques.com\/?p=3558#breadcrumb","itemListElement":[{"@type":"ListItem","position":1,"name":"Home","item":"https:\/\/challengeseconomiques.com\/"},{"@type":"ListItem","position":2,"name":"Le Coordonnateur r\u00e9sident du syst\u00e8me des nations unies appelle \u00e0 la mise en \u0153uvre des recommandations du rapport"}]},{"@type":"WebSite","@id":"https:\/\/challengeseconomiques.com\/#website","url":"https:\/\/challengeseconomiques.com\/","name":"challenges economiques","description":"","potentialAction":[{"@type":"SearchAction","target":{"@type":"EntryPoint","urlTemplate":"https:\/\/challengeseconomiques.com\/?s={search_term_string}"},"query-input":{"@type":"PropertyValueSpecification","valueRequired":true,"valueName":"search_term_string"}}],"inLanguage":"fr-FR"},{"@type":"Person","@id":"https:\/\/challengeseconomiques.com\/#\/schema\/person\/2f70a31e102db1741c1a1c00c2bbd8a6","name":"aliou kane ndiaye","image":{"@type":"ImageObject","inLanguage":"fr-FR","@id":"https:\/\/challengeseconomiques.com\/#\/schema\/person\/image\/","url":"https:\/\/secure.gravatar.com\/avatar\/df942321e58711a9f1fee838e446766660477bacd4b42fa20400d2c7cf4da7ca?s=96&d=mm&r=g","contentUrl":"https:\/\/secure.gravatar.com\/avatar\/df942321e58711a9f1fee838e446766660477bacd4b42fa20400d2c7cf4da7ca?s=96&d=mm&r=g","caption":"aliou kane ndiaye"},"sameAs":["http:\/\/www.challengeseconomiques.com"],"url":"https:\/\/challengeseconomiques.com\/?author=3"}]}},"jetpack_featured_media_url":"https:\/\/challengeseconomiques.com\/wp-content\/uploads\/2022\/06\/revue.jpg","jetpack_sharing_enabled":true,"_links":{"self":[{"href":"https:\/\/challengeseconomiques.com\/index.php?rest_route=\/wp\/v2\/posts\/3558","targetHints":{"allow":["GET"]}}],"collection":[{"href":"https:\/\/challengeseconomiques.com\/index.php?rest_route=\/wp\/v2\/posts"}],"about":[{"href":"https:\/\/challengeseconomiques.com\/index.php?rest_route=\/wp\/v2\/types\/post"}],"author":[{"embeddable":true,"href":"https:\/\/challengeseconomiques.com\/index.php?rest_route=\/wp\/v2\/users\/3"}],"replies":[{"embeddable":true,"href":"https:\/\/challengeseconomiques.com\/index.php?rest_route=%2Fwp%2Fv2%2Fcomments&post=3558"}],"version-history":[{"count":2,"href":"https:\/\/challengeseconomiques.com\/index.php?rest_route=\/wp\/v2\/posts\/3558\/revisions"}],"predecessor-version":[{"id":3561,"href":"https:\/\/challengeseconomiques.com\/index.php?rest_route=\/wp\/v2\/posts\/3558\/revisions\/3561"}],"wp:featuredmedia":[{"embeddable":true,"href":"https:\/\/challengeseconomiques.com\/index.php?rest_route=\/wp\/v2\/media\/3559"}],"wp:attachment":[{"href":"https:\/\/challengeseconomiques.com\/index.php?rest_route=%2Fwp%2Fv2%2Fmedia&parent=3558"}],"wp:term":[{"taxonomy":"category","embeddable":true,"href":"https:\/\/challengeseconomiques.com\/index.php?rest_route=%2Fwp%2Fv2%2Fcategories&post=3558"},{"taxonomy":"post_tag","embeddable":true,"href":"https:\/\/challengeseconomiques.com\/index.php?rest_route=%2Fwp%2Fv2%2Ftags&post=3558"}],"curies":[{"name":"wp","href":"https:\/\/api.w.org\/{rel}","templated":true}]}}