{"id":3551,"date":"2022-06-16T21:58:15","date_gmt":"2022-06-16T21:58:15","guid":{"rendered":"https:\/\/challengeseconomiques.com\/?p=3551"},"modified":"2022-06-16T21:59:35","modified_gmt":"2022-06-16T21:59:35","slug":"ouverture-des-assemblees-annuelles-dafreximbank-2022-au-caire","status":"publish","type":"post","link":"https:\/\/challengeseconomiques.com\/?p=3551","title":{"rendered":"Ouverture des assembl\u00e9es annuelles d&rsquo;Afreximbank 2022 au Caire"},"content":{"rendered":"<p><strong>\u00ab\u00a0Les probl\u00e8mes de l&rsquo;Afrique doivent \u00eatre r\u00e9solus par les Africains\u00a0\u00bb, a d\u00e9clar\u00e9 le professeur Benedict Oramah, &nbsp;pr\u00e9sident du conseil d&rsquo;administration de la Banque africaine d&rsquo;import-export (Afreximbank), aux participants au d\u00e9but des 29<sup>\u00e8me<\/sup> &nbsp;assembl\u00e9es annuelles d&rsquo;Afreximbank (AAM2022) au Caire.<\/strong><\/p>\n<p>Dans une d\u00e9claration liminaire au Centre de congr\u00e8s St. Regis Alamsa dans la nouvelle capitale \u00e9gyptienne, le professeur Oramah a d\u00e9clar\u00e9 qu&rsquo;Afreximbank \u00e9tait intervenue pour aider le continent \u00e0 mettre en \u0153uvre des solutions africaines en des temps difficiles, certaines avec le soutien d&rsquo;autres partenaires de d\u00e9veloppement et d&rsquo;institutions africaines.<\/p>\n<p>Il a affirm\u00e9 qu&rsquo;avec la cr\u00e9ation de l&rsquo;African Vaccine Trust (AVAT), qui a permis aux \u00c9tats membres de l&rsquo;Union africaine (UA) de se procurer 400 millions de doses du vaccin Johnson and Johnson pour lutter contre la propagation de la pand\u00e9mie de COVID-19 , par le biais de l&rsquo;\u00e9quipe de travail sur l&rsquo;acquisition de vaccins en Afrique (AVATT) de l&rsquo;UA, l&rsquo;id\u00e9e que l&rsquo;Afrique ne peut pas se relever a \u00e9t\u00e9 d\u00e9mystifi\u00e9e.<\/p>\n<p>\u00ab Nous nous tenons sur le pi\u00e9destal du travail accompli ici pour dire que nous pouvons si nous osons \u00bb, a d\u00e9clar\u00e9 le pr\u00e9sident Oramah.<\/p>\n<p>Il a f\u00e9licit\u00e9 la r\u00e9silience du continent pendant les p\u00e9riodes difficiles provoqu\u00e9es par la pand\u00e9mie de Covid 19, affirmant que les histoires positives \u00e9manant de pays particuliers comme l&rsquo;\u00c9gypte, qui avaient investi plus de 62 milliards de dollars am\u00e9ricains au cours des six derni\u00e8res ann\u00e9es dans une transformation massive des infrastructures, \u00e9taient une manifestation de la capacit\u00e9 du continent \u00e0 r\u00e9aliser tout ce qu&rsquo;il souhaitait pour son peuple.<\/p>\n<p>\u00ab Nonobstant la fr\u00e9quence accrue des crises, nous ne devons pas perdre de vue les d\u00e9fis fondamentaux que l&rsquo;Afrique doit r\u00e9soudre. Nous ne pouvons plus accepter qu&rsquo;apr\u00e8s 60 ans d&rsquo;ind\u00e9pendance, l&rsquo;Afrique reste fragment\u00e9e financi\u00e8rement et \u00e9conomiquement. Nous ne pouvons plus continuer \u00e0 \u00e9pouser les avantages d&rsquo;un continent int\u00e9gr\u00e9 mais faire peu pour y parvenir \u00bb, a d\u00e9clar\u00e9 le professeur Oramah.<\/p>\n<p>Concernant la crise ukrainienne en cours, le professeur Oramah a appr\u00e9ci\u00e9 les nouveaux d\u00e9fis pos\u00e9s \u00e0 l&rsquo;Afrique, notamment les difficult\u00e9s d&rsquo;acc\u00e8s aux c\u00e9r\u00e9ales, aux engrais et aux produits p\u00e9troliers, et a not\u00e9 qu&rsquo;Afreximbank \u00e9tait intervenue avec le programme de financement du commerce d&rsquo;ajustement \u00e0 la crise ukrainienne de 4 milliards de dollars am\u00e9ricains pour l&rsquo;Afrique (UKAFPA) pour aider les pays \u00e0 contenir les impacts \u00e0 court terme de la crise.<\/p>\n<p>Il a appel\u00e9 \u00e0 un engagement accru de la part de ses actionnaires envers la Banque, affirmant qu&rsquo;une Afreximbank plus forte pourrait \u00eatre l&rsquo;un des piliers solides sur lesquels le d\u00e9veloppement de l&rsquo;Afrique pourrait \u00eatre construit.<\/p>\n<p>Le professeur Oramah a annonc\u00e9 qu\u2019en 2021, Afreximbank, par l&rsquo;interm\u00e9diaire de sa division du commerce intra-africain, avait d\u00e9bours\u00e9 environ 20 milliards de dollars am\u00e9ricains pour soutenir le commerce et les investissements intra-africains, avec des plans pour d\u00e9bourser 40 milliards de dollars am\u00e9ricains suppl\u00e9mentaires au cours des cinq prochaines ann\u00e9es. Cela avait fait passer la part du commerce intra-africain du portefeuille de la Banque de 3 % en 2016 \u00e0 environ 27 % en 2021 et avait permis aux entrepreneurs africains de soumissionner pour des projets li\u00e9s aux infrastructures africaines.<\/p>\n<p>L&rsquo;AAM2022, &nbsp;se d\u00e9roule jusqu&rsquo;au samedi 18 juin 2022, &nbsp;sous le th\u00e8me \u00ab\u00a0R\u00e9aliser le potentiel de l&rsquo;AfCFTA dans l&rsquo;\u00e8re post-Covid-19 en tirant parti du pouvoir de la jeunesse\u00a0\u00bb.<\/p>\n<p>Les sessions comprendront les r\u00e9unions du Groupe consultatif sur le financement du commerce et le d\u00e9veloppement des exportations en Afrique et l&rsquo;Assembl\u00e9e g\u00e9n\u00e9rale annuelle des actionnaires de la Banque, compl\u00e9t\u00e9es par un programme complet de s\u00e9minaires et de s\u00e9ances pl\u00e9ni\u00e8res pr\u00e9sentant les points de vue de ministres de haut rang, de hauts dirigeants d&rsquo;entreprises internationales et continentales, des organisations et des autorit\u00e9s, des capitaines d&rsquo;industrie et des \u00e9conomistes de premier plan, entre autres.<\/p>\n<p>Les r\u00e9unions sont suivies par des chefs d&rsquo;entreprise et politiques, des professionnels du secteur bancaire, des praticiens du commerce et du financement du commerce et d&rsquo;autres parties impliqu\u00e9es dans le d\u00e9veloppement \u00e9conomique de toute l&rsquo;Afrique et au-del\u00e0. Les Rencontres ont \u00e9t\u00e9 class\u00e9es parmi les plus importants rassemblements de d\u00e9cideurs \u00e9conomiques en Afrique.<\/p>\n<p>&nbsp;<\/p>\n","protected":false},"excerpt":{"rendered":"<p>\u00ab\u00a0Les probl\u00e8mes de l&rsquo;Afrique doivent \u00eatre r\u00e9solus par les Africains\u00a0\u00bb, a d\u00e9clar\u00e9 le professeur Benedict Oramah, &nbsp;pr\u00e9sident du conseil d&rsquo;administration de la Banque africaine d&rsquo;import-export&#8230;<\/p>\n","protected":false},"author":1,"featured_media":3553,"comment_status":"closed","ping_status":"open","sticky":false,"template":"","format":"standard","meta":{"_jetpack_memberships_contains_paid_content":false,"footnotes":""},"categories":[23,10],"tags":[],"class_list":["post-3551","post","type-post","status-publish","format-standard","has-post-thumbnail","hentry","category-a-la-une","category-infos-eco","wpcat-23-id","wpcat-10-id"],"yoast_head":"<!-- This site is optimized with the Yoast SEO plugin v27.1.1 - https:\/\/yoast.com\/product\/yoast-seo-wordpress\/ -->\n<title>Ouverture des assembl\u00e9es annuelles d&#039;Afreximbank 2022 au Caire - challenges economiques<\/title>\n<meta name=\"robots\" content=\"index, follow, max-snippet:-1, max-image-preview:large, max-video-preview:-1\" \/>\n<link rel=\"canonical\" href=\"https:\/\/challengeseconomiques.com\/?p=3551\" \/>\n<meta property=\"og:locale\" content=\"fr_FR\" \/>\n<meta property=\"og:type\" content=\"article\" \/>\n<meta property=\"og:title\" content=\"Ouverture des assembl\u00e9es annuelles d&#039;Afreximbank 2022 au Caire - challenges economiques\" \/>\n<meta property=\"og:description\" content=\"\u00ab\u00a0Les probl\u00e8mes de l&rsquo;Afrique doivent \u00eatre r\u00e9solus par les Africains\u00a0\u00bb, a d\u00e9clar\u00e9 le professeur Benedict Oramah, &nbsp;pr\u00e9sident du conseil d&rsquo;administration de la Banque africaine d&rsquo;import-export...\" \/>\n<meta property=\"og:url\" content=\"https:\/\/challengeseconomiques.com\/?p=3551\" \/>\n<meta property=\"og:site_name\" content=\"challenges economiques\" \/>\n<meta property=\"article:published_time\" content=\"2022-06-16T21:58:15+00:00\" \/>\n<meta property=\"article:modified_time\" content=\"2022-06-16T21:59:35+00:00\" \/>\n<meta property=\"og:image\" content=\"https:\/\/challengeseconomiques.com\/wp-content\/uploads\/2022\/06\/omnara2.jpg\" \/>\n\t<meta property=\"og:image:width\" content=\"1600\" \/>\n\t<meta property=\"og:image:height\" content=\"1066\" \/>\n\t<meta property=\"og:image:type\" content=\"image\/jpeg\" \/>\n<meta name=\"author\" content=\"admin\" \/>\n<meta name=\"twitter:card\" content=\"summary_large_image\" \/>\n<meta name=\"twitter:label1\" content=\"\u00c9crit par\" \/>\n\t<meta name=\"twitter:data1\" content=\"admin\" \/>\n\t<meta name=\"twitter:label2\" content=\"Dur\u00e9e de lecture estim\u00e9e\" \/>\n\t<meta name=\"twitter:data2\" content=\"4 minutes\" \/>\n<script type=\"application\/ld+json\" class=\"yoast-schema-graph\">{\"@context\":\"https:\/\/schema.org\",\"@graph\":[{\"@type\":\"Article\",\"@id\":\"https:\/\/challengeseconomiques.com\/?p=3551#article\",\"isPartOf\":{\"@id\":\"https:\/\/challengeseconomiques.com\/?p=3551\"},\"author\":{\"name\":\"admin\",\"@id\":\"https:\/\/challengeseconomiques.com\/#\/schema\/person\/b4568c9afebc5a9238a771873801e349\"},\"headline\":\"Ouverture des assembl\u00e9es annuelles d&rsquo;Afreximbank 2022 au Caire\",\"datePublished\":\"2022-06-16T21:58:15+00:00\",\"dateModified\":\"2022-06-16T21:59:35+00:00\",\"mainEntityOfPage\":{\"@id\":\"https:\/\/challengeseconomiques.com\/?p=3551\"},\"wordCount\":760,\"image\":{\"@id\":\"https:\/\/challengeseconomiques.com\/?p=3551#primaryimage\"},\"thumbnailUrl\":\"https:\/\/challengeseconomiques.com\/wp-content\/uploads\/2022\/06\/omnara2.jpg\",\"articleSection\":[\"A la une\",\"Infos \u00e9co\"],\"inLanguage\":\"fr-FR\"},{\"@type\":\"WebPage\",\"@id\":\"https:\/\/challengeseconomiques.com\/?p=3551\",\"url\":\"https:\/\/challengeseconomiques.com\/?p=3551\",\"name\":\"Ouverture des assembl\u00e9es annuelles d'Afreximbank 2022 au Caire - challenges economiques\",\"isPartOf\":{\"@id\":\"https:\/\/challengeseconomiques.com\/#website\"},\"primaryImageOfPage\":{\"@id\":\"https:\/\/challengeseconomiques.com\/?p=3551#primaryimage\"},\"image\":{\"@id\":\"https:\/\/challengeseconomiques.com\/?p=3551#primaryimage\"},\"thumbnailUrl\":\"https:\/\/challengeseconomiques.com\/wp-content\/uploads\/2022\/06\/omnara2.jpg\",\"datePublished\":\"2022-06-16T21:58:15+00:00\",\"dateModified\":\"2022-06-16T21:59:35+00:00\",\"author\":{\"@id\":\"https:\/\/challengeseconomiques.com\/#\/schema\/person\/b4568c9afebc5a9238a771873801e349\"},\"breadcrumb\":{\"@id\":\"https:\/\/challengeseconomiques.com\/?p=3551#breadcrumb\"},\"inLanguage\":\"fr-FR\",\"potentialAction\":[{\"@type\":\"ReadAction\",\"target\":[\"https:\/\/challengeseconomiques.com\/?p=3551\"]}]},{\"@type\":\"ImageObject\",\"inLanguage\":\"fr-FR\",\"@id\":\"https:\/\/challengeseconomiques.com\/?p=3551#primaryimage\",\"url\":\"https:\/\/challengeseconomiques.com\/wp-content\/uploads\/2022\/06\/omnara2.jpg\",\"contentUrl\":\"https:\/\/challengeseconomiques.com\/wp-content\/uploads\/2022\/06\/omnara2.jpg\",\"width\":1600,\"height\":1066},{\"@type\":\"BreadcrumbList\",\"@id\":\"https:\/\/challengeseconomiques.com\/?p=3551#breadcrumb\",\"itemListElement\":[{\"@type\":\"ListItem\",\"position\":1,\"name\":\"Home\",\"item\":\"https:\/\/challengeseconomiques.com\/\"},{\"@type\":\"ListItem\",\"position\":2,\"name\":\"Ouverture des assembl\u00e9es annuelles d&rsquo;Afreximbank 2022 au Caire\"}]},{\"@type\":\"WebSite\",\"@id\":\"https:\/\/challengeseconomiques.com\/#website\",\"url\":\"https:\/\/challengeseconomiques.com\/\",\"name\":\"challenges economiques\",\"description\":\"\",\"potentialAction\":[{\"@type\":\"SearchAction\",\"target\":{\"@type\":\"EntryPoint\",\"urlTemplate\":\"https:\/\/challengeseconomiques.com\/?s={search_term_string}\"},\"query-input\":{\"@type\":\"PropertyValueSpecification\",\"valueRequired\":true,\"valueName\":\"search_term_string\"}}],\"inLanguage\":\"fr-FR\"},{\"@type\":\"Person\",\"@id\":\"https:\/\/challengeseconomiques.com\/#\/schema\/person\/b4568c9afebc5a9238a771873801e349\",\"name\":\"admin\",\"image\":{\"@type\":\"ImageObject\",\"inLanguage\":\"fr-FR\",\"@id\":\"https:\/\/challengeseconomiques.com\/#\/schema\/person\/image\/\",\"url\":\"https:\/\/secure.gravatar.com\/avatar\/099e42240b5eea11acdb72751fcce0dd918603f0749d24974b7984ea47ed9fd9?s=96&d=mm&r=g\",\"contentUrl\":\"https:\/\/secure.gravatar.com\/avatar\/099e42240b5eea11acdb72751fcce0dd918603f0749d24974b7984ea47ed9fd9?s=96&d=mm&r=g\",\"caption\":\"admin\"},\"sameAs\":[\"https:\/\/challengeseconomiques.com\"],\"url\":\"https:\/\/challengeseconomiques.com\/?author=1\"}]}<\/script>\n<!-- \/ Yoast SEO plugin. -->","yoast_head_json":{"title":"Ouverture des assembl\u00e9es annuelles d'Afreximbank 2022 au Caire - challenges economiques","robots":{"index":"index","follow":"follow","max-snippet":"max-snippet:-1","max-image-preview":"max-image-preview:large","max-video-preview":"max-video-preview:-1"},"canonical":"https:\/\/challengeseconomiques.com\/?p=3551","og_locale":"fr_FR","og_type":"article","og_title":"Ouverture des assembl\u00e9es annuelles d'Afreximbank 2022 au Caire - challenges economiques","og_description":"\u00ab\u00a0Les probl\u00e8mes de l&rsquo;Afrique doivent \u00eatre r\u00e9solus par les Africains\u00a0\u00bb, a d\u00e9clar\u00e9 le professeur Benedict Oramah, &nbsp;pr\u00e9sident du conseil d&rsquo;administration de la Banque africaine d&rsquo;import-export...","og_url":"https:\/\/challengeseconomiques.com\/?p=3551","og_site_name":"challenges economiques","article_published_time":"2022-06-16T21:58:15+00:00","article_modified_time":"2022-06-16T21:59:35+00:00","og_image":[{"width":1600,"height":1066,"url":"https:\/\/challengeseconomiques.com\/wp-content\/uploads\/2022\/06\/omnara2.jpg","type":"image\/jpeg"}],"author":"admin","twitter_card":"summary_large_image","twitter_misc":{"\u00c9crit par":"admin","Dur\u00e9e de lecture estim\u00e9e":"4 minutes"},"schema":{"@context":"https:\/\/schema.org","@graph":[{"@type":"Article","@id":"https:\/\/challengeseconomiques.com\/?p=3551#article","isPartOf":{"@id":"https:\/\/challengeseconomiques.com\/?p=3551"},"author":{"name":"admin","@id":"https:\/\/challengeseconomiques.com\/#\/schema\/person\/b4568c9afebc5a9238a771873801e349"},"headline":"Ouverture des assembl\u00e9es annuelles d&rsquo;Afreximbank 2022 au Caire","datePublished":"2022-06-16T21:58:15+00:00","dateModified":"2022-06-16T21:59:35+00:00","mainEntityOfPage":{"@id":"https:\/\/challengeseconomiques.com\/?p=3551"},"wordCount":760,"image":{"@id":"https:\/\/challengeseconomiques.com\/?p=3551#primaryimage"},"thumbnailUrl":"https:\/\/challengeseconomiques.com\/wp-content\/uploads\/2022\/06\/omnara2.jpg","articleSection":["A la une","Infos \u00e9co"],"inLanguage":"fr-FR"},{"@type":"WebPage","@id":"https:\/\/challengeseconomiques.com\/?p=3551","url":"https:\/\/challengeseconomiques.com\/?p=3551","name":"Ouverture des assembl\u00e9es annuelles d'Afreximbank 2022 au Caire - challenges economiques","isPartOf":{"@id":"https:\/\/challengeseconomiques.com\/#website"},"primaryImageOfPage":{"@id":"https:\/\/challengeseconomiques.com\/?p=3551#primaryimage"},"image":{"@id":"https:\/\/challengeseconomiques.com\/?p=3551#primaryimage"},"thumbnailUrl":"https:\/\/challengeseconomiques.com\/wp-content\/uploads\/2022\/06\/omnara2.jpg","datePublished":"2022-06-16T21:58:15+00:00","dateModified":"2022-06-16T21:59:35+00:00","author":{"@id":"https:\/\/challengeseconomiques.com\/#\/schema\/person\/b4568c9afebc5a9238a771873801e349"},"breadcrumb":{"@id":"https:\/\/challengeseconomiques.com\/?p=3551#breadcrumb"},"inLanguage":"fr-FR","potentialAction":[{"@type":"ReadAction","target":["https:\/\/challengeseconomiques.com\/?p=3551"]}]},{"@type":"ImageObject","inLanguage":"fr-FR","@id":"https:\/\/challengeseconomiques.com\/?p=3551#primaryimage","url":"https:\/\/challengeseconomiques.com\/wp-content\/uploads\/2022\/06\/omnara2.jpg","contentUrl":"https:\/\/challengeseconomiques.com\/wp-content\/uploads\/2022\/06\/omnara2.jpg","width":1600,"height":1066},{"@type":"BreadcrumbList","@id":"https:\/\/challengeseconomiques.com\/?p=3551#breadcrumb","itemListElement":[{"@type":"ListItem","position":1,"name":"Home","item":"https:\/\/challengeseconomiques.com\/"},{"@type":"ListItem","position":2,"name":"Ouverture des assembl\u00e9es annuelles d&rsquo;Afreximbank 2022 au Caire"}]},{"@type":"WebSite","@id":"https:\/\/challengeseconomiques.com\/#website","url":"https:\/\/challengeseconomiques.com\/","name":"challenges economiques","description":"","potentialAction":[{"@type":"SearchAction","target":{"@type":"EntryPoint","urlTemplate":"https:\/\/challengeseconomiques.com\/?s={search_term_string}"},"query-input":{"@type":"PropertyValueSpecification","valueRequired":true,"valueName":"search_term_string"}}],"inLanguage":"fr-FR"},{"@type":"Person","@id":"https:\/\/challengeseconomiques.com\/#\/schema\/person\/b4568c9afebc5a9238a771873801e349","name":"admin","image":{"@type":"ImageObject","inLanguage":"fr-FR","@id":"https:\/\/challengeseconomiques.com\/#\/schema\/person\/image\/","url":"https:\/\/secure.gravatar.com\/avatar\/099e42240b5eea11acdb72751fcce0dd918603f0749d24974b7984ea47ed9fd9?s=96&d=mm&r=g","contentUrl":"https:\/\/secure.gravatar.com\/avatar\/099e42240b5eea11acdb72751fcce0dd918603f0749d24974b7984ea47ed9fd9?s=96&d=mm&r=g","caption":"admin"},"sameAs":["https:\/\/challengeseconomiques.com"],"url":"https:\/\/challengeseconomiques.com\/?author=1"}]}},"jetpack_featured_media_url":"https:\/\/challengeseconomiques.com\/wp-content\/uploads\/2022\/06\/omnara2.jpg","jetpack_sharing_enabled":true,"_links":{"self":[{"href":"https:\/\/challengeseconomiques.com\/index.php?rest_route=\/wp\/v2\/posts\/3551","targetHints":{"allow":["GET"]}}],"collection":[{"href":"https:\/\/challengeseconomiques.com\/index.php?rest_route=\/wp\/v2\/posts"}],"about":[{"href":"https:\/\/challengeseconomiques.com\/index.php?rest_route=\/wp\/v2\/types\/post"}],"author":[{"embeddable":true,"href":"https:\/\/challengeseconomiques.com\/index.php?rest_route=\/wp\/v2\/users\/1"}],"replies":[{"embeddable":true,"href":"https:\/\/challengeseconomiques.com\/index.php?rest_route=%2Fwp%2Fv2%2Fcomments&post=3551"}],"version-history":[{"count":2,"href":"https:\/\/challengeseconomiques.com\/index.php?rest_route=\/wp\/v2\/posts\/3551\/revisions"}],"predecessor-version":[{"id":3556,"href":"https:\/\/challengeseconomiques.com\/index.php?rest_route=\/wp\/v2\/posts\/3551\/revisions\/3556"}],"wp:featuredmedia":[{"embeddable":true,"href":"https:\/\/challengeseconomiques.com\/index.php?rest_route=\/wp\/v2\/media\/3553"}],"wp:attachment":[{"href":"https:\/\/challengeseconomiques.com\/index.php?rest_route=%2Fwp%2Fv2%2Fmedia&parent=3551"}],"wp:term":[{"taxonomy":"category","embeddable":true,"href":"https:\/\/challengeseconomiques.com\/index.php?rest_route=%2Fwp%2Fv2%2Fcategories&post=3551"},{"taxonomy":"post_tag","embeddable":true,"href":"https:\/\/challengeseconomiques.com\/index.php?rest_route=%2Fwp%2Fv2%2Ftags&post=3551"}],"curies":[{"name":"wp","href":"https:\/\/api.w.org\/{rel}","templated":true}]}}