{"id":3522,"date":"2022-06-11T16:12:15","date_gmt":"2022-06-11T16:12:15","guid":{"rendered":"https:\/\/challengeseconomiques.com\/?p=3522"},"modified":"2022-06-11T16:37:49","modified_gmt":"2022-06-11T16:37:49","slug":"mise-en-oeuvre-du-second-compact-dedie-a-lenergie-la-crse-et-le-mca-ii-signent-un-accord","status":"publish","type":"post","link":"https:\/\/challengeseconomiques.com\/?p=3522","title":{"rendered":"MISE EN \u0152UVRE DU SECOND COMPACT D\u00c9DI\u00c9 \u00c0 L\u2019\u00c9NERGIE:  La Crse et le Mca II signent un accord"},"content":{"rendered":"<p>Les r\u00e9formes constituent une composante essentielle du second Millenium challenge account (Mca S\u00e9n\u00e9gal II) d\u00e9di\u00e9 au secteur de l\u2019\u00e9nergie. C\u2019est dans ce cadre qu\u2019un accord d\u2019entit\u00e9 de mise en \u0153uvre a \u00e9t\u00e9 sign\u00e9, le jeudi 09 juin, entre le Mca II et la Commission de r\u00e9gulation du secteur de l\u2019\u00e9nergie (Crse). Il porte sur un budget pr\u00e9visionnel de 120 millions de FCFA. La convention \u00ab historique \u00bb, aux yeux du Directeur g\u00e9n\u00e9ral du Mca S\u00e9n\u00e9gal, Oumar Diop, permettra de mieux accompagner la mutation de la Crse, en formalisant ses engagements, r\u00f4les et responsabilit\u00e9s. Toujours d\u2019apr\u00e8s M. Diop, cette collaboration trouve son fondement dans la coop\u00e9ration entre le Gouvernement du S\u00e9n\u00e9gal et celui des \u00c9tats-Unis, \u00e0 travers le S\u00e9n\u00e9gal Power compact, pour b\u00e2tir une nouvelle commission de r\u00e9gulation du secteur de l\u2019\u00e9nergie, en phase avec ses nouvelles missions. \u00ab La Crse appara\u00eet comme un pilier majeur des r\u00e9formes en gag\u00e9es par le Gouvernement du S\u00e9n\u00e9gal dans le sous-secteur de l\u2019\u00e9nergie \u00bb, a-t-il ajout\u00e9.<\/p>\n<p>Pour le pr\u00e9sident de la Crse, Ibrahima Amadou Sarr, cet accord permettra de relever les d\u00e9fis du transport et de l\u2019accessibilit\u00e9 des co\u00fbts, particuli\u00e8rement pour le monde rural. \u00ab Nous sommes en train de mettre en \u0153uvre des r\u00e9formes, passant ainsi \u00e0 une Commission de r\u00e9gulation de l\u2019\u00e9nergie avec de nouvelles attributions, sp\u00e9cialement le secteur aval et interm\u00e9diaire gazier avec les nouvelles d\u00e9couvertes p\u00e9troli\u00e8res et gazi\u00e8res \u00bb, a-t-il rappel\u00e9. D\u2019apr\u00e8s lui, ce Compact, \u00e0 travers son volet r\u00e9seau de transport, permettra de mailler rapidement le territoire pour rendre le r\u00e9seau accessible.<\/p>\n","protected":false},"excerpt":{"rendered":"<p>Les r\u00e9formes constituent une composante essentielle du second Millenium challenge account (Mca S\u00e9n\u00e9gal II) d\u00e9di\u00e9 au secteur de l\u2019\u00e9nergie. C\u2019est dans ce cadre qu\u2019un accord&#8230;<\/p>\n","protected":false},"author":1,"featured_media":3527,"comment_status":"closed","ping_status":"open","sticky":false,"template":"","format":"standard","meta":{"_jetpack_memberships_contains_paid_content":false,"footnotes":""},"categories":[23,10],"tags":[],"class_list":["post-3522","post","type-post","status-publish","format-standard","has-post-thumbnail","hentry","category-a-la-une","category-infos-eco","wpcat-23-id","wpcat-10-id"],"yoast_head":"<!-- This site is optimized with the Yoast SEO plugin v27.1.1 - https:\/\/yoast.com\/product\/yoast-seo-wordpress\/ -->\n<title>MISE EN \u0152UVRE DU SECOND COMPACT D\u00c9DI\u00c9 \u00c0 L\u2019\u00c9NERGIE: La Crse et le Mca II signent un accord - challenges economiques<\/title>\n<meta name=\"robots\" content=\"index, follow, max-snippet:-1, max-image-preview:large, max-video-preview:-1\" \/>\n<link rel=\"canonical\" href=\"https:\/\/challengeseconomiques.com\/?p=3522\" \/>\n<meta property=\"og:locale\" content=\"fr_FR\" \/>\n<meta property=\"og:type\" content=\"article\" \/>\n<meta property=\"og:title\" content=\"MISE EN \u0152UVRE DU SECOND COMPACT D\u00c9DI\u00c9 \u00c0 L\u2019\u00c9NERGIE: La Crse et le Mca II signent un accord - challenges economiques\" \/>\n<meta property=\"og:description\" content=\"Les r\u00e9formes constituent une composante essentielle du second Millenium challenge account (Mca S\u00e9n\u00e9gal II) d\u00e9di\u00e9 au secteur de l\u2019\u00e9nergie. C\u2019est dans ce cadre qu\u2019un accord...\" \/>\n<meta property=\"og:url\" content=\"https:\/\/challengeseconomiques.com\/?p=3522\" \/>\n<meta property=\"og:site_name\" content=\"challenges economiques\" \/>\n<meta property=\"article:published_time\" content=\"2022-06-11T16:12:15+00:00\" \/>\n<meta property=\"article:modified_time\" content=\"2022-06-11T16:37:49+00:00\" \/>\n<meta property=\"og:image\" content=\"https:\/\/challengeseconomiques.com\/wp-content\/uploads\/2022\/06\/MCA2CRSE2.jpg\" \/>\n\t<meta property=\"og:image:width\" content=\"1080\" \/>\n\t<meta property=\"og:image:height\" content=\"720\" \/>\n\t<meta property=\"og:image:type\" content=\"image\/jpeg\" \/>\n<meta name=\"author\" content=\"admin\" \/>\n<meta name=\"twitter:card\" content=\"summary_large_image\" \/>\n<meta name=\"twitter:label1\" content=\"\u00c9crit par\" \/>\n\t<meta name=\"twitter:data1\" content=\"admin\" \/>\n\t<meta name=\"twitter:label2\" content=\"Dur\u00e9e de lecture estim\u00e9e\" \/>\n\t<meta name=\"twitter:data2\" content=\"2 minutes\" \/>\n<script type=\"application\/ld+json\" class=\"yoast-schema-graph\">{\"@context\":\"https:\/\/schema.org\",\"@graph\":[{\"@type\":\"Article\",\"@id\":\"https:\/\/challengeseconomiques.com\/?p=3522#article\",\"isPartOf\":{\"@id\":\"https:\/\/challengeseconomiques.com\/?p=3522\"},\"author\":{\"name\":\"admin\",\"@id\":\"https:\/\/challengeseconomiques.com\/#\/schema\/person\/b4568c9afebc5a9238a771873801e349\"},\"headline\":\"MISE EN \u0152UVRE DU SECOND COMPACT D\u00c9DI\u00c9 \u00c0 L\u2019\u00c9NERGIE: La Crse et le Mca II signent un accord\",\"datePublished\":\"2022-06-11T16:12:15+00:00\",\"dateModified\":\"2022-06-11T16:37:49+00:00\",\"mainEntityOfPage\":{\"@id\":\"https:\/\/challengeseconomiques.com\/?p=3522\"},\"wordCount\":312,\"image\":{\"@id\":\"https:\/\/challengeseconomiques.com\/?p=3522#primaryimage\"},\"thumbnailUrl\":\"https:\/\/challengeseconomiques.com\/wp-content\/uploads\/2022\/06\/MCA2CRSE2.jpg\",\"articleSection\":[\"A la une\",\"Infos \u00e9co\"],\"inLanguage\":\"fr-FR\"},{\"@type\":\"WebPage\",\"@id\":\"https:\/\/challengeseconomiques.com\/?p=3522\",\"url\":\"https:\/\/challengeseconomiques.com\/?p=3522\",\"name\":\"MISE EN \u0152UVRE DU SECOND COMPACT D\u00c9DI\u00c9 \u00c0 L\u2019\u00c9NERGIE: La Crse et le Mca II signent un accord - challenges economiques\",\"isPartOf\":{\"@id\":\"https:\/\/challengeseconomiques.com\/#website\"},\"primaryImageOfPage\":{\"@id\":\"https:\/\/challengeseconomiques.com\/?p=3522#primaryimage\"},\"image\":{\"@id\":\"https:\/\/challengeseconomiques.com\/?p=3522#primaryimage\"},\"thumbnailUrl\":\"https:\/\/challengeseconomiques.com\/wp-content\/uploads\/2022\/06\/MCA2CRSE2.jpg\",\"datePublished\":\"2022-06-11T16:12:15+00:00\",\"dateModified\":\"2022-06-11T16:37:49+00:00\",\"author\":{\"@id\":\"https:\/\/challengeseconomiques.com\/#\/schema\/person\/b4568c9afebc5a9238a771873801e349\"},\"breadcrumb\":{\"@id\":\"https:\/\/challengeseconomiques.com\/?p=3522#breadcrumb\"},\"inLanguage\":\"fr-FR\",\"potentialAction\":[{\"@type\":\"ReadAction\",\"target\":[\"https:\/\/challengeseconomiques.com\/?p=3522\"]}]},{\"@type\":\"ImageObject\",\"inLanguage\":\"fr-FR\",\"@id\":\"https:\/\/challengeseconomiques.com\/?p=3522#primaryimage\",\"url\":\"https:\/\/challengeseconomiques.com\/wp-content\/uploads\/2022\/06\/MCA2CRSE2.jpg\",\"contentUrl\":\"https:\/\/challengeseconomiques.com\/wp-content\/uploads\/2022\/06\/MCA2CRSE2.jpg\",\"width\":1080,\"height\":720},{\"@type\":\"BreadcrumbList\",\"@id\":\"https:\/\/challengeseconomiques.com\/?p=3522#breadcrumb\",\"itemListElement\":[{\"@type\":\"ListItem\",\"position\":1,\"name\":\"Home\",\"item\":\"https:\/\/challengeseconomiques.com\/\"},{\"@type\":\"ListItem\",\"position\":2,\"name\":\"MISE EN \u0152UVRE DU SECOND COMPACT D\u00c9DI\u00c9 \u00c0 L\u2019\u00c9NERGIE: La Crse et le Mca II signent un accord\"}]},{\"@type\":\"WebSite\",\"@id\":\"https:\/\/challengeseconomiques.com\/#website\",\"url\":\"https:\/\/challengeseconomiques.com\/\",\"name\":\"challenges economiques\",\"description\":\"\",\"potentialAction\":[{\"@type\":\"SearchAction\",\"target\":{\"@type\":\"EntryPoint\",\"urlTemplate\":\"https:\/\/challengeseconomiques.com\/?s={search_term_string}\"},\"query-input\":{\"@type\":\"PropertyValueSpecification\",\"valueRequired\":true,\"valueName\":\"search_term_string\"}}],\"inLanguage\":\"fr-FR\"},{\"@type\":\"Person\",\"@id\":\"https:\/\/challengeseconomiques.com\/#\/schema\/person\/b4568c9afebc5a9238a771873801e349\",\"name\":\"admin\",\"image\":{\"@type\":\"ImageObject\",\"inLanguage\":\"fr-FR\",\"@id\":\"https:\/\/challengeseconomiques.com\/#\/schema\/person\/image\/\",\"url\":\"https:\/\/secure.gravatar.com\/avatar\/099e42240b5eea11acdb72751fcce0dd918603f0749d24974b7984ea47ed9fd9?s=96&d=mm&r=g\",\"contentUrl\":\"https:\/\/secure.gravatar.com\/avatar\/099e42240b5eea11acdb72751fcce0dd918603f0749d24974b7984ea47ed9fd9?s=96&d=mm&r=g\",\"caption\":\"admin\"},\"sameAs\":[\"https:\/\/challengeseconomiques.com\"],\"url\":\"https:\/\/challengeseconomiques.com\/?author=1\"}]}<\/script>\n<!-- \/ Yoast SEO plugin. -->","yoast_head_json":{"title":"MISE EN \u0152UVRE DU SECOND COMPACT D\u00c9DI\u00c9 \u00c0 L\u2019\u00c9NERGIE: La Crse et le Mca II signent un accord - challenges economiques","robots":{"index":"index","follow":"follow","max-snippet":"max-snippet:-1","max-image-preview":"max-image-preview:large","max-video-preview":"max-video-preview:-1"},"canonical":"https:\/\/challengeseconomiques.com\/?p=3522","og_locale":"fr_FR","og_type":"article","og_title":"MISE EN \u0152UVRE DU SECOND COMPACT D\u00c9DI\u00c9 \u00c0 L\u2019\u00c9NERGIE: La Crse et le Mca II signent un accord - challenges economiques","og_description":"Les r\u00e9formes constituent une composante essentielle du second Millenium challenge account (Mca S\u00e9n\u00e9gal II) d\u00e9di\u00e9 au secteur de l\u2019\u00e9nergie. C\u2019est dans ce cadre qu\u2019un accord...","og_url":"https:\/\/challengeseconomiques.com\/?p=3522","og_site_name":"challenges economiques","article_published_time":"2022-06-11T16:12:15+00:00","article_modified_time":"2022-06-11T16:37:49+00:00","og_image":[{"width":1080,"height":720,"url":"https:\/\/challengeseconomiques.com\/wp-content\/uploads\/2022\/06\/MCA2CRSE2.jpg","type":"image\/jpeg"}],"author":"admin","twitter_card":"summary_large_image","twitter_misc":{"\u00c9crit par":"admin","Dur\u00e9e de lecture estim\u00e9e":"2 minutes"},"schema":{"@context":"https:\/\/schema.org","@graph":[{"@type":"Article","@id":"https:\/\/challengeseconomiques.com\/?p=3522#article","isPartOf":{"@id":"https:\/\/challengeseconomiques.com\/?p=3522"},"author":{"name":"admin","@id":"https:\/\/challengeseconomiques.com\/#\/schema\/person\/b4568c9afebc5a9238a771873801e349"},"headline":"MISE EN \u0152UVRE DU SECOND COMPACT D\u00c9DI\u00c9 \u00c0 L\u2019\u00c9NERGIE: La Crse et le Mca II signent un accord","datePublished":"2022-06-11T16:12:15+00:00","dateModified":"2022-06-11T16:37:49+00:00","mainEntityOfPage":{"@id":"https:\/\/challengeseconomiques.com\/?p=3522"},"wordCount":312,"image":{"@id":"https:\/\/challengeseconomiques.com\/?p=3522#primaryimage"},"thumbnailUrl":"https:\/\/challengeseconomiques.com\/wp-content\/uploads\/2022\/06\/MCA2CRSE2.jpg","articleSection":["A la une","Infos \u00e9co"],"inLanguage":"fr-FR"},{"@type":"WebPage","@id":"https:\/\/challengeseconomiques.com\/?p=3522","url":"https:\/\/challengeseconomiques.com\/?p=3522","name":"MISE EN \u0152UVRE DU SECOND COMPACT D\u00c9DI\u00c9 \u00c0 L\u2019\u00c9NERGIE: La Crse et le Mca II signent un accord - challenges economiques","isPartOf":{"@id":"https:\/\/challengeseconomiques.com\/#website"},"primaryImageOfPage":{"@id":"https:\/\/challengeseconomiques.com\/?p=3522#primaryimage"},"image":{"@id":"https:\/\/challengeseconomiques.com\/?p=3522#primaryimage"},"thumbnailUrl":"https:\/\/challengeseconomiques.com\/wp-content\/uploads\/2022\/06\/MCA2CRSE2.jpg","datePublished":"2022-06-11T16:12:15+00:00","dateModified":"2022-06-11T16:37:49+00:00","author":{"@id":"https:\/\/challengeseconomiques.com\/#\/schema\/person\/b4568c9afebc5a9238a771873801e349"},"breadcrumb":{"@id":"https:\/\/challengeseconomiques.com\/?p=3522#breadcrumb"},"inLanguage":"fr-FR","potentialAction":[{"@type":"ReadAction","target":["https:\/\/challengeseconomiques.com\/?p=3522"]}]},{"@type":"ImageObject","inLanguage":"fr-FR","@id":"https:\/\/challengeseconomiques.com\/?p=3522#primaryimage","url":"https:\/\/challengeseconomiques.com\/wp-content\/uploads\/2022\/06\/MCA2CRSE2.jpg","contentUrl":"https:\/\/challengeseconomiques.com\/wp-content\/uploads\/2022\/06\/MCA2CRSE2.jpg","width":1080,"height":720},{"@type":"BreadcrumbList","@id":"https:\/\/challengeseconomiques.com\/?p=3522#breadcrumb","itemListElement":[{"@type":"ListItem","position":1,"name":"Home","item":"https:\/\/challengeseconomiques.com\/"},{"@type":"ListItem","position":2,"name":"MISE EN \u0152UVRE DU SECOND COMPACT D\u00c9DI\u00c9 \u00c0 L\u2019\u00c9NERGIE: La Crse et le Mca II signent un accord"}]},{"@type":"WebSite","@id":"https:\/\/challengeseconomiques.com\/#website","url":"https:\/\/challengeseconomiques.com\/","name":"challenges economiques","description":"","potentialAction":[{"@type":"SearchAction","target":{"@type":"EntryPoint","urlTemplate":"https:\/\/challengeseconomiques.com\/?s={search_term_string}"},"query-input":{"@type":"PropertyValueSpecification","valueRequired":true,"valueName":"search_term_string"}}],"inLanguage":"fr-FR"},{"@type":"Person","@id":"https:\/\/challengeseconomiques.com\/#\/schema\/person\/b4568c9afebc5a9238a771873801e349","name":"admin","image":{"@type":"ImageObject","inLanguage":"fr-FR","@id":"https:\/\/challengeseconomiques.com\/#\/schema\/person\/image\/","url":"https:\/\/secure.gravatar.com\/avatar\/099e42240b5eea11acdb72751fcce0dd918603f0749d24974b7984ea47ed9fd9?s=96&d=mm&r=g","contentUrl":"https:\/\/secure.gravatar.com\/avatar\/099e42240b5eea11acdb72751fcce0dd918603f0749d24974b7984ea47ed9fd9?s=96&d=mm&r=g","caption":"admin"},"sameAs":["https:\/\/challengeseconomiques.com"],"url":"https:\/\/challengeseconomiques.com\/?author=1"}]}},"jetpack_featured_media_url":"https:\/\/challengeseconomiques.com\/wp-content\/uploads\/2022\/06\/MCA2CRSE2.jpg","jetpack_sharing_enabled":true,"_links":{"self":[{"href":"https:\/\/challengeseconomiques.com\/index.php?rest_route=\/wp\/v2\/posts\/3522","targetHints":{"allow":["GET"]}}],"collection":[{"href":"https:\/\/challengeseconomiques.com\/index.php?rest_route=\/wp\/v2\/posts"}],"about":[{"href":"https:\/\/challengeseconomiques.com\/index.php?rest_route=\/wp\/v2\/types\/post"}],"author":[{"embeddable":true,"href":"https:\/\/challengeseconomiques.com\/index.php?rest_route=\/wp\/v2\/users\/1"}],"replies":[{"embeddable":true,"href":"https:\/\/challengeseconomiques.com\/index.php?rest_route=%2Fwp%2Fv2%2Fcomments&post=3522"}],"version-history":[{"count":2,"href":"https:\/\/challengeseconomiques.com\/index.php?rest_route=\/wp\/v2\/posts\/3522\/revisions"}],"predecessor-version":[{"id":3525,"href":"https:\/\/challengeseconomiques.com\/index.php?rest_route=\/wp\/v2\/posts\/3522\/revisions\/3525"}],"wp:featuredmedia":[{"embeddable":true,"href":"https:\/\/challengeseconomiques.com\/index.php?rest_route=\/wp\/v2\/media\/3527"}],"wp:attachment":[{"href":"https:\/\/challengeseconomiques.com\/index.php?rest_route=%2Fwp%2Fv2%2Fmedia&parent=3522"}],"wp:term":[{"taxonomy":"category","embeddable":true,"href":"https:\/\/challengeseconomiques.com\/index.php?rest_route=%2Fwp%2Fv2%2Fcategories&post=3522"},{"taxonomy":"post_tag","embeddable":true,"href":"https:\/\/challengeseconomiques.com\/index.php?rest_route=%2Fwp%2Fv2%2Ftags&post=3522"}],"curies":[{"name":"wp","href":"https:\/\/api.w.org\/{rel}","templated":true}]}}