{"id":3510,"date":"2022-06-10T21:36:38","date_gmt":"2022-06-10T21:36:38","guid":{"rendered":"https:\/\/challengeseconomiques.com\/?p=3510"},"modified":"2022-06-10T21:37:17","modified_gmt":"2022-06-10T21:37:17","slug":"revue-annuelle-2022-du-portefeuille-de-lusaid-au-senegal-amadou-hott-se-felicite-du-dynamisme-de-la-cooperation-avec-les-etats-unis","status":"publish","type":"post","link":"https:\/\/challengeseconomiques.com\/?p=3510","title":{"rendered":"REVUE ANNUELLE 2022 DU PORTEFEUILLE DE L\u2019USAID AU SENEGAL  Amadou Hott se f\u00e9licite du dynamisme de la coop\u00e9ration avec les Etats Unis"},"content":{"rendered":"<p>Le ministre de l\u2019Economie, du Plan et de la coop\u00e9ration s\u2019est f\u00e9licit\u00e9, jeudi, du dynamise de la coop\u00e9ration entre le S\u00e9n\u00e9gal et les Etats Unis \u00e0 travers l\u2019Usaid. C\u2019\u00e9tait lors de la revue annuelle conjointe du cadre de programmation entre les deux pays. Amadou Hott a rappel\u00e9 que le S\u00e9n\u00e9gal et l\u2019Usaid ont proc\u00e9d\u00e9, en f\u00e9vrier 2021, \u00e0 la signature du cadre de coop\u00e9ration 2020-2025 d\u2019un montant de 326 milliards de FCfa sous forme de dons. \u00ab&nbsp;Cette importante subvention constitue la contribution de l\u2019Usaid \u00e0 la mise en \u0153uvre du Plan d\u2019action prioritaire ajust\u00e9 et acc\u00e9l\u00e9r\u00e9 (Pap2a) notamment dans les r\u00e9formes cl\u00e9s entreprises par le gouvernement du S\u00e9n\u00e9gal. A travers ce cadre de coop\u00e9ration, l\u2019Usaid vise \u00e0 d\u00e9velopper une nouvelle approche appel\u00e9e le&nbsp;parcours vers l\u2019autonomie \u00bb, a-t-il dit. Le ministre de l\u2019Economie, du Plan et de la coop\u00e9ration a expliqu\u00e9 que cette nouvelle approche s\u2019articule autour de trois piliers&nbsp;: \u00ab&nbsp;une croissance \u00e9conomique inclusive, un capital humain dynamique et une efficacit\u00e9 et une redevabilit\u00e9 du gouvernement accrue&nbsp;\u00bb. Amadou Hott a remerci\u00e9 les autorit\u00e9s am\u00e9ricaines pour les efforts qu\u2019elles d\u00e9ploient en faveur du S\u00e9n\u00e9gal dans le but de soutenir sa politique de d\u00e9veloppement.<\/p>\n<p>L\u2019ambassadeur des Etats Unis au S\u00e9n\u00e9gal, Michael Raynor s\u2019est engag\u00e9 \u00e0 renforcer cette coop\u00e9ration. Il a rappel\u00e9 que le premier compact a permis d\u2019am\u00e9liorer le r\u00e9seau routier et d\u2019irrigation du S\u00e9n\u00e9gal. \u00ab&nbsp;Cela a facilit\u00e9 l\u2019augmentation de la productivit\u00e9 agricole et du commerce&nbsp;\u00bb, s\u2019est r\u00e9joui le diplomate. Le S\u00e9n\u00e9gal b\u00e9n\u00e9ficie \u00e9galement d\u2019un deuxi\u00e8me compact d\u2019un montant global d\u2019environ 330 milliards de francs CFA va faciliter l\u2019acc\u00e8s \u00e0 l\u2019\u00e9lectricit\u00e9 \u00e0 des millions de S\u00e9n\u00e9galais.<\/p>\n<p>Magnifiant la coop\u00e9ration entre le S\u00e9n\u00e9gal et les Etats Unis qui embrasse divers domaines&nbsp;: la sant\u00e9, l\u2019\u00e9ducation, l\u2019agriculture, la p\u00eache, etc., le diplomate s\u2019est r\u00e9joui de la pr\u00e9sence de plus en plus d\u2019entreprises am\u00e9ricaines au S\u00e9n\u00e9gal. \u00ab&nbsp;Plus d\u2019une cinquantaine d\u2019entreprises am\u00e9ricaines sont pr\u00e9sentes au S\u00e9n\u00e9gal et il y en a beaucoup d\u2019autres qui veulent venir (\u2026)&nbsp;\u00bb, a dit Michael Raynor. Il a annonc\u00e9 le retour au S\u00e9n\u00e9gal des volontaires am\u00e9ricains du corps de la paix apr\u00e8s deux ans d\u2019absence \u00e0 cause de la pand\u00e9mie de Covid-19.<\/p>\n<p>Cette revue annuelle permet de faire le point de la coop\u00e9ration entre les deux pays, c\u2019est-\u00e0-dire les avanc\u00e9es not\u00e9es et les d\u00e9fis \u00e0 relever.<\/p>\n<p>&nbsp;<\/p>\n","protected":false},"excerpt":{"rendered":"<p>Le ministre de l\u2019Economie, du Plan et de la coop\u00e9ration s\u2019est f\u00e9licit\u00e9, jeudi, du dynamise de la coop\u00e9ration entre le S\u00e9n\u00e9gal et les Etats Unis&#8230;<\/p>\n","protected":false},"author":1,"featured_media":3511,"comment_status":"closed","ping_status":"open","sticky":false,"template":"","format":"standard","meta":{"_jetpack_memberships_contains_paid_content":false,"footnotes":""},"categories":[23,10],"tags":[],"class_list":["post-3510","post","type-post","status-publish","format-standard","has-post-thumbnail","hentry","category-a-la-une","category-infos-eco","wpcat-23-id","wpcat-10-id"],"yoast_head":"<!-- This site is optimized with the Yoast SEO plugin v27.1.1 - https:\/\/yoast.com\/product\/yoast-seo-wordpress\/ -->\n<title>REVUE ANNUELLE 2022 DU PORTEFEUILLE DE L\u2019USAID AU SENEGAL Amadou Hott se f\u00e9licite du dynamisme de la coop\u00e9ration avec les Etats Unis - challenges economiques<\/title>\n<meta name=\"robots\" content=\"index, follow, max-snippet:-1, max-image-preview:large, max-video-preview:-1\" \/>\n<link rel=\"canonical\" href=\"https:\/\/challengeseconomiques.com\/?p=3510\" \/>\n<meta property=\"og:locale\" content=\"fr_FR\" \/>\n<meta property=\"og:type\" content=\"article\" \/>\n<meta property=\"og:title\" content=\"REVUE ANNUELLE 2022 DU PORTEFEUILLE DE L\u2019USAID AU SENEGAL Amadou Hott se f\u00e9licite du dynamisme de la coop\u00e9ration avec les Etats Unis - challenges economiques\" \/>\n<meta property=\"og:description\" content=\"Le ministre de l\u2019Economie, du Plan et de la coop\u00e9ration s\u2019est f\u00e9licit\u00e9, jeudi, du dynamise de la coop\u00e9ration entre le S\u00e9n\u00e9gal et les Etats Unis...\" \/>\n<meta property=\"og:url\" content=\"https:\/\/challengeseconomiques.com\/?p=3510\" \/>\n<meta property=\"og:site_name\" content=\"challenges economiques\" \/>\n<meta property=\"article:published_time\" content=\"2022-06-10T21:36:38+00:00\" \/>\n<meta property=\"article:modified_time\" content=\"2022-06-10T21:37:17+00:00\" \/>\n<meta property=\"og:image\" content=\"https:\/\/challengeseconomiques.com\/wp-content\/uploads\/2022\/06\/usaid.jpg\" \/>\n\t<meta property=\"og:image:width\" content=\"1080\" \/>\n\t<meta property=\"og:image:height\" content=\"658\" \/>\n\t<meta property=\"og:image:type\" content=\"image\/jpeg\" \/>\n<meta name=\"author\" content=\"admin\" \/>\n<meta name=\"twitter:card\" content=\"summary_large_image\" \/>\n<meta name=\"twitter:label1\" content=\"\u00c9crit par\" \/>\n\t<meta name=\"twitter:data1\" content=\"admin\" \/>\n\t<meta name=\"twitter:label2\" content=\"Dur\u00e9e de lecture estim\u00e9e\" \/>\n\t<meta name=\"twitter:data2\" content=\"2 minutes\" \/>\n<script type=\"application\/ld+json\" class=\"yoast-schema-graph\">{\"@context\":\"https:\/\/schema.org\",\"@graph\":[{\"@type\":\"Article\",\"@id\":\"https:\/\/challengeseconomiques.com\/?p=3510#article\",\"isPartOf\":{\"@id\":\"https:\/\/challengeseconomiques.com\/?p=3510\"},\"author\":{\"name\":\"admin\",\"@id\":\"https:\/\/challengeseconomiques.com\/#\/schema\/person\/b4568c9afebc5a9238a771873801e349\"},\"headline\":\"REVUE ANNUELLE 2022 DU PORTEFEUILLE DE L\u2019USAID AU SENEGAL Amadou Hott se f\u00e9licite du dynamisme de la coop\u00e9ration avec les Etats Unis\",\"datePublished\":\"2022-06-10T21:36:38+00:00\",\"dateModified\":\"2022-06-10T21:37:17+00:00\",\"mainEntityOfPage\":{\"@id\":\"https:\/\/challengeseconomiques.com\/?p=3510\"},\"wordCount\":494,\"image\":{\"@id\":\"https:\/\/challengeseconomiques.com\/?p=3510#primaryimage\"},\"thumbnailUrl\":\"https:\/\/challengeseconomiques.com\/wp-content\/uploads\/2022\/06\/usaid.jpg\",\"articleSection\":[\"A la une\",\"Infos \u00e9co\"],\"inLanguage\":\"fr-FR\"},{\"@type\":\"WebPage\",\"@id\":\"https:\/\/challengeseconomiques.com\/?p=3510\",\"url\":\"https:\/\/challengeseconomiques.com\/?p=3510\",\"name\":\"REVUE ANNUELLE 2022 DU PORTEFEUILLE DE L\u2019USAID AU SENEGAL Amadou Hott se f\u00e9licite du dynamisme de la coop\u00e9ration avec les Etats Unis - challenges economiques\",\"isPartOf\":{\"@id\":\"https:\/\/challengeseconomiques.com\/#website\"},\"primaryImageOfPage\":{\"@id\":\"https:\/\/challengeseconomiques.com\/?p=3510#primaryimage\"},\"image\":{\"@id\":\"https:\/\/challengeseconomiques.com\/?p=3510#primaryimage\"},\"thumbnailUrl\":\"https:\/\/challengeseconomiques.com\/wp-content\/uploads\/2022\/06\/usaid.jpg\",\"datePublished\":\"2022-06-10T21:36:38+00:00\",\"dateModified\":\"2022-06-10T21:37:17+00:00\",\"author\":{\"@id\":\"https:\/\/challengeseconomiques.com\/#\/schema\/person\/b4568c9afebc5a9238a771873801e349\"},\"breadcrumb\":{\"@id\":\"https:\/\/challengeseconomiques.com\/?p=3510#breadcrumb\"},\"inLanguage\":\"fr-FR\",\"potentialAction\":[{\"@type\":\"ReadAction\",\"target\":[\"https:\/\/challengeseconomiques.com\/?p=3510\"]}]},{\"@type\":\"ImageObject\",\"inLanguage\":\"fr-FR\",\"@id\":\"https:\/\/challengeseconomiques.com\/?p=3510#primaryimage\",\"url\":\"https:\/\/challengeseconomiques.com\/wp-content\/uploads\/2022\/06\/usaid.jpg\",\"contentUrl\":\"https:\/\/challengeseconomiques.com\/wp-content\/uploads\/2022\/06\/usaid.jpg\",\"width\":1080,\"height\":658},{\"@type\":\"BreadcrumbList\",\"@id\":\"https:\/\/challengeseconomiques.com\/?p=3510#breadcrumb\",\"itemListElement\":[{\"@type\":\"ListItem\",\"position\":1,\"name\":\"Home\",\"item\":\"https:\/\/challengeseconomiques.com\/\"},{\"@type\":\"ListItem\",\"position\":2,\"name\":\"REVUE ANNUELLE 2022 DU PORTEFEUILLE DE L\u2019USAID AU SENEGAL Amadou Hott se f\u00e9licite du dynamisme de la coop\u00e9ration avec les Etats Unis\"}]},{\"@type\":\"WebSite\",\"@id\":\"https:\/\/challengeseconomiques.com\/#website\",\"url\":\"https:\/\/challengeseconomiques.com\/\",\"name\":\"challenges economiques\",\"description\":\"\",\"potentialAction\":[{\"@type\":\"SearchAction\",\"target\":{\"@type\":\"EntryPoint\",\"urlTemplate\":\"https:\/\/challengeseconomiques.com\/?s={search_term_string}\"},\"query-input\":{\"@type\":\"PropertyValueSpecification\",\"valueRequired\":true,\"valueName\":\"search_term_string\"}}],\"inLanguage\":\"fr-FR\"},{\"@type\":\"Person\",\"@id\":\"https:\/\/challengeseconomiques.com\/#\/schema\/person\/b4568c9afebc5a9238a771873801e349\",\"name\":\"admin\",\"image\":{\"@type\":\"ImageObject\",\"inLanguage\":\"fr-FR\",\"@id\":\"https:\/\/challengeseconomiques.com\/#\/schema\/person\/image\/\",\"url\":\"https:\/\/secure.gravatar.com\/avatar\/099e42240b5eea11acdb72751fcce0dd918603f0749d24974b7984ea47ed9fd9?s=96&d=mm&r=g\",\"contentUrl\":\"https:\/\/secure.gravatar.com\/avatar\/099e42240b5eea11acdb72751fcce0dd918603f0749d24974b7984ea47ed9fd9?s=96&d=mm&r=g\",\"caption\":\"admin\"},\"sameAs\":[\"https:\/\/challengeseconomiques.com\"],\"url\":\"https:\/\/challengeseconomiques.com\/?author=1\"}]}<\/script>\n<!-- \/ Yoast SEO plugin. -->","yoast_head_json":{"title":"REVUE ANNUELLE 2022 DU PORTEFEUILLE DE L\u2019USAID AU SENEGAL Amadou Hott se f\u00e9licite du dynamisme de la coop\u00e9ration avec les Etats Unis - challenges economiques","robots":{"index":"index","follow":"follow","max-snippet":"max-snippet:-1","max-image-preview":"max-image-preview:large","max-video-preview":"max-video-preview:-1"},"canonical":"https:\/\/challengeseconomiques.com\/?p=3510","og_locale":"fr_FR","og_type":"article","og_title":"REVUE ANNUELLE 2022 DU PORTEFEUILLE DE L\u2019USAID AU SENEGAL Amadou Hott se f\u00e9licite du dynamisme de la coop\u00e9ration avec les Etats Unis - challenges economiques","og_description":"Le ministre de l\u2019Economie, du Plan et de la coop\u00e9ration s\u2019est f\u00e9licit\u00e9, jeudi, du dynamise de la coop\u00e9ration entre le S\u00e9n\u00e9gal et les Etats Unis...","og_url":"https:\/\/challengeseconomiques.com\/?p=3510","og_site_name":"challenges economiques","article_published_time":"2022-06-10T21:36:38+00:00","article_modified_time":"2022-06-10T21:37:17+00:00","og_image":[{"width":1080,"height":658,"url":"https:\/\/challengeseconomiques.com\/wp-content\/uploads\/2022\/06\/usaid.jpg","type":"image\/jpeg"}],"author":"admin","twitter_card":"summary_large_image","twitter_misc":{"\u00c9crit par":"admin","Dur\u00e9e de lecture estim\u00e9e":"2 minutes"},"schema":{"@context":"https:\/\/schema.org","@graph":[{"@type":"Article","@id":"https:\/\/challengeseconomiques.com\/?p=3510#article","isPartOf":{"@id":"https:\/\/challengeseconomiques.com\/?p=3510"},"author":{"name":"admin","@id":"https:\/\/challengeseconomiques.com\/#\/schema\/person\/b4568c9afebc5a9238a771873801e349"},"headline":"REVUE ANNUELLE 2022 DU PORTEFEUILLE DE L\u2019USAID AU SENEGAL Amadou Hott se f\u00e9licite du dynamisme de la coop\u00e9ration avec les Etats Unis","datePublished":"2022-06-10T21:36:38+00:00","dateModified":"2022-06-10T21:37:17+00:00","mainEntityOfPage":{"@id":"https:\/\/challengeseconomiques.com\/?p=3510"},"wordCount":494,"image":{"@id":"https:\/\/challengeseconomiques.com\/?p=3510#primaryimage"},"thumbnailUrl":"https:\/\/challengeseconomiques.com\/wp-content\/uploads\/2022\/06\/usaid.jpg","articleSection":["A la une","Infos \u00e9co"],"inLanguage":"fr-FR"},{"@type":"WebPage","@id":"https:\/\/challengeseconomiques.com\/?p=3510","url":"https:\/\/challengeseconomiques.com\/?p=3510","name":"REVUE ANNUELLE 2022 DU PORTEFEUILLE DE L\u2019USAID AU SENEGAL Amadou Hott se f\u00e9licite du dynamisme de la coop\u00e9ration avec les Etats Unis - challenges economiques","isPartOf":{"@id":"https:\/\/challengeseconomiques.com\/#website"},"primaryImageOfPage":{"@id":"https:\/\/challengeseconomiques.com\/?p=3510#primaryimage"},"image":{"@id":"https:\/\/challengeseconomiques.com\/?p=3510#primaryimage"},"thumbnailUrl":"https:\/\/challengeseconomiques.com\/wp-content\/uploads\/2022\/06\/usaid.jpg","datePublished":"2022-06-10T21:36:38+00:00","dateModified":"2022-06-10T21:37:17+00:00","author":{"@id":"https:\/\/challengeseconomiques.com\/#\/schema\/person\/b4568c9afebc5a9238a771873801e349"},"breadcrumb":{"@id":"https:\/\/challengeseconomiques.com\/?p=3510#breadcrumb"},"inLanguage":"fr-FR","potentialAction":[{"@type":"ReadAction","target":["https:\/\/challengeseconomiques.com\/?p=3510"]}]},{"@type":"ImageObject","inLanguage":"fr-FR","@id":"https:\/\/challengeseconomiques.com\/?p=3510#primaryimage","url":"https:\/\/challengeseconomiques.com\/wp-content\/uploads\/2022\/06\/usaid.jpg","contentUrl":"https:\/\/challengeseconomiques.com\/wp-content\/uploads\/2022\/06\/usaid.jpg","width":1080,"height":658},{"@type":"BreadcrumbList","@id":"https:\/\/challengeseconomiques.com\/?p=3510#breadcrumb","itemListElement":[{"@type":"ListItem","position":1,"name":"Home","item":"https:\/\/challengeseconomiques.com\/"},{"@type":"ListItem","position":2,"name":"REVUE ANNUELLE 2022 DU PORTEFEUILLE DE L\u2019USAID AU SENEGAL Amadou Hott se f\u00e9licite du dynamisme de la coop\u00e9ration avec les Etats Unis"}]},{"@type":"WebSite","@id":"https:\/\/challengeseconomiques.com\/#website","url":"https:\/\/challengeseconomiques.com\/","name":"challenges economiques","description":"","potentialAction":[{"@type":"SearchAction","target":{"@type":"EntryPoint","urlTemplate":"https:\/\/challengeseconomiques.com\/?s={search_term_string}"},"query-input":{"@type":"PropertyValueSpecification","valueRequired":true,"valueName":"search_term_string"}}],"inLanguage":"fr-FR"},{"@type":"Person","@id":"https:\/\/challengeseconomiques.com\/#\/schema\/person\/b4568c9afebc5a9238a771873801e349","name":"admin","image":{"@type":"ImageObject","inLanguage":"fr-FR","@id":"https:\/\/challengeseconomiques.com\/#\/schema\/person\/image\/","url":"https:\/\/secure.gravatar.com\/avatar\/099e42240b5eea11acdb72751fcce0dd918603f0749d24974b7984ea47ed9fd9?s=96&d=mm&r=g","contentUrl":"https:\/\/secure.gravatar.com\/avatar\/099e42240b5eea11acdb72751fcce0dd918603f0749d24974b7984ea47ed9fd9?s=96&d=mm&r=g","caption":"admin"},"sameAs":["https:\/\/challengeseconomiques.com"],"url":"https:\/\/challengeseconomiques.com\/?author=1"}]}},"jetpack_featured_media_url":"https:\/\/challengeseconomiques.com\/wp-content\/uploads\/2022\/06\/usaid.jpg","jetpack_sharing_enabled":true,"_links":{"self":[{"href":"https:\/\/challengeseconomiques.com\/index.php?rest_route=\/wp\/v2\/posts\/3510","targetHints":{"allow":["GET"]}}],"collection":[{"href":"https:\/\/challengeseconomiques.com\/index.php?rest_route=\/wp\/v2\/posts"}],"about":[{"href":"https:\/\/challengeseconomiques.com\/index.php?rest_route=\/wp\/v2\/types\/post"}],"author":[{"embeddable":true,"href":"https:\/\/challengeseconomiques.com\/index.php?rest_route=\/wp\/v2\/users\/1"}],"replies":[{"embeddable":true,"href":"https:\/\/challengeseconomiques.com\/index.php?rest_route=%2Fwp%2Fv2%2Fcomments&post=3510"}],"version-history":[{"count":2,"href":"https:\/\/challengeseconomiques.com\/index.php?rest_route=\/wp\/v2\/posts\/3510\/revisions"}],"predecessor-version":[{"id":3513,"href":"https:\/\/challengeseconomiques.com\/index.php?rest_route=\/wp\/v2\/posts\/3510\/revisions\/3513"}],"wp:featuredmedia":[{"embeddable":true,"href":"https:\/\/challengeseconomiques.com\/index.php?rest_route=\/wp\/v2\/media\/3511"}],"wp:attachment":[{"href":"https:\/\/challengeseconomiques.com\/index.php?rest_route=%2Fwp%2Fv2%2Fmedia&parent=3510"}],"wp:term":[{"taxonomy":"category","embeddable":true,"href":"https:\/\/challengeseconomiques.com\/index.php?rest_route=%2Fwp%2Fv2%2Fcategories&post=3510"},{"taxonomy":"post_tag","embeddable":true,"href":"https:\/\/challengeseconomiques.com\/index.php?rest_route=%2Fwp%2Fv2%2Ftags&post=3510"}],"curies":[{"name":"wp","href":"https:\/\/api.w.org\/{rel}","templated":true}]}}