{"id":3480,"date":"2022-06-03T13:57:57","date_gmt":"2022-06-03T13:57:57","guid":{"rendered":"https:\/\/challengeseconomiques.com\/?p=3480"},"modified":"2022-06-03T13:58:22","modified_gmt":"2022-06-03T13:58:22","slug":"progres-vers-lacces-universel-a-lenergie-la-pandemie-de-covid-19-a-desequilibre-les-efforts-des-pays","status":"publish","type":"post","link":"https:\/\/challengeseconomiques.com\/?p=3480","title":{"rendered":"Progr\u00e8s vers l\u2019acc\u00e8s universel \u00e0 l\u2019\u00e9nergie:   La pand\u00e9mie de COVID-19 a d\u00e9s\u00e9quilibr\u00e9 les efforts des pays"},"content":{"rendered":"<p><strong>Un rapport de la Banque Mondiale (BM), consacr\u00e9 au suivi des avanc\u00e9es de l\u2019Objectif de D\u00e9veloppement durable N\u00b07, souligne les r\u00e9percussions de la pand\u00e9mie Covid-19, sur les perturbations des cha\u00eenes d\u2019approvisionnement mondiales et la hausse des prix de l\u2019alimentation et des carburants entre autres.<\/strong><\/p>\n<p>D\u2019apr\u00e8s le rapport de la Banque Mondiale (BM), pr\u00e8s de 90 millions de personnes en Asie et en Afrique pour lesquels l\u2019acc\u00e8s \u00e0 l\u2019\u00e9lectricit\u00e9 \u00e9tait devenu une r\u00e9alit\u00e9, se retrouvent dans l\u2019impossibilit\u00e9 de payer leur consommation \u00e9nerg\u00e9tique de base.<\/p>\n<p>L\u2019Afrique, o\u00f9 568 millions d\u2019habitants n\u2019ont pas acc\u00e8s \u00e0 l\u2019\u00e9lectricit\u00e9, est le continent le moins \u00e9lectrifi\u00e9, renseigne le rapport. Sur le continent, &nbsp;l\u2019Afrique sub-saharienne repr\u00e9sentait 71 % de la population mondiale sans \u00e9lectricit\u00e9 en 2018, et 77 % en 2020. Dans la plupart des autres r\u00e9gions le d\u00e9ficit d\u2019acc\u00e8s a en revanche diminu\u00e9, souligne le rapport. Certes, \u00e0 l\u2019\u00e9chelle mondiale, 70 millions de personnes suppl\u00e9mentaires peuvent d\u00e9sormais cuisiner avec des combustibles et technologies non polluants, mais il s\u2019agit d\u2019une avanc\u00e9e insuffisante compte tenu de la croissance de la population, en particulier en Afrique sub-saharienne, constate la BM. Dans le d\u00e9tail, il ressort du rapport que les perturbations continues de l\u2019activit\u00e9 \u00e9conomique et des cha\u00eenes d\u2019approvisionnement qui ont caract\u00e9ris\u00e9 la pand\u00e9mie, &nbsp;ont eu des r\u00e9percussions sur toutes les sources d\u2019\u00e9nergie, \u00e0 l\u2019exception des \u00e9nergies renouvelables dont le d\u00e9veloppement s\u2019est poursuivi.&nbsp; Cependant, bon nombre des pays qui ont les besoins en \u00e9lectricit\u00e9 les plus importants n\u2019ont pas b\u00e9n\u00e9fici\u00e9 de ces tendances positives au niveau mondial et r\u00e9gional enregistr\u00e9es par les \u00e9nergies renouvelables, d\u2019autant que pour la deuxi\u00e8me ann\u00e9e cons\u00e9cutive les flux financiers internationaux ont baiss\u00e9, pour s\u2019\u00e9tablir \u00e0 10,9 milliards de dollars en 2019.<\/p>\n<p>Par ailleurs, indique le rapport, la part de la population mondiale ayant un acc\u00e8s \u00e0 l\u2019\u00e9lectricit\u00e9 est pass\u00e9e de 83 % en 2010 \u00e0 91 % en 2020, soit une augmentation de 1,3 milliard de personnes dans le monde.&nbsp; Le nombre de personnes priv\u00e9es d\u2019acc\u00e8s \u00e0 l\u2019\u00e9lectricit\u00e9 dans le monde a baiss\u00e9, passant de 1,2&nbsp;milliard en 2010 \u00e0 733&nbsp;millions en 2020, informe&nbsp; la BM. Cependant, elle rappelle que le rythme des progr\u00e8s en mati\u00e8re d\u2019\u00e9lectrification a ralenti ces derni\u00e8res ann\u00e9es, sans doute parce qu\u2019il est de plus en plus difficile d\u2019atteindre des populations non desservies, plus \u00e9loign\u00e9es et plus pauvres, mais aussi en raison des r\u00e9percussions sans pr\u00e9c\u00e9dent de la pand\u00e9mie de COVID-19. Pour atteindre l\u2019objectif fix\u00e9 \u00e0 l\u2019horizon 2030, il faut r\u00e9aliser 100 millions de nouvelles connexions par an, r\u00e9v\u00e8le l\u2019\u00e9tude de la BM.<\/p>\n<p><strong>Moustapha DIA<\/strong><\/p>\n","protected":false},"excerpt":{"rendered":"<p>Un rapport de la Banque Mondiale (BM), consacr\u00e9 au suivi des avanc\u00e9es de l\u2019Objectif de D\u00e9veloppement durable N\u00b07, souligne les r\u00e9percussions de la pand\u00e9mie Covid-19,&#8230;<\/p>\n","protected":false},"author":1,"featured_media":3481,"comment_status":"closed","ping_status":"open","sticky":false,"template":"","format":"standard","meta":{"_jetpack_memberships_contains_paid_content":false,"footnotes":""},"categories":[23,10],"tags":[],"class_list":["post-3480","post","type-post","status-publish","format-standard","has-post-thumbnail","hentry","category-a-la-une","category-infos-eco","wpcat-23-id","wpcat-10-id"],"yoast_head":"<!-- This site is optimized with the Yoast SEO plugin v27.1.1 - https:\/\/yoast.com\/product\/yoast-seo-wordpress\/ -->\n<title>Progr\u00e8s vers l\u2019acc\u00e8s universel \u00e0 l\u2019\u00e9nergie:  La pand\u00e9mie de COVID-19 a d\u00e9s\u00e9quilibr\u00e9 les efforts des pays - challenges economiques<\/title>\n<meta name=\"robots\" content=\"index, follow, max-snippet:-1, max-image-preview:large, max-video-preview:-1\" \/>\n<link rel=\"canonical\" href=\"https:\/\/challengeseconomiques.com\/?p=3480\" \/>\n<meta property=\"og:locale\" content=\"fr_FR\" \/>\n<meta property=\"og:type\" content=\"article\" \/>\n<meta property=\"og:title\" content=\"Progr\u00e8s vers l\u2019acc\u00e8s universel \u00e0 l\u2019\u00e9nergie:  La pand\u00e9mie de COVID-19 a d\u00e9s\u00e9quilibr\u00e9 les efforts des pays - challenges economiques\" \/>\n<meta property=\"og:description\" content=\"Un rapport de la Banque Mondiale (BM), consacr\u00e9 au suivi des avanc\u00e9es de l\u2019Objectif de D\u00e9veloppement durable N\u00b07, souligne les r\u00e9percussions de la pand\u00e9mie Covid-19,...\" \/>\n<meta property=\"og:url\" content=\"https:\/\/challengeseconomiques.com\/?p=3480\" \/>\n<meta property=\"og:site_name\" content=\"challenges economiques\" \/>\n<meta property=\"article:published_time\" content=\"2022-06-03T13:57:57+00:00\" \/>\n<meta property=\"article:modified_time\" content=\"2022-06-03T13:58:22+00:00\" \/>\n<meta property=\"og:image\" content=\"https:\/\/challengeseconomiques.com\/wp-content\/uploads\/2022\/06\/energie.jpg\" \/>\n\t<meta property=\"og:image:width\" content=\"855\" \/>\n\t<meta property=\"og:image:height\" content=\"516\" \/>\n\t<meta property=\"og:image:type\" content=\"image\/jpeg\" \/>\n<meta name=\"author\" content=\"admin\" \/>\n<meta name=\"twitter:card\" content=\"summary_large_image\" \/>\n<meta name=\"twitter:label1\" content=\"\u00c9crit par\" \/>\n\t<meta name=\"twitter:data1\" content=\"admin\" \/>\n\t<meta name=\"twitter:label2\" content=\"Dur\u00e9e de lecture estim\u00e9e\" \/>\n\t<meta name=\"twitter:data2\" content=\"3 minutes\" \/>\n<script type=\"application\/ld+json\" class=\"yoast-schema-graph\">{\"@context\":\"https:\/\/schema.org\",\"@graph\":[{\"@type\":\"Article\",\"@id\":\"https:\/\/challengeseconomiques.com\/?p=3480#article\",\"isPartOf\":{\"@id\":\"https:\/\/challengeseconomiques.com\/?p=3480\"},\"author\":{\"name\":\"admin\",\"@id\":\"https:\/\/challengeseconomiques.com\/#\/schema\/person\/b4568c9afebc5a9238a771873801e349\"},\"headline\":\"Progr\u00e8s vers l\u2019acc\u00e8s universel \u00e0 l\u2019\u00e9nergie: La pand\u00e9mie de COVID-19 a d\u00e9s\u00e9quilibr\u00e9 les efforts des pays\",\"datePublished\":\"2022-06-03T13:57:57+00:00\",\"dateModified\":\"2022-06-03T13:58:22+00:00\",\"mainEntityOfPage\":{\"@id\":\"https:\/\/challengeseconomiques.com\/?p=3480\"},\"wordCount\":489,\"image\":{\"@id\":\"https:\/\/challengeseconomiques.com\/?p=3480#primaryimage\"},\"thumbnailUrl\":\"https:\/\/challengeseconomiques.com\/wp-content\/uploads\/2022\/06\/energie.jpg\",\"articleSection\":[\"A la une\",\"Infos \u00e9co\"],\"inLanguage\":\"fr-FR\"},{\"@type\":\"WebPage\",\"@id\":\"https:\/\/challengeseconomiques.com\/?p=3480\",\"url\":\"https:\/\/challengeseconomiques.com\/?p=3480\",\"name\":\"Progr\u00e8s vers l\u2019acc\u00e8s universel \u00e0 l\u2019\u00e9nergie: La pand\u00e9mie de COVID-19 a d\u00e9s\u00e9quilibr\u00e9 les efforts des pays - challenges economiques\",\"isPartOf\":{\"@id\":\"https:\/\/challengeseconomiques.com\/#website\"},\"primaryImageOfPage\":{\"@id\":\"https:\/\/challengeseconomiques.com\/?p=3480#primaryimage\"},\"image\":{\"@id\":\"https:\/\/challengeseconomiques.com\/?p=3480#primaryimage\"},\"thumbnailUrl\":\"https:\/\/challengeseconomiques.com\/wp-content\/uploads\/2022\/06\/energie.jpg\",\"datePublished\":\"2022-06-03T13:57:57+00:00\",\"dateModified\":\"2022-06-03T13:58:22+00:00\",\"author\":{\"@id\":\"https:\/\/challengeseconomiques.com\/#\/schema\/person\/b4568c9afebc5a9238a771873801e349\"},\"breadcrumb\":{\"@id\":\"https:\/\/challengeseconomiques.com\/?p=3480#breadcrumb\"},\"inLanguage\":\"fr-FR\",\"potentialAction\":[{\"@type\":\"ReadAction\",\"target\":[\"https:\/\/challengeseconomiques.com\/?p=3480\"]}]},{\"@type\":\"ImageObject\",\"inLanguage\":\"fr-FR\",\"@id\":\"https:\/\/challengeseconomiques.com\/?p=3480#primaryimage\",\"url\":\"https:\/\/challengeseconomiques.com\/wp-content\/uploads\/2022\/06\/energie.jpg\",\"contentUrl\":\"https:\/\/challengeseconomiques.com\/wp-content\/uploads\/2022\/06\/energie.jpg\",\"width\":855,\"height\":516},{\"@type\":\"BreadcrumbList\",\"@id\":\"https:\/\/challengeseconomiques.com\/?p=3480#breadcrumb\",\"itemListElement\":[{\"@type\":\"ListItem\",\"position\":1,\"name\":\"Home\",\"item\":\"https:\/\/challengeseconomiques.com\/\"},{\"@type\":\"ListItem\",\"position\":2,\"name\":\"Progr\u00e8s vers l\u2019acc\u00e8s universel \u00e0 l\u2019\u00e9nergie: La pand\u00e9mie de COVID-19 a d\u00e9s\u00e9quilibr\u00e9 les efforts des pays\"}]},{\"@type\":\"WebSite\",\"@id\":\"https:\/\/challengeseconomiques.com\/#website\",\"url\":\"https:\/\/challengeseconomiques.com\/\",\"name\":\"challenges economiques\",\"description\":\"\",\"potentialAction\":[{\"@type\":\"SearchAction\",\"target\":{\"@type\":\"EntryPoint\",\"urlTemplate\":\"https:\/\/challengeseconomiques.com\/?s={search_term_string}\"},\"query-input\":{\"@type\":\"PropertyValueSpecification\",\"valueRequired\":true,\"valueName\":\"search_term_string\"}}],\"inLanguage\":\"fr-FR\"},{\"@type\":\"Person\",\"@id\":\"https:\/\/challengeseconomiques.com\/#\/schema\/person\/b4568c9afebc5a9238a771873801e349\",\"name\":\"admin\",\"image\":{\"@type\":\"ImageObject\",\"inLanguage\":\"fr-FR\",\"@id\":\"https:\/\/challengeseconomiques.com\/#\/schema\/person\/image\/\",\"url\":\"https:\/\/secure.gravatar.com\/avatar\/099e42240b5eea11acdb72751fcce0dd918603f0749d24974b7984ea47ed9fd9?s=96&d=mm&r=g\",\"contentUrl\":\"https:\/\/secure.gravatar.com\/avatar\/099e42240b5eea11acdb72751fcce0dd918603f0749d24974b7984ea47ed9fd9?s=96&d=mm&r=g\",\"caption\":\"admin\"},\"sameAs\":[\"https:\/\/challengeseconomiques.com\"],\"url\":\"https:\/\/challengeseconomiques.com\/?author=1\"}]}<\/script>\n<!-- \/ Yoast SEO plugin. -->","yoast_head_json":{"title":"Progr\u00e8s vers l\u2019acc\u00e8s universel \u00e0 l\u2019\u00e9nergie:  La pand\u00e9mie de COVID-19 a d\u00e9s\u00e9quilibr\u00e9 les efforts des pays - challenges economiques","robots":{"index":"index","follow":"follow","max-snippet":"max-snippet:-1","max-image-preview":"max-image-preview:large","max-video-preview":"max-video-preview:-1"},"canonical":"https:\/\/challengeseconomiques.com\/?p=3480","og_locale":"fr_FR","og_type":"article","og_title":"Progr\u00e8s vers l\u2019acc\u00e8s universel \u00e0 l\u2019\u00e9nergie:  La pand\u00e9mie de COVID-19 a d\u00e9s\u00e9quilibr\u00e9 les efforts des pays - challenges economiques","og_description":"Un rapport de la Banque Mondiale (BM), consacr\u00e9 au suivi des avanc\u00e9es de l\u2019Objectif de D\u00e9veloppement durable N\u00b07, souligne les r\u00e9percussions de la pand\u00e9mie Covid-19,...","og_url":"https:\/\/challengeseconomiques.com\/?p=3480","og_site_name":"challenges economiques","article_published_time":"2022-06-03T13:57:57+00:00","article_modified_time":"2022-06-03T13:58:22+00:00","og_image":[{"width":855,"height":516,"url":"https:\/\/challengeseconomiques.com\/wp-content\/uploads\/2022\/06\/energie.jpg","type":"image\/jpeg"}],"author":"admin","twitter_card":"summary_large_image","twitter_misc":{"\u00c9crit par":"admin","Dur\u00e9e de lecture estim\u00e9e":"3 minutes"},"schema":{"@context":"https:\/\/schema.org","@graph":[{"@type":"Article","@id":"https:\/\/challengeseconomiques.com\/?p=3480#article","isPartOf":{"@id":"https:\/\/challengeseconomiques.com\/?p=3480"},"author":{"name":"admin","@id":"https:\/\/challengeseconomiques.com\/#\/schema\/person\/b4568c9afebc5a9238a771873801e349"},"headline":"Progr\u00e8s vers l\u2019acc\u00e8s universel \u00e0 l\u2019\u00e9nergie: La pand\u00e9mie de COVID-19 a d\u00e9s\u00e9quilibr\u00e9 les efforts des pays","datePublished":"2022-06-03T13:57:57+00:00","dateModified":"2022-06-03T13:58:22+00:00","mainEntityOfPage":{"@id":"https:\/\/challengeseconomiques.com\/?p=3480"},"wordCount":489,"image":{"@id":"https:\/\/challengeseconomiques.com\/?p=3480#primaryimage"},"thumbnailUrl":"https:\/\/challengeseconomiques.com\/wp-content\/uploads\/2022\/06\/energie.jpg","articleSection":["A la une","Infos \u00e9co"],"inLanguage":"fr-FR"},{"@type":"WebPage","@id":"https:\/\/challengeseconomiques.com\/?p=3480","url":"https:\/\/challengeseconomiques.com\/?p=3480","name":"Progr\u00e8s vers l\u2019acc\u00e8s universel \u00e0 l\u2019\u00e9nergie: La pand\u00e9mie de COVID-19 a d\u00e9s\u00e9quilibr\u00e9 les efforts des pays - challenges economiques","isPartOf":{"@id":"https:\/\/challengeseconomiques.com\/#website"},"primaryImageOfPage":{"@id":"https:\/\/challengeseconomiques.com\/?p=3480#primaryimage"},"image":{"@id":"https:\/\/challengeseconomiques.com\/?p=3480#primaryimage"},"thumbnailUrl":"https:\/\/challengeseconomiques.com\/wp-content\/uploads\/2022\/06\/energie.jpg","datePublished":"2022-06-03T13:57:57+00:00","dateModified":"2022-06-03T13:58:22+00:00","author":{"@id":"https:\/\/challengeseconomiques.com\/#\/schema\/person\/b4568c9afebc5a9238a771873801e349"},"breadcrumb":{"@id":"https:\/\/challengeseconomiques.com\/?p=3480#breadcrumb"},"inLanguage":"fr-FR","potentialAction":[{"@type":"ReadAction","target":["https:\/\/challengeseconomiques.com\/?p=3480"]}]},{"@type":"ImageObject","inLanguage":"fr-FR","@id":"https:\/\/challengeseconomiques.com\/?p=3480#primaryimage","url":"https:\/\/challengeseconomiques.com\/wp-content\/uploads\/2022\/06\/energie.jpg","contentUrl":"https:\/\/challengeseconomiques.com\/wp-content\/uploads\/2022\/06\/energie.jpg","width":855,"height":516},{"@type":"BreadcrumbList","@id":"https:\/\/challengeseconomiques.com\/?p=3480#breadcrumb","itemListElement":[{"@type":"ListItem","position":1,"name":"Home","item":"https:\/\/challengeseconomiques.com\/"},{"@type":"ListItem","position":2,"name":"Progr\u00e8s vers l\u2019acc\u00e8s universel \u00e0 l\u2019\u00e9nergie: La pand\u00e9mie de COVID-19 a d\u00e9s\u00e9quilibr\u00e9 les efforts des pays"}]},{"@type":"WebSite","@id":"https:\/\/challengeseconomiques.com\/#website","url":"https:\/\/challengeseconomiques.com\/","name":"challenges economiques","description":"","potentialAction":[{"@type":"SearchAction","target":{"@type":"EntryPoint","urlTemplate":"https:\/\/challengeseconomiques.com\/?s={search_term_string}"},"query-input":{"@type":"PropertyValueSpecification","valueRequired":true,"valueName":"search_term_string"}}],"inLanguage":"fr-FR"},{"@type":"Person","@id":"https:\/\/challengeseconomiques.com\/#\/schema\/person\/b4568c9afebc5a9238a771873801e349","name":"admin","image":{"@type":"ImageObject","inLanguage":"fr-FR","@id":"https:\/\/challengeseconomiques.com\/#\/schema\/person\/image\/","url":"https:\/\/secure.gravatar.com\/avatar\/099e42240b5eea11acdb72751fcce0dd918603f0749d24974b7984ea47ed9fd9?s=96&d=mm&r=g","contentUrl":"https:\/\/secure.gravatar.com\/avatar\/099e42240b5eea11acdb72751fcce0dd918603f0749d24974b7984ea47ed9fd9?s=96&d=mm&r=g","caption":"admin"},"sameAs":["https:\/\/challengeseconomiques.com"],"url":"https:\/\/challengeseconomiques.com\/?author=1"}]}},"jetpack_featured_media_url":"https:\/\/challengeseconomiques.com\/wp-content\/uploads\/2022\/06\/energie.jpg","jetpack_sharing_enabled":true,"_links":{"self":[{"href":"https:\/\/challengeseconomiques.com\/index.php?rest_route=\/wp\/v2\/posts\/3480","targetHints":{"allow":["GET"]}}],"collection":[{"href":"https:\/\/challengeseconomiques.com\/index.php?rest_route=\/wp\/v2\/posts"}],"about":[{"href":"https:\/\/challengeseconomiques.com\/index.php?rest_route=\/wp\/v2\/types\/post"}],"author":[{"embeddable":true,"href":"https:\/\/challengeseconomiques.com\/index.php?rest_route=\/wp\/v2\/users\/1"}],"replies":[{"embeddable":true,"href":"https:\/\/challengeseconomiques.com\/index.php?rest_route=%2Fwp%2Fv2%2Fcomments&post=3480"}],"version-history":[{"count":2,"href":"https:\/\/challengeseconomiques.com\/index.php?rest_route=\/wp\/v2\/posts\/3480\/revisions"}],"predecessor-version":[{"id":3483,"href":"https:\/\/challengeseconomiques.com\/index.php?rest_route=\/wp\/v2\/posts\/3480\/revisions\/3483"}],"wp:featuredmedia":[{"embeddable":true,"href":"https:\/\/challengeseconomiques.com\/index.php?rest_route=\/wp\/v2\/media\/3481"}],"wp:attachment":[{"href":"https:\/\/challengeseconomiques.com\/index.php?rest_route=%2Fwp%2Fv2%2Fmedia&parent=3480"}],"wp:term":[{"taxonomy":"category","embeddable":true,"href":"https:\/\/challengeseconomiques.com\/index.php?rest_route=%2Fwp%2Fv2%2Fcategories&post=3480"},{"taxonomy":"post_tag","embeddable":true,"href":"https:\/\/challengeseconomiques.com\/index.php?rest_route=%2Fwp%2Fv2%2Ftags&post=3480"}],"curies":[{"name":"wp","href":"https:\/\/api.w.org\/{rel}","templated":true}]}}