{"id":3477,"date":"2022-06-03T13:44:33","date_gmt":"2022-06-03T13:44:33","guid":{"rendered":"https:\/\/challengeseconomiques.com\/?p=3477"},"modified":"2022-06-03T13:45:44","modified_gmt":"2022-06-03T13:45:44","slug":"un-memorandum-dentente-pour-des-stages-de-capacitation-a-huawei-senegal","status":"publish","type":"post","link":"https:\/\/challengeseconomiques.com\/?p=3477","title":{"rendered":"Un m\u00e9morandum d\u2019entente pour des stages de capacitation \u00e0 Huawei S\u00e9n\u00e9gal"},"content":{"rendered":"<div>\n<div>Huawei S\u00e9n\u00e9gal a annonc\u00e9 avoir sign\u00e9 un m\u00e9morandum d\u2019entente avec trois \u00e9tablissements d\u2019enseignement sup\u00e9rieur bas\u00e9s au S\u00e9n\u00e9gal, l\u2019Universit\u00e9 Cheikh-Anta-Diop de Dakar (UCAD), l\u2019Ecole sup\u00e9rieure multinationale des t\u00e9l\u00e9communications (ESMT) et l\u2019Institut sup\u00e9rieur d\u2019informatique (ISI).<\/div>\n<div><\/div>\n<\/div>\n<div><\/div>\n<div>L\u2019objectif de ce partenariat scell\u00e9 pour une dur\u00e9e de trois ans consiste \u00e0 offrir aux meilleurs \u00e9tudiants issus de ces universit\u00e9s, l\u2019opportunit\u00e9 d\u2019int\u00e9grer le groupe Huawei en leur proposant des stages de capacitation en fonction des int\u00e9r\u00eats et besoins de l\u2019entreprise chinoise et des \u00e9coles.<\/div>\n<div><\/div>\n<div>Le communiqu\u00e9 souligne que selon Nathan Li, directeur g\u00e9n\u00e9ral de Huawei S\u00e9n\u00e9gal, Huawei \u0153uvre pour la cr\u00e9ation d\u2019un \u00e9cosyst\u00e8me de talents en TIC solide en collaboration avec l\u2019UCAD, l\u2019ESMT et l\u2019ISI.<\/div>\n<div><\/div>\n<div>Le directeur g\u00e9n\u00e9ral de Huawei S\u00e9n\u00e9gal d\u00e9clare qu\u2019\u00e0 travers cette collaboration, son entreprise esp\u00e8re promouvoir le d\u00e9veloppement de l\u2019industrie des TIC et favoriser la durabilit\u00e9 \u00e9conomique et sociale \u00e0 long terme.<\/div>\n<div><\/div>\n<div>\u2019\u2019Nous esp\u00e9rons \u00e9galement aider \u00e0 combler l\u2019\u00e9cart de connaissances acquises en classe et les comp\u00e9tences requises par l\u2019industrie, et \u00e0 am\u00e9liorer le transfert des connaissances\u2019\u2019, a poursuivi Nathan LI.<\/div>\n<div><\/div>\n<div>De son c\u00f4t\u00e9, Fary S\u00e8ye, le secr\u00e9taire g\u00e9n\u00e9ral du minist\u00e8re de l\u2019Enseignement sup\u00e9rieur, de la Recherche et de l\u2019Innovation, estime que les programmes ICT Comp\u00e9tition, Huawei ICT Academy et Seeds for The Future, sont des exemples de promotion de l\u2019\u00e9ducation, de l\u2019apprentissage et du d\u00e9veloppement.<\/div>\n<div><\/div>\n<div>Selon lui, ces programmes permettent de d\u00e9velopper de nouveaux talents et d\u2019am\u00e9liorer les capacit\u00e9s pratiques des \u00e9tudiants et la comp\u00e9titivit\u00e9 de l\u2019emploi.<\/div>\n<div><strong>APS<\/strong><\/div>\n","protected":false},"excerpt":{"rendered":"<p>Huawei S\u00e9n\u00e9gal a annonc\u00e9 avoir sign\u00e9 un m\u00e9morandum d\u2019entente avec trois \u00e9tablissements d\u2019enseignement sup\u00e9rieur bas\u00e9s au S\u00e9n\u00e9gal, l\u2019Universit\u00e9 Cheikh-Anta-Diop de Dakar (UCAD), l\u2019Ecole sup\u00e9rieure multinationale&#8230;<\/p>\n","protected":false},"author":1,"featured_media":3478,"comment_status":"closed","ping_status":"open","sticky":false,"template":"","format":"standard","meta":{"_jetpack_memberships_contains_paid_content":false,"footnotes":""},"categories":[23,8,10],"tags":[],"class_list":["post-3477","post","type-post","status-publish","format-standard","has-post-thumbnail","hentry","category-a-la-une","category-actualite-economique","category-infos-eco","wpcat-23-id","wpcat-8-id","wpcat-10-id"],"yoast_head":"<!-- This site is optimized with the Yoast SEO plugin v27.1.1 - https:\/\/yoast.com\/product\/yoast-seo-wordpress\/ -->\n<title>Un m\u00e9morandum d\u2019entente pour des stages de capacitation \u00e0 Huawei S\u00e9n\u00e9gal - challenges economiques<\/title>\n<meta name=\"robots\" content=\"index, follow, max-snippet:-1, max-image-preview:large, max-video-preview:-1\" \/>\n<link rel=\"canonical\" href=\"https:\/\/challengeseconomiques.com\/?p=3477\" \/>\n<meta property=\"og:locale\" content=\"fr_FR\" \/>\n<meta property=\"og:type\" content=\"article\" \/>\n<meta property=\"og:title\" content=\"Un m\u00e9morandum d\u2019entente pour des stages de capacitation \u00e0 Huawei S\u00e9n\u00e9gal - challenges economiques\" \/>\n<meta property=\"og:description\" content=\"Huawei S\u00e9n\u00e9gal a annonc\u00e9 avoir sign\u00e9 un m\u00e9morandum d\u2019entente avec trois \u00e9tablissements d\u2019enseignement sup\u00e9rieur bas\u00e9s au S\u00e9n\u00e9gal, l\u2019Universit\u00e9 Cheikh-Anta-Diop de Dakar (UCAD), l\u2019Ecole sup\u00e9rieure multinationale...\" \/>\n<meta property=\"og:url\" content=\"https:\/\/challengeseconomiques.com\/?p=3477\" \/>\n<meta property=\"og:site_name\" content=\"challenges economiques\" \/>\n<meta property=\"article:published_time\" content=\"2022-06-03T13:44:33+00:00\" \/>\n<meta property=\"article:modified_time\" content=\"2022-06-03T13:45:44+00:00\" \/>\n<meta property=\"og:image\" content=\"https:\/\/challengeseconomiques.com\/wp-content\/uploads\/2022\/06\/huawei.jpg\" \/>\n\t<meta property=\"og:image:width\" content=\"699\" \/>\n\t<meta property=\"og:image:height\" content=\"293\" \/>\n\t<meta property=\"og:image:type\" content=\"image\/jpeg\" \/>\n<meta name=\"author\" content=\"admin\" \/>\n<meta name=\"twitter:card\" content=\"summary_large_image\" \/>\n<meta name=\"twitter:label1\" content=\"\u00c9crit par\" \/>\n\t<meta name=\"twitter:data1\" content=\"admin\" \/>\n\t<meta name=\"twitter:label2\" content=\"Dur\u00e9e de lecture estim\u00e9e\" \/>\n\t<meta name=\"twitter:data2\" content=\"2 minutes\" \/>\n<script type=\"application\/ld+json\" class=\"yoast-schema-graph\">{\"@context\":\"https:\/\/schema.org\",\"@graph\":[{\"@type\":\"Article\",\"@id\":\"https:\/\/challengeseconomiques.com\/?p=3477#article\",\"isPartOf\":{\"@id\":\"https:\/\/challengeseconomiques.com\/?p=3477\"},\"author\":{\"name\":\"admin\",\"@id\":\"https:\/\/challengeseconomiques.com\/#\/schema\/person\/b4568c9afebc5a9238a771873801e349\"},\"headline\":\"Un m\u00e9morandum d\u2019entente pour des stages de capacitation \u00e0 Huawei S\u00e9n\u00e9gal\",\"datePublished\":\"2022-06-03T13:44:33+00:00\",\"dateModified\":\"2022-06-03T13:45:44+00:00\",\"mainEntityOfPage\":{\"@id\":\"https:\/\/challengeseconomiques.com\/?p=3477\"},\"wordCount\":315,\"image\":{\"@id\":\"https:\/\/challengeseconomiques.com\/?p=3477#primaryimage\"},\"thumbnailUrl\":\"https:\/\/challengeseconomiques.com\/wp-content\/uploads\/2022\/06\/huawei.jpg\",\"articleSection\":[\"A la une\",\"Actualit\u00e9 \u00e9conomique\",\"Infos \u00e9co\"],\"inLanguage\":\"fr-FR\"},{\"@type\":\"WebPage\",\"@id\":\"https:\/\/challengeseconomiques.com\/?p=3477\",\"url\":\"https:\/\/challengeseconomiques.com\/?p=3477\",\"name\":\"Un m\u00e9morandum d\u2019entente pour des stages de capacitation \u00e0 Huawei S\u00e9n\u00e9gal - challenges economiques\",\"isPartOf\":{\"@id\":\"https:\/\/challengeseconomiques.com\/#website\"},\"primaryImageOfPage\":{\"@id\":\"https:\/\/challengeseconomiques.com\/?p=3477#primaryimage\"},\"image\":{\"@id\":\"https:\/\/challengeseconomiques.com\/?p=3477#primaryimage\"},\"thumbnailUrl\":\"https:\/\/challengeseconomiques.com\/wp-content\/uploads\/2022\/06\/huawei.jpg\",\"datePublished\":\"2022-06-03T13:44:33+00:00\",\"dateModified\":\"2022-06-03T13:45:44+00:00\",\"author\":{\"@id\":\"https:\/\/challengeseconomiques.com\/#\/schema\/person\/b4568c9afebc5a9238a771873801e349\"},\"breadcrumb\":{\"@id\":\"https:\/\/challengeseconomiques.com\/?p=3477#breadcrumb\"},\"inLanguage\":\"fr-FR\",\"potentialAction\":[{\"@type\":\"ReadAction\",\"target\":[\"https:\/\/challengeseconomiques.com\/?p=3477\"]}]},{\"@type\":\"ImageObject\",\"inLanguage\":\"fr-FR\",\"@id\":\"https:\/\/challengeseconomiques.com\/?p=3477#primaryimage\",\"url\":\"https:\/\/challengeseconomiques.com\/wp-content\/uploads\/2022\/06\/huawei.jpg\",\"contentUrl\":\"https:\/\/challengeseconomiques.com\/wp-content\/uploads\/2022\/06\/huawei.jpg\",\"width\":699,\"height\":293},{\"@type\":\"BreadcrumbList\",\"@id\":\"https:\/\/challengeseconomiques.com\/?p=3477#breadcrumb\",\"itemListElement\":[{\"@type\":\"ListItem\",\"position\":1,\"name\":\"Home\",\"item\":\"https:\/\/challengeseconomiques.com\/\"},{\"@type\":\"ListItem\",\"position\":2,\"name\":\"Un m\u00e9morandum d\u2019entente pour des stages de capacitation \u00e0 Huawei S\u00e9n\u00e9gal\"}]},{\"@type\":\"WebSite\",\"@id\":\"https:\/\/challengeseconomiques.com\/#website\",\"url\":\"https:\/\/challengeseconomiques.com\/\",\"name\":\"challenges economiques\",\"description\":\"\",\"potentialAction\":[{\"@type\":\"SearchAction\",\"target\":{\"@type\":\"EntryPoint\",\"urlTemplate\":\"https:\/\/challengeseconomiques.com\/?s={search_term_string}\"},\"query-input\":{\"@type\":\"PropertyValueSpecification\",\"valueRequired\":true,\"valueName\":\"search_term_string\"}}],\"inLanguage\":\"fr-FR\"},{\"@type\":\"Person\",\"@id\":\"https:\/\/challengeseconomiques.com\/#\/schema\/person\/b4568c9afebc5a9238a771873801e349\",\"name\":\"admin\",\"image\":{\"@type\":\"ImageObject\",\"inLanguage\":\"fr-FR\",\"@id\":\"https:\/\/challengeseconomiques.com\/#\/schema\/person\/image\/\",\"url\":\"https:\/\/secure.gravatar.com\/avatar\/099e42240b5eea11acdb72751fcce0dd918603f0749d24974b7984ea47ed9fd9?s=96&d=mm&r=g\",\"contentUrl\":\"https:\/\/secure.gravatar.com\/avatar\/099e42240b5eea11acdb72751fcce0dd918603f0749d24974b7984ea47ed9fd9?s=96&d=mm&r=g\",\"caption\":\"admin\"},\"sameAs\":[\"https:\/\/challengeseconomiques.com\"],\"url\":\"https:\/\/challengeseconomiques.com\/?author=1\"}]}<\/script>\n<!-- \/ Yoast SEO plugin. -->","yoast_head_json":{"title":"Un m\u00e9morandum d\u2019entente pour des stages de capacitation \u00e0 Huawei S\u00e9n\u00e9gal - challenges economiques","robots":{"index":"index","follow":"follow","max-snippet":"max-snippet:-1","max-image-preview":"max-image-preview:large","max-video-preview":"max-video-preview:-1"},"canonical":"https:\/\/challengeseconomiques.com\/?p=3477","og_locale":"fr_FR","og_type":"article","og_title":"Un m\u00e9morandum d\u2019entente pour des stages de capacitation \u00e0 Huawei S\u00e9n\u00e9gal - challenges economiques","og_description":"Huawei S\u00e9n\u00e9gal a annonc\u00e9 avoir sign\u00e9 un m\u00e9morandum d\u2019entente avec trois \u00e9tablissements d\u2019enseignement sup\u00e9rieur bas\u00e9s au S\u00e9n\u00e9gal, l\u2019Universit\u00e9 Cheikh-Anta-Diop de Dakar (UCAD), l\u2019Ecole sup\u00e9rieure multinationale...","og_url":"https:\/\/challengeseconomiques.com\/?p=3477","og_site_name":"challenges economiques","article_published_time":"2022-06-03T13:44:33+00:00","article_modified_time":"2022-06-03T13:45:44+00:00","og_image":[{"width":699,"height":293,"url":"https:\/\/challengeseconomiques.com\/wp-content\/uploads\/2022\/06\/huawei.jpg","type":"image\/jpeg"}],"author":"admin","twitter_card":"summary_large_image","twitter_misc":{"\u00c9crit par":"admin","Dur\u00e9e de lecture estim\u00e9e":"2 minutes"},"schema":{"@context":"https:\/\/schema.org","@graph":[{"@type":"Article","@id":"https:\/\/challengeseconomiques.com\/?p=3477#article","isPartOf":{"@id":"https:\/\/challengeseconomiques.com\/?p=3477"},"author":{"name":"admin","@id":"https:\/\/challengeseconomiques.com\/#\/schema\/person\/b4568c9afebc5a9238a771873801e349"},"headline":"Un m\u00e9morandum d\u2019entente pour des stages de capacitation \u00e0 Huawei S\u00e9n\u00e9gal","datePublished":"2022-06-03T13:44:33+00:00","dateModified":"2022-06-03T13:45:44+00:00","mainEntityOfPage":{"@id":"https:\/\/challengeseconomiques.com\/?p=3477"},"wordCount":315,"image":{"@id":"https:\/\/challengeseconomiques.com\/?p=3477#primaryimage"},"thumbnailUrl":"https:\/\/challengeseconomiques.com\/wp-content\/uploads\/2022\/06\/huawei.jpg","articleSection":["A la une","Actualit\u00e9 \u00e9conomique","Infos \u00e9co"],"inLanguage":"fr-FR"},{"@type":"WebPage","@id":"https:\/\/challengeseconomiques.com\/?p=3477","url":"https:\/\/challengeseconomiques.com\/?p=3477","name":"Un m\u00e9morandum d\u2019entente pour des stages de capacitation \u00e0 Huawei S\u00e9n\u00e9gal - challenges economiques","isPartOf":{"@id":"https:\/\/challengeseconomiques.com\/#website"},"primaryImageOfPage":{"@id":"https:\/\/challengeseconomiques.com\/?p=3477#primaryimage"},"image":{"@id":"https:\/\/challengeseconomiques.com\/?p=3477#primaryimage"},"thumbnailUrl":"https:\/\/challengeseconomiques.com\/wp-content\/uploads\/2022\/06\/huawei.jpg","datePublished":"2022-06-03T13:44:33+00:00","dateModified":"2022-06-03T13:45:44+00:00","author":{"@id":"https:\/\/challengeseconomiques.com\/#\/schema\/person\/b4568c9afebc5a9238a771873801e349"},"breadcrumb":{"@id":"https:\/\/challengeseconomiques.com\/?p=3477#breadcrumb"},"inLanguage":"fr-FR","potentialAction":[{"@type":"ReadAction","target":["https:\/\/challengeseconomiques.com\/?p=3477"]}]},{"@type":"ImageObject","inLanguage":"fr-FR","@id":"https:\/\/challengeseconomiques.com\/?p=3477#primaryimage","url":"https:\/\/challengeseconomiques.com\/wp-content\/uploads\/2022\/06\/huawei.jpg","contentUrl":"https:\/\/challengeseconomiques.com\/wp-content\/uploads\/2022\/06\/huawei.jpg","width":699,"height":293},{"@type":"BreadcrumbList","@id":"https:\/\/challengeseconomiques.com\/?p=3477#breadcrumb","itemListElement":[{"@type":"ListItem","position":1,"name":"Home","item":"https:\/\/challengeseconomiques.com\/"},{"@type":"ListItem","position":2,"name":"Un m\u00e9morandum d\u2019entente pour des stages de capacitation \u00e0 Huawei S\u00e9n\u00e9gal"}]},{"@type":"WebSite","@id":"https:\/\/challengeseconomiques.com\/#website","url":"https:\/\/challengeseconomiques.com\/","name":"challenges economiques","description":"","potentialAction":[{"@type":"SearchAction","target":{"@type":"EntryPoint","urlTemplate":"https:\/\/challengeseconomiques.com\/?s={search_term_string}"},"query-input":{"@type":"PropertyValueSpecification","valueRequired":true,"valueName":"search_term_string"}}],"inLanguage":"fr-FR"},{"@type":"Person","@id":"https:\/\/challengeseconomiques.com\/#\/schema\/person\/b4568c9afebc5a9238a771873801e349","name":"admin","image":{"@type":"ImageObject","inLanguage":"fr-FR","@id":"https:\/\/challengeseconomiques.com\/#\/schema\/person\/image\/","url":"https:\/\/secure.gravatar.com\/avatar\/099e42240b5eea11acdb72751fcce0dd918603f0749d24974b7984ea47ed9fd9?s=96&d=mm&r=g","contentUrl":"https:\/\/secure.gravatar.com\/avatar\/099e42240b5eea11acdb72751fcce0dd918603f0749d24974b7984ea47ed9fd9?s=96&d=mm&r=g","caption":"admin"},"sameAs":["https:\/\/challengeseconomiques.com"],"url":"https:\/\/challengeseconomiques.com\/?author=1"}]}},"jetpack_featured_media_url":"https:\/\/challengeseconomiques.com\/wp-content\/uploads\/2022\/06\/huawei.jpg","jetpack_sharing_enabled":true,"_links":{"self":[{"href":"https:\/\/challengeseconomiques.com\/index.php?rest_route=\/wp\/v2\/posts\/3477","targetHints":{"allow":["GET"]}}],"collection":[{"href":"https:\/\/challengeseconomiques.com\/index.php?rest_route=\/wp\/v2\/posts"}],"about":[{"href":"https:\/\/challengeseconomiques.com\/index.php?rest_route=\/wp\/v2\/types\/post"}],"author":[{"embeddable":true,"href":"https:\/\/challengeseconomiques.com\/index.php?rest_route=\/wp\/v2\/users\/1"}],"replies":[{"embeddable":true,"href":"https:\/\/challengeseconomiques.com\/index.php?rest_route=%2Fwp%2Fv2%2Fcomments&post=3477"}],"version-history":[{"count":1,"href":"https:\/\/challengeseconomiques.com\/index.php?rest_route=\/wp\/v2\/posts\/3477\/revisions"}],"predecessor-version":[{"id":3479,"href":"https:\/\/challengeseconomiques.com\/index.php?rest_route=\/wp\/v2\/posts\/3477\/revisions\/3479"}],"wp:featuredmedia":[{"embeddable":true,"href":"https:\/\/challengeseconomiques.com\/index.php?rest_route=\/wp\/v2\/media\/3478"}],"wp:attachment":[{"href":"https:\/\/challengeseconomiques.com\/index.php?rest_route=%2Fwp%2Fv2%2Fmedia&parent=3477"}],"wp:term":[{"taxonomy":"category","embeddable":true,"href":"https:\/\/challengeseconomiques.com\/index.php?rest_route=%2Fwp%2Fv2%2Fcategories&post=3477"},{"taxonomy":"post_tag","embeddable":true,"href":"https:\/\/challengeseconomiques.com\/index.php?rest_route=%2Fwp%2Fv2%2Ftags&post=3477"}],"curies":[{"name":"wp","href":"https:\/\/api.w.org\/{rel}","templated":true}]}}