{"id":3472,"date":"2022-06-03T13:35:23","date_gmt":"2022-06-03T13:35:23","guid":{"rendered":"https:\/\/challengeseconomiques.com\/?p=3472"},"modified":"2022-06-03T13:40:22","modified_gmt":"2022-06-03T13:40:22","slug":"22eme-edition-de-la-fiara-creer-une-coalition-senegalaise-pour-la-souverainete-alimentaire","status":"publish","type":"post","link":"https:\/\/challengeseconomiques.com\/?p=3472","title":{"rendered":"22\u00e8me \u00e9dition de la FIARA : Cr\u00e9er une Coalition s\u00e9n\u00e9galaise pour la souverainet\u00e9 alimentaire"},"content":{"rendered":"<p><strong>La 22<sup>\u00e8me<\/sup> \u00e9dition de la Foire Internationale de l\u2019Agriculture et des Ressources Animales\u00a0(FIARA) se tient du 26 mai au 20 juin 2022, au Centre International du Commerce Ext\u00e9rieur du S\u00e9n\u00e9gal (CICES). Organis\u00e9e par le Conseil National de Concertation et de Coop\u00e9ration des Ruraux (CNCR)\u00a0et l\u2019<\/strong><strong>Association S\u00e9n\u00e9galaise pour la Promotion du D\u00e9veloppement \u00e0 la Base (ASPRODEB), la Foire se d\u00e9roule dans un contexte marqu\u00e9 par les effets de la pand\u00e9mie de COVID-19 et de la guerre russo-ukrainienne, qui ont mis en \u00e9vidence l\u2019importance de l\u2019autosuffisance. D\u2019ailleurs au cours de l\u2019ouverture officielle de la FIARA, le ministre de l\u2019Elevage Aly Saleh Diop a lanc\u00e9 un appel pour la cr\u00e9ation d\u2019une Coalition s\u00e9n\u00e9galaise pour aller vers la souverainet\u00e9 alimentaire. <\/strong><\/p>\n<p>Cette ann\u00e9e, la F<em>oire Internationale de l\u2019Agriculture et des Ressources Animales<\/em>\u00a0est plac\u00e9e sous le signe de la souverainet\u00e9 alimentaire. Au cours de l\u2019ouverture officielle de la 22<sup>\u00e8me<\/sup> \u00e9dition de la FIARA, ce jeudi 02 juin 2022, les officiels ont mis l\u2019accent sur l\u2019importance de cette manifestation \u00e9conomique, mais ils ont aussi insist\u00e9 sur la qu\u00eate de souverainet\u00e9 alimentaire.<br \/>\n\u00ab La FIARA est un outil pour faire la promotion de nos produits \u00bb, a d\u00e9clar\u00e9 Nazirou Sall, pr\u00e9sident du Conseil National de Concertation et de Coop\u00e9ration des Ruraux (CNCR), en invitant les autorit\u00e9s \u00e0 accompagner davantage les organisateurs de la Foire.<br \/>\nM. Sall a fait part de l\u2019engagement ferme des agriculteurs, \u00e9leveurs, p\u00eacheurs et sylviculteurs \u00e0 apporter leur contribution pour la souverainet\u00e9 alimentaire du pays.<\/p>\n<p><strong>Coalition pour la souverainet\u00e9 alimentaire<\/strong><\/p>\n<p>\u00ab La FIARA est un \u00e9v\u00e8nement majeur pour le secteur de l\u2019\u00e9levage. Elle constitue une opportunit\u00e9 pour les acteurs de montrer l\u2019\u0153uvre utile qu\u2019ils sont en train de faire pour le d\u00e9veloppement de notre pays \u00bb, a indiqu\u00e9, de son c\u00f4t\u00e9, Aly Saleh Diop, ministre de l\u2019Elevage et des Productions Animales.<br \/>\nIl a r\u00e9it\u00e9r\u00e9 l\u2019appel que le pr\u00e9sident de la R\u00e9publique Macky Sall a lanc\u00e9, \u00e0 l\u2019occasion de son discours \u00e0 la Nation, le 03 avril dernier, veille de la f\u00eate de l\u2019Ind\u00e9pendance, pour que l\u2019on travaille davantage en vue d\u2019atteindre la souverainet\u00e9 alimentaire du pays.<br \/>\nLe ministre de l\u2019Elevage a d\u2019ailleurs constat\u00e9 que les acteurs sont dans ce sillage. \u00ab\u00a0C\u2019est pour moi l\u2019occasion de les engager encore dans la concertation, dans la mise en \u0153uvre de l\u2019ensemble des actions qui concourent \u00e0 l\u2019atteinte de la souverainet\u00e9 alimentaire de notre pays\u00a0\u00bb.<br \/>\nM. Diop a \u00e9galement \u00e9voqu\u00e9 le contexte difficile avec la pand\u00e9mie de COVID- 19 et la guerre russo-ukrainienne qui ont mis en \u00e9vidence l\u2019importance d\u2019avoir son autosuffisance alimentaire.<br \/>\nIl a invit\u00e9 \u00e0 cr\u00e9er des synergies entre acteurs du secteur priv\u00e9 et de l\u2019\u00c9tat, de mani\u00e8re \u00e0 faire une Coalition s\u00e9n\u00e9galaise pour aller vers la souverainet\u00e9 alimentaire.<\/p>\n<p><strong>Exploiter le potentiel existant<\/strong><\/p>\n<p>Dans le m\u00eame cadre, le ministre de l\u2019Elevage du Niger, Tidjani Idrissa Abdoul Kadri, a appel\u00e9 les Africains \u00e0 conjuguer leurs efforts pour exploiter l\u2019immense potentiel du Continent et asseoir la souverainet\u00e9 alimentaire des diff\u00e9rents pays.<br \/>\n\u00ab La FIARA offre l\u2019occasion de rencontrer, dans un espace r\u00e9duit, les producteurs et productrices des terroirs du S\u00e9n\u00e9gal \u00bb, a soulign\u00e9, pour sa part, le ministre de l\u2019Agriculture et de l\u2019Equipement Rural, Moussa Bald\u00e9.<br \/>\nIl a salu\u00e9 l\u2019am\u00e9lioration de l\u2019emballage des produits agroalimentaires, un atout pour la distribution. \u00ab\u00a0C\u2019est la transformation et la commercialisation qui tirent la production\u00a0\u00bb, a-t-il affirm\u00e9.<br \/>\nAvec les Agropoles, l\u2019on pourra passer le cap d\u2019une agriculture moderne, diversifi\u00e9e et capable de nourrir les populations s\u00e9n\u00e9galaises, a d\u00e9clar\u00e9 le ministre Moussa Bald\u00e9.<\/p>\n<p><strong>(BIE)<\/strong><\/p>\n","protected":false},"excerpt":{"rendered":"<p>La 22\u00e8me \u00e9dition de la Foire Internationale de l\u2019Agriculture et des Ressources Animales\u00a0(FIARA) se tient du 26 mai au 20 juin 2022, au Centre International&#8230;<\/p>\n","protected":false},"author":1,"featured_media":3473,"comment_status":"closed","ping_status":"open","sticky":false,"template":"","format":"standard","meta":{"_jetpack_memberships_contains_paid_content":false,"footnotes":""},"categories":[23,10],"tags":[],"class_list":["post-3472","post","type-post","status-publish","format-standard","has-post-thumbnail","hentry","category-a-la-une","category-infos-eco","wpcat-23-id","wpcat-10-id"],"yoast_head":"<!-- This site is optimized with the Yoast SEO plugin v27.1.1 - https:\/\/yoast.com\/product\/yoast-seo-wordpress\/ -->\n<title>22\u00e8me \u00e9dition de la FIARA : Cr\u00e9er une Coalition s\u00e9n\u00e9galaise pour la souverainet\u00e9 alimentaire - challenges economiques<\/title>\n<meta name=\"robots\" content=\"index, follow, max-snippet:-1, max-image-preview:large, max-video-preview:-1\" \/>\n<link rel=\"canonical\" href=\"https:\/\/challengeseconomiques.com\/?p=3472\" \/>\n<meta property=\"og:locale\" content=\"fr_FR\" \/>\n<meta property=\"og:type\" content=\"article\" \/>\n<meta property=\"og:title\" content=\"22\u00e8me \u00e9dition de la FIARA : Cr\u00e9er une Coalition s\u00e9n\u00e9galaise pour la souverainet\u00e9 alimentaire - challenges economiques\" \/>\n<meta property=\"og:description\" content=\"La 22\u00e8me \u00e9dition de la Foire Internationale de l\u2019Agriculture et des Ressources Animales\u00a0(FIARA) se tient du 26 mai au 20 juin 2022, au Centre International...\" \/>\n<meta property=\"og:url\" content=\"https:\/\/challengeseconomiques.com\/?p=3472\" \/>\n<meta property=\"og:site_name\" content=\"challenges economiques\" \/>\n<meta property=\"article:published_time\" content=\"2022-06-03T13:35:23+00:00\" \/>\n<meta property=\"article:modified_time\" content=\"2022-06-03T13:40:22+00:00\" \/>\n<meta property=\"og:image\" content=\"https:\/\/challengeseconomiques.com\/wp-content\/uploads\/2022\/06\/Fiara4.webp\" \/>\n\t<meta property=\"og:image:width\" content=\"850\" \/>\n\t<meta property=\"og:image:height\" content=\"560\" \/>\n\t<meta property=\"og:image:type\" content=\"image\/webp\" \/>\n<meta name=\"author\" content=\"admin\" \/>\n<meta name=\"twitter:card\" content=\"summary_large_image\" \/>\n<meta name=\"twitter:label1\" content=\"\u00c9crit par\" \/>\n\t<meta name=\"twitter:data1\" content=\"admin\" \/>\n\t<meta name=\"twitter:label2\" content=\"Dur\u00e9e de lecture estim\u00e9e\" \/>\n\t<meta name=\"twitter:data2\" content=\"3 minutes\" \/>\n<script type=\"application\/ld+json\" class=\"yoast-schema-graph\">{\"@context\":\"https:\/\/schema.org\",\"@graph\":[{\"@type\":\"Article\",\"@id\":\"https:\/\/challengeseconomiques.com\/?p=3472#article\",\"isPartOf\":{\"@id\":\"https:\/\/challengeseconomiques.com\/?p=3472\"},\"author\":{\"name\":\"admin\",\"@id\":\"https:\/\/challengeseconomiques.com\/#\/schema\/person\/b4568c9afebc5a9238a771873801e349\"},\"headline\":\"22\u00e8me \u00e9dition de la FIARA : Cr\u00e9er une Coalition s\u00e9n\u00e9galaise pour la souverainet\u00e9 alimentaire\",\"datePublished\":\"2022-06-03T13:35:23+00:00\",\"dateModified\":\"2022-06-03T13:40:22+00:00\",\"mainEntityOfPage\":{\"@id\":\"https:\/\/challengeseconomiques.com\/?p=3472\"},\"wordCount\":652,\"image\":{\"@id\":\"https:\/\/challengeseconomiques.com\/?p=3472#primaryimage\"},\"thumbnailUrl\":\"https:\/\/challengeseconomiques.com\/wp-content\/uploads\/2022\/06\/Fiara4.webp\",\"articleSection\":[\"A la une\",\"Infos \u00e9co\"],\"inLanguage\":\"fr-FR\"},{\"@type\":\"WebPage\",\"@id\":\"https:\/\/challengeseconomiques.com\/?p=3472\",\"url\":\"https:\/\/challengeseconomiques.com\/?p=3472\",\"name\":\"22\u00e8me \u00e9dition de la FIARA : Cr\u00e9er une Coalition s\u00e9n\u00e9galaise pour la souverainet\u00e9 alimentaire - challenges economiques\",\"isPartOf\":{\"@id\":\"https:\/\/challengeseconomiques.com\/#website\"},\"primaryImageOfPage\":{\"@id\":\"https:\/\/challengeseconomiques.com\/?p=3472#primaryimage\"},\"image\":{\"@id\":\"https:\/\/challengeseconomiques.com\/?p=3472#primaryimage\"},\"thumbnailUrl\":\"https:\/\/challengeseconomiques.com\/wp-content\/uploads\/2022\/06\/Fiara4.webp\",\"datePublished\":\"2022-06-03T13:35:23+00:00\",\"dateModified\":\"2022-06-03T13:40:22+00:00\",\"author\":{\"@id\":\"https:\/\/challengeseconomiques.com\/#\/schema\/person\/b4568c9afebc5a9238a771873801e349\"},\"breadcrumb\":{\"@id\":\"https:\/\/challengeseconomiques.com\/?p=3472#breadcrumb\"},\"inLanguage\":\"fr-FR\",\"potentialAction\":[{\"@type\":\"ReadAction\",\"target\":[\"https:\/\/challengeseconomiques.com\/?p=3472\"]}]},{\"@type\":\"ImageObject\",\"inLanguage\":\"fr-FR\",\"@id\":\"https:\/\/challengeseconomiques.com\/?p=3472#primaryimage\",\"url\":\"https:\/\/challengeseconomiques.com\/wp-content\/uploads\/2022\/06\/Fiara4.webp\",\"contentUrl\":\"https:\/\/challengeseconomiques.com\/wp-content\/uploads\/2022\/06\/Fiara4.webp\",\"width\":850,\"height\":560},{\"@type\":\"BreadcrumbList\",\"@id\":\"https:\/\/challengeseconomiques.com\/?p=3472#breadcrumb\",\"itemListElement\":[{\"@type\":\"ListItem\",\"position\":1,\"name\":\"Home\",\"item\":\"https:\/\/challengeseconomiques.com\/\"},{\"@type\":\"ListItem\",\"position\":2,\"name\":\"22\u00e8me \u00e9dition de la FIARA : Cr\u00e9er une Coalition s\u00e9n\u00e9galaise pour la souverainet\u00e9 alimentaire\"}]},{\"@type\":\"WebSite\",\"@id\":\"https:\/\/challengeseconomiques.com\/#website\",\"url\":\"https:\/\/challengeseconomiques.com\/\",\"name\":\"challenges economiques\",\"description\":\"\",\"potentialAction\":[{\"@type\":\"SearchAction\",\"target\":{\"@type\":\"EntryPoint\",\"urlTemplate\":\"https:\/\/challengeseconomiques.com\/?s={search_term_string}\"},\"query-input\":{\"@type\":\"PropertyValueSpecification\",\"valueRequired\":true,\"valueName\":\"search_term_string\"}}],\"inLanguage\":\"fr-FR\"},{\"@type\":\"Person\",\"@id\":\"https:\/\/challengeseconomiques.com\/#\/schema\/person\/b4568c9afebc5a9238a771873801e349\",\"name\":\"admin\",\"image\":{\"@type\":\"ImageObject\",\"inLanguage\":\"fr-FR\",\"@id\":\"https:\/\/challengeseconomiques.com\/#\/schema\/person\/image\/\",\"url\":\"https:\/\/secure.gravatar.com\/avatar\/099e42240b5eea11acdb72751fcce0dd918603f0749d24974b7984ea47ed9fd9?s=96&d=mm&r=g\",\"contentUrl\":\"https:\/\/secure.gravatar.com\/avatar\/099e42240b5eea11acdb72751fcce0dd918603f0749d24974b7984ea47ed9fd9?s=96&d=mm&r=g\",\"caption\":\"admin\"},\"sameAs\":[\"https:\/\/challengeseconomiques.com\"],\"url\":\"https:\/\/challengeseconomiques.com\/?author=1\"}]}<\/script>\n<!-- \/ Yoast SEO plugin. -->","yoast_head_json":{"title":"22\u00e8me \u00e9dition de la FIARA : Cr\u00e9er une Coalition s\u00e9n\u00e9galaise pour la souverainet\u00e9 alimentaire - challenges economiques","robots":{"index":"index","follow":"follow","max-snippet":"max-snippet:-1","max-image-preview":"max-image-preview:large","max-video-preview":"max-video-preview:-1"},"canonical":"https:\/\/challengeseconomiques.com\/?p=3472","og_locale":"fr_FR","og_type":"article","og_title":"22\u00e8me \u00e9dition de la FIARA : Cr\u00e9er une Coalition s\u00e9n\u00e9galaise pour la souverainet\u00e9 alimentaire - challenges economiques","og_description":"La 22\u00e8me \u00e9dition de la Foire Internationale de l\u2019Agriculture et des Ressources Animales\u00a0(FIARA) se tient du 26 mai au 20 juin 2022, au Centre International...","og_url":"https:\/\/challengeseconomiques.com\/?p=3472","og_site_name":"challenges economiques","article_published_time":"2022-06-03T13:35:23+00:00","article_modified_time":"2022-06-03T13:40:22+00:00","og_image":[{"width":850,"height":560,"url":"https:\/\/challengeseconomiques.com\/wp-content\/uploads\/2022\/06\/Fiara4.webp","type":"image\/webp"}],"author":"admin","twitter_card":"summary_large_image","twitter_misc":{"\u00c9crit par":"admin","Dur\u00e9e de lecture estim\u00e9e":"3 minutes"},"schema":{"@context":"https:\/\/schema.org","@graph":[{"@type":"Article","@id":"https:\/\/challengeseconomiques.com\/?p=3472#article","isPartOf":{"@id":"https:\/\/challengeseconomiques.com\/?p=3472"},"author":{"name":"admin","@id":"https:\/\/challengeseconomiques.com\/#\/schema\/person\/b4568c9afebc5a9238a771873801e349"},"headline":"22\u00e8me \u00e9dition de la FIARA : Cr\u00e9er une Coalition s\u00e9n\u00e9galaise pour la souverainet\u00e9 alimentaire","datePublished":"2022-06-03T13:35:23+00:00","dateModified":"2022-06-03T13:40:22+00:00","mainEntityOfPage":{"@id":"https:\/\/challengeseconomiques.com\/?p=3472"},"wordCount":652,"image":{"@id":"https:\/\/challengeseconomiques.com\/?p=3472#primaryimage"},"thumbnailUrl":"https:\/\/challengeseconomiques.com\/wp-content\/uploads\/2022\/06\/Fiara4.webp","articleSection":["A la une","Infos \u00e9co"],"inLanguage":"fr-FR"},{"@type":"WebPage","@id":"https:\/\/challengeseconomiques.com\/?p=3472","url":"https:\/\/challengeseconomiques.com\/?p=3472","name":"22\u00e8me \u00e9dition de la FIARA : Cr\u00e9er une Coalition s\u00e9n\u00e9galaise pour la souverainet\u00e9 alimentaire - challenges economiques","isPartOf":{"@id":"https:\/\/challengeseconomiques.com\/#website"},"primaryImageOfPage":{"@id":"https:\/\/challengeseconomiques.com\/?p=3472#primaryimage"},"image":{"@id":"https:\/\/challengeseconomiques.com\/?p=3472#primaryimage"},"thumbnailUrl":"https:\/\/challengeseconomiques.com\/wp-content\/uploads\/2022\/06\/Fiara4.webp","datePublished":"2022-06-03T13:35:23+00:00","dateModified":"2022-06-03T13:40:22+00:00","author":{"@id":"https:\/\/challengeseconomiques.com\/#\/schema\/person\/b4568c9afebc5a9238a771873801e349"},"breadcrumb":{"@id":"https:\/\/challengeseconomiques.com\/?p=3472#breadcrumb"},"inLanguage":"fr-FR","potentialAction":[{"@type":"ReadAction","target":["https:\/\/challengeseconomiques.com\/?p=3472"]}]},{"@type":"ImageObject","inLanguage":"fr-FR","@id":"https:\/\/challengeseconomiques.com\/?p=3472#primaryimage","url":"https:\/\/challengeseconomiques.com\/wp-content\/uploads\/2022\/06\/Fiara4.webp","contentUrl":"https:\/\/challengeseconomiques.com\/wp-content\/uploads\/2022\/06\/Fiara4.webp","width":850,"height":560},{"@type":"BreadcrumbList","@id":"https:\/\/challengeseconomiques.com\/?p=3472#breadcrumb","itemListElement":[{"@type":"ListItem","position":1,"name":"Home","item":"https:\/\/challengeseconomiques.com\/"},{"@type":"ListItem","position":2,"name":"22\u00e8me \u00e9dition de la FIARA : Cr\u00e9er une Coalition s\u00e9n\u00e9galaise pour la souverainet\u00e9 alimentaire"}]},{"@type":"WebSite","@id":"https:\/\/challengeseconomiques.com\/#website","url":"https:\/\/challengeseconomiques.com\/","name":"challenges economiques","description":"","potentialAction":[{"@type":"SearchAction","target":{"@type":"EntryPoint","urlTemplate":"https:\/\/challengeseconomiques.com\/?s={search_term_string}"},"query-input":{"@type":"PropertyValueSpecification","valueRequired":true,"valueName":"search_term_string"}}],"inLanguage":"fr-FR"},{"@type":"Person","@id":"https:\/\/challengeseconomiques.com\/#\/schema\/person\/b4568c9afebc5a9238a771873801e349","name":"admin","image":{"@type":"ImageObject","inLanguage":"fr-FR","@id":"https:\/\/challengeseconomiques.com\/#\/schema\/person\/image\/","url":"https:\/\/secure.gravatar.com\/avatar\/099e42240b5eea11acdb72751fcce0dd918603f0749d24974b7984ea47ed9fd9?s=96&d=mm&r=g","contentUrl":"https:\/\/secure.gravatar.com\/avatar\/099e42240b5eea11acdb72751fcce0dd918603f0749d24974b7984ea47ed9fd9?s=96&d=mm&r=g","caption":"admin"},"sameAs":["https:\/\/challengeseconomiques.com"],"url":"https:\/\/challengeseconomiques.com\/?author=1"}]}},"jetpack_featured_media_url":"https:\/\/challengeseconomiques.com\/wp-content\/uploads\/2022\/06\/Fiara4.webp","jetpack_sharing_enabled":true,"_links":{"self":[{"href":"https:\/\/challengeseconomiques.com\/index.php?rest_route=\/wp\/v2\/posts\/3472","targetHints":{"allow":["GET"]}}],"collection":[{"href":"https:\/\/challengeseconomiques.com\/index.php?rest_route=\/wp\/v2\/posts"}],"about":[{"href":"https:\/\/challengeseconomiques.com\/index.php?rest_route=\/wp\/v2\/types\/post"}],"author":[{"embeddable":true,"href":"https:\/\/challengeseconomiques.com\/index.php?rest_route=\/wp\/v2\/users\/1"}],"replies":[{"embeddable":true,"href":"https:\/\/challengeseconomiques.com\/index.php?rest_route=%2Fwp%2Fv2%2Fcomments&post=3472"}],"version-history":[{"count":3,"href":"https:\/\/challengeseconomiques.com\/index.php?rest_route=\/wp\/v2\/posts\/3472\/revisions"}],"predecessor-version":[{"id":3476,"href":"https:\/\/challengeseconomiques.com\/index.php?rest_route=\/wp\/v2\/posts\/3472\/revisions\/3476"}],"wp:featuredmedia":[{"embeddable":true,"href":"https:\/\/challengeseconomiques.com\/index.php?rest_route=\/wp\/v2\/media\/3473"}],"wp:attachment":[{"href":"https:\/\/challengeseconomiques.com\/index.php?rest_route=%2Fwp%2Fv2%2Fmedia&parent=3472"}],"wp:term":[{"taxonomy":"category","embeddable":true,"href":"https:\/\/challengeseconomiques.com\/index.php?rest_route=%2Fwp%2Fv2%2Fcategories&post=3472"},{"taxonomy":"post_tag","embeddable":true,"href":"https:\/\/challengeseconomiques.com\/index.php?rest_route=%2Fwp%2Fv2%2Ftags&post=3472"}],"curies":[{"name":"wp","href":"https:\/\/api.w.org\/{rel}","templated":true}]}}