{"id":3468,"date":"2022-06-03T13:29:38","date_gmt":"2022-06-03T13:29:38","guid":{"rendered":"https:\/\/challengeseconomiques.com\/?p=3468"},"modified":"2022-06-03T13:30:06","modified_gmt":"2022-06-03T13:30:06","slug":"47eme-anniversaire-de-le-cedeao-relever-les-nouveaux-defis-dans-le-cadre-de-la-vision-2050","status":"publish","type":"post","link":"https:\/\/challengeseconomiques.com\/?p=3468","title":{"rendered":"47\u00e8me anniversaire de le CEDEAO : Relever les nouveaux d\u00e9fis dans le cadre de la Vision 2050"},"content":{"rendered":"<p><strong>La Communaut\u00e9 \u00e9conomique des \u00c9tats de l\u2019Afrique de l\u2019Ouest&nbsp;(CEDEAO)&nbsp;tient depuis ce jeudi 02 juin 2022, \u00e0 Dakar, la c\u00e9l\u00e9bration du 47\u00e8me anniversaire de son existence.&nbsp;Cet \u00e9v\u00e9nement qui est plac\u00e9 sous le th\u00e8me :&nbsp;\u00ab D\u00e9fis de la CEDEAO dans le cadre de&nbsp;la&nbsp;Vision 2050 \u00bb&nbsp;a&nbsp;r\u00e9uni autorit\u00e9s \u00e9tatiques, repr\u00e9sentants diplomatiques, institutions, acteurs \u00e9conomiques venus de tous les pays membres et de pays partenaires\u2026<\/strong><\/p>\n<p>\u00c9changer sur les d\u00e9fis auxquels&nbsp;l\u2019organisation communautaire doit faire&nbsp;face&nbsp;en perspective des objectifs fix\u00e9s \u00e0 l\u2019horizon 2050, c\u2019est, entre autres, le sens de la manifestation qui r\u00e9unit, pour une dur\u00e9e de trois jours, plusieurs personnalit\u00e9s venues de diff\u00e9rents pays membres de la CEDEAO et m\u00eame au-del\u00e0.&nbsp;Apr\u00e8s 47 ann\u00e9es d\u2019existence, l\u2019heure est au bilan des diff\u00e9rentes r\u00e9alisations et \u00e0 l\u2019identification des nouveaux d\u00e9fis qui se dressent sur la route vers l\u2019atteinte des objectifs contenus dans la Vision 2050.<br \/>\nLa c\u00e9r\u00e9monie d\u2019ouverture de cette manifestation a \u00e9t\u00e9 pr\u00e9sid\u00e9e par le ministre s\u00e9n\u00e9galais de la Justice, Me Malick&nbsp;Sall, en pr\u00e9sence de plusieurs ambassadeurs tels que celui du Maroc, de l\u2019Isra\u00ebl et de la Sierra L\u00e9one.<br \/>\n\u00c0 l\u2019entame de son discours, le garde des Sceaux a mis l\u2019accent sur les nombreuses r\u00e9alisations \u00e0 mettre au cr\u00e9dit de l\u2019organisation Ouest-africaine.&nbsp;\u00ab Notre organisation a r\u00e9alis\u00e9 des progr\u00e8s consid\u00e9rables en mati\u00e8re de libre circulation des personnes et des biens au point d\u2019\u00eatre cit\u00e9e parmi les r\u00e9f\u00e9rences au niveau continental.&nbsp;Gr\u00e2ce au sch\u00e9ma de lib\u00e9ralisation des \u00e9changes qui se veut un instrument de promotion et d\u2019intensification des \u00e9changes intercommunautaires, la CEDEAO est devenue, une zone de libre-\u00e9change&nbsp;effective \u00bb,&nbsp;souligne le ministre.<br \/>\nSur le plan purement \u00e9conomique, M.&nbsp;Sall&nbsp;a \u00e9voqu\u00e9 les opportunit\u00e9s que constitue le march\u00e9 de la CEDEAO, lequel regroupe, selon lui, plus de 310 millions de consommateurs.&nbsp;Dans ce cadre, il poursuit pour dire que l\u2019adoption d\u2019un Tarif Ext\u00e9rieur Commun&nbsp;(TEC)&nbsp;par l\u2019organisation, consacre l\u2019av\u00e8nement de l\u2019union douani\u00e8re, \u00e9tape d\u00e9cisive apr\u00e8s la zone de libre-\u00e9change vers la cr\u00e9ation du march\u00e9 unique.<br \/>\nM. Sall n\u2019a pas manqu\u00e9 de signaler, toutefois, que la route est encore longue pour que la CEDEAO ne r\u00e9ussisse \u00e0 atteindre les objectifs qu\u2019elle s\u2019est fix\u00e9e, notamment dans la libre circulation des personnes et des biens au sein de l\u2019espace. Ce qui, \u00e0 son avis, n\u2019entame en rien la pertinence de cette entit\u00e9.<\/p>\n<p><strong>De nouveaux d\u00e9fis<\/strong><\/p>\n<p>Au cours du panel qui a suivi la c\u00e9r\u00e9monie d\u2019ouverture, le professeur Mohamed Ben Omar Ndiaye, ancien directeur g\u00e9n\u00e9ral de l\u2019Agence mon\u00e9taire de l\u2019Afrique de l\u2019Ouest&nbsp;(AMAO)&nbsp;a largement expos\u00e9 sur les d\u00e9fis auxquels doit faire&nbsp;face&nbsp;la CEDEAO dans le cadre de&nbsp;la&nbsp;Vision 2050.&nbsp;Il s\u2019agit, entre autres, de cr\u00e9er une connexion entre les organisations r\u00e9gionales et les structures locales, promouvoir l\u2019agriculture et l\u2019industrialisation, rendre la croissance plus inclusive et r\u00e9siliente, d\u00e9velopper le secteur priv\u00e9 et am\u00e9liorer le climat des affaires et la comp\u00e9titive et d\u00e9velopper le secteur \u00e9nerg\u00e9tique.<br \/>\nPour sa part, Mme Khady&nbsp;Fall&nbsp;Tall&nbsp;pr\u00e9sidente de l\u2019Association des Femmes de l\u2019Afrique de l\u2019Ouest&nbsp;(AFAO-WAWA)&nbsp;a plaid\u00e9 pour une meilleure prise en compte des pr\u00e9occupations des femmes de la sous-r\u00e9gion dans les politiques de l\u2019Organisation.&nbsp;Elle a notamment relev\u00e9 les difficult\u00e9s que&nbsp;rencontrent&nbsp;les op\u00e9ratrices \u00e9conomiques au niveau des fronti\u00e8res.&nbsp;Par ailleurs, Mme&nbsp;Tall&nbsp;a sugg\u00e9r\u00e9 l\u2019augmentation des investissements dans le secteur de l\u2019agriculture et la valorisation des produits locaux.&nbsp;Par ailleurs, elle a aussi invit\u00e9 la CEDEAO \u00e0 am\u00e9liorer le volet de la communication aupr\u00e8s des populations pour une meilleure appropriation de l\u2019entit\u00e9 et des projets.<\/p>\n<p><strong>Sanou<\/strong><strong> BADIANE (BIE)<br \/>\n<\/strong><\/p>\n<p><img fetchpriority=\"high\" decoding=\"async\" class=\"alignnone size-full wp-image-5569\" src=\"https:\/\/i0.wp.com\/www.bie.cciad.sn\/wp-content\/uploads\/2022\/06\/47ans-CEDEAO-1.jpeg?resize=800%2C533&amp;ssl=1\" sizes=\"(max-width: 800px) 100vw, 800px\" srcset=\"https:\/\/i0.wp.com\/www.bie.cciad.sn\/wp-content\/uploads\/2022\/06\/47ans-CEDEAO-1.jpeg?w=1080&amp;ssl=1 1080w, https:\/\/i0.wp.com\/www.bie.cciad.sn\/wp-content\/uploads\/2022\/06\/47ans-CEDEAO-1.jpeg?resize=768%2C512&amp;ssl=1 768w\" alt=\"\" width=\"770\" height=\"513\"><\/p>\n","protected":false},"excerpt":{"rendered":"<p>La Communaut\u00e9 \u00e9conomique des \u00c9tats de l\u2019Afrique de l\u2019Ouest&nbsp;(CEDEAO)&nbsp;tient depuis ce jeudi 02 juin 2022, \u00e0 Dakar, la c\u00e9l\u00e9bration du 47\u00e8me anniversaire de son existence.&nbsp;Cet&#8230;<\/p>\n","protected":false},"author":1,"featured_media":3469,"comment_status":"closed","ping_status":"open","sticky":false,"template":"","format":"standard","meta":{"_jetpack_memberships_contains_paid_content":false,"footnotes":""},"categories":[23,10],"tags":[],"class_list":["post-3468","post","type-post","status-publish","format-standard","has-post-thumbnail","hentry","category-a-la-une","category-infos-eco","wpcat-23-id","wpcat-10-id"],"yoast_head":"<!-- This site is optimized with the Yoast SEO plugin v27.1.1 - https:\/\/yoast.com\/product\/yoast-seo-wordpress\/ -->\n<title>47\u00e8me anniversaire de le CEDEAO : Relever les nouveaux d\u00e9fis dans le cadre de la Vision 2050 - challenges economiques<\/title>\n<meta name=\"robots\" content=\"index, follow, max-snippet:-1, max-image-preview:large, max-video-preview:-1\" \/>\n<link rel=\"canonical\" href=\"https:\/\/challengeseconomiques.com\/?p=3468\" \/>\n<meta property=\"og:locale\" content=\"fr_FR\" \/>\n<meta property=\"og:type\" content=\"article\" \/>\n<meta property=\"og:title\" content=\"47\u00e8me anniversaire de le CEDEAO : Relever les nouveaux d\u00e9fis dans le cadre de la Vision 2050 - challenges economiques\" \/>\n<meta property=\"og:description\" content=\"La Communaut\u00e9 \u00e9conomique des \u00c9tats de l\u2019Afrique de l\u2019Ouest&nbsp;(CEDEAO)&nbsp;tient depuis ce jeudi 02 juin 2022, \u00e0 Dakar, la c\u00e9l\u00e9bration du 47\u00e8me anniversaire de son existence.&nbsp;Cet...\" \/>\n<meta property=\"og:url\" content=\"https:\/\/challengeseconomiques.com\/?p=3468\" \/>\n<meta property=\"og:site_name\" content=\"challenges economiques\" \/>\n<meta property=\"article:published_time\" content=\"2022-06-03T13:29:38+00:00\" \/>\n<meta property=\"article:modified_time\" content=\"2022-06-03T13:30:06+00:00\" \/>\n<meta property=\"og:image\" content=\"https:\/\/challengeseconomiques.com\/wp-content\/uploads\/2022\/06\/47ans-CEDEAO-2.webp\" \/>\n\t<meta property=\"og:image:width\" content=\"850\" \/>\n\t<meta property=\"og:image:height\" content=\"560\" \/>\n\t<meta property=\"og:image:type\" content=\"image\/webp\" \/>\n<meta name=\"author\" content=\"admin\" \/>\n<meta name=\"twitter:card\" content=\"summary_large_image\" \/>\n<meta name=\"twitter:label1\" content=\"\u00c9crit par\" \/>\n\t<meta name=\"twitter:data1\" content=\"admin\" \/>\n\t<meta name=\"twitter:label2\" content=\"Dur\u00e9e de lecture estim\u00e9e\" \/>\n\t<meta name=\"twitter:data2\" content=\"3 minutes\" \/>\n<script type=\"application\/ld+json\" class=\"yoast-schema-graph\">{\"@context\":\"https:\/\/schema.org\",\"@graph\":[{\"@type\":\"Article\",\"@id\":\"https:\/\/challengeseconomiques.com\/?p=3468#article\",\"isPartOf\":{\"@id\":\"https:\/\/challengeseconomiques.com\/?p=3468\"},\"author\":{\"name\":\"admin\",\"@id\":\"https:\/\/challengeseconomiques.com\/#\/schema\/person\/b4568c9afebc5a9238a771873801e349\"},\"headline\":\"47\u00e8me anniversaire de le CEDEAO : Relever les nouveaux d\u00e9fis dans le cadre de la Vision 2050\",\"datePublished\":\"2022-06-03T13:29:38+00:00\",\"dateModified\":\"2022-06-03T13:30:06+00:00\",\"mainEntityOfPage\":{\"@id\":\"https:\/\/challengeseconomiques.com\/?p=3468\"},\"wordCount\":730,\"image\":{\"@id\":\"https:\/\/challengeseconomiques.com\/?p=3468#primaryimage\"},\"thumbnailUrl\":\"https:\/\/challengeseconomiques.com\/wp-content\/uploads\/2022\/06\/47ans-CEDEAO-2.webp\",\"articleSection\":[\"A la une\",\"Infos \u00e9co\"],\"inLanguage\":\"fr-FR\"},{\"@type\":\"WebPage\",\"@id\":\"https:\/\/challengeseconomiques.com\/?p=3468\",\"url\":\"https:\/\/challengeseconomiques.com\/?p=3468\",\"name\":\"47\u00e8me anniversaire de le CEDEAO : Relever les nouveaux d\u00e9fis dans le cadre de la Vision 2050 - challenges economiques\",\"isPartOf\":{\"@id\":\"https:\/\/challengeseconomiques.com\/#website\"},\"primaryImageOfPage\":{\"@id\":\"https:\/\/challengeseconomiques.com\/?p=3468#primaryimage\"},\"image\":{\"@id\":\"https:\/\/challengeseconomiques.com\/?p=3468#primaryimage\"},\"thumbnailUrl\":\"https:\/\/challengeseconomiques.com\/wp-content\/uploads\/2022\/06\/47ans-CEDEAO-2.webp\",\"datePublished\":\"2022-06-03T13:29:38+00:00\",\"dateModified\":\"2022-06-03T13:30:06+00:00\",\"author\":{\"@id\":\"https:\/\/challengeseconomiques.com\/#\/schema\/person\/b4568c9afebc5a9238a771873801e349\"},\"breadcrumb\":{\"@id\":\"https:\/\/challengeseconomiques.com\/?p=3468#breadcrumb\"},\"inLanguage\":\"fr-FR\",\"potentialAction\":[{\"@type\":\"ReadAction\",\"target\":[\"https:\/\/challengeseconomiques.com\/?p=3468\"]}]},{\"@type\":\"ImageObject\",\"inLanguage\":\"fr-FR\",\"@id\":\"https:\/\/challengeseconomiques.com\/?p=3468#primaryimage\",\"url\":\"https:\/\/challengeseconomiques.com\/wp-content\/uploads\/2022\/06\/47ans-CEDEAO-2.webp\",\"contentUrl\":\"https:\/\/challengeseconomiques.com\/wp-content\/uploads\/2022\/06\/47ans-CEDEAO-2.webp\",\"width\":850,\"height\":560},{\"@type\":\"BreadcrumbList\",\"@id\":\"https:\/\/challengeseconomiques.com\/?p=3468#breadcrumb\",\"itemListElement\":[{\"@type\":\"ListItem\",\"position\":1,\"name\":\"Home\",\"item\":\"https:\/\/challengeseconomiques.com\/\"},{\"@type\":\"ListItem\",\"position\":2,\"name\":\"47\u00e8me anniversaire de le CEDEAO : Relever les nouveaux d\u00e9fis dans le cadre de la Vision 2050\"}]},{\"@type\":\"WebSite\",\"@id\":\"https:\/\/challengeseconomiques.com\/#website\",\"url\":\"https:\/\/challengeseconomiques.com\/\",\"name\":\"challenges economiques\",\"description\":\"\",\"potentialAction\":[{\"@type\":\"SearchAction\",\"target\":{\"@type\":\"EntryPoint\",\"urlTemplate\":\"https:\/\/challengeseconomiques.com\/?s={search_term_string}\"},\"query-input\":{\"@type\":\"PropertyValueSpecification\",\"valueRequired\":true,\"valueName\":\"search_term_string\"}}],\"inLanguage\":\"fr-FR\"},{\"@type\":\"Person\",\"@id\":\"https:\/\/challengeseconomiques.com\/#\/schema\/person\/b4568c9afebc5a9238a771873801e349\",\"name\":\"admin\",\"image\":{\"@type\":\"ImageObject\",\"inLanguage\":\"fr-FR\",\"@id\":\"https:\/\/challengeseconomiques.com\/#\/schema\/person\/image\/\",\"url\":\"https:\/\/secure.gravatar.com\/avatar\/099e42240b5eea11acdb72751fcce0dd918603f0749d24974b7984ea47ed9fd9?s=96&d=mm&r=g\",\"contentUrl\":\"https:\/\/secure.gravatar.com\/avatar\/099e42240b5eea11acdb72751fcce0dd918603f0749d24974b7984ea47ed9fd9?s=96&d=mm&r=g\",\"caption\":\"admin\"},\"sameAs\":[\"https:\/\/challengeseconomiques.com\"],\"url\":\"https:\/\/challengeseconomiques.com\/?author=1\"}]}<\/script>\n<!-- \/ Yoast SEO plugin. -->","yoast_head_json":{"title":"47\u00e8me anniversaire de le CEDEAO : Relever les nouveaux d\u00e9fis dans le cadre de la Vision 2050 - challenges economiques","robots":{"index":"index","follow":"follow","max-snippet":"max-snippet:-1","max-image-preview":"max-image-preview:large","max-video-preview":"max-video-preview:-1"},"canonical":"https:\/\/challengeseconomiques.com\/?p=3468","og_locale":"fr_FR","og_type":"article","og_title":"47\u00e8me anniversaire de le CEDEAO : Relever les nouveaux d\u00e9fis dans le cadre de la Vision 2050 - challenges economiques","og_description":"La Communaut\u00e9 \u00e9conomique des \u00c9tats de l\u2019Afrique de l\u2019Ouest&nbsp;(CEDEAO)&nbsp;tient depuis ce jeudi 02 juin 2022, \u00e0 Dakar, la c\u00e9l\u00e9bration du 47\u00e8me anniversaire de son existence.&nbsp;Cet...","og_url":"https:\/\/challengeseconomiques.com\/?p=3468","og_site_name":"challenges economiques","article_published_time":"2022-06-03T13:29:38+00:00","article_modified_time":"2022-06-03T13:30:06+00:00","og_image":[{"width":850,"height":560,"url":"https:\/\/challengeseconomiques.com\/wp-content\/uploads\/2022\/06\/47ans-CEDEAO-2.webp","type":"image\/webp"}],"author":"admin","twitter_card":"summary_large_image","twitter_misc":{"\u00c9crit par":"admin","Dur\u00e9e de lecture estim\u00e9e":"3 minutes"},"schema":{"@context":"https:\/\/schema.org","@graph":[{"@type":"Article","@id":"https:\/\/challengeseconomiques.com\/?p=3468#article","isPartOf":{"@id":"https:\/\/challengeseconomiques.com\/?p=3468"},"author":{"name":"admin","@id":"https:\/\/challengeseconomiques.com\/#\/schema\/person\/b4568c9afebc5a9238a771873801e349"},"headline":"47\u00e8me anniversaire de le CEDEAO : Relever les nouveaux d\u00e9fis dans le cadre de la Vision 2050","datePublished":"2022-06-03T13:29:38+00:00","dateModified":"2022-06-03T13:30:06+00:00","mainEntityOfPage":{"@id":"https:\/\/challengeseconomiques.com\/?p=3468"},"wordCount":730,"image":{"@id":"https:\/\/challengeseconomiques.com\/?p=3468#primaryimage"},"thumbnailUrl":"https:\/\/challengeseconomiques.com\/wp-content\/uploads\/2022\/06\/47ans-CEDEAO-2.webp","articleSection":["A la une","Infos \u00e9co"],"inLanguage":"fr-FR"},{"@type":"WebPage","@id":"https:\/\/challengeseconomiques.com\/?p=3468","url":"https:\/\/challengeseconomiques.com\/?p=3468","name":"47\u00e8me anniversaire de le CEDEAO : Relever les nouveaux d\u00e9fis dans le cadre de la Vision 2050 - challenges economiques","isPartOf":{"@id":"https:\/\/challengeseconomiques.com\/#website"},"primaryImageOfPage":{"@id":"https:\/\/challengeseconomiques.com\/?p=3468#primaryimage"},"image":{"@id":"https:\/\/challengeseconomiques.com\/?p=3468#primaryimage"},"thumbnailUrl":"https:\/\/challengeseconomiques.com\/wp-content\/uploads\/2022\/06\/47ans-CEDEAO-2.webp","datePublished":"2022-06-03T13:29:38+00:00","dateModified":"2022-06-03T13:30:06+00:00","author":{"@id":"https:\/\/challengeseconomiques.com\/#\/schema\/person\/b4568c9afebc5a9238a771873801e349"},"breadcrumb":{"@id":"https:\/\/challengeseconomiques.com\/?p=3468#breadcrumb"},"inLanguage":"fr-FR","potentialAction":[{"@type":"ReadAction","target":["https:\/\/challengeseconomiques.com\/?p=3468"]}]},{"@type":"ImageObject","inLanguage":"fr-FR","@id":"https:\/\/challengeseconomiques.com\/?p=3468#primaryimage","url":"https:\/\/challengeseconomiques.com\/wp-content\/uploads\/2022\/06\/47ans-CEDEAO-2.webp","contentUrl":"https:\/\/challengeseconomiques.com\/wp-content\/uploads\/2022\/06\/47ans-CEDEAO-2.webp","width":850,"height":560},{"@type":"BreadcrumbList","@id":"https:\/\/challengeseconomiques.com\/?p=3468#breadcrumb","itemListElement":[{"@type":"ListItem","position":1,"name":"Home","item":"https:\/\/challengeseconomiques.com\/"},{"@type":"ListItem","position":2,"name":"47\u00e8me anniversaire de le CEDEAO : Relever les nouveaux d\u00e9fis dans le cadre de la Vision 2050"}]},{"@type":"WebSite","@id":"https:\/\/challengeseconomiques.com\/#website","url":"https:\/\/challengeseconomiques.com\/","name":"challenges economiques","description":"","potentialAction":[{"@type":"SearchAction","target":{"@type":"EntryPoint","urlTemplate":"https:\/\/challengeseconomiques.com\/?s={search_term_string}"},"query-input":{"@type":"PropertyValueSpecification","valueRequired":true,"valueName":"search_term_string"}}],"inLanguage":"fr-FR"},{"@type":"Person","@id":"https:\/\/challengeseconomiques.com\/#\/schema\/person\/b4568c9afebc5a9238a771873801e349","name":"admin","image":{"@type":"ImageObject","inLanguage":"fr-FR","@id":"https:\/\/challengeseconomiques.com\/#\/schema\/person\/image\/","url":"https:\/\/secure.gravatar.com\/avatar\/099e42240b5eea11acdb72751fcce0dd918603f0749d24974b7984ea47ed9fd9?s=96&d=mm&r=g","contentUrl":"https:\/\/secure.gravatar.com\/avatar\/099e42240b5eea11acdb72751fcce0dd918603f0749d24974b7984ea47ed9fd9?s=96&d=mm&r=g","caption":"admin"},"sameAs":["https:\/\/challengeseconomiques.com"],"url":"https:\/\/challengeseconomiques.com\/?author=1"}]}},"jetpack_featured_media_url":"https:\/\/challengeseconomiques.com\/wp-content\/uploads\/2022\/06\/47ans-CEDEAO-2.webp","jetpack_sharing_enabled":true,"_links":{"self":[{"href":"https:\/\/challengeseconomiques.com\/index.php?rest_route=\/wp\/v2\/posts\/3468","targetHints":{"allow":["GET"]}}],"collection":[{"href":"https:\/\/challengeseconomiques.com\/index.php?rest_route=\/wp\/v2\/posts"}],"about":[{"href":"https:\/\/challengeseconomiques.com\/index.php?rest_route=\/wp\/v2\/types\/post"}],"author":[{"embeddable":true,"href":"https:\/\/challengeseconomiques.com\/index.php?rest_route=\/wp\/v2\/users\/1"}],"replies":[{"embeddable":true,"href":"https:\/\/challengeseconomiques.com\/index.php?rest_route=%2Fwp%2Fv2%2Fcomments&post=3468"}],"version-history":[{"count":2,"href":"https:\/\/challengeseconomiques.com\/index.php?rest_route=\/wp\/v2\/posts\/3468\/revisions"}],"predecessor-version":[{"id":3471,"href":"https:\/\/challengeseconomiques.com\/index.php?rest_route=\/wp\/v2\/posts\/3468\/revisions\/3471"}],"wp:featuredmedia":[{"embeddable":true,"href":"https:\/\/challengeseconomiques.com\/index.php?rest_route=\/wp\/v2\/media\/3469"}],"wp:attachment":[{"href":"https:\/\/challengeseconomiques.com\/index.php?rest_route=%2Fwp%2Fv2%2Fmedia&parent=3468"}],"wp:term":[{"taxonomy":"category","embeddable":true,"href":"https:\/\/challengeseconomiques.com\/index.php?rest_route=%2Fwp%2Fv2%2Fcategories&post=3468"},{"taxonomy":"post_tag","embeddable":true,"href":"https:\/\/challengeseconomiques.com\/index.php?rest_route=%2Fwp%2Fv2%2Ftags&post=3468"}],"curies":[{"name":"wp","href":"https:\/\/api.w.org\/{rel}","templated":true}]}}