{"id":3460,"date":"2022-06-02T00:54:02","date_gmt":"2022-06-02T00:54:02","guid":{"rendered":"https:\/\/challengeseconomiques.com\/?p=3460"},"modified":"2022-06-02T00:54:40","modified_gmt":"2022-06-02T00:54:40","slug":"projet-defi-archipelago-25-jeunes-en-formation-sur-lentrepreneuriat-a-dakar","status":"publish","type":"post","link":"https:\/\/challengeseconomiques.com\/?p=3460","title":{"rendered":"Projet DEFI-ARCHIPELAGO : 25 jeunes en formation sur l\u2019entrepreneuriat \u00e0 Dakar"},"content":{"rendered":"<p><strong>Les partenaires du Projet DEFI-ARCHIPELAGO ont organis\u00e9 un atelier de formation en entrepreneuriat au profit de 25 jeunes, femmes et migrants de retour, dans la R\u00e9gion de Dakar. D\u00e9marr\u00e9 ce mercredi 1<sup>er<\/sup> juin 2022, <\/strong><strong>au Centre de formation S\u00e9n\u00e9gal-Japon, l\u2019atelier v<\/strong><strong>a s\u2019achever le vendredi 03 juin.\u00a0\u00a0 <\/strong><\/p>\n<p>Renforcer les capacit\u00e9s entrepreneuriales des jeunes pour leur permettre de se lancer dans la cr\u00e9ation d\u2019entreprises, l\u2019auto-emploi et de d\u00e9velopper leurs activit\u00e9s \u00e9conomiques. Tel est l\u2019objectif de la formation de 3 jours, organis\u00e9e \u00e0 partir de ce 1<sup>er<\/sup> juin 2022, par la Chambre de Commerce, d\u2019Industrie et d\u2019Agriculture de Dakar (CCIAD), l\u2019Office National de Formation Professionnelle (ONFP) et l\u2019Association pour la Promotion de l\u2019Education et de la Formation \u00e0 l\u2019Etranger (APEFE). La formation entre dans le cadre du Projet DEFI-ARCHIPELAGO.<br \/>\nL\u2019objectif global du Projet consiste \u00e0 augmenter les opportunit\u00e9s d\u2019emplois pour les jeunes ch\u00f4meurs et migrants de retour dans 4 R\u00e9gions du S\u00e9n\u00e9gal (Dakar, Diourbel, Kolda et Louga).<br \/>\nPour la R\u00e9gion de Dakar, 25 jeunes, femmes et migrants de retour seront form\u00e9s, durant ces 3 jours, en entrepreneuriat sur les \u00e9tapes de cr\u00e9ation d\u2019entreprise et d\u2019\u00e9laboration de plan d\u2019affaires.<\/p>\n<p><strong>Cr\u00e9ation d\u2019entreprises<\/strong><\/p>\n<p>Le coordonnateur du Projet DEFI-ARCHIPELAGO Abdoul Aziz Sabaly, chef du D\u00e9partement Formation et Insertion \u00e0 la CCIAD,\u00a0 a invit\u00e9 les jeunes \u00e0 s\u2019impliquer davantage dans la cr\u00e9ation d\u2019entreprises. Il a d\u2019ailleurs tenu \u00e0 rassurer les jeunes en disant que la Chambre de Commerce de Dakar travaille avec des partenaires pour leur faciliter l\u2019acc\u00e8s au financement.<br \/>\n\u00ab\u00a0La curiosit\u00e9 est l\u2019une des valeurs d\u2019un entrepreneur\u00a0\u00bb, a soulign\u00e9 Mbaye Chim\u00e8re Ndiaye, le secr\u00e9taire g\u00e9n\u00e9ral de la CCIAD, au cours de l\u2019ouverture officielle de l\u2019atelier. Il a sugg\u00e9r\u00e9 aux jeunes d\u2019aller vers les structures d\u2019encadrement des entreprises notamment pour chercher des opportunit\u00e9s afin de mieux r\u00e9ussir dans l\u2019entrepreneuriat. M. Ndiaye a cit\u00e9 l\u2019exemple de la Chambre de Commerce de Dakar qui dispose de services d\u00e9di\u00e9s \u00e0 la cr\u00e9ation et \u00e0 l\u2019accompagnement des entreprises aussi bien au plan local qu\u2019\u00e0 l\u2019international. Il s\u2019est aussi r\u00e9joui de la franche collaboration entre la Gouvernance de Dakar et l\u2019Institution Consulaire de la Capitale.<\/p>\n<p><strong>\u00a0<\/strong><strong>Soutenir la cr\u00e9ation d\u2019emplois<\/strong><\/p>\n<p>\u00ab\u00a0La Chambre de Commerce de Dakar joue un r\u00f4le primordial dans la cr\u00e9ation d\u2019entreprises\u00a0\u00bb, a d\u00e9clar\u00e9 Mme Ba T\u00e9ning Faye, adjointe au Gouverneur de la R\u00e9gion de Dakar, charg\u00e9e du d\u00e9veloppement. Elle a \u00e9galement salu\u00e9 le Projet DEFI-ARCHIPELAGO de la CCIAD, qui vise \u00e0 lutter contre l\u2019\u00e9migration clandestine. La repr\u00e9sentante du Gouverneur Al Hassane Sall a aussi invit\u00e9 les jeunes \u00e0 se lancer dans la cr\u00e9ation d\u2019entreprises notamment dans les fili\u00e8res porteuses. \u00ab\u00a0Notre pays est en construction, chacun doit apporter sa pierre \u00e0 l\u2019\u00e9difice\u00a0\u00bb, a-t-elle ajout\u00e9.<br \/>\nARCHIPELAGO est un programme d\u2019une dur\u00e9e de 04 ann\u00e9es. Il est financ\u00e9 par le Fonds fiduciaire d\u2019urgence de l\u2019Union Europ\u00e9enne (UE), pour renforcer l\u2019employabilit\u00e9 des jeunes et soutenir la cr\u00e9ation d\u2019emplois dans les pays du Sahel et du Lac Tchad (Burkina-Faso, Cameroun, C\u00f4te d\u2019Ivoire, Gambie, Ghana, Guin\u00e9e, Mali, Mauritanie, Niger, Nig\u00e9ria, S\u00e9n\u00e9gal, Tchad).<br \/>\nAu niveau du S\u00e9n\u00e9gal, la Chambre de Commerce, d\u2019Industrie et d\u2019Agriculture de Dakar (CCIAD), qui est co-demandeur, travaille en \u00e9troite collaboration avec l\u2019Office National de Formation Professionnelle (ONFP). La CCIAD a aussi associ\u00e9 les Chambres de Commerce, d\u2019Industrie et d\u2019Agriculture (CCIA) de Diourbel, Kolda et Louga.<\/p>\n<p><strong>BIE<\/strong><\/p>\n","protected":false},"excerpt":{"rendered":"<p>Les partenaires du Projet DEFI-ARCHIPELAGO ont organis\u00e9 un atelier de formation en entrepreneuriat au profit de 25 jeunes, femmes et migrants de retour, dans la&#8230;<\/p>\n","protected":false},"author":1,"featured_media":3461,"comment_status":"closed","ping_status":"open","sticky":false,"template":"","format":"standard","meta":{"_jetpack_memberships_contains_paid_content":false,"footnotes":""},"categories":[23,10],"tags":[],"class_list":["post-3460","post","type-post","status-publish","format-standard","has-post-thumbnail","hentry","category-a-la-une","category-infos-eco","wpcat-23-id","wpcat-10-id"],"yoast_head":"<!-- This site is optimized with the Yoast SEO plugin v27.1.1 - https:\/\/yoast.com\/product\/yoast-seo-wordpress\/ -->\n<title>Projet DEFI-ARCHIPELAGO : 25 jeunes en formation sur l\u2019entrepreneuriat \u00e0 Dakar - challenges economiques<\/title>\n<meta name=\"robots\" content=\"index, follow, max-snippet:-1, max-image-preview:large, max-video-preview:-1\" \/>\n<link rel=\"canonical\" href=\"https:\/\/challengeseconomiques.com\/?p=3460\" \/>\n<meta property=\"og:locale\" content=\"fr_FR\" \/>\n<meta property=\"og:type\" content=\"article\" \/>\n<meta property=\"og:title\" content=\"Projet DEFI-ARCHIPELAGO : 25 jeunes en formation sur l\u2019entrepreneuriat \u00e0 Dakar - challenges economiques\" \/>\n<meta property=\"og:description\" content=\"Les partenaires du Projet DEFI-ARCHIPELAGO ont organis\u00e9 un atelier de formation en entrepreneuriat au profit de 25 jeunes, femmes et migrants de retour, dans la...\" \/>\n<meta property=\"og:url\" content=\"https:\/\/challengeseconomiques.com\/?p=3460\" \/>\n<meta property=\"og:site_name\" content=\"challenges economiques\" \/>\n<meta property=\"article:published_time\" content=\"2022-06-02T00:54:02+00:00\" \/>\n<meta property=\"article:modified_time\" content=\"2022-06-02T00:54:40+00:00\" \/>\n<meta property=\"og:image\" content=\"https:\/\/challengeseconomiques.com\/wp-content\/uploads\/2022\/06\/Archipelago3.webp\" \/>\n\t<meta property=\"og:image:width\" content=\"850\" \/>\n\t<meta property=\"og:image:height\" content=\"560\" \/>\n\t<meta property=\"og:image:type\" content=\"image\/webp\" \/>\n<meta name=\"author\" content=\"admin\" \/>\n<meta name=\"twitter:card\" content=\"summary_large_image\" \/>\n<meta name=\"twitter:label1\" content=\"\u00c9crit par\" \/>\n\t<meta name=\"twitter:data1\" content=\"admin\" \/>\n\t<meta name=\"twitter:label2\" content=\"Dur\u00e9e de lecture estim\u00e9e\" \/>\n\t<meta name=\"twitter:data2\" content=\"3 minutes\" \/>\n<script type=\"application\/ld+json\" class=\"yoast-schema-graph\">{\"@context\":\"https:\/\/schema.org\",\"@graph\":[{\"@type\":\"Article\",\"@id\":\"https:\/\/challengeseconomiques.com\/?p=3460#article\",\"isPartOf\":{\"@id\":\"https:\/\/challengeseconomiques.com\/?p=3460\"},\"author\":{\"name\":\"admin\",\"@id\":\"https:\/\/challengeseconomiques.com\/#\/schema\/person\/b4568c9afebc5a9238a771873801e349\"},\"headline\":\"Projet DEFI-ARCHIPELAGO : 25 jeunes en formation sur l\u2019entrepreneuriat \u00e0 Dakar\",\"datePublished\":\"2022-06-02T00:54:02+00:00\",\"dateModified\":\"2022-06-02T00:54:40+00:00\",\"mainEntityOfPage\":{\"@id\":\"https:\/\/challengeseconomiques.com\/?p=3460\"},\"wordCount\":625,\"image\":{\"@id\":\"https:\/\/challengeseconomiques.com\/?p=3460#primaryimage\"},\"thumbnailUrl\":\"https:\/\/challengeseconomiques.com\/wp-content\/uploads\/2022\/06\/Archipelago3.webp\",\"articleSection\":[\"A la une\",\"Infos \u00e9co\"],\"inLanguage\":\"fr-FR\"},{\"@type\":\"WebPage\",\"@id\":\"https:\/\/challengeseconomiques.com\/?p=3460\",\"url\":\"https:\/\/challengeseconomiques.com\/?p=3460\",\"name\":\"Projet DEFI-ARCHIPELAGO : 25 jeunes en formation sur l\u2019entrepreneuriat \u00e0 Dakar - challenges economiques\",\"isPartOf\":{\"@id\":\"https:\/\/challengeseconomiques.com\/#website\"},\"primaryImageOfPage\":{\"@id\":\"https:\/\/challengeseconomiques.com\/?p=3460#primaryimage\"},\"image\":{\"@id\":\"https:\/\/challengeseconomiques.com\/?p=3460#primaryimage\"},\"thumbnailUrl\":\"https:\/\/challengeseconomiques.com\/wp-content\/uploads\/2022\/06\/Archipelago3.webp\",\"datePublished\":\"2022-06-02T00:54:02+00:00\",\"dateModified\":\"2022-06-02T00:54:40+00:00\",\"author\":{\"@id\":\"https:\/\/challengeseconomiques.com\/#\/schema\/person\/b4568c9afebc5a9238a771873801e349\"},\"breadcrumb\":{\"@id\":\"https:\/\/challengeseconomiques.com\/?p=3460#breadcrumb\"},\"inLanguage\":\"fr-FR\",\"potentialAction\":[{\"@type\":\"ReadAction\",\"target\":[\"https:\/\/challengeseconomiques.com\/?p=3460\"]}]},{\"@type\":\"ImageObject\",\"inLanguage\":\"fr-FR\",\"@id\":\"https:\/\/challengeseconomiques.com\/?p=3460#primaryimage\",\"url\":\"https:\/\/challengeseconomiques.com\/wp-content\/uploads\/2022\/06\/Archipelago3.webp\",\"contentUrl\":\"https:\/\/challengeseconomiques.com\/wp-content\/uploads\/2022\/06\/Archipelago3.webp\",\"width\":850,\"height\":560},{\"@type\":\"BreadcrumbList\",\"@id\":\"https:\/\/challengeseconomiques.com\/?p=3460#breadcrumb\",\"itemListElement\":[{\"@type\":\"ListItem\",\"position\":1,\"name\":\"Home\",\"item\":\"https:\/\/challengeseconomiques.com\/\"},{\"@type\":\"ListItem\",\"position\":2,\"name\":\"Projet DEFI-ARCHIPELAGO : 25 jeunes en formation sur l\u2019entrepreneuriat \u00e0 Dakar\"}]},{\"@type\":\"WebSite\",\"@id\":\"https:\/\/challengeseconomiques.com\/#website\",\"url\":\"https:\/\/challengeseconomiques.com\/\",\"name\":\"challenges economiques\",\"description\":\"\",\"potentialAction\":[{\"@type\":\"SearchAction\",\"target\":{\"@type\":\"EntryPoint\",\"urlTemplate\":\"https:\/\/challengeseconomiques.com\/?s={search_term_string}\"},\"query-input\":{\"@type\":\"PropertyValueSpecification\",\"valueRequired\":true,\"valueName\":\"search_term_string\"}}],\"inLanguage\":\"fr-FR\"},{\"@type\":\"Person\",\"@id\":\"https:\/\/challengeseconomiques.com\/#\/schema\/person\/b4568c9afebc5a9238a771873801e349\",\"name\":\"admin\",\"image\":{\"@type\":\"ImageObject\",\"inLanguage\":\"fr-FR\",\"@id\":\"https:\/\/challengeseconomiques.com\/#\/schema\/person\/image\/\",\"url\":\"https:\/\/secure.gravatar.com\/avatar\/099e42240b5eea11acdb72751fcce0dd918603f0749d24974b7984ea47ed9fd9?s=96&d=mm&r=g\",\"contentUrl\":\"https:\/\/secure.gravatar.com\/avatar\/099e42240b5eea11acdb72751fcce0dd918603f0749d24974b7984ea47ed9fd9?s=96&d=mm&r=g\",\"caption\":\"admin\"},\"sameAs\":[\"https:\/\/challengeseconomiques.com\"],\"url\":\"https:\/\/challengeseconomiques.com\/?author=1\"}]}<\/script>\n<!-- \/ Yoast SEO plugin. -->","yoast_head_json":{"title":"Projet DEFI-ARCHIPELAGO : 25 jeunes en formation sur l\u2019entrepreneuriat \u00e0 Dakar - challenges economiques","robots":{"index":"index","follow":"follow","max-snippet":"max-snippet:-1","max-image-preview":"max-image-preview:large","max-video-preview":"max-video-preview:-1"},"canonical":"https:\/\/challengeseconomiques.com\/?p=3460","og_locale":"fr_FR","og_type":"article","og_title":"Projet DEFI-ARCHIPELAGO : 25 jeunes en formation sur l\u2019entrepreneuriat \u00e0 Dakar - challenges economiques","og_description":"Les partenaires du Projet DEFI-ARCHIPELAGO ont organis\u00e9 un atelier de formation en entrepreneuriat au profit de 25 jeunes, femmes et migrants de retour, dans la...","og_url":"https:\/\/challengeseconomiques.com\/?p=3460","og_site_name":"challenges economiques","article_published_time":"2022-06-02T00:54:02+00:00","article_modified_time":"2022-06-02T00:54:40+00:00","og_image":[{"width":850,"height":560,"url":"https:\/\/challengeseconomiques.com\/wp-content\/uploads\/2022\/06\/Archipelago3.webp","type":"image\/webp"}],"author":"admin","twitter_card":"summary_large_image","twitter_misc":{"\u00c9crit par":"admin","Dur\u00e9e de lecture estim\u00e9e":"3 minutes"},"schema":{"@context":"https:\/\/schema.org","@graph":[{"@type":"Article","@id":"https:\/\/challengeseconomiques.com\/?p=3460#article","isPartOf":{"@id":"https:\/\/challengeseconomiques.com\/?p=3460"},"author":{"name":"admin","@id":"https:\/\/challengeseconomiques.com\/#\/schema\/person\/b4568c9afebc5a9238a771873801e349"},"headline":"Projet DEFI-ARCHIPELAGO : 25 jeunes en formation sur l\u2019entrepreneuriat \u00e0 Dakar","datePublished":"2022-06-02T00:54:02+00:00","dateModified":"2022-06-02T00:54:40+00:00","mainEntityOfPage":{"@id":"https:\/\/challengeseconomiques.com\/?p=3460"},"wordCount":625,"image":{"@id":"https:\/\/challengeseconomiques.com\/?p=3460#primaryimage"},"thumbnailUrl":"https:\/\/challengeseconomiques.com\/wp-content\/uploads\/2022\/06\/Archipelago3.webp","articleSection":["A la une","Infos \u00e9co"],"inLanguage":"fr-FR"},{"@type":"WebPage","@id":"https:\/\/challengeseconomiques.com\/?p=3460","url":"https:\/\/challengeseconomiques.com\/?p=3460","name":"Projet DEFI-ARCHIPELAGO : 25 jeunes en formation sur l\u2019entrepreneuriat \u00e0 Dakar - challenges economiques","isPartOf":{"@id":"https:\/\/challengeseconomiques.com\/#website"},"primaryImageOfPage":{"@id":"https:\/\/challengeseconomiques.com\/?p=3460#primaryimage"},"image":{"@id":"https:\/\/challengeseconomiques.com\/?p=3460#primaryimage"},"thumbnailUrl":"https:\/\/challengeseconomiques.com\/wp-content\/uploads\/2022\/06\/Archipelago3.webp","datePublished":"2022-06-02T00:54:02+00:00","dateModified":"2022-06-02T00:54:40+00:00","author":{"@id":"https:\/\/challengeseconomiques.com\/#\/schema\/person\/b4568c9afebc5a9238a771873801e349"},"breadcrumb":{"@id":"https:\/\/challengeseconomiques.com\/?p=3460#breadcrumb"},"inLanguage":"fr-FR","potentialAction":[{"@type":"ReadAction","target":["https:\/\/challengeseconomiques.com\/?p=3460"]}]},{"@type":"ImageObject","inLanguage":"fr-FR","@id":"https:\/\/challengeseconomiques.com\/?p=3460#primaryimage","url":"https:\/\/challengeseconomiques.com\/wp-content\/uploads\/2022\/06\/Archipelago3.webp","contentUrl":"https:\/\/challengeseconomiques.com\/wp-content\/uploads\/2022\/06\/Archipelago3.webp","width":850,"height":560},{"@type":"BreadcrumbList","@id":"https:\/\/challengeseconomiques.com\/?p=3460#breadcrumb","itemListElement":[{"@type":"ListItem","position":1,"name":"Home","item":"https:\/\/challengeseconomiques.com\/"},{"@type":"ListItem","position":2,"name":"Projet DEFI-ARCHIPELAGO : 25 jeunes en formation sur l\u2019entrepreneuriat \u00e0 Dakar"}]},{"@type":"WebSite","@id":"https:\/\/challengeseconomiques.com\/#website","url":"https:\/\/challengeseconomiques.com\/","name":"challenges economiques","description":"","potentialAction":[{"@type":"SearchAction","target":{"@type":"EntryPoint","urlTemplate":"https:\/\/challengeseconomiques.com\/?s={search_term_string}"},"query-input":{"@type":"PropertyValueSpecification","valueRequired":true,"valueName":"search_term_string"}}],"inLanguage":"fr-FR"},{"@type":"Person","@id":"https:\/\/challengeseconomiques.com\/#\/schema\/person\/b4568c9afebc5a9238a771873801e349","name":"admin","image":{"@type":"ImageObject","inLanguage":"fr-FR","@id":"https:\/\/challengeseconomiques.com\/#\/schema\/person\/image\/","url":"https:\/\/secure.gravatar.com\/avatar\/099e42240b5eea11acdb72751fcce0dd918603f0749d24974b7984ea47ed9fd9?s=96&d=mm&r=g","contentUrl":"https:\/\/secure.gravatar.com\/avatar\/099e42240b5eea11acdb72751fcce0dd918603f0749d24974b7984ea47ed9fd9?s=96&d=mm&r=g","caption":"admin"},"sameAs":["https:\/\/challengeseconomiques.com"],"url":"https:\/\/challengeseconomiques.com\/?author=1"}]}},"jetpack_featured_media_url":"https:\/\/challengeseconomiques.com\/wp-content\/uploads\/2022\/06\/Archipelago3.webp","jetpack_sharing_enabled":true,"_links":{"self":[{"href":"https:\/\/challengeseconomiques.com\/index.php?rest_route=\/wp\/v2\/posts\/3460","targetHints":{"allow":["GET"]}}],"collection":[{"href":"https:\/\/challengeseconomiques.com\/index.php?rest_route=\/wp\/v2\/posts"}],"about":[{"href":"https:\/\/challengeseconomiques.com\/index.php?rest_route=\/wp\/v2\/types\/post"}],"author":[{"embeddable":true,"href":"https:\/\/challengeseconomiques.com\/index.php?rest_route=\/wp\/v2\/users\/1"}],"replies":[{"embeddable":true,"href":"https:\/\/challengeseconomiques.com\/index.php?rest_route=%2Fwp%2Fv2%2Fcomments&post=3460"}],"version-history":[{"count":3,"href":"https:\/\/challengeseconomiques.com\/index.php?rest_route=\/wp\/v2\/posts\/3460\/revisions"}],"predecessor-version":[{"id":3464,"href":"https:\/\/challengeseconomiques.com\/index.php?rest_route=\/wp\/v2\/posts\/3460\/revisions\/3464"}],"wp:featuredmedia":[{"embeddable":true,"href":"https:\/\/challengeseconomiques.com\/index.php?rest_route=\/wp\/v2\/media\/3461"}],"wp:attachment":[{"href":"https:\/\/challengeseconomiques.com\/index.php?rest_route=%2Fwp%2Fv2%2Fmedia&parent=3460"}],"wp:term":[{"taxonomy":"category","embeddable":true,"href":"https:\/\/challengeseconomiques.com\/index.php?rest_route=%2Fwp%2Fv2%2Fcategories&post=3460"},{"taxonomy":"post_tag","embeddable":true,"href":"https:\/\/challengeseconomiques.com\/index.php?rest_route=%2Fwp%2Fv2%2Ftags&post=3460"}],"curies":[{"name":"wp","href":"https:\/\/api.w.org\/{rel}","templated":true}]}}