{"id":3392,"date":"2022-05-20T12:45:37","date_gmt":"2022-05-20T12:45:37","guid":{"rendered":"https:\/\/challengeseconomiques.com\/?p=3392"},"modified":"2022-05-20T12:46:07","modified_gmt":"2022-05-20T12:46:07","slug":"une-baisse-de-05-du-taux-de-croissance-economique-du-senegal-en-2022","status":"publish","type":"post","link":"https:\/\/challengeseconomiques.com\/?p=3392","title":{"rendered":"Une baisse de 0,5% du taux de croissance \u00e9conomique du S\u00e9n\u00e9gal, en 2022"},"content":{"rendered":"<p>L\u2019\u00e9conomie s\u00e9n\u00e9galaise ne r\u00e9alisera pas comme initialement pr\u00e9vu &nbsp;une croissance r\u00e9elle de son PIB \u00e0 5,5%. Ce taux est revu \u00e0 la baisse selon M. Edward Gemayel, le chef de la mission du Fmi qui a visit\u00e9 le S\u00e9n\u00e9gal r\u00e9cemment.<\/p>\n<p>Le S\u00e9n\u00e9gal va r\u00e9aliser une croissance de 5% selon M. Gemayel. Ce ralentissement de la croissance du PIB s\u2019explique selon le chef de mission du Fmi par la flamb\u00e9e des cours mondiaux des produits p\u00e9troliers et des denr\u00e9es alimentaires caus\u00e9e par la guerre en Ukraine, combin\u00e9e au ralentissement de l\u2019activit\u00e9 \u00e9conomique chez les principaux partenaires commerciaux du S\u00e9n\u00e9gal d\u00fb en partie aux sanctions de la CEDEAO contre le Mali. Pourtant se d\u00e9sole-t-il &nbsp;\u00ab L\u2019\u00e9conomie s\u00e9n\u00e9galaise a d\u00e9but\u00e9 l\u2019ann\u00e9e 2022 avec une croissance tr\u00e8s dynamique. Par ailleurs &nbsp;l\u2019inflation devrait atteindre 5,5 % selon Edward Gemayel, tir\u00e9e par la hausse des prix des denr\u00e9es alimentaires et de l\u2019\u00e9nergie.<\/p>\n<p>&nbsp;<\/p>\n","protected":false},"excerpt":{"rendered":"<p>L\u2019\u00e9conomie s\u00e9n\u00e9galaise ne r\u00e9alisera pas comme initialement pr\u00e9vu &nbsp;une croissance r\u00e9elle de son PIB \u00e0 5,5%. Ce taux est revu \u00e0 la baisse selon M&#8230;.<\/p>\n","protected":false},"author":1,"featured_media":3393,"comment_status":"closed","ping_status":"open","sticky":false,"template":"","format":"standard","meta":{"_jetpack_memberships_contains_paid_content":false,"footnotes":""},"categories":[23,10],"tags":[],"class_list":["post-3392","post","type-post","status-publish","format-standard","has-post-thumbnail","hentry","category-a-la-une","category-infos-eco","wpcat-23-id","wpcat-10-id"],"yoast_head":"<!-- This site is optimized with the Yoast SEO plugin v27.1.1 - https:\/\/yoast.com\/product\/yoast-seo-wordpress\/ -->\n<title>Une baisse de 0,5% du taux de croissance \u00e9conomique du S\u00e9n\u00e9gal, en 2022 - challenges economiques<\/title>\n<meta name=\"robots\" content=\"index, follow, max-snippet:-1, max-image-preview:large, max-video-preview:-1\" \/>\n<link rel=\"canonical\" href=\"https:\/\/challengeseconomiques.com\/?p=3392\" \/>\n<meta property=\"og:locale\" content=\"fr_FR\" \/>\n<meta property=\"og:type\" content=\"article\" \/>\n<meta property=\"og:title\" content=\"Une baisse de 0,5% du taux de croissance \u00e9conomique du S\u00e9n\u00e9gal, en 2022 - challenges economiques\" \/>\n<meta property=\"og:description\" content=\"L\u2019\u00e9conomie s\u00e9n\u00e9galaise ne r\u00e9alisera pas comme initialement pr\u00e9vu &nbsp;une croissance r\u00e9elle de son PIB \u00e0 5,5%. Ce taux est revu \u00e0 la baisse selon M....\" \/>\n<meta property=\"og:url\" content=\"https:\/\/challengeseconomiques.com\/?p=3392\" \/>\n<meta property=\"og:site_name\" content=\"challenges economiques\" \/>\n<meta property=\"article:published_time\" content=\"2022-05-20T12:45:37+00:00\" \/>\n<meta property=\"article:modified_time\" content=\"2022-05-20T12:46:07+00:00\" \/>\n<meta property=\"og:image\" content=\"https:\/\/challengeseconomiques.com\/wp-content\/uploads\/2022\/05\/port-de-dakar.jpg\" \/>\n\t<meta property=\"og:image:width\" content=\"678\" \/>\n\t<meta property=\"og:image:height\" content=\"381\" \/>\n\t<meta property=\"og:image:type\" content=\"image\/jpeg\" \/>\n<meta name=\"author\" content=\"admin\" \/>\n<meta name=\"twitter:card\" content=\"summary_large_image\" \/>\n<meta name=\"twitter:label1\" content=\"\u00c9crit par\" \/>\n\t<meta name=\"twitter:data1\" content=\"admin\" \/>\n\t<meta name=\"twitter:label2\" content=\"Dur\u00e9e de lecture estim\u00e9e\" \/>\n\t<meta name=\"twitter:data2\" content=\"1 minute\" \/>\n<script type=\"application\/ld+json\" class=\"yoast-schema-graph\">{\"@context\":\"https:\/\/schema.org\",\"@graph\":[{\"@type\":\"Article\",\"@id\":\"https:\/\/challengeseconomiques.com\/?p=3392#article\",\"isPartOf\":{\"@id\":\"https:\/\/challengeseconomiques.com\/?p=3392\"},\"author\":{\"name\":\"admin\",\"@id\":\"https:\/\/challengeseconomiques.com\/#\/schema\/person\/b4568c9afebc5a9238a771873801e349\"},\"headline\":\"Une baisse de 0,5% du taux de croissance \u00e9conomique du S\u00e9n\u00e9gal, en 2022\",\"datePublished\":\"2022-05-20T12:45:37+00:00\",\"dateModified\":\"2022-05-20T12:46:07+00:00\",\"mainEntityOfPage\":{\"@id\":\"https:\/\/challengeseconomiques.com\/?p=3392\"},\"wordCount\":188,\"image\":{\"@id\":\"https:\/\/challengeseconomiques.com\/?p=3392#primaryimage\"},\"thumbnailUrl\":\"https:\/\/challengeseconomiques.com\/wp-content\/uploads\/2022\/05\/port-de-dakar.jpg\",\"articleSection\":[\"A la une\",\"Infos \u00e9co\"],\"inLanguage\":\"fr-FR\"},{\"@type\":\"WebPage\",\"@id\":\"https:\/\/challengeseconomiques.com\/?p=3392\",\"url\":\"https:\/\/challengeseconomiques.com\/?p=3392\",\"name\":\"Une baisse de 0,5% du taux de croissance \u00e9conomique du S\u00e9n\u00e9gal, en 2022 - challenges economiques\",\"isPartOf\":{\"@id\":\"https:\/\/challengeseconomiques.com\/#website\"},\"primaryImageOfPage\":{\"@id\":\"https:\/\/challengeseconomiques.com\/?p=3392#primaryimage\"},\"image\":{\"@id\":\"https:\/\/challengeseconomiques.com\/?p=3392#primaryimage\"},\"thumbnailUrl\":\"https:\/\/challengeseconomiques.com\/wp-content\/uploads\/2022\/05\/port-de-dakar.jpg\",\"datePublished\":\"2022-05-20T12:45:37+00:00\",\"dateModified\":\"2022-05-20T12:46:07+00:00\",\"author\":{\"@id\":\"https:\/\/challengeseconomiques.com\/#\/schema\/person\/b4568c9afebc5a9238a771873801e349\"},\"breadcrumb\":{\"@id\":\"https:\/\/challengeseconomiques.com\/?p=3392#breadcrumb\"},\"inLanguage\":\"fr-FR\",\"potentialAction\":[{\"@type\":\"ReadAction\",\"target\":[\"https:\/\/challengeseconomiques.com\/?p=3392\"]}]},{\"@type\":\"ImageObject\",\"inLanguage\":\"fr-FR\",\"@id\":\"https:\/\/challengeseconomiques.com\/?p=3392#primaryimage\",\"url\":\"https:\/\/challengeseconomiques.com\/wp-content\/uploads\/2022\/05\/port-de-dakar.jpg\",\"contentUrl\":\"https:\/\/challengeseconomiques.com\/wp-content\/uploads\/2022\/05\/port-de-dakar.jpg\",\"width\":678,\"height\":381},{\"@type\":\"BreadcrumbList\",\"@id\":\"https:\/\/challengeseconomiques.com\/?p=3392#breadcrumb\",\"itemListElement\":[{\"@type\":\"ListItem\",\"position\":1,\"name\":\"Home\",\"item\":\"https:\/\/challengeseconomiques.com\/\"},{\"@type\":\"ListItem\",\"position\":2,\"name\":\"Une baisse de 0,5% du taux de croissance \u00e9conomique du S\u00e9n\u00e9gal, en 2022\"}]},{\"@type\":\"WebSite\",\"@id\":\"https:\/\/challengeseconomiques.com\/#website\",\"url\":\"https:\/\/challengeseconomiques.com\/\",\"name\":\"challenges economiques\",\"description\":\"\",\"potentialAction\":[{\"@type\":\"SearchAction\",\"target\":{\"@type\":\"EntryPoint\",\"urlTemplate\":\"https:\/\/challengeseconomiques.com\/?s={search_term_string}\"},\"query-input\":{\"@type\":\"PropertyValueSpecification\",\"valueRequired\":true,\"valueName\":\"search_term_string\"}}],\"inLanguage\":\"fr-FR\"},{\"@type\":\"Person\",\"@id\":\"https:\/\/challengeseconomiques.com\/#\/schema\/person\/b4568c9afebc5a9238a771873801e349\",\"name\":\"admin\",\"image\":{\"@type\":\"ImageObject\",\"inLanguage\":\"fr-FR\",\"@id\":\"https:\/\/challengeseconomiques.com\/#\/schema\/person\/image\/\",\"url\":\"https:\/\/secure.gravatar.com\/avatar\/099e42240b5eea11acdb72751fcce0dd918603f0749d24974b7984ea47ed9fd9?s=96&d=mm&r=g\",\"contentUrl\":\"https:\/\/secure.gravatar.com\/avatar\/099e42240b5eea11acdb72751fcce0dd918603f0749d24974b7984ea47ed9fd9?s=96&d=mm&r=g\",\"caption\":\"admin\"},\"sameAs\":[\"https:\/\/challengeseconomiques.com\"],\"url\":\"https:\/\/challengeseconomiques.com\/?author=1\"}]}<\/script>\n<!-- \/ Yoast SEO plugin. -->","yoast_head_json":{"title":"Une baisse de 0,5% du taux de croissance \u00e9conomique du S\u00e9n\u00e9gal, en 2022 - challenges economiques","robots":{"index":"index","follow":"follow","max-snippet":"max-snippet:-1","max-image-preview":"max-image-preview:large","max-video-preview":"max-video-preview:-1"},"canonical":"https:\/\/challengeseconomiques.com\/?p=3392","og_locale":"fr_FR","og_type":"article","og_title":"Une baisse de 0,5% du taux de croissance \u00e9conomique du S\u00e9n\u00e9gal, en 2022 - challenges economiques","og_description":"L\u2019\u00e9conomie s\u00e9n\u00e9galaise ne r\u00e9alisera pas comme initialement pr\u00e9vu &nbsp;une croissance r\u00e9elle de son PIB \u00e0 5,5%. Ce taux est revu \u00e0 la baisse selon M....","og_url":"https:\/\/challengeseconomiques.com\/?p=3392","og_site_name":"challenges economiques","article_published_time":"2022-05-20T12:45:37+00:00","article_modified_time":"2022-05-20T12:46:07+00:00","og_image":[{"width":678,"height":381,"url":"https:\/\/challengeseconomiques.com\/wp-content\/uploads\/2022\/05\/port-de-dakar.jpg","type":"image\/jpeg"}],"author":"admin","twitter_card":"summary_large_image","twitter_misc":{"\u00c9crit par":"admin","Dur\u00e9e de lecture estim\u00e9e":"1 minute"},"schema":{"@context":"https:\/\/schema.org","@graph":[{"@type":"Article","@id":"https:\/\/challengeseconomiques.com\/?p=3392#article","isPartOf":{"@id":"https:\/\/challengeseconomiques.com\/?p=3392"},"author":{"name":"admin","@id":"https:\/\/challengeseconomiques.com\/#\/schema\/person\/b4568c9afebc5a9238a771873801e349"},"headline":"Une baisse de 0,5% du taux de croissance \u00e9conomique du S\u00e9n\u00e9gal, en 2022","datePublished":"2022-05-20T12:45:37+00:00","dateModified":"2022-05-20T12:46:07+00:00","mainEntityOfPage":{"@id":"https:\/\/challengeseconomiques.com\/?p=3392"},"wordCount":188,"image":{"@id":"https:\/\/challengeseconomiques.com\/?p=3392#primaryimage"},"thumbnailUrl":"https:\/\/challengeseconomiques.com\/wp-content\/uploads\/2022\/05\/port-de-dakar.jpg","articleSection":["A la une","Infos \u00e9co"],"inLanguage":"fr-FR"},{"@type":"WebPage","@id":"https:\/\/challengeseconomiques.com\/?p=3392","url":"https:\/\/challengeseconomiques.com\/?p=3392","name":"Une baisse de 0,5% du taux de croissance \u00e9conomique du S\u00e9n\u00e9gal, en 2022 - challenges economiques","isPartOf":{"@id":"https:\/\/challengeseconomiques.com\/#website"},"primaryImageOfPage":{"@id":"https:\/\/challengeseconomiques.com\/?p=3392#primaryimage"},"image":{"@id":"https:\/\/challengeseconomiques.com\/?p=3392#primaryimage"},"thumbnailUrl":"https:\/\/challengeseconomiques.com\/wp-content\/uploads\/2022\/05\/port-de-dakar.jpg","datePublished":"2022-05-20T12:45:37+00:00","dateModified":"2022-05-20T12:46:07+00:00","author":{"@id":"https:\/\/challengeseconomiques.com\/#\/schema\/person\/b4568c9afebc5a9238a771873801e349"},"breadcrumb":{"@id":"https:\/\/challengeseconomiques.com\/?p=3392#breadcrumb"},"inLanguage":"fr-FR","potentialAction":[{"@type":"ReadAction","target":["https:\/\/challengeseconomiques.com\/?p=3392"]}]},{"@type":"ImageObject","inLanguage":"fr-FR","@id":"https:\/\/challengeseconomiques.com\/?p=3392#primaryimage","url":"https:\/\/challengeseconomiques.com\/wp-content\/uploads\/2022\/05\/port-de-dakar.jpg","contentUrl":"https:\/\/challengeseconomiques.com\/wp-content\/uploads\/2022\/05\/port-de-dakar.jpg","width":678,"height":381},{"@type":"BreadcrumbList","@id":"https:\/\/challengeseconomiques.com\/?p=3392#breadcrumb","itemListElement":[{"@type":"ListItem","position":1,"name":"Home","item":"https:\/\/challengeseconomiques.com\/"},{"@type":"ListItem","position":2,"name":"Une baisse de 0,5% du taux de croissance \u00e9conomique du S\u00e9n\u00e9gal, en 2022"}]},{"@type":"WebSite","@id":"https:\/\/challengeseconomiques.com\/#website","url":"https:\/\/challengeseconomiques.com\/","name":"challenges economiques","description":"","potentialAction":[{"@type":"SearchAction","target":{"@type":"EntryPoint","urlTemplate":"https:\/\/challengeseconomiques.com\/?s={search_term_string}"},"query-input":{"@type":"PropertyValueSpecification","valueRequired":true,"valueName":"search_term_string"}}],"inLanguage":"fr-FR"},{"@type":"Person","@id":"https:\/\/challengeseconomiques.com\/#\/schema\/person\/b4568c9afebc5a9238a771873801e349","name":"admin","image":{"@type":"ImageObject","inLanguage":"fr-FR","@id":"https:\/\/challengeseconomiques.com\/#\/schema\/person\/image\/","url":"https:\/\/secure.gravatar.com\/avatar\/099e42240b5eea11acdb72751fcce0dd918603f0749d24974b7984ea47ed9fd9?s=96&d=mm&r=g","contentUrl":"https:\/\/secure.gravatar.com\/avatar\/099e42240b5eea11acdb72751fcce0dd918603f0749d24974b7984ea47ed9fd9?s=96&d=mm&r=g","caption":"admin"},"sameAs":["https:\/\/challengeseconomiques.com"],"url":"https:\/\/challengeseconomiques.com\/?author=1"}]}},"jetpack_featured_media_url":"https:\/\/challengeseconomiques.com\/wp-content\/uploads\/2022\/05\/port-de-dakar.jpg","jetpack_sharing_enabled":true,"_links":{"self":[{"href":"https:\/\/challengeseconomiques.com\/index.php?rest_route=\/wp\/v2\/posts\/3392","targetHints":{"allow":["GET"]}}],"collection":[{"href":"https:\/\/challengeseconomiques.com\/index.php?rest_route=\/wp\/v2\/posts"}],"about":[{"href":"https:\/\/challengeseconomiques.com\/index.php?rest_route=\/wp\/v2\/types\/post"}],"author":[{"embeddable":true,"href":"https:\/\/challengeseconomiques.com\/index.php?rest_route=\/wp\/v2\/users\/1"}],"replies":[{"embeddable":true,"href":"https:\/\/challengeseconomiques.com\/index.php?rest_route=%2Fwp%2Fv2%2Fcomments&post=3392"}],"version-history":[{"count":2,"href":"https:\/\/challengeseconomiques.com\/index.php?rest_route=\/wp\/v2\/posts\/3392\/revisions"}],"predecessor-version":[{"id":3395,"href":"https:\/\/challengeseconomiques.com\/index.php?rest_route=\/wp\/v2\/posts\/3392\/revisions\/3395"}],"wp:featuredmedia":[{"embeddable":true,"href":"https:\/\/challengeseconomiques.com\/index.php?rest_route=\/wp\/v2\/media\/3393"}],"wp:attachment":[{"href":"https:\/\/challengeseconomiques.com\/index.php?rest_route=%2Fwp%2Fv2%2Fmedia&parent=3392"}],"wp:term":[{"taxonomy":"category","embeddable":true,"href":"https:\/\/challengeseconomiques.com\/index.php?rest_route=%2Fwp%2Fv2%2Fcategories&post=3392"},{"taxonomy":"post_tag","embeddable":true,"href":"https:\/\/challengeseconomiques.com\/index.php?rest_route=%2Fwp%2Fv2%2Ftags&post=3392"}],"curies":[{"name":"wp","href":"https:\/\/api.w.org\/{rel}","templated":true}]}}