{"id":3335,"date":"2022-05-12T13:24:52","date_gmt":"2022-05-12T13:24:52","guid":{"rendered":"https:\/\/challengeseconomiques.com\/?p=3335"},"modified":"2022-05-12T13:26:23","modified_gmt":"2022-05-12T13:26:23","slug":"54eme-session-de-la-conference-des-ministres-africains-des-finances-dakar-pour-echanger-sur-les-alternatives-post-covid-19","status":"publish","type":"post","link":"https:\/\/challengeseconomiques.com\/?p=3335","title":{"rendered":"54\u00e8me session de la Conf\u00e9rence des Ministres africains des finances: Dakar pour \u00e9changer sur les alternatives post-Covid 19"},"content":{"rendered":"<p><strong>C\u2019est sur le th\u00e8me <\/strong><strong>&nbsp;<\/strong><strong>\u00ab&nbsp;Financement de la relance de l\u2019Afrique&nbsp;: Atteindre de nouveaux horizons&nbsp;\u00bb<\/strong><strong>, que la 54<sup>\u00e8me<\/sup> session de la Conf\u00e9rence des ministres africains des finances, de la planification et du d\u00e9veloppement \u00e9conomique (CoM2022),&nbsp; se d\u00e9roule du 11 au 17 mai dans la Capitale s\u00e9n\u00e9galaise.<\/strong><\/p>\n<p>Cette pr\u00e9sente session organis\u00e9e &nbsp;conjointement par la Commission \u00e9conomique pour l\u2019Afrique (CEA) et le Gouvernement du S\u00e9n\u00e9gal, va se pencher sur des &nbsp;questions li\u00e9es \u00e0 la sant\u00e9, aux infrastructures, \u00e0 l\u2019\u00e9ducation, \u00e0 l\u2019action climatique et \u00e0 la mobilisation des ressources \u00e0 l\u2019appui d\u2019une relance inclusive et durable pour les pays africains, renseigne une note de la CEA. En outre, la CoM2022 &nbsp;verra &nbsp;\u00e9galement le lancement du Rapport \u00e9conomique phare de la CEA sur l\u2019Afrique (ERA), la Conf\u00e9rence annuelle Adebayo Adedeji de la CEA, qui portera cette ann\u00e9e sur le r\u00f4le de l\u2019enseignement sup\u00e9rieur et du d\u00e9veloppement du capital humain dans la transformation de l\u2019Afrique et une s\u00e9rie de discussions et le point sur la situation de l\u2019int\u00e9gration r\u00e9gionale, du commerce et de la ZLECAf, liste la note de la CEA.<\/p>\n<p>Par ailleurs, selon la CEA le&nbsp; choix du th\u00e8me de la CoM2022 a \u00e9t\u00e9 largement influenc\u00e9 par le fait que les d\u00e9ficits de financement du d\u00e9veloppement se sont consid\u00e9rablement creus\u00e9s depuis le d\u00e9clenchement de la pand\u00e9mie. En effet, pour l\u2019Afrique, le FMI estime que les d\u00e9penses annuelles li\u00e9es aux Objectifs de d\u00e9veloppement durable augmenteront de 154 milliards de dollars am\u00e9ricains par an, en raison de la pand\u00e9mie, et de 285 milliards de dollars am\u00e9ricains suppl\u00e9mentaires au cours des cinq prochaines ann\u00e9es pour assurer une r\u00e9ponse ad\u00e9quate \u00e0 la COVID-19. Ainsi, la CEA &nbsp;estime que la r\u00e9duction du co\u00fbt du cr\u00e9dit commercial sera essentielle pour att\u00e9nuer les vuln\u00e9rabilit\u00e9s li\u00e9es \u00e0 l\u2019endettement. Dans ce sillage, La CEA avance \u00e9galement que l\u2019augmentation du financement n\u00e9cessitera des mesures qui cr\u00e9ent des synergies entre le financement int\u00e9rieur et ext\u00e9rieur provenant de sources publiques et priv\u00e9es.<\/p>\n<p><strong>Moustapha DIA<\/strong><\/p>\n<p>&nbsp;<\/p>\n<p>&nbsp;<\/p>\n<p>&nbsp;<\/p>\n","protected":false},"excerpt":{"rendered":"<p>C\u2019est sur le th\u00e8me &nbsp;\u00ab&nbsp;Financement de la relance de l\u2019Afrique&nbsp;: Atteindre de nouveaux horizons&nbsp;\u00bb, que la 54\u00e8me session de la Conf\u00e9rence des ministres africains des&#8230;<\/p>\n","protected":false},"author":1,"featured_media":3336,"comment_status":"closed","ping_status":"open","sticky":false,"template":"","format":"standard","meta":{"_jetpack_memberships_contains_paid_content":false,"footnotes":""},"categories":[23,8,10],"tags":[],"class_list":["post-3335","post","type-post","status-publish","format-standard","has-post-thumbnail","hentry","category-a-la-une","category-actualite-economique","category-infos-eco","wpcat-23-id","wpcat-8-id","wpcat-10-id"],"yoast_head":"<!-- This site is optimized with the Yoast SEO plugin v27.1.1 - https:\/\/yoast.com\/product\/yoast-seo-wordpress\/ -->\n<title>54\u00e8me session de la Conf\u00e9rence des Ministres africains des finances: Dakar pour \u00e9changer sur les alternatives post-Covid 19 - challenges economiques<\/title>\n<meta name=\"robots\" content=\"index, follow, max-snippet:-1, max-image-preview:large, max-video-preview:-1\" \/>\n<link rel=\"canonical\" href=\"https:\/\/challengeseconomiques.com\/?p=3335\" \/>\n<meta property=\"og:locale\" content=\"fr_FR\" \/>\n<meta property=\"og:type\" content=\"article\" \/>\n<meta property=\"og:title\" content=\"54\u00e8me session de la Conf\u00e9rence des Ministres africains des finances: Dakar pour \u00e9changer sur les alternatives post-Covid 19 - challenges economiques\" \/>\n<meta property=\"og:description\" content=\"C\u2019est sur le th\u00e8me &nbsp;\u00ab&nbsp;Financement de la relance de l\u2019Afrique&nbsp;: Atteindre de nouveaux horizons&nbsp;\u00bb, que la 54\u00e8me session de la Conf\u00e9rence des ministres africains des...\" \/>\n<meta property=\"og:url\" content=\"https:\/\/challengeseconomiques.com\/?p=3335\" \/>\n<meta property=\"og:site_name\" content=\"challenges economiques\" \/>\n<meta property=\"article:published_time\" content=\"2022-05-12T13:24:52+00:00\" \/>\n<meta property=\"article:modified_time\" content=\"2022-05-12T13:26:23+00:00\" \/>\n<meta property=\"og:image\" content=\"https:\/\/challengeseconomiques.com\/wp-content\/uploads\/2022\/05\/54.jpg\" \/>\n\t<meta property=\"og:image:width\" content=\"1280\" \/>\n\t<meta property=\"og:image:height\" content=\"853\" \/>\n\t<meta property=\"og:image:type\" content=\"image\/jpeg\" \/>\n<meta name=\"author\" content=\"admin\" \/>\n<meta name=\"twitter:card\" content=\"summary_large_image\" \/>\n<meta name=\"twitter:label1\" content=\"\u00c9crit par\" \/>\n\t<meta name=\"twitter:data1\" content=\"admin\" \/>\n\t<meta name=\"twitter:label2\" content=\"Dur\u00e9e de lecture estim\u00e9e\" \/>\n\t<meta name=\"twitter:data2\" content=\"2 minutes\" \/>\n<script type=\"application\/ld+json\" class=\"yoast-schema-graph\">{\"@context\":\"https:\/\/schema.org\",\"@graph\":[{\"@type\":\"Article\",\"@id\":\"https:\/\/challengeseconomiques.com\/?p=3335#article\",\"isPartOf\":{\"@id\":\"https:\/\/challengeseconomiques.com\/?p=3335\"},\"author\":{\"name\":\"admin\",\"@id\":\"https:\/\/challengeseconomiques.com\/#\/schema\/person\/b4568c9afebc5a9238a771873801e349\"},\"headline\":\"54\u00e8me session de la Conf\u00e9rence des Ministres africains des finances: Dakar pour \u00e9changer sur les alternatives post-Covid 19\",\"datePublished\":\"2022-05-12T13:24:52+00:00\",\"dateModified\":\"2022-05-12T13:26:23+00:00\",\"mainEntityOfPage\":{\"@id\":\"https:\/\/challengeseconomiques.com\/?p=3335\"},\"wordCount\":400,\"image\":{\"@id\":\"https:\/\/challengeseconomiques.com\/?p=3335#primaryimage\"},\"thumbnailUrl\":\"https:\/\/challengeseconomiques.com\/wp-content\/uploads\/2022\/05\/54.jpg\",\"articleSection\":[\"A la une\",\"Actualit\u00e9 \u00e9conomique\",\"Infos \u00e9co\"],\"inLanguage\":\"fr-FR\"},{\"@type\":\"WebPage\",\"@id\":\"https:\/\/challengeseconomiques.com\/?p=3335\",\"url\":\"https:\/\/challengeseconomiques.com\/?p=3335\",\"name\":\"54\u00e8me session de la Conf\u00e9rence des Ministres africains des finances: Dakar pour \u00e9changer sur les alternatives post-Covid 19 - challenges economiques\",\"isPartOf\":{\"@id\":\"https:\/\/challengeseconomiques.com\/#website\"},\"primaryImageOfPage\":{\"@id\":\"https:\/\/challengeseconomiques.com\/?p=3335#primaryimage\"},\"image\":{\"@id\":\"https:\/\/challengeseconomiques.com\/?p=3335#primaryimage\"},\"thumbnailUrl\":\"https:\/\/challengeseconomiques.com\/wp-content\/uploads\/2022\/05\/54.jpg\",\"datePublished\":\"2022-05-12T13:24:52+00:00\",\"dateModified\":\"2022-05-12T13:26:23+00:00\",\"author\":{\"@id\":\"https:\/\/challengeseconomiques.com\/#\/schema\/person\/b4568c9afebc5a9238a771873801e349\"},\"breadcrumb\":{\"@id\":\"https:\/\/challengeseconomiques.com\/?p=3335#breadcrumb\"},\"inLanguage\":\"fr-FR\",\"potentialAction\":[{\"@type\":\"ReadAction\",\"target\":[\"https:\/\/challengeseconomiques.com\/?p=3335\"]}]},{\"@type\":\"ImageObject\",\"inLanguage\":\"fr-FR\",\"@id\":\"https:\/\/challengeseconomiques.com\/?p=3335#primaryimage\",\"url\":\"https:\/\/challengeseconomiques.com\/wp-content\/uploads\/2022\/05\/54.jpg\",\"contentUrl\":\"https:\/\/challengeseconomiques.com\/wp-content\/uploads\/2022\/05\/54.jpg\",\"width\":1280,\"height\":853},{\"@type\":\"BreadcrumbList\",\"@id\":\"https:\/\/challengeseconomiques.com\/?p=3335#breadcrumb\",\"itemListElement\":[{\"@type\":\"ListItem\",\"position\":1,\"name\":\"Home\",\"item\":\"https:\/\/challengeseconomiques.com\/\"},{\"@type\":\"ListItem\",\"position\":2,\"name\":\"54\u00e8me session de la Conf\u00e9rence des Ministres africains des finances: Dakar pour \u00e9changer sur les alternatives post-Covid 19\"}]},{\"@type\":\"WebSite\",\"@id\":\"https:\/\/challengeseconomiques.com\/#website\",\"url\":\"https:\/\/challengeseconomiques.com\/\",\"name\":\"challenges economiques\",\"description\":\"\",\"potentialAction\":[{\"@type\":\"SearchAction\",\"target\":{\"@type\":\"EntryPoint\",\"urlTemplate\":\"https:\/\/challengeseconomiques.com\/?s={search_term_string}\"},\"query-input\":{\"@type\":\"PropertyValueSpecification\",\"valueRequired\":true,\"valueName\":\"search_term_string\"}}],\"inLanguage\":\"fr-FR\"},{\"@type\":\"Person\",\"@id\":\"https:\/\/challengeseconomiques.com\/#\/schema\/person\/b4568c9afebc5a9238a771873801e349\",\"name\":\"admin\",\"image\":{\"@type\":\"ImageObject\",\"inLanguage\":\"fr-FR\",\"@id\":\"https:\/\/challengeseconomiques.com\/#\/schema\/person\/image\/\",\"url\":\"https:\/\/secure.gravatar.com\/avatar\/099e42240b5eea11acdb72751fcce0dd918603f0749d24974b7984ea47ed9fd9?s=96&d=mm&r=g\",\"contentUrl\":\"https:\/\/secure.gravatar.com\/avatar\/099e42240b5eea11acdb72751fcce0dd918603f0749d24974b7984ea47ed9fd9?s=96&d=mm&r=g\",\"caption\":\"admin\"},\"sameAs\":[\"https:\/\/challengeseconomiques.com\"],\"url\":\"https:\/\/challengeseconomiques.com\/?author=1\"}]}<\/script>\n<!-- \/ Yoast SEO plugin. -->","yoast_head_json":{"title":"54\u00e8me session de la Conf\u00e9rence des Ministres africains des finances: Dakar pour \u00e9changer sur les alternatives post-Covid 19 - challenges economiques","robots":{"index":"index","follow":"follow","max-snippet":"max-snippet:-1","max-image-preview":"max-image-preview:large","max-video-preview":"max-video-preview:-1"},"canonical":"https:\/\/challengeseconomiques.com\/?p=3335","og_locale":"fr_FR","og_type":"article","og_title":"54\u00e8me session de la Conf\u00e9rence des Ministres africains des finances: Dakar pour \u00e9changer sur les alternatives post-Covid 19 - challenges economiques","og_description":"C\u2019est sur le th\u00e8me &nbsp;\u00ab&nbsp;Financement de la relance de l\u2019Afrique&nbsp;: Atteindre de nouveaux horizons&nbsp;\u00bb, que la 54\u00e8me session de la Conf\u00e9rence des ministres africains des...","og_url":"https:\/\/challengeseconomiques.com\/?p=3335","og_site_name":"challenges economiques","article_published_time":"2022-05-12T13:24:52+00:00","article_modified_time":"2022-05-12T13:26:23+00:00","og_image":[{"width":1280,"height":853,"url":"https:\/\/challengeseconomiques.com\/wp-content\/uploads\/2022\/05\/54.jpg","type":"image\/jpeg"}],"author":"admin","twitter_card":"summary_large_image","twitter_misc":{"\u00c9crit par":"admin","Dur\u00e9e de lecture estim\u00e9e":"2 minutes"},"schema":{"@context":"https:\/\/schema.org","@graph":[{"@type":"Article","@id":"https:\/\/challengeseconomiques.com\/?p=3335#article","isPartOf":{"@id":"https:\/\/challengeseconomiques.com\/?p=3335"},"author":{"name":"admin","@id":"https:\/\/challengeseconomiques.com\/#\/schema\/person\/b4568c9afebc5a9238a771873801e349"},"headline":"54\u00e8me session de la Conf\u00e9rence des Ministres africains des finances: Dakar pour \u00e9changer sur les alternatives post-Covid 19","datePublished":"2022-05-12T13:24:52+00:00","dateModified":"2022-05-12T13:26:23+00:00","mainEntityOfPage":{"@id":"https:\/\/challengeseconomiques.com\/?p=3335"},"wordCount":400,"image":{"@id":"https:\/\/challengeseconomiques.com\/?p=3335#primaryimage"},"thumbnailUrl":"https:\/\/challengeseconomiques.com\/wp-content\/uploads\/2022\/05\/54.jpg","articleSection":["A la une","Actualit\u00e9 \u00e9conomique","Infos \u00e9co"],"inLanguage":"fr-FR"},{"@type":"WebPage","@id":"https:\/\/challengeseconomiques.com\/?p=3335","url":"https:\/\/challengeseconomiques.com\/?p=3335","name":"54\u00e8me session de la Conf\u00e9rence des Ministres africains des finances: Dakar pour \u00e9changer sur les alternatives post-Covid 19 - challenges economiques","isPartOf":{"@id":"https:\/\/challengeseconomiques.com\/#website"},"primaryImageOfPage":{"@id":"https:\/\/challengeseconomiques.com\/?p=3335#primaryimage"},"image":{"@id":"https:\/\/challengeseconomiques.com\/?p=3335#primaryimage"},"thumbnailUrl":"https:\/\/challengeseconomiques.com\/wp-content\/uploads\/2022\/05\/54.jpg","datePublished":"2022-05-12T13:24:52+00:00","dateModified":"2022-05-12T13:26:23+00:00","author":{"@id":"https:\/\/challengeseconomiques.com\/#\/schema\/person\/b4568c9afebc5a9238a771873801e349"},"breadcrumb":{"@id":"https:\/\/challengeseconomiques.com\/?p=3335#breadcrumb"},"inLanguage":"fr-FR","potentialAction":[{"@type":"ReadAction","target":["https:\/\/challengeseconomiques.com\/?p=3335"]}]},{"@type":"ImageObject","inLanguage":"fr-FR","@id":"https:\/\/challengeseconomiques.com\/?p=3335#primaryimage","url":"https:\/\/challengeseconomiques.com\/wp-content\/uploads\/2022\/05\/54.jpg","contentUrl":"https:\/\/challengeseconomiques.com\/wp-content\/uploads\/2022\/05\/54.jpg","width":1280,"height":853},{"@type":"BreadcrumbList","@id":"https:\/\/challengeseconomiques.com\/?p=3335#breadcrumb","itemListElement":[{"@type":"ListItem","position":1,"name":"Home","item":"https:\/\/challengeseconomiques.com\/"},{"@type":"ListItem","position":2,"name":"54\u00e8me session de la Conf\u00e9rence des Ministres africains des finances: Dakar pour \u00e9changer sur les alternatives post-Covid 19"}]},{"@type":"WebSite","@id":"https:\/\/challengeseconomiques.com\/#website","url":"https:\/\/challengeseconomiques.com\/","name":"challenges economiques","description":"","potentialAction":[{"@type":"SearchAction","target":{"@type":"EntryPoint","urlTemplate":"https:\/\/challengeseconomiques.com\/?s={search_term_string}"},"query-input":{"@type":"PropertyValueSpecification","valueRequired":true,"valueName":"search_term_string"}}],"inLanguage":"fr-FR"},{"@type":"Person","@id":"https:\/\/challengeseconomiques.com\/#\/schema\/person\/b4568c9afebc5a9238a771873801e349","name":"admin","image":{"@type":"ImageObject","inLanguage":"fr-FR","@id":"https:\/\/challengeseconomiques.com\/#\/schema\/person\/image\/","url":"https:\/\/secure.gravatar.com\/avatar\/099e42240b5eea11acdb72751fcce0dd918603f0749d24974b7984ea47ed9fd9?s=96&d=mm&r=g","contentUrl":"https:\/\/secure.gravatar.com\/avatar\/099e42240b5eea11acdb72751fcce0dd918603f0749d24974b7984ea47ed9fd9?s=96&d=mm&r=g","caption":"admin"},"sameAs":["https:\/\/challengeseconomiques.com"],"url":"https:\/\/challengeseconomiques.com\/?author=1"}]}},"jetpack_featured_media_url":"https:\/\/challengeseconomiques.com\/wp-content\/uploads\/2022\/05\/54.jpg","jetpack_sharing_enabled":true,"_links":{"self":[{"href":"https:\/\/challengeseconomiques.com\/index.php?rest_route=\/wp\/v2\/posts\/3335","targetHints":{"allow":["GET"]}}],"collection":[{"href":"https:\/\/challengeseconomiques.com\/index.php?rest_route=\/wp\/v2\/posts"}],"about":[{"href":"https:\/\/challengeseconomiques.com\/index.php?rest_route=\/wp\/v2\/types\/post"}],"author":[{"embeddable":true,"href":"https:\/\/challengeseconomiques.com\/index.php?rest_route=\/wp\/v2\/users\/1"}],"replies":[{"embeddable":true,"href":"https:\/\/challengeseconomiques.com\/index.php?rest_route=%2Fwp%2Fv2%2Fcomments&post=3335"}],"version-history":[{"count":2,"href":"https:\/\/challengeseconomiques.com\/index.php?rest_route=\/wp\/v2\/posts\/3335\/revisions"}],"predecessor-version":[{"id":3338,"href":"https:\/\/challengeseconomiques.com\/index.php?rest_route=\/wp\/v2\/posts\/3335\/revisions\/3338"}],"wp:featuredmedia":[{"embeddable":true,"href":"https:\/\/challengeseconomiques.com\/index.php?rest_route=\/wp\/v2\/media\/3336"}],"wp:attachment":[{"href":"https:\/\/challengeseconomiques.com\/index.php?rest_route=%2Fwp%2Fv2%2Fmedia&parent=3335"}],"wp:term":[{"taxonomy":"category","embeddable":true,"href":"https:\/\/challengeseconomiques.com\/index.php?rest_route=%2Fwp%2Fv2%2Fcategories&post=3335"},{"taxonomy":"post_tag","embeddable":true,"href":"https:\/\/challengeseconomiques.com\/index.php?rest_route=%2Fwp%2Fv2%2Ftags&post=3335"}],"curies":[{"name":"wp","href":"https:\/\/api.w.org\/{rel}","templated":true}]}}