{"id":3331,"date":"2022-05-12T13:14:33","date_gmt":"2022-05-12T13:14:33","guid":{"rendered":"https:\/\/challengeseconomiques.com\/?p=3331"},"modified":"2022-05-12T13:14:55","modified_gmt":"2022-05-12T13:14:55","slug":"formation-continue-vers-un-partenariat-entre-le-port-autonome-de-dakar-et-le-3fpt","status":"publish","type":"post","link":"https:\/\/challengeseconomiques.com\/?p=3331","title":{"rendered":"Formation continue : Vers un partenariat entre le Port Autonome de Dakar et le 3FPT"},"content":{"rendered":"<p><strong>Le directeur g\u00e9n\u00e9ral du Port Autonome de Dakar (PAD) a visit\u00e9 le Fonds de Financement de la Formation Professionnelle et Technique (3FPT). A l\u2019issue des \u00e9changes, les autorit\u00e9s des deux structures ont d\u00e9cid\u00e9 de nouer un partenariat pour la formation continue des agents du Port par le 3FPT. <\/strong><\/p>\n<p>C\u2019est le mardi 10 mai 2022 que le directeur g\u00e9n\u00e9ral du Port Autonome de Dakar, Aboubacar S\u00e9dikh B\u00e8ye s\u2019est rendu au niveau des locaux du Fonds de Financement de la Formation Professionnelle et Technique, sis \u00e0 la Cit\u00e9 Gorgui. La directrice g\u00e9n\u00e9rale du 3FPT Sophie Diallo et son \u00e9quipe ont pr\u00e9sent\u00e9 les missions de leur structure qui a \u00e9t\u00e9 cr\u00e9\u00e9e en 2014.<\/p>\n<p>Le 3FPT a pour ambitions, entre autres, la mobilisation des ressources n\u00e9cessaires au financement de la formation professionnelle et technique, le financement des actions de formation initiale ainsi que les actions de formation continue des personnels d\u2019entreprises, des organisations professionnelles, des demandeurs d\u2019emploi et des porteurs de projets.<\/p>\n<p>Selon le communiqu\u00e9 de la Cellule de Communication Strat\u00e9gique du PAD, Mme Diallo a indiqu\u00e9 que toute la synergie globale de 3FPT, c\u2019est de doter le S\u00e9n\u00e9gal de ressources humaines professionnelles de qualit\u00e9.<\/p>\n<p>C\u2019est gr\u00e2ce au financement de la formation des jeunes qu\u2019il sera possible de doter le S\u00e9n\u00e9gal d\u2019un capital humain tr\u00e8s bien form\u00e9 pour porter le d\u00e9veloppement du pays, a-t-elle ajout\u00e9.<\/p>\n<p>En effet, il s\u2019agit de former des jeunes dot\u00e9s de r\u00e9elles capacit\u00e9s professionnelles leur permettant de jouer les premiers r\u00f4les dans la mise en \u0153uvre des grands projets de l\u2019Etat notamment des projets comme celui du Port multifonction de Ndayane, le programme de 100.000 logements, l\u2019exploitation prochaine du gaz et de p\u00e9trole. Des projets n\u00e9cessitant des ressources humaines de qualit\u00e9.<\/p>\n<p><strong>Formation continue<\/strong><\/p>\n<p>Le directeur g\u00e9n\u00e9ral du Port Autonome de Dakar Aboubacar S\u00e9dikh B\u00e8ye a salu\u00e9 le travail abattu par 3FPT dans le financement de la formation professionnelle et technique des jeunes. Il s\u2019est f\u00e9licit\u00e9 de la formation continue dont ont d\u00e9j\u00e0 b\u00e9n\u00e9fici\u00e9 les travailleurs Port de Dakar.<\/p>\n<p>\u00ab Nos deux structures doivent sceller un partenariat pour accompagner la transformation structurelle de l\u2019\u00e9conomie du pays \u00bb, a d\u00e9clar\u00e9 le DG du PAS, rapporte le communiqu\u00e9.<\/p>\n<p>Ce nouveau partenariat s\u2019inscrira dans la vision d\u2019un \u00ab&nbsp;Port de Dakar moteur de l\u2019\u00e9mergence&nbsp;\u00bb en phase avec l\u2019Axe 1 du PSE sur la transformation structurelle de l\u2019\u00e9conomie et sur l\u2019Axe 2 du capital humain concernant 3FPT.<\/p>\n<p>La perspective du projet du port multifonction de Ndayane va n\u00e9cessiter de nouveaux m\u00e9tiers sur un horizon de 3 \u00e0 4 ans, en sus des m\u00e9tiers classiques. Il s\u2019agira, dans cette perspective, d\u2019arriver \u00e0 former des cadres moyens et sup\u00e9rieurs pouvant pr\u00e9tendre \u00e0 exercer ces dits m\u00e9tiers.<\/p>\n<p><strong>Certifications de m\u00e9tiers portuaires<\/strong><\/p>\n<p>Une telle d\u00e9marche permettra aux populations de ces localit\u00e9s de b\u00e9n\u00e9ficier des opportunit\u00e9s li\u00e9es aux emplois dans les m\u00e9tiers portuaires et d\u2019\u00e9viter \u00ab&nbsp;le syndrome&nbsp;\u00bb&nbsp; des populations de Diass. Celles-ci ont particip\u00e9 \u00e0 travers les m\u00e9tiers du BTP \u00e0 la construction de l\u2019A\u00e9roport international de Diass Blaise Diagne (AIBD), mais elles ont \u00e9t\u00e9 recal\u00e9es au niveau de l\u2019exploitation de l\u2019a\u00e9roport du fait qu\u2019elles n\u2019avaient pas les formations demand\u00e9es au niveau de la plateforme a\u00e9roportuaire de Diass.<\/p>\n<p>Le partenariat recherch\u00e9 par le directeur g\u00e9n\u00e9ral du PAD avec le 3FPT va favoriser la formation continue pour les travailleurs du Port en perspective du Port multifonction de Ndayane, souligne le communiqu\u00e9.<\/p>\n<p>Les travailleurs du Port pourront ainsi d\u00e9velopper de nouvelles sp\u00e9cialisations et certifications de m\u00e9tiers portuaires.<\/p>\n<p>La direction du Port Autonome de Dakar et la direction du 3FPT ont d\u00e9cid\u00e9 de commun accord de se retrouver rapidement pour d\u00e9finir et mettre en place la feuille de route qui d\u00e9bouchera sur la formation continue des travailleurs du Port Autonome de Dakar par le 3FPT.<\/p>\n<p><strong>Birame GUENE<\/strong><\/p>\n<p>&nbsp;<\/p>\n","protected":false},"excerpt":{"rendered":"<p>Le directeur g\u00e9n\u00e9ral du Port Autonome de Dakar (PAD) a visit\u00e9 le Fonds de Financement de la Formation Professionnelle et Technique (3FPT). A l\u2019issue des&#8230;<\/p>\n","protected":false},"author":1,"featured_media":3332,"comment_status":"closed","ping_status":"open","sticky":false,"template":"","format":"standard","meta":{"_jetpack_memberships_contains_paid_content":false,"footnotes":""},"categories":[23,10],"tags":[],"class_list":["post-3331","post","type-post","status-publish","format-standard","has-post-thumbnail","hentry","category-a-la-une","category-infos-eco","wpcat-23-id","wpcat-10-id"],"yoast_head":"<!-- This site is optimized with the Yoast SEO plugin v27.1.1 - https:\/\/yoast.com\/product\/yoast-seo-wordpress\/ -->\n<title>Formation continue : Vers un partenariat entre le Port Autonome de Dakar et le 3FPT - challenges economiques<\/title>\n<meta name=\"robots\" content=\"index, follow, max-snippet:-1, max-image-preview:large, max-video-preview:-1\" \/>\n<link rel=\"canonical\" href=\"https:\/\/challengeseconomiques.com\/?p=3331\" \/>\n<meta property=\"og:locale\" content=\"fr_FR\" \/>\n<meta property=\"og:type\" content=\"article\" \/>\n<meta property=\"og:title\" content=\"Formation continue : Vers un partenariat entre le Port Autonome de Dakar et le 3FPT - challenges economiques\" \/>\n<meta property=\"og:description\" content=\"Le directeur g\u00e9n\u00e9ral du Port Autonome de Dakar (PAD) a visit\u00e9 le Fonds de Financement de la Formation Professionnelle et Technique (3FPT). A l\u2019issue des...\" \/>\n<meta property=\"og:url\" content=\"https:\/\/challengeseconomiques.com\/?p=3331\" \/>\n<meta property=\"og:site_name\" content=\"challenges economiques\" \/>\n<meta property=\"article:published_time\" content=\"2022-05-12T13:14:33+00:00\" \/>\n<meta property=\"article:modified_time\" content=\"2022-05-12T13:14:55+00:00\" \/>\n<meta property=\"og:image\" content=\"https:\/\/challengeseconomiques.com\/wp-content\/uploads\/2022\/05\/3fpt.jpg\" \/>\n\t<meta property=\"og:image:width\" content=\"1080\" \/>\n\t<meta property=\"og:image:height\" content=\"720\" \/>\n\t<meta property=\"og:image:type\" content=\"image\/jpeg\" \/>\n<meta name=\"author\" content=\"admin\" \/>\n<meta name=\"twitter:card\" content=\"summary_large_image\" \/>\n<meta name=\"twitter:label1\" content=\"\u00c9crit par\" \/>\n\t<meta name=\"twitter:data1\" content=\"admin\" \/>\n\t<meta name=\"twitter:label2\" content=\"Dur\u00e9e de lecture estim\u00e9e\" \/>\n\t<meta name=\"twitter:data2\" content=\"4 minutes\" \/>\n<script type=\"application\/ld+json\" class=\"yoast-schema-graph\">{\"@context\":\"https:\/\/schema.org\",\"@graph\":[{\"@type\":\"Article\",\"@id\":\"https:\/\/challengeseconomiques.com\/?p=3331#article\",\"isPartOf\":{\"@id\":\"https:\/\/challengeseconomiques.com\/?p=3331\"},\"author\":{\"name\":\"admin\",\"@id\":\"https:\/\/challengeseconomiques.com\/#\/schema\/person\/b4568c9afebc5a9238a771873801e349\"},\"headline\":\"Formation continue : Vers un partenariat entre le Port Autonome de Dakar et le 3FPT\",\"datePublished\":\"2022-05-12T13:14:33+00:00\",\"dateModified\":\"2022-05-12T13:14:55+00:00\",\"mainEntityOfPage\":{\"@id\":\"https:\/\/challengeseconomiques.com\/?p=3331\"},\"wordCount\":709,\"image\":{\"@id\":\"https:\/\/challengeseconomiques.com\/?p=3331#primaryimage\"},\"thumbnailUrl\":\"https:\/\/challengeseconomiques.com\/wp-content\/uploads\/2022\/05\/3fpt.jpg\",\"articleSection\":[\"A la une\",\"Infos \u00e9co\"],\"inLanguage\":\"fr-FR\"},{\"@type\":\"WebPage\",\"@id\":\"https:\/\/challengeseconomiques.com\/?p=3331\",\"url\":\"https:\/\/challengeseconomiques.com\/?p=3331\",\"name\":\"Formation continue : Vers un partenariat entre le Port Autonome de Dakar et le 3FPT - challenges economiques\",\"isPartOf\":{\"@id\":\"https:\/\/challengeseconomiques.com\/#website\"},\"primaryImageOfPage\":{\"@id\":\"https:\/\/challengeseconomiques.com\/?p=3331#primaryimage\"},\"image\":{\"@id\":\"https:\/\/challengeseconomiques.com\/?p=3331#primaryimage\"},\"thumbnailUrl\":\"https:\/\/challengeseconomiques.com\/wp-content\/uploads\/2022\/05\/3fpt.jpg\",\"datePublished\":\"2022-05-12T13:14:33+00:00\",\"dateModified\":\"2022-05-12T13:14:55+00:00\",\"author\":{\"@id\":\"https:\/\/challengeseconomiques.com\/#\/schema\/person\/b4568c9afebc5a9238a771873801e349\"},\"breadcrumb\":{\"@id\":\"https:\/\/challengeseconomiques.com\/?p=3331#breadcrumb\"},\"inLanguage\":\"fr-FR\",\"potentialAction\":[{\"@type\":\"ReadAction\",\"target\":[\"https:\/\/challengeseconomiques.com\/?p=3331\"]}]},{\"@type\":\"ImageObject\",\"inLanguage\":\"fr-FR\",\"@id\":\"https:\/\/challengeseconomiques.com\/?p=3331#primaryimage\",\"url\":\"https:\/\/challengeseconomiques.com\/wp-content\/uploads\/2022\/05\/3fpt.jpg\",\"contentUrl\":\"https:\/\/challengeseconomiques.com\/wp-content\/uploads\/2022\/05\/3fpt.jpg\",\"width\":1080,\"height\":720},{\"@type\":\"BreadcrumbList\",\"@id\":\"https:\/\/challengeseconomiques.com\/?p=3331#breadcrumb\",\"itemListElement\":[{\"@type\":\"ListItem\",\"position\":1,\"name\":\"Home\",\"item\":\"https:\/\/challengeseconomiques.com\/\"},{\"@type\":\"ListItem\",\"position\":2,\"name\":\"Formation continue : Vers un partenariat entre le Port Autonome de Dakar et le 3FPT\"}]},{\"@type\":\"WebSite\",\"@id\":\"https:\/\/challengeseconomiques.com\/#website\",\"url\":\"https:\/\/challengeseconomiques.com\/\",\"name\":\"challenges economiques\",\"description\":\"\",\"potentialAction\":[{\"@type\":\"SearchAction\",\"target\":{\"@type\":\"EntryPoint\",\"urlTemplate\":\"https:\/\/challengeseconomiques.com\/?s={search_term_string}\"},\"query-input\":{\"@type\":\"PropertyValueSpecification\",\"valueRequired\":true,\"valueName\":\"search_term_string\"}}],\"inLanguage\":\"fr-FR\"},{\"@type\":\"Person\",\"@id\":\"https:\/\/challengeseconomiques.com\/#\/schema\/person\/b4568c9afebc5a9238a771873801e349\",\"name\":\"admin\",\"image\":{\"@type\":\"ImageObject\",\"inLanguage\":\"fr-FR\",\"@id\":\"https:\/\/challengeseconomiques.com\/#\/schema\/person\/image\/\",\"url\":\"https:\/\/secure.gravatar.com\/avatar\/099e42240b5eea11acdb72751fcce0dd918603f0749d24974b7984ea47ed9fd9?s=96&d=mm&r=g\",\"contentUrl\":\"https:\/\/secure.gravatar.com\/avatar\/099e42240b5eea11acdb72751fcce0dd918603f0749d24974b7984ea47ed9fd9?s=96&d=mm&r=g\",\"caption\":\"admin\"},\"sameAs\":[\"https:\/\/challengeseconomiques.com\"],\"url\":\"https:\/\/challengeseconomiques.com\/?author=1\"}]}<\/script>\n<!-- \/ Yoast SEO plugin. -->","yoast_head_json":{"title":"Formation continue : Vers un partenariat entre le Port Autonome de Dakar et le 3FPT - challenges economiques","robots":{"index":"index","follow":"follow","max-snippet":"max-snippet:-1","max-image-preview":"max-image-preview:large","max-video-preview":"max-video-preview:-1"},"canonical":"https:\/\/challengeseconomiques.com\/?p=3331","og_locale":"fr_FR","og_type":"article","og_title":"Formation continue : Vers un partenariat entre le Port Autonome de Dakar et le 3FPT - challenges economiques","og_description":"Le directeur g\u00e9n\u00e9ral du Port Autonome de Dakar (PAD) a visit\u00e9 le Fonds de Financement de la Formation Professionnelle et Technique (3FPT). A l\u2019issue des...","og_url":"https:\/\/challengeseconomiques.com\/?p=3331","og_site_name":"challenges economiques","article_published_time":"2022-05-12T13:14:33+00:00","article_modified_time":"2022-05-12T13:14:55+00:00","og_image":[{"width":1080,"height":720,"url":"https:\/\/challengeseconomiques.com\/wp-content\/uploads\/2022\/05\/3fpt.jpg","type":"image\/jpeg"}],"author":"admin","twitter_card":"summary_large_image","twitter_misc":{"\u00c9crit par":"admin","Dur\u00e9e de lecture estim\u00e9e":"4 minutes"},"schema":{"@context":"https:\/\/schema.org","@graph":[{"@type":"Article","@id":"https:\/\/challengeseconomiques.com\/?p=3331#article","isPartOf":{"@id":"https:\/\/challengeseconomiques.com\/?p=3331"},"author":{"name":"admin","@id":"https:\/\/challengeseconomiques.com\/#\/schema\/person\/b4568c9afebc5a9238a771873801e349"},"headline":"Formation continue : Vers un partenariat entre le Port Autonome de Dakar et le 3FPT","datePublished":"2022-05-12T13:14:33+00:00","dateModified":"2022-05-12T13:14:55+00:00","mainEntityOfPage":{"@id":"https:\/\/challengeseconomiques.com\/?p=3331"},"wordCount":709,"image":{"@id":"https:\/\/challengeseconomiques.com\/?p=3331#primaryimage"},"thumbnailUrl":"https:\/\/challengeseconomiques.com\/wp-content\/uploads\/2022\/05\/3fpt.jpg","articleSection":["A la une","Infos \u00e9co"],"inLanguage":"fr-FR"},{"@type":"WebPage","@id":"https:\/\/challengeseconomiques.com\/?p=3331","url":"https:\/\/challengeseconomiques.com\/?p=3331","name":"Formation continue : Vers un partenariat entre le Port Autonome de Dakar et le 3FPT - challenges economiques","isPartOf":{"@id":"https:\/\/challengeseconomiques.com\/#website"},"primaryImageOfPage":{"@id":"https:\/\/challengeseconomiques.com\/?p=3331#primaryimage"},"image":{"@id":"https:\/\/challengeseconomiques.com\/?p=3331#primaryimage"},"thumbnailUrl":"https:\/\/challengeseconomiques.com\/wp-content\/uploads\/2022\/05\/3fpt.jpg","datePublished":"2022-05-12T13:14:33+00:00","dateModified":"2022-05-12T13:14:55+00:00","author":{"@id":"https:\/\/challengeseconomiques.com\/#\/schema\/person\/b4568c9afebc5a9238a771873801e349"},"breadcrumb":{"@id":"https:\/\/challengeseconomiques.com\/?p=3331#breadcrumb"},"inLanguage":"fr-FR","potentialAction":[{"@type":"ReadAction","target":["https:\/\/challengeseconomiques.com\/?p=3331"]}]},{"@type":"ImageObject","inLanguage":"fr-FR","@id":"https:\/\/challengeseconomiques.com\/?p=3331#primaryimage","url":"https:\/\/challengeseconomiques.com\/wp-content\/uploads\/2022\/05\/3fpt.jpg","contentUrl":"https:\/\/challengeseconomiques.com\/wp-content\/uploads\/2022\/05\/3fpt.jpg","width":1080,"height":720},{"@type":"BreadcrumbList","@id":"https:\/\/challengeseconomiques.com\/?p=3331#breadcrumb","itemListElement":[{"@type":"ListItem","position":1,"name":"Home","item":"https:\/\/challengeseconomiques.com\/"},{"@type":"ListItem","position":2,"name":"Formation continue : Vers un partenariat entre le Port Autonome de Dakar et le 3FPT"}]},{"@type":"WebSite","@id":"https:\/\/challengeseconomiques.com\/#website","url":"https:\/\/challengeseconomiques.com\/","name":"challenges economiques","description":"","potentialAction":[{"@type":"SearchAction","target":{"@type":"EntryPoint","urlTemplate":"https:\/\/challengeseconomiques.com\/?s={search_term_string}"},"query-input":{"@type":"PropertyValueSpecification","valueRequired":true,"valueName":"search_term_string"}}],"inLanguage":"fr-FR"},{"@type":"Person","@id":"https:\/\/challengeseconomiques.com\/#\/schema\/person\/b4568c9afebc5a9238a771873801e349","name":"admin","image":{"@type":"ImageObject","inLanguage":"fr-FR","@id":"https:\/\/challengeseconomiques.com\/#\/schema\/person\/image\/","url":"https:\/\/secure.gravatar.com\/avatar\/099e42240b5eea11acdb72751fcce0dd918603f0749d24974b7984ea47ed9fd9?s=96&d=mm&r=g","contentUrl":"https:\/\/secure.gravatar.com\/avatar\/099e42240b5eea11acdb72751fcce0dd918603f0749d24974b7984ea47ed9fd9?s=96&d=mm&r=g","caption":"admin"},"sameAs":["https:\/\/challengeseconomiques.com"],"url":"https:\/\/challengeseconomiques.com\/?author=1"}]}},"jetpack_featured_media_url":"https:\/\/challengeseconomiques.com\/wp-content\/uploads\/2022\/05\/3fpt.jpg","jetpack_sharing_enabled":true,"_links":{"self":[{"href":"https:\/\/challengeseconomiques.com\/index.php?rest_route=\/wp\/v2\/posts\/3331","targetHints":{"allow":["GET"]}}],"collection":[{"href":"https:\/\/challengeseconomiques.com\/index.php?rest_route=\/wp\/v2\/posts"}],"about":[{"href":"https:\/\/challengeseconomiques.com\/index.php?rest_route=\/wp\/v2\/types\/post"}],"author":[{"embeddable":true,"href":"https:\/\/challengeseconomiques.com\/index.php?rest_route=\/wp\/v2\/users\/1"}],"replies":[{"embeddable":true,"href":"https:\/\/challengeseconomiques.com\/index.php?rest_route=%2Fwp%2Fv2%2Fcomments&post=3331"}],"version-history":[{"count":2,"href":"https:\/\/challengeseconomiques.com\/index.php?rest_route=\/wp\/v2\/posts\/3331\/revisions"}],"predecessor-version":[{"id":3334,"href":"https:\/\/challengeseconomiques.com\/index.php?rest_route=\/wp\/v2\/posts\/3331\/revisions\/3334"}],"wp:featuredmedia":[{"embeddable":true,"href":"https:\/\/challengeseconomiques.com\/index.php?rest_route=\/wp\/v2\/media\/3332"}],"wp:attachment":[{"href":"https:\/\/challengeseconomiques.com\/index.php?rest_route=%2Fwp%2Fv2%2Fmedia&parent=3331"}],"wp:term":[{"taxonomy":"category","embeddable":true,"href":"https:\/\/challengeseconomiques.com\/index.php?rest_route=%2Fwp%2Fv2%2Fcategories&post=3331"},{"taxonomy":"post_tag","embeddable":true,"href":"https:\/\/challengeseconomiques.com\/index.php?rest_route=%2Fwp%2Fv2%2Ftags&post=3331"}],"curies":[{"name":"wp","href":"https:\/\/api.w.org\/{rel}","templated":true}]}}