{"id":3325,"date":"2022-05-11T18:11:34","date_gmt":"2022-05-11T18:11:34","guid":{"rendered":"https:\/\/challengeseconomiques.com\/?p=3325"},"modified":"2022-05-11T23:39:09","modified_gmt":"2022-05-11T23:39:09","slug":"programme-pareel-153-femmes-entrepreneures-outillees-pour-un-meilleur-acces-aux-marches","status":"publish","type":"post","link":"https:\/\/challengeseconomiques.com\/?p=3325","title":{"rendered":"Programme Pareel : 153 femmes entrepreneures outill\u00e9es pour un meilleur acc\u00e8s aux march\u00e9s"},"content":{"rendered":"<p><strong>Le Programme d\u2019Acc\u00e9l\u00e9ration des Affaires&nbsp;(PAREEL)&nbsp;est une initiative de renforcement des capacit\u00e9s en mati\u00e8re de comp\u00e9tences commerciales et psychosociales.&nbsp;\u00c0 travers ce projet, 153 Pme d\u00e9tenues par des femmes, dont plus de 36 % provenant de r\u00e9gions situ\u00e9es en dehors de Dakar ont \u00e9t\u00e9 form\u00e9es pour une dur\u00e9e d\u2019une ann\u00e9e.&nbsp;La c\u00e9r\u00e9monie de cl\u00f4ture ponctu\u00e9e par une remise d\u2019attestations s\u2019est tenue ce mardi 10 mai 2022.<\/strong><\/p>\n<p>Le&nbsp;Pareel&nbsp;est une des activit\u00e9s cl\u00e9s au S\u00e9n\u00e9gal de&nbsp;Women&nbsp;Entrepreneurs Finance Initiative&nbsp;(We-Fe),&nbsp;qui est h\u00e9berg\u00e9e par la Banque Mondiale&nbsp;(BM).&nbsp;Il a \u00e9t\u00e9 mis en \u0153uvre en collaboration avec Deloitte S\u00e9n\u00e9gal, en partenariat avec l\u2019ADEPME, la DER,&nbsp;WIC&nbsp;Capital et&nbsp;Ecobank,&nbsp;afin d\u2019am\u00e9liorer l\u2019acc\u00e8s des pme au&nbsp;financement.<br \/>\nCe programme de formation avait pour objectif, en autres, d\u2019am\u00e9liorer l\u2019acc\u00e8s des femmes aux march\u00e9s publics et priv\u00e9s.&nbsp;Il a ainsi contribu\u00e9 \u00e0 la croissance de plus de 150 Pme dirig\u00e9es par des femmes et est intervenu dans 5 villes, avec 12 modules de formation et plus de 35 coaches et mentors impliqu\u00e9s.<br \/>\nMme Meriem Ait Slimane, qui repr\u00e9sentait la BM a soulign\u00e9 que l\u2019acc\u00e8s aux march\u00e9s est un \u00e9l\u00e9ment important pour les Pme et peut les aider grandement dans leur croissance.&nbsp;Elle ajoute qu\u2019avec la crise caus\u00e9e par la COVID-19, il est opportun d\u2019assister les Pme, surtout celles dirig\u00e9es par des femmes.<\/p>\n<p><strong>Impacts du programme<\/strong><\/p>\n<p>Revenant sur les impacts qu\u2019a eus le programme de formation sur les Pme b\u00e9n\u00e9ficiaires, Nicolas&nbsp;Simel&nbsp;Ndiaye, Directeur de Deloitte S\u00e9n\u00e9gal a d\u00e9clar\u00e9 que&nbsp;87%&nbsp;des b\u00e9n\u00e9ficiaires ont mis en \u0153uvre des mesures qui les ont aid\u00e9es \u00e0 am\u00e9liorer les performances de leur entreprise.&nbsp;Aussi, 47 % ont cr\u00e9\u00e9 de nouvelles collaborations.&nbsp;Dans la m\u00eame veine, il a soulign\u00e9 que les Pme s\u00e9lectionn\u00e9es ont enregistr\u00e9 30 % de croissance en moyenne de leurs revenus, gr\u00e2ce au programme.&nbsp;En outre, 22 % des laur\u00e9ates ont eu acc\u00e8s \u00e0 de nouvelles opportunit\u00e9s d\u2019affaires pendant que 25 % ont acc\u00e9d\u00e9 \u00e0 de nouvelles opportunit\u00e9s de financement, a list\u00e9 M. Ndiaye.<br \/>\nCette c\u00e9r\u00e9monie de cl\u00f4ture a aussi \u00e9t\u00e9 l\u2019occasion de signer un partenariat entre la banque&nbsp;Ecobank&nbsp;et Deloitte S\u00e9n\u00e9gal.&nbsp;Une convention qui garantira un meilleur acc\u00e8s des b\u00e9n\u00e9ficiaires aux financements.<\/p>\n<p><strong>Sanou<\/strong><strong> BADIANE (BIE)<br \/>\n<\/strong><\/p>\n","protected":false},"excerpt":{"rendered":"<p>Le Programme d\u2019Acc\u00e9l\u00e9ration des Affaires&nbsp;(PAREEL)&nbsp;est une initiative de renforcement des capacit\u00e9s en mati\u00e8re de comp\u00e9tences commerciales et psychosociales.&nbsp;\u00c0 travers ce projet, 153 Pme d\u00e9tenues par&#8230;<\/p>\n","protected":false},"author":1,"featured_media":3330,"comment_status":"closed","ping_status":"open","sticky":false,"template":"","format":"standard","meta":{"_jetpack_memberships_contains_paid_content":false,"footnotes":""},"categories":[23,10],"tags":[],"class_list":["post-3325","post","type-post","status-publish","format-standard","has-post-thumbnail","hentry","category-a-la-une","category-infos-eco","wpcat-23-id","wpcat-10-id"],"yoast_head":"<!-- This site is optimized with the Yoast SEO plugin v27.1.1 - https:\/\/yoast.com\/product\/yoast-seo-wordpress\/ -->\n<title>Programme Pareel : 153 femmes entrepreneures outill\u00e9es pour un meilleur acc\u00e8s aux march\u00e9s - challenges economiques<\/title>\n<meta name=\"robots\" content=\"index, follow, max-snippet:-1, max-image-preview:large, max-video-preview:-1\" \/>\n<link rel=\"canonical\" href=\"https:\/\/challengeseconomiques.com\/?p=3325\" \/>\n<meta property=\"og:locale\" content=\"fr_FR\" \/>\n<meta property=\"og:type\" content=\"article\" \/>\n<meta property=\"og:title\" content=\"Programme Pareel : 153 femmes entrepreneures outill\u00e9es pour un meilleur acc\u00e8s aux march\u00e9s - challenges economiques\" \/>\n<meta property=\"og:description\" content=\"Le Programme d\u2019Acc\u00e9l\u00e9ration des Affaires&nbsp;(PAREEL)&nbsp;est une initiative de renforcement des capacit\u00e9s en mati\u00e8re de comp\u00e9tences commerciales et psychosociales.&nbsp;\u00c0 travers ce projet, 153 Pme d\u00e9tenues par...\" \/>\n<meta property=\"og:url\" content=\"https:\/\/challengeseconomiques.com\/?p=3325\" \/>\n<meta property=\"og:site_name\" content=\"challenges economiques\" \/>\n<meta property=\"article:published_time\" content=\"2022-05-11T18:11:34+00:00\" \/>\n<meta property=\"article:modified_time\" content=\"2022-05-11T23:39:09+00:00\" \/>\n<meta property=\"og:image\" content=\"https:\/\/challengeseconomiques.com\/wp-content\/uploads\/2022\/05\/parenna.jpg\" \/>\n\t<meta property=\"og:image:width\" content=\"1280\" \/>\n\t<meta property=\"og:image:height\" content=\"853\" \/>\n\t<meta property=\"og:image:type\" content=\"image\/jpeg\" \/>\n<meta name=\"author\" content=\"admin\" \/>\n<meta name=\"twitter:card\" content=\"summary_large_image\" \/>\n<meta name=\"twitter:label1\" content=\"\u00c9crit par\" \/>\n\t<meta name=\"twitter:data1\" content=\"admin\" \/>\n\t<meta name=\"twitter:label2\" content=\"Dur\u00e9e de lecture estim\u00e9e\" \/>\n\t<meta name=\"twitter:data2\" content=\"2 minutes\" \/>\n<script type=\"application\/ld+json\" class=\"yoast-schema-graph\">{\"@context\":\"https:\/\/schema.org\",\"@graph\":[{\"@type\":\"Article\",\"@id\":\"https:\/\/challengeseconomiques.com\/?p=3325#article\",\"isPartOf\":{\"@id\":\"https:\/\/challengeseconomiques.com\/?p=3325\"},\"author\":{\"name\":\"admin\",\"@id\":\"https:\/\/challengeseconomiques.com\/#\/schema\/person\/b4568c9afebc5a9238a771873801e349\"},\"headline\":\"Programme Pareel : 153 femmes entrepreneures outill\u00e9es pour un meilleur acc\u00e8s aux march\u00e9s\",\"datePublished\":\"2022-05-11T18:11:34+00:00\",\"dateModified\":\"2022-05-11T23:39:09+00:00\",\"mainEntityOfPage\":{\"@id\":\"https:\/\/challengeseconomiques.com\/?p=3325\"},\"wordCount\":462,\"image\":{\"@id\":\"https:\/\/challengeseconomiques.com\/?p=3325#primaryimage\"},\"thumbnailUrl\":\"https:\/\/challengeseconomiques.com\/wp-content\/uploads\/2022\/05\/parenna.jpg\",\"articleSection\":[\"A la une\",\"Infos \u00e9co\"],\"inLanguage\":\"fr-FR\"},{\"@type\":\"WebPage\",\"@id\":\"https:\/\/challengeseconomiques.com\/?p=3325\",\"url\":\"https:\/\/challengeseconomiques.com\/?p=3325\",\"name\":\"Programme Pareel : 153 femmes entrepreneures outill\u00e9es pour un meilleur acc\u00e8s aux march\u00e9s - challenges economiques\",\"isPartOf\":{\"@id\":\"https:\/\/challengeseconomiques.com\/#website\"},\"primaryImageOfPage\":{\"@id\":\"https:\/\/challengeseconomiques.com\/?p=3325#primaryimage\"},\"image\":{\"@id\":\"https:\/\/challengeseconomiques.com\/?p=3325#primaryimage\"},\"thumbnailUrl\":\"https:\/\/challengeseconomiques.com\/wp-content\/uploads\/2022\/05\/parenna.jpg\",\"datePublished\":\"2022-05-11T18:11:34+00:00\",\"dateModified\":\"2022-05-11T23:39:09+00:00\",\"author\":{\"@id\":\"https:\/\/challengeseconomiques.com\/#\/schema\/person\/b4568c9afebc5a9238a771873801e349\"},\"breadcrumb\":{\"@id\":\"https:\/\/challengeseconomiques.com\/?p=3325#breadcrumb\"},\"inLanguage\":\"fr-FR\",\"potentialAction\":[{\"@type\":\"ReadAction\",\"target\":[\"https:\/\/challengeseconomiques.com\/?p=3325\"]}]},{\"@type\":\"ImageObject\",\"inLanguage\":\"fr-FR\",\"@id\":\"https:\/\/challengeseconomiques.com\/?p=3325#primaryimage\",\"url\":\"https:\/\/challengeseconomiques.com\/wp-content\/uploads\/2022\/05\/parenna.jpg\",\"contentUrl\":\"https:\/\/challengeseconomiques.com\/wp-content\/uploads\/2022\/05\/parenna.jpg\",\"width\":1280,\"height\":853},{\"@type\":\"BreadcrumbList\",\"@id\":\"https:\/\/challengeseconomiques.com\/?p=3325#breadcrumb\",\"itemListElement\":[{\"@type\":\"ListItem\",\"position\":1,\"name\":\"Home\",\"item\":\"https:\/\/challengeseconomiques.com\/\"},{\"@type\":\"ListItem\",\"position\":2,\"name\":\"Programme Pareel : 153 femmes entrepreneures outill\u00e9es pour un meilleur acc\u00e8s aux march\u00e9s\"}]},{\"@type\":\"WebSite\",\"@id\":\"https:\/\/challengeseconomiques.com\/#website\",\"url\":\"https:\/\/challengeseconomiques.com\/\",\"name\":\"challenges economiques\",\"description\":\"\",\"potentialAction\":[{\"@type\":\"SearchAction\",\"target\":{\"@type\":\"EntryPoint\",\"urlTemplate\":\"https:\/\/challengeseconomiques.com\/?s={search_term_string}\"},\"query-input\":{\"@type\":\"PropertyValueSpecification\",\"valueRequired\":true,\"valueName\":\"search_term_string\"}}],\"inLanguage\":\"fr-FR\"},{\"@type\":\"Person\",\"@id\":\"https:\/\/challengeseconomiques.com\/#\/schema\/person\/b4568c9afebc5a9238a771873801e349\",\"name\":\"admin\",\"image\":{\"@type\":\"ImageObject\",\"inLanguage\":\"fr-FR\",\"@id\":\"https:\/\/challengeseconomiques.com\/#\/schema\/person\/image\/\",\"url\":\"https:\/\/secure.gravatar.com\/avatar\/099e42240b5eea11acdb72751fcce0dd918603f0749d24974b7984ea47ed9fd9?s=96&d=mm&r=g\",\"contentUrl\":\"https:\/\/secure.gravatar.com\/avatar\/099e42240b5eea11acdb72751fcce0dd918603f0749d24974b7984ea47ed9fd9?s=96&d=mm&r=g\",\"caption\":\"admin\"},\"sameAs\":[\"https:\/\/challengeseconomiques.com\"],\"url\":\"https:\/\/challengeseconomiques.com\/?author=1\"}]}<\/script>\n<!-- \/ Yoast SEO plugin. -->","yoast_head_json":{"title":"Programme Pareel : 153 femmes entrepreneures outill\u00e9es pour un meilleur acc\u00e8s aux march\u00e9s - challenges economiques","robots":{"index":"index","follow":"follow","max-snippet":"max-snippet:-1","max-image-preview":"max-image-preview:large","max-video-preview":"max-video-preview:-1"},"canonical":"https:\/\/challengeseconomiques.com\/?p=3325","og_locale":"fr_FR","og_type":"article","og_title":"Programme Pareel : 153 femmes entrepreneures outill\u00e9es pour un meilleur acc\u00e8s aux march\u00e9s - challenges economiques","og_description":"Le Programme d\u2019Acc\u00e9l\u00e9ration des Affaires&nbsp;(PAREEL)&nbsp;est une initiative de renforcement des capacit\u00e9s en mati\u00e8re de comp\u00e9tences commerciales et psychosociales.&nbsp;\u00c0 travers ce projet, 153 Pme d\u00e9tenues par...","og_url":"https:\/\/challengeseconomiques.com\/?p=3325","og_site_name":"challenges economiques","article_published_time":"2022-05-11T18:11:34+00:00","article_modified_time":"2022-05-11T23:39:09+00:00","og_image":[{"width":1280,"height":853,"url":"https:\/\/challengeseconomiques.com\/wp-content\/uploads\/2022\/05\/parenna.jpg","type":"image\/jpeg"}],"author":"admin","twitter_card":"summary_large_image","twitter_misc":{"\u00c9crit par":"admin","Dur\u00e9e de lecture estim\u00e9e":"2 minutes"},"schema":{"@context":"https:\/\/schema.org","@graph":[{"@type":"Article","@id":"https:\/\/challengeseconomiques.com\/?p=3325#article","isPartOf":{"@id":"https:\/\/challengeseconomiques.com\/?p=3325"},"author":{"name":"admin","@id":"https:\/\/challengeseconomiques.com\/#\/schema\/person\/b4568c9afebc5a9238a771873801e349"},"headline":"Programme Pareel : 153 femmes entrepreneures outill\u00e9es pour un meilleur acc\u00e8s aux march\u00e9s","datePublished":"2022-05-11T18:11:34+00:00","dateModified":"2022-05-11T23:39:09+00:00","mainEntityOfPage":{"@id":"https:\/\/challengeseconomiques.com\/?p=3325"},"wordCount":462,"image":{"@id":"https:\/\/challengeseconomiques.com\/?p=3325#primaryimage"},"thumbnailUrl":"https:\/\/challengeseconomiques.com\/wp-content\/uploads\/2022\/05\/parenna.jpg","articleSection":["A la une","Infos \u00e9co"],"inLanguage":"fr-FR"},{"@type":"WebPage","@id":"https:\/\/challengeseconomiques.com\/?p=3325","url":"https:\/\/challengeseconomiques.com\/?p=3325","name":"Programme Pareel : 153 femmes entrepreneures outill\u00e9es pour un meilleur acc\u00e8s aux march\u00e9s - challenges economiques","isPartOf":{"@id":"https:\/\/challengeseconomiques.com\/#website"},"primaryImageOfPage":{"@id":"https:\/\/challengeseconomiques.com\/?p=3325#primaryimage"},"image":{"@id":"https:\/\/challengeseconomiques.com\/?p=3325#primaryimage"},"thumbnailUrl":"https:\/\/challengeseconomiques.com\/wp-content\/uploads\/2022\/05\/parenna.jpg","datePublished":"2022-05-11T18:11:34+00:00","dateModified":"2022-05-11T23:39:09+00:00","author":{"@id":"https:\/\/challengeseconomiques.com\/#\/schema\/person\/b4568c9afebc5a9238a771873801e349"},"breadcrumb":{"@id":"https:\/\/challengeseconomiques.com\/?p=3325#breadcrumb"},"inLanguage":"fr-FR","potentialAction":[{"@type":"ReadAction","target":["https:\/\/challengeseconomiques.com\/?p=3325"]}]},{"@type":"ImageObject","inLanguage":"fr-FR","@id":"https:\/\/challengeseconomiques.com\/?p=3325#primaryimage","url":"https:\/\/challengeseconomiques.com\/wp-content\/uploads\/2022\/05\/parenna.jpg","contentUrl":"https:\/\/challengeseconomiques.com\/wp-content\/uploads\/2022\/05\/parenna.jpg","width":1280,"height":853},{"@type":"BreadcrumbList","@id":"https:\/\/challengeseconomiques.com\/?p=3325#breadcrumb","itemListElement":[{"@type":"ListItem","position":1,"name":"Home","item":"https:\/\/challengeseconomiques.com\/"},{"@type":"ListItem","position":2,"name":"Programme Pareel : 153 femmes entrepreneures outill\u00e9es pour un meilleur acc\u00e8s aux march\u00e9s"}]},{"@type":"WebSite","@id":"https:\/\/challengeseconomiques.com\/#website","url":"https:\/\/challengeseconomiques.com\/","name":"challenges economiques","description":"","potentialAction":[{"@type":"SearchAction","target":{"@type":"EntryPoint","urlTemplate":"https:\/\/challengeseconomiques.com\/?s={search_term_string}"},"query-input":{"@type":"PropertyValueSpecification","valueRequired":true,"valueName":"search_term_string"}}],"inLanguage":"fr-FR"},{"@type":"Person","@id":"https:\/\/challengeseconomiques.com\/#\/schema\/person\/b4568c9afebc5a9238a771873801e349","name":"admin","image":{"@type":"ImageObject","inLanguage":"fr-FR","@id":"https:\/\/challengeseconomiques.com\/#\/schema\/person\/image\/","url":"https:\/\/secure.gravatar.com\/avatar\/099e42240b5eea11acdb72751fcce0dd918603f0749d24974b7984ea47ed9fd9?s=96&d=mm&r=g","contentUrl":"https:\/\/secure.gravatar.com\/avatar\/099e42240b5eea11acdb72751fcce0dd918603f0749d24974b7984ea47ed9fd9?s=96&d=mm&r=g","caption":"admin"},"sameAs":["https:\/\/challengeseconomiques.com"],"url":"https:\/\/challengeseconomiques.com\/?author=1"}]}},"jetpack_featured_media_url":"https:\/\/challengeseconomiques.com\/wp-content\/uploads\/2022\/05\/parenna.jpg","jetpack_sharing_enabled":true,"_links":{"self":[{"href":"https:\/\/challengeseconomiques.com\/index.php?rest_route=\/wp\/v2\/posts\/3325","targetHints":{"allow":["GET"]}}],"collection":[{"href":"https:\/\/challengeseconomiques.com\/index.php?rest_route=\/wp\/v2\/posts"}],"about":[{"href":"https:\/\/challengeseconomiques.com\/index.php?rest_route=\/wp\/v2\/types\/post"}],"author":[{"embeddable":true,"href":"https:\/\/challengeseconomiques.com\/index.php?rest_route=\/wp\/v2\/users\/1"}],"replies":[{"embeddable":true,"href":"https:\/\/challengeseconomiques.com\/index.php?rest_route=%2Fwp%2Fv2%2Fcomments&post=3325"}],"version-history":[{"count":2,"href":"https:\/\/challengeseconomiques.com\/index.php?rest_route=\/wp\/v2\/posts\/3325\/revisions"}],"predecessor-version":[{"id":3328,"href":"https:\/\/challengeseconomiques.com\/index.php?rest_route=\/wp\/v2\/posts\/3325\/revisions\/3328"}],"wp:featuredmedia":[{"embeddable":true,"href":"https:\/\/challengeseconomiques.com\/index.php?rest_route=\/wp\/v2\/media\/3330"}],"wp:attachment":[{"href":"https:\/\/challengeseconomiques.com\/index.php?rest_route=%2Fwp%2Fv2%2Fmedia&parent=3325"}],"wp:term":[{"taxonomy":"category","embeddable":true,"href":"https:\/\/challengeseconomiques.com\/index.php?rest_route=%2Fwp%2Fv2%2Fcategories&post=3325"},{"taxonomy":"post_tag","embeddable":true,"href":"https:\/\/challengeseconomiques.com\/index.php?rest_route=%2Fwp%2Fv2%2Ftags&post=3325"}],"curies":[{"name":"wp","href":"https:\/\/api.w.org\/{rel}","templated":true}]}}