{"id":3295,"date":"2022-05-08T19:56:49","date_gmt":"2022-05-08T19:56:49","guid":{"rendered":"https:\/\/challengeseconomiques.com\/?p=3295"},"modified":"2022-05-08T19:57:43","modified_gmt":"2022-05-08T19:57:43","slug":"quelles-consequences-pour-nos-assiettes","status":"publish","type":"post","link":"https:\/\/challengeseconomiques.com\/?p=3295","title":{"rendered":"Quelles cons\u00e9quences pour nos assiettes ?"},"content":{"rendered":"<p><strong>Par Chabi G. N. Yayi \u00c9conomiste b\u00e9ninois, dipl\u00f4m\u00e9 de l\u2019universit\u00e9 de Montr\u00e9al; Il est sp\u00e9cialiste en impl\u00e9mentation de projets agricoles et agroalimentaires. Il est le promoteur d\u2019une des plus importantes coop\u00e9ratives agricoles au nord B\u00e9nin.<\/strong><\/p>\n<p><strong>Allons-nous vers \u00ab&nbsp;<em>un ouragan de famines et un effondrement du syst\u00e8me alimentaire mondial&nbsp;<\/em>\u00bb, comme le redoute Ant\u00f3nio Guterres ? Si l\u2019alerte est fond\u00e9e, il faut souligner la capacit\u00e9 de r\u00e9silience de nos \u00e9conomies. L\u2019Afrique ne tombera pas dans la famine mais elle doit mieux investir dans l\u2019agriculture.<\/strong><\/p>\n<p>Depuis le d\u00e9clenchement de la guerre entre la Russie et l\u2019Ukraine, nous observons une inflation sur le prix des produits agricoles, qui nous fait nous interroger sur la p\u00e9rennit\u00e9 de nos syst\u00e8mes alimentaires. Ce, suite \u00e0 la crise de la demande de 2020, et la crise de l\u2019offre en 2021\u2026 Que faire pour sortir de l\u2019impasse et \u00e9viter la catastrophe annonc\u00e9e ?<\/p>\n<p>Au-del\u00e0 du volet humain qui conf\u00e8re \u00e0 cette guerre un caract\u00e8re tragique, les retomb\u00e9es dramatiques sur notre \u00e9cosyst\u00e8me agricole sont d\u00e9j\u00e0 perceptibles. Cet \u00e9v\u00e8nement a \u00e9t\u00e9 un \u00e9l\u00e9ment additionnel qui a aliment\u00e9 la spirale inflationniste sur le cours de certains produits. Les prix de l\u2019ur\u00e9e, de la potasse et du phosphate avec l\u2019arr\u00eat des exportations de l\u2019Ukraine et de la Russie atteignent de nouveaux sommets. Ces deux pays repr\u00e9sentent pr\u00e8s de 25 % du commerce international des engrais.<\/p>\n<p>C\u2019est un coup dur pour l\u2019agriculture africaine. Notre g\u00e9ant continental africain, comme OCP (Office ch\u00e9rifiens des phosphates) est fortement touch\u00e9 car se fournissant en potasse russe pour fabriquer le NPK, engrais incontournable dans la production du coton par exemple. L\u2019ur\u00e9e seul a atteint 1100 dollars la tonne. Les experts pr\u00e9voient un manque de 1 million de tonnes d\u2019engrais en Afrique de l\u2019Ouest, ce qui pourrait se retranscrire par un manque de production estim\u00e9 \u00e0 pr\u00e8s de 20 millions de tonnes de grains (riz, mais, etc.) de mai \u00e0 d\u00e9cembre 2022.<\/p>\n<p>L\u2019Ukraine et la Russie repr\u00e9sentent aussi 30% du commerce de bl\u00e9 dans le monde. Les sanctions impos\u00e9es \u00e0 la Russie ainsi que le blocage des ports ukrainiens ont eu pour impact la hausse du prix de la farine de bl\u00e9, principal intrant dans la fabrication du pain. Le prix de la farine de bl\u00e9 passe de 200 euros avant la crise \u00e0 plus de 400 euros la tonne. Le prix de la baguette de pain passe de 125 F.CFA \u00e0 150 F.CFA aussi bien \u00e0 Libreville qu\u2019\u00e0 Cotonou tandis qu\u2019\u00e0 Abidjan le gouvernement choisit de maintenir son prix \u00e0 150 francs, mais de diminuer son poids d\u2019une trentaine de grammes, \u00e0 174 g.<\/p>\n<p>Et que dire des pays du Maghreb qui sont si d\u00e9pendants du bl\u00e9 russe ? Des pays comme l\u2019\u00c9gypte, l\u2019Alg\u00e9rie, le Soudan se retrouvent \u00e0 devoir chercher dans l\u2019urgence comment combler leur demande int\u00e9rieure. Qui se souvient des \u00e9meutes du pain de 1977 en \u00c9gypte et plus r\u00e9cemment du d\u00e9part d\u2019Omar El Bechir au Soudan, intervenu suite \u00e0 la hausse du prix de la baguette, sait que ce sujet est une th\u00e9matique tr\u00e8s inflammable dans la r\u00e9gion.<\/p>\n<p>Cette pression se retrouve aussi sur le march\u00e9 des huiles alimentaires, plus sp\u00e9cifiquement sur l\u2019huile de tournesol. En 2020, les exportations d\u2019huile de tournesol ukrainienne et russe repr\u00e9sentaient pr\u00e8s de 60% au niveau mondial. Autant de mauvaises nouvelles qui font dire \u00e0 la FAO que les prix des produits agricoles ont atteint des sommets jamais enregistr\u00e9s.<\/p>\n<p><strong>Avons-nous la bonne approche&nbsp;?<\/strong><\/p>\n<p>Le manque \u00e0 gagner frappe d\u2019autres produits. Nous ne devons pas occulter que cette crise ferme des d\u00e9bouch\u00e9s pour un pan de notre agriculture comme le cacao, les agrumes sud-africains, pour qui la Russie repr\u00e9sentait un d\u00e9bouch\u00e9 en constante progression.<\/p>\n<p>Les syst\u00e8mes de production alimentaires africains ont \u00e9t\u00e9 mis \u00e0 rude \u00e9preuve depuis trois ans. La crise sanitaire, la crise \u00e9conomique qui en a r\u00e9sult\u00e9 et les difficult\u00e9s qu\u2019ont connues les syst\u00e8mes logistiques \u00e0 travers le monde ont eu un impact certain sur notre production agroalimentaire.<\/p>\n<p>Il faut temp\u00e9rer ces analyses catastrophistes en soulevant la capacit\u00e9 de r\u00e9silience de nos \u00e9conomies africaines. La disponibilit\u00e9 de produits de substitution \u00e0 base de manioc, mil, igname feront que nous ne basculerons pas dans la famine. Nous devons reconna\u00eetre que la faiblesse de nos exportations industrielles, la faible utilisation des intrants agricoles et la disponibilit\u00e9 de la main-d\u2019\u0153uvre sur place pour la production nous avait \u00ab&nbsp;pr\u00e9serv\u00e9s&nbsp;\u00bb du d\u00e9sastre.<\/p>\n<p>Oui cette crise des c\u00e9r\u00e9ales aura un impact certain sur les populations mais les effets seront disparates sur tout le continent. Notre faible utilisation en engrais sur les produits vivriers, la plus basse du monde, est dans ce contexte un \u00e9l\u00e9ment att\u00e9nuant notre exposition aux cours de l\u2019engrais. Ce qui n\u2019est pas le cas dans les cultures de rente comme le coton ou l\u2019impact sera rude si les cours du coton n\u2019\u00e9voluent pas dans les m\u00eames proportions.<\/p>\n<p>Une politique de diversification agricole est n\u00e9cessaire pour augmenter la part du vivrier, ce qui permettra de r\u00e9duire la facture des produits alimentaires qui s\u2019\u00e9levaient en 2019 \u00e0 48,7 milliards $, selon la FAO.<\/p>\n<p>Nos gouvernements doivent investir massivement dans des infrastructures de stockage des r\u00e9coltes, de ma\u00eetrise de l\u2019eau et dans la m\u00e9canisation de la production agricole. Nous devons travailler sur notre mod\u00e8le de production pour augmenter les rendements, travailler sur notre march\u00e9 int\u00e9rieur car en 2050, il y aura 2 milliards d\u2019Africains \u00e0 nourrir, et nous ne pouvons pas continuer \u00e0 d\u00e9pendre de l\u2019ext\u00e9rieur pour le faire. Cette crise est l\u2019opportunit\u00e9 pour nous africains de travailler sur des produits de substitution \u00e0 la farine de bl\u00e9 comme la farine de patate douce, de manioc ou de plantain. L\u2019occasion pour nous de d\u00e9velopper de projets d\u2019envergure r\u00e9gionale comme la r\u00e9cente inauguration de l\u2019usine d\u2019ur\u00e9e de Dangote au Nigeria et aussi harmoniser nos politiques pour qu\u2019enfin nous puissions conna\u00eetre une r\u00e9elle r\u00e9volution verte et d\u00e9velopper notre autonomie alimentaire.<\/p>\n<p><strong>Le Magazine de l&rsquo;Afrique<\/strong><\/p>\n","protected":false},"excerpt":{"rendered":"<p>Par Chabi G. N. Yayi \u00c9conomiste b\u00e9ninois, dipl\u00f4m\u00e9 de l\u2019universit\u00e9 de Montr\u00e9al; Il est sp\u00e9cialiste en impl\u00e9mentation de projets agricoles et agroalimentaires. Il est le&#8230;<\/p>\n","protected":false},"author":1,"featured_media":3296,"comment_status":"closed","ping_status":"open","sticky":false,"template":"","format":"standard","meta":{"_jetpack_memberships_contains_paid_content":false,"footnotes":""},"categories":[23,16],"tags":[],"class_list":["post-3295","post","type-post","status-publish","format-standard","has-post-thumbnail","hentry","category-a-la-une","category-contribution","wpcat-23-id","wpcat-16-id"],"yoast_head":"<!-- This site is optimized with the Yoast SEO plugin v27.1.1 - https:\/\/yoast.com\/product\/yoast-seo-wordpress\/ -->\n<title>Quelles cons\u00e9quences pour nos assiettes ? - challenges economiques<\/title>\n<meta name=\"robots\" content=\"index, follow, max-snippet:-1, max-image-preview:large, max-video-preview:-1\" \/>\n<link rel=\"canonical\" href=\"https:\/\/challengeseconomiques.com\/?p=3295\" \/>\n<meta property=\"og:locale\" content=\"fr_FR\" \/>\n<meta property=\"og:type\" content=\"article\" \/>\n<meta property=\"og:title\" content=\"Quelles cons\u00e9quences pour nos assiettes ? - challenges economiques\" \/>\n<meta property=\"og:description\" content=\"Par Chabi G. N. Yayi \u00c9conomiste b\u00e9ninois, dipl\u00f4m\u00e9 de l\u2019universit\u00e9 de Montr\u00e9al; Il est sp\u00e9cialiste en impl\u00e9mentation de projets agricoles et agroalimentaires. Il est le...\" \/>\n<meta property=\"og:url\" content=\"https:\/\/challengeseconomiques.com\/?p=3295\" \/>\n<meta property=\"og:site_name\" content=\"challenges economiques\" \/>\n<meta property=\"article:published_time\" content=\"2022-05-08T19:56:49+00:00\" \/>\n<meta property=\"article:modified_time\" content=\"2022-05-08T19:57:43+00:00\" \/>\n<meta property=\"og:image\" content=\"https:\/\/challengeseconomiques.com\/wp-content\/uploads\/2022\/05\/Chabi-G.-N.-Yayi-une.jpg\" \/>\n\t<meta property=\"og:image:width\" content=\"800\" \/>\n\t<meta property=\"og:image:height\" content=\"500\" \/>\n\t<meta property=\"og:image:type\" content=\"image\/jpeg\" \/>\n<meta name=\"author\" content=\"admin\" \/>\n<meta name=\"twitter:card\" content=\"summary_large_image\" \/>\n<meta name=\"twitter:label1\" content=\"\u00c9crit par\" \/>\n\t<meta name=\"twitter:data1\" content=\"admin\" \/>\n\t<meta name=\"twitter:label2\" content=\"Dur\u00e9e de lecture estim\u00e9e\" \/>\n\t<meta name=\"twitter:data2\" content=\"5 minutes\" \/>\n<script type=\"application\/ld+json\" class=\"yoast-schema-graph\">{\"@context\":\"https:\/\/schema.org\",\"@graph\":[{\"@type\":\"Article\",\"@id\":\"https:\/\/challengeseconomiques.com\/?p=3295#article\",\"isPartOf\":{\"@id\":\"https:\/\/challengeseconomiques.com\/?p=3295\"},\"author\":{\"name\":\"admin\",\"@id\":\"https:\/\/challengeseconomiques.com\/#\/schema\/person\/b4568c9afebc5a9238a771873801e349\"},\"headline\":\"Quelles cons\u00e9quences pour nos assiettes ?\",\"datePublished\":\"2022-05-08T19:56:49+00:00\",\"dateModified\":\"2022-05-08T19:57:43+00:00\",\"mainEntityOfPage\":{\"@id\":\"https:\/\/challengeseconomiques.com\/?p=3295\"},\"wordCount\":1056,\"image\":{\"@id\":\"https:\/\/challengeseconomiques.com\/?p=3295#primaryimage\"},\"thumbnailUrl\":\"https:\/\/challengeseconomiques.com\/wp-content\/uploads\/2022\/05\/Chabi-G.-N.-Yayi-une.jpg\",\"articleSection\":[\"A la une\",\"Contribution\"],\"inLanguage\":\"fr-FR\"},{\"@type\":\"WebPage\",\"@id\":\"https:\/\/challengeseconomiques.com\/?p=3295\",\"url\":\"https:\/\/challengeseconomiques.com\/?p=3295\",\"name\":\"Quelles cons\u00e9quences pour nos assiettes ? - challenges economiques\",\"isPartOf\":{\"@id\":\"https:\/\/challengeseconomiques.com\/#website\"},\"primaryImageOfPage\":{\"@id\":\"https:\/\/challengeseconomiques.com\/?p=3295#primaryimage\"},\"image\":{\"@id\":\"https:\/\/challengeseconomiques.com\/?p=3295#primaryimage\"},\"thumbnailUrl\":\"https:\/\/challengeseconomiques.com\/wp-content\/uploads\/2022\/05\/Chabi-G.-N.-Yayi-une.jpg\",\"datePublished\":\"2022-05-08T19:56:49+00:00\",\"dateModified\":\"2022-05-08T19:57:43+00:00\",\"author\":{\"@id\":\"https:\/\/challengeseconomiques.com\/#\/schema\/person\/b4568c9afebc5a9238a771873801e349\"},\"breadcrumb\":{\"@id\":\"https:\/\/challengeseconomiques.com\/?p=3295#breadcrumb\"},\"inLanguage\":\"fr-FR\",\"potentialAction\":[{\"@type\":\"ReadAction\",\"target\":[\"https:\/\/challengeseconomiques.com\/?p=3295\"]}]},{\"@type\":\"ImageObject\",\"inLanguage\":\"fr-FR\",\"@id\":\"https:\/\/challengeseconomiques.com\/?p=3295#primaryimage\",\"url\":\"https:\/\/challengeseconomiques.com\/wp-content\/uploads\/2022\/05\/Chabi-G.-N.-Yayi-une.jpg\",\"contentUrl\":\"https:\/\/challengeseconomiques.com\/wp-content\/uploads\/2022\/05\/Chabi-G.-N.-Yayi-une.jpg\",\"width\":800,\"height\":500},{\"@type\":\"BreadcrumbList\",\"@id\":\"https:\/\/challengeseconomiques.com\/?p=3295#breadcrumb\",\"itemListElement\":[{\"@type\":\"ListItem\",\"position\":1,\"name\":\"Home\",\"item\":\"https:\/\/challengeseconomiques.com\/\"},{\"@type\":\"ListItem\",\"position\":2,\"name\":\"Quelles cons\u00e9quences pour nos assiettes ?\"}]},{\"@type\":\"WebSite\",\"@id\":\"https:\/\/challengeseconomiques.com\/#website\",\"url\":\"https:\/\/challengeseconomiques.com\/\",\"name\":\"challenges economiques\",\"description\":\"\",\"potentialAction\":[{\"@type\":\"SearchAction\",\"target\":{\"@type\":\"EntryPoint\",\"urlTemplate\":\"https:\/\/challengeseconomiques.com\/?s={search_term_string}\"},\"query-input\":{\"@type\":\"PropertyValueSpecification\",\"valueRequired\":true,\"valueName\":\"search_term_string\"}}],\"inLanguage\":\"fr-FR\"},{\"@type\":\"Person\",\"@id\":\"https:\/\/challengeseconomiques.com\/#\/schema\/person\/b4568c9afebc5a9238a771873801e349\",\"name\":\"admin\",\"image\":{\"@type\":\"ImageObject\",\"inLanguage\":\"fr-FR\",\"@id\":\"https:\/\/challengeseconomiques.com\/#\/schema\/person\/image\/\",\"url\":\"https:\/\/secure.gravatar.com\/avatar\/099e42240b5eea11acdb72751fcce0dd918603f0749d24974b7984ea47ed9fd9?s=96&d=mm&r=g\",\"contentUrl\":\"https:\/\/secure.gravatar.com\/avatar\/099e42240b5eea11acdb72751fcce0dd918603f0749d24974b7984ea47ed9fd9?s=96&d=mm&r=g\",\"caption\":\"admin\"},\"sameAs\":[\"https:\/\/challengeseconomiques.com\"],\"url\":\"https:\/\/challengeseconomiques.com\/?author=1\"}]}<\/script>\n<!-- \/ Yoast SEO plugin. -->","yoast_head_json":{"title":"Quelles cons\u00e9quences pour nos assiettes ? - challenges economiques","robots":{"index":"index","follow":"follow","max-snippet":"max-snippet:-1","max-image-preview":"max-image-preview:large","max-video-preview":"max-video-preview:-1"},"canonical":"https:\/\/challengeseconomiques.com\/?p=3295","og_locale":"fr_FR","og_type":"article","og_title":"Quelles cons\u00e9quences pour nos assiettes ? - challenges economiques","og_description":"Par Chabi G. N. Yayi \u00c9conomiste b\u00e9ninois, dipl\u00f4m\u00e9 de l\u2019universit\u00e9 de Montr\u00e9al; Il est sp\u00e9cialiste en impl\u00e9mentation de projets agricoles et agroalimentaires. Il est le...","og_url":"https:\/\/challengeseconomiques.com\/?p=3295","og_site_name":"challenges economiques","article_published_time":"2022-05-08T19:56:49+00:00","article_modified_time":"2022-05-08T19:57:43+00:00","og_image":[{"width":800,"height":500,"url":"https:\/\/challengeseconomiques.com\/wp-content\/uploads\/2022\/05\/Chabi-G.-N.-Yayi-une.jpg","type":"image\/jpeg"}],"author":"admin","twitter_card":"summary_large_image","twitter_misc":{"\u00c9crit par":"admin","Dur\u00e9e de lecture estim\u00e9e":"5 minutes"},"schema":{"@context":"https:\/\/schema.org","@graph":[{"@type":"Article","@id":"https:\/\/challengeseconomiques.com\/?p=3295#article","isPartOf":{"@id":"https:\/\/challengeseconomiques.com\/?p=3295"},"author":{"name":"admin","@id":"https:\/\/challengeseconomiques.com\/#\/schema\/person\/b4568c9afebc5a9238a771873801e349"},"headline":"Quelles cons\u00e9quences pour nos assiettes ?","datePublished":"2022-05-08T19:56:49+00:00","dateModified":"2022-05-08T19:57:43+00:00","mainEntityOfPage":{"@id":"https:\/\/challengeseconomiques.com\/?p=3295"},"wordCount":1056,"image":{"@id":"https:\/\/challengeseconomiques.com\/?p=3295#primaryimage"},"thumbnailUrl":"https:\/\/challengeseconomiques.com\/wp-content\/uploads\/2022\/05\/Chabi-G.-N.-Yayi-une.jpg","articleSection":["A la une","Contribution"],"inLanguage":"fr-FR"},{"@type":"WebPage","@id":"https:\/\/challengeseconomiques.com\/?p=3295","url":"https:\/\/challengeseconomiques.com\/?p=3295","name":"Quelles cons\u00e9quences pour nos assiettes ? - challenges economiques","isPartOf":{"@id":"https:\/\/challengeseconomiques.com\/#website"},"primaryImageOfPage":{"@id":"https:\/\/challengeseconomiques.com\/?p=3295#primaryimage"},"image":{"@id":"https:\/\/challengeseconomiques.com\/?p=3295#primaryimage"},"thumbnailUrl":"https:\/\/challengeseconomiques.com\/wp-content\/uploads\/2022\/05\/Chabi-G.-N.-Yayi-une.jpg","datePublished":"2022-05-08T19:56:49+00:00","dateModified":"2022-05-08T19:57:43+00:00","author":{"@id":"https:\/\/challengeseconomiques.com\/#\/schema\/person\/b4568c9afebc5a9238a771873801e349"},"breadcrumb":{"@id":"https:\/\/challengeseconomiques.com\/?p=3295#breadcrumb"},"inLanguage":"fr-FR","potentialAction":[{"@type":"ReadAction","target":["https:\/\/challengeseconomiques.com\/?p=3295"]}]},{"@type":"ImageObject","inLanguage":"fr-FR","@id":"https:\/\/challengeseconomiques.com\/?p=3295#primaryimage","url":"https:\/\/challengeseconomiques.com\/wp-content\/uploads\/2022\/05\/Chabi-G.-N.-Yayi-une.jpg","contentUrl":"https:\/\/challengeseconomiques.com\/wp-content\/uploads\/2022\/05\/Chabi-G.-N.-Yayi-une.jpg","width":800,"height":500},{"@type":"BreadcrumbList","@id":"https:\/\/challengeseconomiques.com\/?p=3295#breadcrumb","itemListElement":[{"@type":"ListItem","position":1,"name":"Home","item":"https:\/\/challengeseconomiques.com\/"},{"@type":"ListItem","position":2,"name":"Quelles cons\u00e9quences pour nos assiettes ?"}]},{"@type":"WebSite","@id":"https:\/\/challengeseconomiques.com\/#website","url":"https:\/\/challengeseconomiques.com\/","name":"challenges economiques","description":"","potentialAction":[{"@type":"SearchAction","target":{"@type":"EntryPoint","urlTemplate":"https:\/\/challengeseconomiques.com\/?s={search_term_string}"},"query-input":{"@type":"PropertyValueSpecification","valueRequired":true,"valueName":"search_term_string"}}],"inLanguage":"fr-FR"},{"@type":"Person","@id":"https:\/\/challengeseconomiques.com\/#\/schema\/person\/b4568c9afebc5a9238a771873801e349","name":"admin","image":{"@type":"ImageObject","inLanguage":"fr-FR","@id":"https:\/\/challengeseconomiques.com\/#\/schema\/person\/image\/","url":"https:\/\/secure.gravatar.com\/avatar\/099e42240b5eea11acdb72751fcce0dd918603f0749d24974b7984ea47ed9fd9?s=96&d=mm&r=g","contentUrl":"https:\/\/secure.gravatar.com\/avatar\/099e42240b5eea11acdb72751fcce0dd918603f0749d24974b7984ea47ed9fd9?s=96&d=mm&r=g","caption":"admin"},"sameAs":["https:\/\/challengeseconomiques.com"],"url":"https:\/\/challengeseconomiques.com\/?author=1"}]}},"jetpack_featured_media_url":"https:\/\/challengeseconomiques.com\/wp-content\/uploads\/2022\/05\/Chabi-G.-N.-Yayi-une.jpg","jetpack_sharing_enabled":true,"_links":{"self":[{"href":"https:\/\/challengeseconomiques.com\/index.php?rest_route=\/wp\/v2\/posts\/3295","targetHints":{"allow":["GET"]}}],"collection":[{"href":"https:\/\/challengeseconomiques.com\/index.php?rest_route=\/wp\/v2\/posts"}],"about":[{"href":"https:\/\/challengeseconomiques.com\/index.php?rest_route=\/wp\/v2\/types\/post"}],"author":[{"embeddable":true,"href":"https:\/\/challengeseconomiques.com\/index.php?rest_route=\/wp\/v2\/users\/1"}],"replies":[{"embeddable":true,"href":"https:\/\/challengeseconomiques.com\/index.php?rest_route=%2Fwp%2Fv2%2Fcomments&post=3295"}],"version-history":[{"count":2,"href":"https:\/\/challengeseconomiques.com\/index.php?rest_route=\/wp\/v2\/posts\/3295\/revisions"}],"predecessor-version":[{"id":3298,"href":"https:\/\/challengeseconomiques.com\/index.php?rest_route=\/wp\/v2\/posts\/3295\/revisions\/3298"}],"wp:featuredmedia":[{"embeddable":true,"href":"https:\/\/challengeseconomiques.com\/index.php?rest_route=\/wp\/v2\/media\/3296"}],"wp:attachment":[{"href":"https:\/\/challengeseconomiques.com\/index.php?rest_route=%2Fwp%2Fv2%2Fmedia&parent=3295"}],"wp:term":[{"taxonomy":"category","embeddable":true,"href":"https:\/\/challengeseconomiques.com\/index.php?rest_route=%2Fwp%2Fv2%2Fcategories&post=3295"},{"taxonomy":"post_tag","embeddable":true,"href":"https:\/\/challengeseconomiques.com\/index.php?rest_route=%2Fwp%2Fv2%2Ftags&post=3295"}],"curies":[{"name":"wp","href":"https:\/\/api.w.org\/{rel}","templated":true}]}}