{"id":3091,"date":"2022-04-09T15:11:09","date_gmt":"2022-04-09T15:11:09","guid":{"rendered":"https:\/\/challengeseconomiques.com\/?p=3091"},"modified":"2022-04-09T15:11:49","modified_gmt":"2022-04-09T15:11:49","slug":"le-cnp-magnifie-lorientation-de-la-souverainete-alimentaire","status":"publish","type":"post","link":"https:\/\/challengeseconomiques.com\/?p=3091","title":{"rendered":"Le CNP  magnifie l\u2019orientation de la souverainet\u00e9 alimentaire"},"content":{"rendered":"<p><strong>Baidy Agne, Pr\u00e9sident du CNP<\/strong><\/p>\n<p>Le discours du Chef de l\u2019Etat s\u00e9n\u00e9galais, Macky&nbsp; Sall invitant \u00e0 \u00ab&nbsp;produire ce que nous consommons et Consommer ce que nous produisons&nbsp;\u00bb, a \u00e9t\u00e9 bien appr\u00e9ci\u00e9 par le Conseil National du patronat du S\u00e9n\u00e9gal (CNP).<\/p>\n<p>Dans un communiqu\u00e9, le CNP r\u00e9affirme ainsi son soutien au Chef de l\u2019Etat pour b\u00e2tir ensemble notre souverainet\u00e9 nationale alimentaire conform\u00e9ment aux Directives Pr\u00e9sidentielles du PAP2A du PSE. Dans le d\u00e9tail, la CNES r\u00e9affirme &nbsp;toute l\u2019importance de nos fili\u00e8res agro-industrielles, notamment le sucre, pour l\u2019atteinte dudit objectif de souverainet\u00e9 nationale alimentaire. Ainsi, pour le CNP &nbsp;le renforcement de notre capacit\u00e9 agro-industrielle est la seule r\u00e9ponse que nous pouvons apporter pour faire face aux &nbsp;impacts macro-\u00e9conomiques, budg\u00e9taires, sociaux et sanitaires&nbsp; de la pand\u00e9mie sanitaire Covid-19. Il en est de m\u00eame de la &nbsp;conjoncture \u00e9conomique et financi\u00e8re caract\u00e9ris\u00e9e par de fortes tensions d\u2019une part, sur les cours mondiaux des denr\u00e9es de 1\u00e8re n\u00e9cessit\u00e9 et des produits sensibles, et d\u2019autre part, sur la desserte et le co\u00fbt du fret maritime.<\/p>\n<p>Par ailleurs, le CNP rappelle que les lignes et dogmes de la gouvernance \u00e9conomique, financi\u00e8re et sociale du PAP2A ont \u00e9t\u00e9 r\u00e9ajust\u00e9s apr\u00e8s une fructueuse concertation publique\/priv\u00e9e. D\u2019apr\u00e8s le CNP, nos fili\u00e8res agro-industrielles, notamment le sucre, constituent les leviers de notre croissance \u00e9conomique inclusive, de la cr\u00e9ation d\u2019emplois formels durables, entre autres. En conclusion, le CNP renouvelle son souhait de construire une alliance forte Etat-Industriels-Commer\u00e7ants-Consommateurs pour notre souverainet\u00e9 nationale alimentaire.<\/p>\n<p><strong>Moustapha DIA<\/strong><\/p>\n","protected":false},"excerpt":{"rendered":"<p>Baidy Agne, Pr\u00e9sident du CNP Le discours du Chef de l\u2019Etat s\u00e9n\u00e9galais, Macky&nbsp; Sall invitant \u00e0 \u00ab&nbsp;produire ce que nous consommons et Consommer ce que&#8230;<\/p>\n","protected":false},"author":1,"featured_media":3092,"comment_status":"closed","ping_status":"open","sticky":false,"template":"","format":"standard","meta":{"_jetpack_memberships_contains_paid_content":false,"footnotes":""},"categories":[8,10],"tags":[],"class_list":["post-3091","post","type-post","status-publish","format-standard","has-post-thumbnail","hentry","category-actualite-economique","category-infos-eco","wpcat-8-id","wpcat-10-id"],"yoast_head":"<!-- This site is optimized with the Yoast SEO plugin v27.1.1 - https:\/\/yoast.com\/product\/yoast-seo-wordpress\/ -->\n<title>Le CNP magnifie l\u2019orientation de la souverainet\u00e9 alimentaire - challenges economiques<\/title>\n<meta name=\"robots\" content=\"index, follow, max-snippet:-1, max-image-preview:large, max-video-preview:-1\" \/>\n<link rel=\"canonical\" href=\"https:\/\/challengeseconomiques.com\/?p=3091\" \/>\n<meta property=\"og:locale\" content=\"fr_FR\" \/>\n<meta property=\"og:type\" content=\"article\" \/>\n<meta property=\"og:title\" content=\"Le CNP magnifie l\u2019orientation de la souverainet\u00e9 alimentaire - challenges economiques\" \/>\n<meta property=\"og:description\" content=\"Baidy Agne, Pr\u00e9sident du CNP Le discours du Chef de l\u2019Etat s\u00e9n\u00e9galais, Macky&nbsp; Sall invitant \u00e0 \u00ab&nbsp;produire ce que nous consommons et Consommer ce que...\" \/>\n<meta property=\"og:url\" content=\"https:\/\/challengeseconomiques.com\/?p=3091\" \/>\n<meta property=\"og:site_name\" content=\"challenges economiques\" \/>\n<meta property=\"article:published_time\" content=\"2022-04-09T15:11:09+00:00\" \/>\n<meta property=\"article:modified_time\" content=\"2022-04-09T15:11:49+00:00\" \/>\n<meta property=\"og:image\" content=\"https:\/\/challengeseconomiques.com\/wp-content\/uploads\/2022\/04\/baidy_agne_5.jpg\" \/>\n\t<meta property=\"og:image:width\" content=\"750\" \/>\n\t<meta property=\"og:image:height\" content=\"559\" \/>\n\t<meta property=\"og:image:type\" content=\"image\/jpeg\" \/>\n<meta name=\"author\" content=\"admin\" \/>\n<meta name=\"twitter:card\" content=\"summary_large_image\" \/>\n<meta name=\"twitter:label1\" content=\"\u00c9crit par\" \/>\n\t<meta name=\"twitter:data1\" content=\"admin\" \/>\n\t<meta name=\"twitter:label2\" content=\"Dur\u00e9e de lecture estim\u00e9e\" \/>\n\t<meta name=\"twitter:data2\" content=\"2 minutes\" \/>\n<script type=\"application\/ld+json\" class=\"yoast-schema-graph\">{\"@context\":\"https:\/\/schema.org\",\"@graph\":[{\"@type\":\"Article\",\"@id\":\"https:\/\/challengeseconomiques.com\/?p=3091#article\",\"isPartOf\":{\"@id\":\"https:\/\/challengeseconomiques.com\/?p=3091\"},\"author\":{\"name\":\"admin\",\"@id\":\"https:\/\/challengeseconomiques.com\/#\/schema\/person\/b4568c9afebc5a9238a771873801e349\"},\"headline\":\"Le CNP magnifie l\u2019orientation de la souverainet\u00e9 alimentaire\",\"datePublished\":\"2022-04-09T15:11:09+00:00\",\"dateModified\":\"2022-04-09T15:11:49+00:00\",\"mainEntityOfPage\":{\"@id\":\"https:\/\/challengeseconomiques.com\/?p=3091\"},\"wordCount\":299,\"image\":{\"@id\":\"https:\/\/challengeseconomiques.com\/?p=3091#primaryimage\"},\"thumbnailUrl\":\"https:\/\/challengeseconomiques.com\/wp-content\/uploads\/2022\/04\/baidy_agne_5.jpg\",\"articleSection\":[\"Actualit\u00e9 \u00e9conomique\",\"Infos \u00e9co\"],\"inLanguage\":\"fr-FR\"},{\"@type\":\"WebPage\",\"@id\":\"https:\/\/challengeseconomiques.com\/?p=3091\",\"url\":\"https:\/\/challengeseconomiques.com\/?p=3091\",\"name\":\"Le CNP magnifie l\u2019orientation de la souverainet\u00e9 alimentaire - challenges economiques\",\"isPartOf\":{\"@id\":\"https:\/\/challengeseconomiques.com\/#website\"},\"primaryImageOfPage\":{\"@id\":\"https:\/\/challengeseconomiques.com\/?p=3091#primaryimage\"},\"image\":{\"@id\":\"https:\/\/challengeseconomiques.com\/?p=3091#primaryimage\"},\"thumbnailUrl\":\"https:\/\/challengeseconomiques.com\/wp-content\/uploads\/2022\/04\/baidy_agne_5.jpg\",\"datePublished\":\"2022-04-09T15:11:09+00:00\",\"dateModified\":\"2022-04-09T15:11:49+00:00\",\"author\":{\"@id\":\"https:\/\/challengeseconomiques.com\/#\/schema\/person\/b4568c9afebc5a9238a771873801e349\"},\"breadcrumb\":{\"@id\":\"https:\/\/challengeseconomiques.com\/?p=3091#breadcrumb\"},\"inLanguage\":\"fr-FR\",\"potentialAction\":[{\"@type\":\"ReadAction\",\"target\":[\"https:\/\/challengeseconomiques.com\/?p=3091\"]}]},{\"@type\":\"ImageObject\",\"inLanguage\":\"fr-FR\",\"@id\":\"https:\/\/challengeseconomiques.com\/?p=3091#primaryimage\",\"url\":\"https:\/\/challengeseconomiques.com\/wp-content\/uploads\/2022\/04\/baidy_agne_5.jpg\",\"contentUrl\":\"https:\/\/challengeseconomiques.com\/wp-content\/uploads\/2022\/04\/baidy_agne_5.jpg\",\"width\":750,\"height\":559},{\"@type\":\"BreadcrumbList\",\"@id\":\"https:\/\/challengeseconomiques.com\/?p=3091#breadcrumb\",\"itemListElement\":[{\"@type\":\"ListItem\",\"position\":1,\"name\":\"Home\",\"item\":\"https:\/\/challengeseconomiques.com\/\"},{\"@type\":\"ListItem\",\"position\":2,\"name\":\"Le CNP magnifie l\u2019orientation de la souverainet\u00e9 alimentaire\"}]},{\"@type\":\"WebSite\",\"@id\":\"https:\/\/challengeseconomiques.com\/#website\",\"url\":\"https:\/\/challengeseconomiques.com\/\",\"name\":\"challenges economiques\",\"description\":\"\",\"potentialAction\":[{\"@type\":\"SearchAction\",\"target\":{\"@type\":\"EntryPoint\",\"urlTemplate\":\"https:\/\/challengeseconomiques.com\/?s={search_term_string}\"},\"query-input\":{\"@type\":\"PropertyValueSpecification\",\"valueRequired\":true,\"valueName\":\"search_term_string\"}}],\"inLanguage\":\"fr-FR\"},{\"@type\":\"Person\",\"@id\":\"https:\/\/challengeseconomiques.com\/#\/schema\/person\/b4568c9afebc5a9238a771873801e349\",\"name\":\"admin\",\"image\":{\"@type\":\"ImageObject\",\"inLanguage\":\"fr-FR\",\"@id\":\"https:\/\/challengeseconomiques.com\/#\/schema\/person\/image\/\",\"url\":\"https:\/\/secure.gravatar.com\/avatar\/099e42240b5eea11acdb72751fcce0dd918603f0749d24974b7984ea47ed9fd9?s=96&d=mm&r=g\",\"contentUrl\":\"https:\/\/secure.gravatar.com\/avatar\/099e42240b5eea11acdb72751fcce0dd918603f0749d24974b7984ea47ed9fd9?s=96&d=mm&r=g\",\"caption\":\"admin\"},\"sameAs\":[\"https:\/\/challengeseconomiques.com\"],\"url\":\"https:\/\/challengeseconomiques.com\/?author=1\"}]}<\/script>\n<!-- \/ Yoast SEO plugin. -->","yoast_head_json":{"title":"Le CNP magnifie l\u2019orientation de la souverainet\u00e9 alimentaire - challenges economiques","robots":{"index":"index","follow":"follow","max-snippet":"max-snippet:-1","max-image-preview":"max-image-preview:large","max-video-preview":"max-video-preview:-1"},"canonical":"https:\/\/challengeseconomiques.com\/?p=3091","og_locale":"fr_FR","og_type":"article","og_title":"Le CNP magnifie l\u2019orientation de la souverainet\u00e9 alimentaire - challenges economiques","og_description":"Baidy Agne, Pr\u00e9sident du CNP Le discours du Chef de l\u2019Etat s\u00e9n\u00e9galais, Macky&nbsp; Sall invitant \u00e0 \u00ab&nbsp;produire ce que nous consommons et Consommer ce que...","og_url":"https:\/\/challengeseconomiques.com\/?p=3091","og_site_name":"challenges economiques","article_published_time":"2022-04-09T15:11:09+00:00","article_modified_time":"2022-04-09T15:11:49+00:00","og_image":[{"width":750,"height":559,"url":"https:\/\/challengeseconomiques.com\/wp-content\/uploads\/2022\/04\/baidy_agne_5.jpg","type":"image\/jpeg"}],"author":"admin","twitter_card":"summary_large_image","twitter_misc":{"\u00c9crit par":"admin","Dur\u00e9e de lecture estim\u00e9e":"2 minutes"},"schema":{"@context":"https:\/\/schema.org","@graph":[{"@type":"Article","@id":"https:\/\/challengeseconomiques.com\/?p=3091#article","isPartOf":{"@id":"https:\/\/challengeseconomiques.com\/?p=3091"},"author":{"name":"admin","@id":"https:\/\/challengeseconomiques.com\/#\/schema\/person\/b4568c9afebc5a9238a771873801e349"},"headline":"Le CNP magnifie l\u2019orientation de la souverainet\u00e9 alimentaire","datePublished":"2022-04-09T15:11:09+00:00","dateModified":"2022-04-09T15:11:49+00:00","mainEntityOfPage":{"@id":"https:\/\/challengeseconomiques.com\/?p=3091"},"wordCount":299,"image":{"@id":"https:\/\/challengeseconomiques.com\/?p=3091#primaryimage"},"thumbnailUrl":"https:\/\/challengeseconomiques.com\/wp-content\/uploads\/2022\/04\/baidy_agne_5.jpg","articleSection":["Actualit\u00e9 \u00e9conomique","Infos \u00e9co"],"inLanguage":"fr-FR"},{"@type":"WebPage","@id":"https:\/\/challengeseconomiques.com\/?p=3091","url":"https:\/\/challengeseconomiques.com\/?p=3091","name":"Le CNP magnifie l\u2019orientation de la souverainet\u00e9 alimentaire - challenges economiques","isPartOf":{"@id":"https:\/\/challengeseconomiques.com\/#website"},"primaryImageOfPage":{"@id":"https:\/\/challengeseconomiques.com\/?p=3091#primaryimage"},"image":{"@id":"https:\/\/challengeseconomiques.com\/?p=3091#primaryimage"},"thumbnailUrl":"https:\/\/challengeseconomiques.com\/wp-content\/uploads\/2022\/04\/baidy_agne_5.jpg","datePublished":"2022-04-09T15:11:09+00:00","dateModified":"2022-04-09T15:11:49+00:00","author":{"@id":"https:\/\/challengeseconomiques.com\/#\/schema\/person\/b4568c9afebc5a9238a771873801e349"},"breadcrumb":{"@id":"https:\/\/challengeseconomiques.com\/?p=3091#breadcrumb"},"inLanguage":"fr-FR","potentialAction":[{"@type":"ReadAction","target":["https:\/\/challengeseconomiques.com\/?p=3091"]}]},{"@type":"ImageObject","inLanguage":"fr-FR","@id":"https:\/\/challengeseconomiques.com\/?p=3091#primaryimage","url":"https:\/\/challengeseconomiques.com\/wp-content\/uploads\/2022\/04\/baidy_agne_5.jpg","contentUrl":"https:\/\/challengeseconomiques.com\/wp-content\/uploads\/2022\/04\/baidy_agne_5.jpg","width":750,"height":559},{"@type":"BreadcrumbList","@id":"https:\/\/challengeseconomiques.com\/?p=3091#breadcrumb","itemListElement":[{"@type":"ListItem","position":1,"name":"Home","item":"https:\/\/challengeseconomiques.com\/"},{"@type":"ListItem","position":2,"name":"Le CNP magnifie l\u2019orientation de la souverainet\u00e9 alimentaire"}]},{"@type":"WebSite","@id":"https:\/\/challengeseconomiques.com\/#website","url":"https:\/\/challengeseconomiques.com\/","name":"challenges economiques","description":"","potentialAction":[{"@type":"SearchAction","target":{"@type":"EntryPoint","urlTemplate":"https:\/\/challengeseconomiques.com\/?s={search_term_string}"},"query-input":{"@type":"PropertyValueSpecification","valueRequired":true,"valueName":"search_term_string"}}],"inLanguage":"fr-FR"},{"@type":"Person","@id":"https:\/\/challengeseconomiques.com\/#\/schema\/person\/b4568c9afebc5a9238a771873801e349","name":"admin","image":{"@type":"ImageObject","inLanguage":"fr-FR","@id":"https:\/\/challengeseconomiques.com\/#\/schema\/person\/image\/","url":"https:\/\/secure.gravatar.com\/avatar\/099e42240b5eea11acdb72751fcce0dd918603f0749d24974b7984ea47ed9fd9?s=96&d=mm&r=g","contentUrl":"https:\/\/secure.gravatar.com\/avatar\/099e42240b5eea11acdb72751fcce0dd918603f0749d24974b7984ea47ed9fd9?s=96&d=mm&r=g","caption":"admin"},"sameAs":["https:\/\/challengeseconomiques.com"],"url":"https:\/\/challengeseconomiques.com\/?author=1"}]}},"jetpack_featured_media_url":"https:\/\/challengeseconomiques.com\/wp-content\/uploads\/2022\/04\/baidy_agne_5.jpg","jetpack_sharing_enabled":true,"_links":{"self":[{"href":"https:\/\/challengeseconomiques.com\/index.php?rest_route=\/wp\/v2\/posts\/3091","targetHints":{"allow":["GET"]}}],"collection":[{"href":"https:\/\/challengeseconomiques.com\/index.php?rest_route=\/wp\/v2\/posts"}],"about":[{"href":"https:\/\/challengeseconomiques.com\/index.php?rest_route=\/wp\/v2\/types\/post"}],"author":[{"embeddable":true,"href":"https:\/\/challengeseconomiques.com\/index.php?rest_route=\/wp\/v2\/users\/1"}],"replies":[{"embeddable":true,"href":"https:\/\/challengeseconomiques.com\/index.php?rest_route=%2Fwp%2Fv2%2Fcomments&post=3091"}],"version-history":[{"count":2,"href":"https:\/\/challengeseconomiques.com\/index.php?rest_route=\/wp\/v2\/posts\/3091\/revisions"}],"predecessor-version":[{"id":3094,"href":"https:\/\/challengeseconomiques.com\/index.php?rest_route=\/wp\/v2\/posts\/3091\/revisions\/3094"}],"wp:featuredmedia":[{"embeddable":true,"href":"https:\/\/challengeseconomiques.com\/index.php?rest_route=\/wp\/v2\/media\/3092"}],"wp:attachment":[{"href":"https:\/\/challengeseconomiques.com\/index.php?rest_route=%2Fwp%2Fv2%2Fmedia&parent=3091"}],"wp:term":[{"taxonomy":"category","embeddable":true,"href":"https:\/\/challengeseconomiques.com\/index.php?rest_route=%2Fwp%2Fv2%2Fcategories&post=3091"},{"taxonomy":"post_tag","embeddable":true,"href":"https:\/\/challengeseconomiques.com\/index.php?rest_route=%2Fwp%2Fv2%2Ftags&post=3091"}],"curies":[{"name":"wp","href":"https:\/\/api.w.org\/{rel}","templated":true}]}}