{"id":3073,"date":"2022-04-07T13:22:06","date_gmt":"2022-04-07T13:22:06","guid":{"rendered":"https:\/\/challengeseconomiques.com\/?p=3073"},"modified":"2022-04-07T13:22:29","modified_gmt":"2022-04-07T13:22:29","slug":"filiere-cuirs-et-peaux-vers-des-credits-specifiques-pour-promouvoir-lentrepreneuriat","status":"publish","type":"post","link":"https:\/\/challengeseconomiques.com\/?p=3073","title":{"rendered":"Fili\u00e8re Cuirs et Peaux  Vers des cr\u00e9dits sp\u00e9cifiques pour promouvoir l\u2019entrepreneuriat"},"content":{"rendered":"<p><strong>Le S\u00e9n\u00e9gal dispose d\u2019un immense potentiel en cuirs et peaux. Mais le secteur peine encore \u00e0 prendre son envol. Pour changer la donne, le pr\u00e9sident de la R\u00e9publique Macky Sall a, lors du dernier Conseil des Ministres, pr\u00e9conis\u00e9 la mise en place d\u2019un programme de soutien et la mise en place de lignes de cr\u00e9dits sp\u00e9cifiques, pour promouvoir l\u2019entrepreneuriat dans la fili\u00e8re.<\/strong><\/p>\n<p>Le secteur des cuirs et peaux a \u00e9t\u00e9 \u00e9voqu\u00e9 au cours du Conseil des Ministres, tenu le mercredi 06 avril 2022, au Palais de la R\u00e9publique.<\/p>\n<p>Le pr\u00e9sident de la R\u00e9publique Macky Sall a, en effet, abord\u00e9 la question li\u00e9e \u00e0 la valorisation des fili\u00e8res \u00e9mergentes de l\u2019artisanat national, qui n\u00e9cessite le renforcement des capacit\u00e9s des artisans et le financement ad\u00e9quat de leurs activit\u00e9s.<\/p>\n<p>Ainsi, il demande aux Ministres en charge de l\u2019Artisanat et de la Formation professionnelle, d\u2019engager avec les professionnels des cuirs et peaux, la mise en \u0153uvre d\u2019un programme de soutien \u00e0 la fili\u00e8re, annonce le communiqu\u00e9 du Conseil des Ministres.<\/p>\n<p><strong>Promouvoir l\u2019entrepreneuriat<\/strong><\/p>\n<p><strong>&nbsp;<\/strong>Le pr\u00e9sident Macky Sall invite les Minist\u00e8res concern\u00e9s \u00e0 travailler en relation avec la D\u00e9l\u00e9gation \u00e0 l\u2019Entrepreneuriat Rapide des Femmes et des Jeunes (DER\/FJ), le Fonds de Financement de la Formation Professionnelle et Technique (3FPT) et les centres de formation d\u00e9di\u00e9s (par exemple le centre de Ngaye M\u00e9kh\u00e9).<\/p>\n<p>\u00ab&nbsp;Le Chef de l\u2019Etat indique la n\u00e9cessit\u00e9 d\u2019ouvrir des lignes de cr\u00e9dits sp\u00e9cifiques, pour promouvoir l\u2019entrepreneuriat dans la fili\u00e8re cuirs et peaux&nbsp;\u00bb, ajoute le communiqu\u00e9 sign\u00e9 par le Ministre des Collectivit\u00e9s Territoriales, du D\u00e9veloppement et de l\u2019Am\u00e9nagement des Territoires, Oumar Gu\u00e8ye, Porte-Parole du Gouvernement.<\/p>\n<p>Ce train de mesures pr\u00e9conis\u00e9es par les autorit\u00e9s \u00e9tatiques (programme de soutien et mise en place de lignes de cr\u00e9dits sp\u00e9cifiques) devrait permettre de mieux encadrer, financer, d\u00e9velopper les activit\u00e9s, exploiter pleinement le potentiel \u00e9conomique et de booster l\u2019entrepreneuriat dans la fili\u00e8re cuirs et peaux.<\/p>\n<p><strong>Birame GUENE<\/strong><\/p>\n","protected":false},"excerpt":{"rendered":"<p>Le S\u00e9n\u00e9gal dispose d\u2019un immense potentiel en cuirs et peaux. Mais le secteur peine encore \u00e0 prendre son envol. Pour changer la donne, le pr\u00e9sident&#8230;<\/p>\n","protected":false},"author":1,"featured_media":1923,"comment_status":"closed","ping_status":"open","sticky":false,"template":"","format":"standard","meta":{"_jetpack_memberships_contains_paid_content":false,"footnotes":""},"categories":[23,10],"tags":[],"class_list":["post-3073","post","type-post","status-publish","format-standard","has-post-thumbnail","hentry","category-a-la-une","category-infos-eco","wpcat-23-id","wpcat-10-id"],"yoast_head":"<!-- This site is optimized with the Yoast SEO plugin v27.1.1 - https:\/\/yoast.com\/product\/yoast-seo-wordpress\/ -->\n<title>Fili\u00e8re Cuirs et Peaux Vers des cr\u00e9dits sp\u00e9cifiques pour promouvoir l\u2019entrepreneuriat - challenges economiques<\/title>\n<meta name=\"robots\" content=\"index, follow, max-snippet:-1, max-image-preview:large, max-video-preview:-1\" \/>\n<link rel=\"canonical\" href=\"https:\/\/challengeseconomiques.com\/?p=3073\" \/>\n<meta property=\"og:locale\" content=\"fr_FR\" \/>\n<meta property=\"og:type\" content=\"article\" \/>\n<meta property=\"og:title\" content=\"Fili\u00e8re Cuirs et Peaux Vers des cr\u00e9dits sp\u00e9cifiques pour promouvoir l\u2019entrepreneuriat - challenges economiques\" \/>\n<meta property=\"og:description\" content=\"Le S\u00e9n\u00e9gal dispose d\u2019un immense potentiel en cuirs et peaux. Mais le secteur peine encore \u00e0 prendre son envol. Pour changer la donne, le pr\u00e9sident...\" \/>\n<meta property=\"og:url\" content=\"https:\/\/challengeseconomiques.com\/?p=3073\" \/>\n<meta property=\"og:site_name\" content=\"challenges economiques\" \/>\n<meta property=\"article:published_time\" content=\"2022-04-07T13:22:06+00:00\" \/>\n<meta property=\"article:modified_time\" content=\"2022-04-07T13:22:29+00:00\" \/>\n<meta property=\"og:image\" content=\"https:\/\/challengeseconomiques.com\/wp-content\/uploads\/2021\/10\/Macky-Sall.jpg\" \/>\n\t<meta property=\"og:image:width\" content=\"800\" \/>\n\t<meta property=\"og:image:height\" content=\"500\" \/>\n\t<meta property=\"og:image:type\" content=\"image\/jpeg\" \/>\n<meta name=\"author\" content=\"admin\" \/>\n<meta name=\"twitter:card\" content=\"summary_large_image\" \/>\n<meta name=\"twitter:label1\" content=\"\u00c9crit par\" \/>\n\t<meta name=\"twitter:data1\" content=\"admin\" \/>\n\t<meta name=\"twitter:label2\" content=\"Dur\u00e9e de lecture estim\u00e9e\" \/>\n\t<meta name=\"twitter:data2\" content=\"2 minutes\" \/>\n<script type=\"application\/ld+json\" class=\"yoast-schema-graph\">{\"@context\":\"https:\/\/schema.org\",\"@graph\":[{\"@type\":\"Article\",\"@id\":\"https:\/\/challengeseconomiques.com\/?p=3073#article\",\"isPartOf\":{\"@id\":\"https:\/\/challengeseconomiques.com\/?p=3073\"},\"author\":{\"name\":\"admin\",\"@id\":\"https:\/\/challengeseconomiques.com\/#\/schema\/person\/b4568c9afebc5a9238a771873801e349\"},\"headline\":\"Fili\u00e8re Cuirs et Peaux Vers des cr\u00e9dits sp\u00e9cifiques pour promouvoir l\u2019entrepreneuriat\",\"datePublished\":\"2022-04-07T13:22:06+00:00\",\"dateModified\":\"2022-04-07T13:22:29+00:00\",\"mainEntityOfPage\":{\"@id\":\"https:\/\/challengeseconomiques.com\/?p=3073\"},\"wordCount\":375,\"image\":{\"@id\":\"https:\/\/challengeseconomiques.com\/?p=3073#primaryimage\"},\"thumbnailUrl\":\"https:\/\/challengeseconomiques.com\/wp-content\/uploads\/2021\/10\/Macky-Sall.jpg\",\"articleSection\":[\"A la une\",\"Infos \u00e9co\"],\"inLanguage\":\"fr-FR\"},{\"@type\":\"WebPage\",\"@id\":\"https:\/\/challengeseconomiques.com\/?p=3073\",\"url\":\"https:\/\/challengeseconomiques.com\/?p=3073\",\"name\":\"Fili\u00e8re Cuirs et Peaux Vers des cr\u00e9dits sp\u00e9cifiques pour promouvoir l\u2019entrepreneuriat - challenges economiques\",\"isPartOf\":{\"@id\":\"https:\/\/challengeseconomiques.com\/#website\"},\"primaryImageOfPage\":{\"@id\":\"https:\/\/challengeseconomiques.com\/?p=3073#primaryimage\"},\"image\":{\"@id\":\"https:\/\/challengeseconomiques.com\/?p=3073#primaryimage\"},\"thumbnailUrl\":\"https:\/\/challengeseconomiques.com\/wp-content\/uploads\/2021\/10\/Macky-Sall.jpg\",\"datePublished\":\"2022-04-07T13:22:06+00:00\",\"dateModified\":\"2022-04-07T13:22:29+00:00\",\"author\":{\"@id\":\"https:\/\/challengeseconomiques.com\/#\/schema\/person\/b4568c9afebc5a9238a771873801e349\"},\"breadcrumb\":{\"@id\":\"https:\/\/challengeseconomiques.com\/?p=3073#breadcrumb\"},\"inLanguage\":\"fr-FR\",\"potentialAction\":[{\"@type\":\"ReadAction\",\"target\":[\"https:\/\/challengeseconomiques.com\/?p=3073\"]}]},{\"@type\":\"ImageObject\",\"inLanguage\":\"fr-FR\",\"@id\":\"https:\/\/challengeseconomiques.com\/?p=3073#primaryimage\",\"url\":\"https:\/\/challengeseconomiques.com\/wp-content\/uploads\/2021\/10\/Macky-Sall.jpg\",\"contentUrl\":\"https:\/\/challengeseconomiques.com\/wp-content\/uploads\/2021\/10\/Macky-Sall.jpg\",\"width\":800,\"height\":500},{\"@type\":\"BreadcrumbList\",\"@id\":\"https:\/\/challengeseconomiques.com\/?p=3073#breadcrumb\",\"itemListElement\":[{\"@type\":\"ListItem\",\"position\":1,\"name\":\"Home\",\"item\":\"https:\/\/challengeseconomiques.com\/\"},{\"@type\":\"ListItem\",\"position\":2,\"name\":\"Fili\u00e8re Cuirs et Peaux Vers des cr\u00e9dits sp\u00e9cifiques pour promouvoir l\u2019entrepreneuriat\"}]},{\"@type\":\"WebSite\",\"@id\":\"https:\/\/challengeseconomiques.com\/#website\",\"url\":\"https:\/\/challengeseconomiques.com\/\",\"name\":\"challenges economiques\",\"description\":\"\",\"potentialAction\":[{\"@type\":\"SearchAction\",\"target\":{\"@type\":\"EntryPoint\",\"urlTemplate\":\"https:\/\/challengeseconomiques.com\/?s={search_term_string}\"},\"query-input\":{\"@type\":\"PropertyValueSpecification\",\"valueRequired\":true,\"valueName\":\"search_term_string\"}}],\"inLanguage\":\"fr-FR\"},{\"@type\":\"Person\",\"@id\":\"https:\/\/challengeseconomiques.com\/#\/schema\/person\/b4568c9afebc5a9238a771873801e349\",\"name\":\"admin\",\"image\":{\"@type\":\"ImageObject\",\"inLanguage\":\"fr-FR\",\"@id\":\"https:\/\/challengeseconomiques.com\/#\/schema\/person\/image\/\",\"url\":\"https:\/\/secure.gravatar.com\/avatar\/099e42240b5eea11acdb72751fcce0dd918603f0749d24974b7984ea47ed9fd9?s=96&d=mm&r=g\",\"contentUrl\":\"https:\/\/secure.gravatar.com\/avatar\/099e42240b5eea11acdb72751fcce0dd918603f0749d24974b7984ea47ed9fd9?s=96&d=mm&r=g\",\"caption\":\"admin\"},\"sameAs\":[\"https:\/\/challengeseconomiques.com\"],\"url\":\"https:\/\/challengeseconomiques.com\/?author=1\"}]}<\/script>\n<!-- \/ Yoast SEO plugin. -->","yoast_head_json":{"title":"Fili\u00e8re Cuirs et Peaux Vers des cr\u00e9dits sp\u00e9cifiques pour promouvoir l\u2019entrepreneuriat - challenges economiques","robots":{"index":"index","follow":"follow","max-snippet":"max-snippet:-1","max-image-preview":"max-image-preview:large","max-video-preview":"max-video-preview:-1"},"canonical":"https:\/\/challengeseconomiques.com\/?p=3073","og_locale":"fr_FR","og_type":"article","og_title":"Fili\u00e8re Cuirs et Peaux Vers des cr\u00e9dits sp\u00e9cifiques pour promouvoir l\u2019entrepreneuriat - challenges economiques","og_description":"Le S\u00e9n\u00e9gal dispose d\u2019un immense potentiel en cuirs et peaux. Mais le secteur peine encore \u00e0 prendre son envol. Pour changer la donne, le pr\u00e9sident...","og_url":"https:\/\/challengeseconomiques.com\/?p=3073","og_site_name":"challenges economiques","article_published_time":"2022-04-07T13:22:06+00:00","article_modified_time":"2022-04-07T13:22:29+00:00","og_image":[{"width":800,"height":500,"url":"https:\/\/challengeseconomiques.com\/wp-content\/uploads\/2021\/10\/Macky-Sall.jpg","type":"image\/jpeg"}],"author":"admin","twitter_card":"summary_large_image","twitter_misc":{"\u00c9crit par":"admin","Dur\u00e9e de lecture estim\u00e9e":"2 minutes"},"schema":{"@context":"https:\/\/schema.org","@graph":[{"@type":"Article","@id":"https:\/\/challengeseconomiques.com\/?p=3073#article","isPartOf":{"@id":"https:\/\/challengeseconomiques.com\/?p=3073"},"author":{"name":"admin","@id":"https:\/\/challengeseconomiques.com\/#\/schema\/person\/b4568c9afebc5a9238a771873801e349"},"headline":"Fili\u00e8re Cuirs et Peaux Vers des cr\u00e9dits sp\u00e9cifiques pour promouvoir l\u2019entrepreneuriat","datePublished":"2022-04-07T13:22:06+00:00","dateModified":"2022-04-07T13:22:29+00:00","mainEntityOfPage":{"@id":"https:\/\/challengeseconomiques.com\/?p=3073"},"wordCount":375,"image":{"@id":"https:\/\/challengeseconomiques.com\/?p=3073#primaryimage"},"thumbnailUrl":"https:\/\/challengeseconomiques.com\/wp-content\/uploads\/2021\/10\/Macky-Sall.jpg","articleSection":["A la une","Infos \u00e9co"],"inLanguage":"fr-FR"},{"@type":"WebPage","@id":"https:\/\/challengeseconomiques.com\/?p=3073","url":"https:\/\/challengeseconomiques.com\/?p=3073","name":"Fili\u00e8re Cuirs et Peaux Vers des cr\u00e9dits sp\u00e9cifiques pour promouvoir l\u2019entrepreneuriat - challenges economiques","isPartOf":{"@id":"https:\/\/challengeseconomiques.com\/#website"},"primaryImageOfPage":{"@id":"https:\/\/challengeseconomiques.com\/?p=3073#primaryimage"},"image":{"@id":"https:\/\/challengeseconomiques.com\/?p=3073#primaryimage"},"thumbnailUrl":"https:\/\/challengeseconomiques.com\/wp-content\/uploads\/2021\/10\/Macky-Sall.jpg","datePublished":"2022-04-07T13:22:06+00:00","dateModified":"2022-04-07T13:22:29+00:00","author":{"@id":"https:\/\/challengeseconomiques.com\/#\/schema\/person\/b4568c9afebc5a9238a771873801e349"},"breadcrumb":{"@id":"https:\/\/challengeseconomiques.com\/?p=3073#breadcrumb"},"inLanguage":"fr-FR","potentialAction":[{"@type":"ReadAction","target":["https:\/\/challengeseconomiques.com\/?p=3073"]}]},{"@type":"ImageObject","inLanguage":"fr-FR","@id":"https:\/\/challengeseconomiques.com\/?p=3073#primaryimage","url":"https:\/\/challengeseconomiques.com\/wp-content\/uploads\/2021\/10\/Macky-Sall.jpg","contentUrl":"https:\/\/challengeseconomiques.com\/wp-content\/uploads\/2021\/10\/Macky-Sall.jpg","width":800,"height":500},{"@type":"BreadcrumbList","@id":"https:\/\/challengeseconomiques.com\/?p=3073#breadcrumb","itemListElement":[{"@type":"ListItem","position":1,"name":"Home","item":"https:\/\/challengeseconomiques.com\/"},{"@type":"ListItem","position":2,"name":"Fili\u00e8re Cuirs et Peaux Vers des cr\u00e9dits sp\u00e9cifiques pour promouvoir l\u2019entrepreneuriat"}]},{"@type":"WebSite","@id":"https:\/\/challengeseconomiques.com\/#website","url":"https:\/\/challengeseconomiques.com\/","name":"challenges economiques","description":"","potentialAction":[{"@type":"SearchAction","target":{"@type":"EntryPoint","urlTemplate":"https:\/\/challengeseconomiques.com\/?s={search_term_string}"},"query-input":{"@type":"PropertyValueSpecification","valueRequired":true,"valueName":"search_term_string"}}],"inLanguage":"fr-FR"},{"@type":"Person","@id":"https:\/\/challengeseconomiques.com\/#\/schema\/person\/b4568c9afebc5a9238a771873801e349","name":"admin","image":{"@type":"ImageObject","inLanguage":"fr-FR","@id":"https:\/\/challengeseconomiques.com\/#\/schema\/person\/image\/","url":"https:\/\/secure.gravatar.com\/avatar\/099e42240b5eea11acdb72751fcce0dd918603f0749d24974b7984ea47ed9fd9?s=96&d=mm&r=g","contentUrl":"https:\/\/secure.gravatar.com\/avatar\/099e42240b5eea11acdb72751fcce0dd918603f0749d24974b7984ea47ed9fd9?s=96&d=mm&r=g","caption":"admin"},"sameAs":["https:\/\/challengeseconomiques.com"],"url":"https:\/\/challengeseconomiques.com\/?author=1"}]}},"jetpack_featured_media_url":"https:\/\/challengeseconomiques.com\/wp-content\/uploads\/2021\/10\/Macky-Sall.jpg","jetpack_sharing_enabled":true,"_links":{"self":[{"href":"https:\/\/challengeseconomiques.com\/index.php?rest_route=\/wp\/v2\/posts\/3073","targetHints":{"allow":["GET"]}}],"collection":[{"href":"https:\/\/challengeseconomiques.com\/index.php?rest_route=\/wp\/v2\/posts"}],"about":[{"href":"https:\/\/challengeseconomiques.com\/index.php?rest_route=\/wp\/v2\/types\/post"}],"author":[{"embeddable":true,"href":"https:\/\/challengeseconomiques.com\/index.php?rest_route=\/wp\/v2\/users\/1"}],"replies":[{"embeddable":true,"href":"https:\/\/challengeseconomiques.com\/index.php?rest_route=%2Fwp%2Fv2%2Fcomments&post=3073"}],"version-history":[{"count":2,"href":"https:\/\/challengeseconomiques.com\/index.php?rest_route=\/wp\/v2\/posts\/3073\/revisions"}],"predecessor-version":[{"id":3075,"href":"https:\/\/challengeseconomiques.com\/index.php?rest_route=\/wp\/v2\/posts\/3073\/revisions\/3075"}],"wp:featuredmedia":[{"embeddable":true,"href":"https:\/\/challengeseconomiques.com\/index.php?rest_route=\/wp\/v2\/media\/1923"}],"wp:attachment":[{"href":"https:\/\/challengeseconomiques.com\/index.php?rest_route=%2Fwp%2Fv2%2Fmedia&parent=3073"}],"wp:term":[{"taxonomy":"category","embeddable":true,"href":"https:\/\/challengeseconomiques.com\/index.php?rest_route=%2Fwp%2Fv2%2Fcategories&post=3073"},{"taxonomy":"post_tag","embeddable":true,"href":"https:\/\/challengeseconomiques.com\/index.php?rest_route=%2Fwp%2Fv2%2Ftags&post=3073"}],"curies":[{"name":"wp","href":"https:\/\/api.w.org\/{rel}","templated":true}]}}