{"id":3070,"date":"2022-04-07T13:15:12","date_gmt":"2022-04-07T13:15:12","guid":{"rendered":"https:\/\/challengeseconomiques.com\/?p=3070"},"modified":"2022-04-07T13:15:47","modified_gmt":"2022-04-07T13:15:47","slug":"inculpation-du-dg-dorange-money-sonatel-dement-linformation-parue-dans-la-presse","status":"publish","type":"post","link":"https:\/\/challengeseconomiques.com\/?p=3070","title":{"rendered":"\u00ab Inculpation \u00bb du DG d\u2019Orange Money Sonatel d\u00e9ment l\u2019information parue dans la presse"},"content":{"rendered":"<p>Une information, parue dans un quotidien de la place, le mercredi 06 avril 2022 et relay\u00e9e par la presse en ligne, a fait allusion \u00e0 une inculpation du DG d\u2019Orange Money pour d\u00e9tournement de fonds.<\/p>\n<p>Sonatel a tenu \u00e0 apporter quelques pr\u00e9cisions, dans un communiqu\u00e9 publi\u00e9 par le directeur de la Communication Institutionnelle et des Relations Ext\u00e9rieures.<\/p>\n<p>\u00ab&nbsp;Orange Finances Mobiles S\u00e9n\u00e9gal d\u00e9ment formellement les all\u00e9gations port\u00e9es \u00e0 l\u2019encontre de son Directeur G\u00e9n\u00e9ral par le biais de cette fausse information d\u00e9nu\u00e9e de tout fondement&nbsp;\u00bb, pr\u00e9cise-t-on.<\/p>\n<p>\u00ab&nbsp;La Direction G\u00e9n\u00e9rale d\u2019OFMS condamne de mani\u00e8re ferme cette diffusion d&rsquo;une fausse nouvelle visant \u00e0 porter atteinte \u00e0 l\u2019image d\u2019Orange Money et au-del\u00e0 du Groupe Sonatel&nbsp;\u00bb, ajoute le communiqu\u00e9.<\/p>\n<p>Pour terminer, \u00ab&nbsp;la direction g\u00e9n\u00e9rale d\u2019OFMS se r\u00e9serve le droit d&rsquo;entreprendre toute action n\u00e9cessaire, y compris judiciaire, \u00e0 l&rsquo;encontre des auteurs et complices de cette fausse nouvelle&nbsp;\u00bb.<\/p>\n","protected":false},"excerpt":{"rendered":"<p>Une information, parue dans un quotidien de la place, le mercredi 06 avril 2022 et relay\u00e9e par la presse en ligne, a fait allusion \u00e0&#8230;<\/p>\n","protected":false},"author":1,"featured_media":1114,"comment_status":"closed","ping_status":"open","sticky":false,"template":"","format":"standard","meta":{"_jetpack_memberships_contains_paid_content":false,"footnotes":""},"categories":[23,8],"tags":[],"class_list":["post-3070","post","type-post","status-publish","format-standard","has-post-thumbnail","hentry","category-a-la-une","category-actualite-economique","wpcat-23-id","wpcat-8-id"],"yoast_head":"<!-- This site is optimized with the Yoast SEO plugin v27.1.1 - https:\/\/yoast.com\/product\/yoast-seo-wordpress\/ -->\n<title>\u00ab Inculpation \u00bb du DG d\u2019Orange Money Sonatel d\u00e9ment l\u2019information parue dans la presse - challenges economiques<\/title>\n<meta name=\"robots\" content=\"index, follow, max-snippet:-1, max-image-preview:large, max-video-preview:-1\" \/>\n<link rel=\"canonical\" href=\"https:\/\/challengeseconomiques.com\/?p=3070\" \/>\n<meta property=\"og:locale\" content=\"fr_FR\" \/>\n<meta property=\"og:type\" content=\"article\" \/>\n<meta property=\"og:title\" content=\"\u00ab Inculpation \u00bb du DG d\u2019Orange Money Sonatel d\u00e9ment l\u2019information parue dans la presse - challenges economiques\" \/>\n<meta property=\"og:description\" content=\"Une information, parue dans un quotidien de la place, le mercredi 06 avril 2022 et relay\u00e9e par la presse en ligne, a fait allusion \u00e0...\" \/>\n<meta property=\"og:url\" content=\"https:\/\/challengeseconomiques.com\/?p=3070\" \/>\n<meta property=\"og:site_name\" content=\"challenges economiques\" \/>\n<meta property=\"article:published_time\" content=\"2022-04-07T13:15:12+00:00\" \/>\n<meta property=\"article:modified_time\" content=\"2022-04-07T13:15:47+00:00\" \/>\n<meta property=\"og:image\" content=\"https:\/\/challengeseconomiques.com\/wp-content\/uploads\/2021\/05\/orange.jpg\" \/>\n\t<meta property=\"og:image:width\" content=\"849\" \/>\n\t<meta property=\"og:image:height\" content=\"506\" \/>\n\t<meta property=\"og:image:type\" content=\"image\/jpeg\" \/>\n<meta name=\"author\" content=\"admin\" \/>\n<meta name=\"twitter:card\" content=\"summary_large_image\" \/>\n<meta name=\"twitter:label1\" content=\"\u00c9crit par\" \/>\n\t<meta name=\"twitter:data1\" content=\"admin\" \/>\n\t<meta name=\"twitter:label2\" content=\"Dur\u00e9e de lecture estim\u00e9e\" \/>\n\t<meta name=\"twitter:data2\" content=\"1 minute\" \/>\n<script type=\"application\/ld+json\" class=\"yoast-schema-graph\">{\"@context\":\"https:\/\/schema.org\",\"@graph\":[{\"@type\":\"Article\",\"@id\":\"https:\/\/challengeseconomiques.com\/?p=3070#article\",\"isPartOf\":{\"@id\":\"https:\/\/challengeseconomiques.com\/?p=3070\"},\"author\":{\"name\":\"admin\",\"@id\":\"https:\/\/challengeseconomiques.com\/#\/schema\/person\/b4568c9afebc5a9238a771873801e349\"},\"headline\":\"\u00ab Inculpation \u00bb du DG d\u2019Orange Money Sonatel d\u00e9ment l\u2019information parue dans la presse\",\"datePublished\":\"2022-04-07T13:15:12+00:00\",\"dateModified\":\"2022-04-07T13:15:47+00:00\",\"mainEntityOfPage\":{\"@id\":\"https:\/\/challengeseconomiques.com\/?p=3070\"},\"wordCount\":183,\"image\":{\"@id\":\"https:\/\/challengeseconomiques.com\/?p=3070#primaryimage\"},\"thumbnailUrl\":\"https:\/\/challengeseconomiques.com\/wp-content\/uploads\/2021\/05\/orange.jpg\",\"articleSection\":[\"A la une\",\"Actualit\u00e9 \u00e9conomique\"],\"inLanguage\":\"fr-FR\"},{\"@type\":\"WebPage\",\"@id\":\"https:\/\/challengeseconomiques.com\/?p=3070\",\"url\":\"https:\/\/challengeseconomiques.com\/?p=3070\",\"name\":\"\u00ab Inculpation \u00bb du DG d\u2019Orange Money Sonatel d\u00e9ment l\u2019information parue dans la presse - challenges economiques\",\"isPartOf\":{\"@id\":\"https:\/\/challengeseconomiques.com\/#website\"},\"primaryImageOfPage\":{\"@id\":\"https:\/\/challengeseconomiques.com\/?p=3070#primaryimage\"},\"image\":{\"@id\":\"https:\/\/challengeseconomiques.com\/?p=3070#primaryimage\"},\"thumbnailUrl\":\"https:\/\/challengeseconomiques.com\/wp-content\/uploads\/2021\/05\/orange.jpg\",\"datePublished\":\"2022-04-07T13:15:12+00:00\",\"dateModified\":\"2022-04-07T13:15:47+00:00\",\"author\":{\"@id\":\"https:\/\/challengeseconomiques.com\/#\/schema\/person\/b4568c9afebc5a9238a771873801e349\"},\"breadcrumb\":{\"@id\":\"https:\/\/challengeseconomiques.com\/?p=3070#breadcrumb\"},\"inLanguage\":\"fr-FR\",\"potentialAction\":[{\"@type\":\"ReadAction\",\"target\":[\"https:\/\/challengeseconomiques.com\/?p=3070\"]}]},{\"@type\":\"ImageObject\",\"inLanguage\":\"fr-FR\",\"@id\":\"https:\/\/challengeseconomiques.com\/?p=3070#primaryimage\",\"url\":\"https:\/\/challengeseconomiques.com\/wp-content\/uploads\/2021\/05\/orange.jpg\",\"contentUrl\":\"https:\/\/challengeseconomiques.com\/wp-content\/uploads\/2021\/05\/orange.jpg\",\"width\":849,\"height\":506},{\"@type\":\"BreadcrumbList\",\"@id\":\"https:\/\/challengeseconomiques.com\/?p=3070#breadcrumb\",\"itemListElement\":[{\"@type\":\"ListItem\",\"position\":1,\"name\":\"Home\",\"item\":\"https:\/\/challengeseconomiques.com\/\"},{\"@type\":\"ListItem\",\"position\":2,\"name\":\"\u00ab Inculpation \u00bb du DG d\u2019Orange Money Sonatel d\u00e9ment l\u2019information parue dans la presse\"}]},{\"@type\":\"WebSite\",\"@id\":\"https:\/\/challengeseconomiques.com\/#website\",\"url\":\"https:\/\/challengeseconomiques.com\/\",\"name\":\"challenges economiques\",\"description\":\"\",\"potentialAction\":[{\"@type\":\"SearchAction\",\"target\":{\"@type\":\"EntryPoint\",\"urlTemplate\":\"https:\/\/challengeseconomiques.com\/?s={search_term_string}\"},\"query-input\":{\"@type\":\"PropertyValueSpecification\",\"valueRequired\":true,\"valueName\":\"search_term_string\"}}],\"inLanguage\":\"fr-FR\"},{\"@type\":\"Person\",\"@id\":\"https:\/\/challengeseconomiques.com\/#\/schema\/person\/b4568c9afebc5a9238a771873801e349\",\"name\":\"admin\",\"image\":{\"@type\":\"ImageObject\",\"inLanguage\":\"fr-FR\",\"@id\":\"https:\/\/challengeseconomiques.com\/#\/schema\/person\/image\/\",\"url\":\"https:\/\/secure.gravatar.com\/avatar\/099e42240b5eea11acdb72751fcce0dd918603f0749d24974b7984ea47ed9fd9?s=96&d=mm&r=g\",\"contentUrl\":\"https:\/\/secure.gravatar.com\/avatar\/099e42240b5eea11acdb72751fcce0dd918603f0749d24974b7984ea47ed9fd9?s=96&d=mm&r=g\",\"caption\":\"admin\"},\"sameAs\":[\"https:\/\/challengeseconomiques.com\"],\"url\":\"https:\/\/challengeseconomiques.com\/?author=1\"}]}<\/script>\n<!-- \/ Yoast SEO plugin. -->","yoast_head_json":{"title":"\u00ab Inculpation \u00bb du DG d\u2019Orange Money Sonatel d\u00e9ment l\u2019information parue dans la presse - challenges economiques","robots":{"index":"index","follow":"follow","max-snippet":"max-snippet:-1","max-image-preview":"max-image-preview:large","max-video-preview":"max-video-preview:-1"},"canonical":"https:\/\/challengeseconomiques.com\/?p=3070","og_locale":"fr_FR","og_type":"article","og_title":"\u00ab Inculpation \u00bb du DG d\u2019Orange Money Sonatel d\u00e9ment l\u2019information parue dans la presse - challenges economiques","og_description":"Une information, parue dans un quotidien de la place, le mercredi 06 avril 2022 et relay\u00e9e par la presse en ligne, a fait allusion \u00e0...","og_url":"https:\/\/challengeseconomiques.com\/?p=3070","og_site_name":"challenges economiques","article_published_time":"2022-04-07T13:15:12+00:00","article_modified_time":"2022-04-07T13:15:47+00:00","og_image":[{"width":849,"height":506,"url":"https:\/\/challengeseconomiques.com\/wp-content\/uploads\/2021\/05\/orange.jpg","type":"image\/jpeg"}],"author":"admin","twitter_card":"summary_large_image","twitter_misc":{"\u00c9crit par":"admin","Dur\u00e9e de lecture estim\u00e9e":"1 minute"},"schema":{"@context":"https:\/\/schema.org","@graph":[{"@type":"Article","@id":"https:\/\/challengeseconomiques.com\/?p=3070#article","isPartOf":{"@id":"https:\/\/challengeseconomiques.com\/?p=3070"},"author":{"name":"admin","@id":"https:\/\/challengeseconomiques.com\/#\/schema\/person\/b4568c9afebc5a9238a771873801e349"},"headline":"\u00ab Inculpation \u00bb du DG d\u2019Orange Money Sonatel d\u00e9ment l\u2019information parue dans la presse","datePublished":"2022-04-07T13:15:12+00:00","dateModified":"2022-04-07T13:15:47+00:00","mainEntityOfPage":{"@id":"https:\/\/challengeseconomiques.com\/?p=3070"},"wordCount":183,"image":{"@id":"https:\/\/challengeseconomiques.com\/?p=3070#primaryimage"},"thumbnailUrl":"https:\/\/challengeseconomiques.com\/wp-content\/uploads\/2021\/05\/orange.jpg","articleSection":["A la une","Actualit\u00e9 \u00e9conomique"],"inLanguage":"fr-FR"},{"@type":"WebPage","@id":"https:\/\/challengeseconomiques.com\/?p=3070","url":"https:\/\/challengeseconomiques.com\/?p=3070","name":"\u00ab Inculpation \u00bb du DG d\u2019Orange Money Sonatel d\u00e9ment l\u2019information parue dans la presse - challenges economiques","isPartOf":{"@id":"https:\/\/challengeseconomiques.com\/#website"},"primaryImageOfPage":{"@id":"https:\/\/challengeseconomiques.com\/?p=3070#primaryimage"},"image":{"@id":"https:\/\/challengeseconomiques.com\/?p=3070#primaryimage"},"thumbnailUrl":"https:\/\/challengeseconomiques.com\/wp-content\/uploads\/2021\/05\/orange.jpg","datePublished":"2022-04-07T13:15:12+00:00","dateModified":"2022-04-07T13:15:47+00:00","author":{"@id":"https:\/\/challengeseconomiques.com\/#\/schema\/person\/b4568c9afebc5a9238a771873801e349"},"breadcrumb":{"@id":"https:\/\/challengeseconomiques.com\/?p=3070#breadcrumb"},"inLanguage":"fr-FR","potentialAction":[{"@type":"ReadAction","target":["https:\/\/challengeseconomiques.com\/?p=3070"]}]},{"@type":"ImageObject","inLanguage":"fr-FR","@id":"https:\/\/challengeseconomiques.com\/?p=3070#primaryimage","url":"https:\/\/challengeseconomiques.com\/wp-content\/uploads\/2021\/05\/orange.jpg","contentUrl":"https:\/\/challengeseconomiques.com\/wp-content\/uploads\/2021\/05\/orange.jpg","width":849,"height":506},{"@type":"BreadcrumbList","@id":"https:\/\/challengeseconomiques.com\/?p=3070#breadcrumb","itemListElement":[{"@type":"ListItem","position":1,"name":"Home","item":"https:\/\/challengeseconomiques.com\/"},{"@type":"ListItem","position":2,"name":"\u00ab Inculpation \u00bb du DG d\u2019Orange Money Sonatel d\u00e9ment l\u2019information parue dans la presse"}]},{"@type":"WebSite","@id":"https:\/\/challengeseconomiques.com\/#website","url":"https:\/\/challengeseconomiques.com\/","name":"challenges economiques","description":"","potentialAction":[{"@type":"SearchAction","target":{"@type":"EntryPoint","urlTemplate":"https:\/\/challengeseconomiques.com\/?s={search_term_string}"},"query-input":{"@type":"PropertyValueSpecification","valueRequired":true,"valueName":"search_term_string"}}],"inLanguage":"fr-FR"},{"@type":"Person","@id":"https:\/\/challengeseconomiques.com\/#\/schema\/person\/b4568c9afebc5a9238a771873801e349","name":"admin","image":{"@type":"ImageObject","inLanguage":"fr-FR","@id":"https:\/\/challengeseconomiques.com\/#\/schema\/person\/image\/","url":"https:\/\/secure.gravatar.com\/avatar\/099e42240b5eea11acdb72751fcce0dd918603f0749d24974b7984ea47ed9fd9?s=96&d=mm&r=g","contentUrl":"https:\/\/secure.gravatar.com\/avatar\/099e42240b5eea11acdb72751fcce0dd918603f0749d24974b7984ea47ed9fd9?s=96&d=mm&r=g","caption":"admin"},"sameAs":["https:\/\/challengeseconomiques.com"],"url":"https:\/\/challengeseconomiques.com\/?author=1"}]}},"jetpack_featured_media_url":"https:\/\/challengeseconomiques.com\/wp-content\/uploads\/2021\/05\/orange.jpg","jetpack_sharing_enabled":true,"_links":{"self":[{"href":"https:\/\/challengeseconomiques.com\/index.php?rest_route=\/wp\/v2\/posts\/3070","targetHints":{"allow":["GET"]}}],"collection":[{"href":"https:\/\/challengeseconomiques.com\/index.php?rest_route=\/wp\/v2\/posts"}],"about":[{"href":"https:\/\/challengeseconomiques.com\/index.php?rest_route=\/wp\/v2\/types\/post"}],"author":[{"embeddable":true,"href":"https:\/\/challengeseconomiques.com\/index.php?rest_route=\/wp\/v2\/users\/1"}],"replies":[{"embeddable":true,"href":"https:\/\/challengeseconomiques.com\/index.php?rest_route=%2Fwp%2Fv2%2Fcomments&post=3070"}],"version-history":[{"count":2,"href":"https:\/\/challengeseconomiques.com\/index.php?rest_route=\/wp\/v2\/posts\/3070\/revisions"}],"predecessor-version":[{"id":3072,"href":"https:\/\/challengeseconomiques.com\/index.php?rest_route=\/wp\/v2\/posts\/3070\/revisions\/3072"}],"wp:featuredmedia":[{"embeddable":true,"href":"https:\/\/challengeseconomiques.com\/index.php?rest_route=\/wp\/v2\/media\/1114"}],"wp:attachment":[{"href":"https:\/\/challengeseconomiques.com\/index.php?rest_route=%2Fwp%2Fv2%2Fmedia&parent=3070"}],"wp:term":[{"taxonomy":"category","embeddable":true,"href":"https:\/\/challengeseconomiques.com\/index.php?rest_route=%2Fwp%2Fv2%2Fcategories&post=3070"},{"taxonomy":"post_tag","embeddable":true,"href":"https:\/\/challengeseconomiques.com\/index.php?rest_route=%2Fwp%2Fv2%2Ftags&post=3070"}],"curies":[{"name":"wp","href":"https:\/\/api.w.org\/{rel}","templated":true}]}}