{"id":2715,"date":"2022-02-28T12:46:56","date_gmt":"2022-02-28T12:46:56","guid":{"rendered":"https:\/\/challengeseconomiques.com\/?p=2715"},"modified":"2022-02-28T13:07:57","modified_gmt":"2022-02-28T13:07:57","slug":"marche-des-titres-publics-de-lumoa-le-tresor-public-du-mali-dans-lincapacite-de-payer-ses-engagements-financiers","status":"publish","type":"post","link":"https:\/\/challengeseconomiques.com\/?p=2715","title":{"rendered":"March\u00e9 des titres Publics de l\u2019Umoa : Le tr\u00e9sor   public du Mali dans l\u2019incapacit\u00e9 de r\u00e9gler ses engagements financiers."},"content":{"rendered":"<p><strong>Les\u00a0 effets des sanctions impos\u00e9es au Mali par l\u2019UEMOA \u00a0commencent-ils \u00e0 se faire ressentir ? Dans une note adress\u00e9e aux investisseurs du march\u00e9 des titres publics (MTP) de l\u2019Umoa, l\u2019agence Umoa-titres fait \u00e9tat de l\u2019incapacit\u00e9 du Mali \u00e0 payer ses\u00a0 engagements financiers. <\/strong><br \/>\nDans une note d\u2019information destin\u00e9 aux investisseurs du march\u00e9 des titres publics de l\u2019Umoa, l\u2019Agence Umoa titres informe que le Tr\u00e9sor Public du Mali n\u2019a pas \u00e9t\u00e9 en mesure de proc\u00e9der au r\u00e8glement de ses engagements financiers sur le MTP en date du 25\/02\/2022.Cette d\u00e9marche est en conformit\u00e9 avec les missions d\u2019information des acteurs du March\u00e9 des Titres Publics (MTP), de l\u2019agence UMOA-Titres pr\u00e9cise-t-on dans la note.<br \/>\nIl a \u00e9t\u00e9 constat\u00e9 indique la note le non- paiement des sommes dues ce 25\/02\/2022 par l\u2019Etat du Mali au titre du<br \/>\npaiement des int\u00e9r\u00eats sur les Obligations Assimilables du Tr\u00e9sor r\u00e9f\u00e9renc\u00e9es (codes ISIN)\u00a0 ML0000001601 et ML0000001619 pour un montant total de FCFA 5,46 Milliards.<br \/>\nD\u2019apr\u00e8s la note, cet incident de paiement intervient dans un contexte o\u00f9 l\u2019Etat du Mali est soumis \u00e0 des sanctions prises \u00e0 son encontre par la Conf\u00e9rence des Chefs d\u2019Etat et de Gouvernement de la CEDEAO.<br \/>\nCette situation est suivie avec attention par UMOA-Titres afin de s\u2019assurer du traitement optimal des \u00e9ch\u00e9ances de la dette contract\u00e9e par l\u2019Etat du Mali sur le MTP, et ce en collaboration avec les institutions concern\u00e9es rassure l\u2019Agence Umoa-Titres.<br \/>\nEn outre, elle affirme \u00a0en conclusion de \u00a0cette note adress\u00e9e aux investisseurs du MTP \u00ab Nous demeurons mobilis\u00e9s et attentifs \u00e0 la situation des investisseurs du March\u00e9 des Titres Publics et r\u00e9affirmons notre d\u00e9termination \u00e0 prendre dans le cadre de nos missions, toutes les initiatives pour garantir un fonctionnement optimal du March\u00e9 des Titres Publics \u00bb.<\/p>\n","protected":false},"excerpt":{"rendered":"<p>Les\u00a0 effets des sanctions impos\u00e9es au Mali par l\u2019UEMOA \u00a0commencent-ils \u00e0 se faire ressentir ? Dans une note adress\u00e9e aux investisseurs du march\u00e9 des titres&#8230;<\/p>\n","protected":false},"author":1,"featured_media":2716,"comment_status":"closed","ping_status":"open","sticky":false,"template":"","format":"standard","meta":{"_jetpack_memberships_contains_paid_content":false,"footnotes":""},"categories":[23,10],"tags":[],"class_list":["post-2715","post","type-post","status-publish","format-standard","has-post-thumbnail","hentry","category-a-la-une","category-infos-eco","wpcat-23-id","wpcat-10-id"],"yoast_head":"<!-- This site is optimized with the Yoast SEO plugin v27.1.1 - https:\/\/yoast.com\/product\/yoast-seo-wordpress\/ -->\n<title>March\u00e9 des titres Publics de l\u2019Umoa : Le tr\u00e9sor  public du Mali dans l\u2019incapacit\u00e9 de r\u00e9gler ses engagements financiers. - challenges economiques<\/title>\n<meta name=\"robots\" content=\"index, follow, max-snippet:-1, max-image-preview:large, max-video-preview:-1\" \/>\n<link rel=\"canonical\" href=\"https:\/\/challengeseconomiques.com\/?p=2715\" \/>\n<meta property=\"og:locale\" content=\"fr_FR\" \/>\n<meta property=\"og:type\" content=\"article\" \/>\n<meta property=\"og:title\" content=\"March\u00e9 des titres Publics de l\u2019Umoa : Le tr\u00e9sor  public du Mali dans l\u2019incapacit\u00e9 de r\u00e9gler ses engagements financiers. - challenges economiques\" \/>\n<meta property=\"og:description\" content=\"Les\u00a0 effets des sanctions impos\u00e9es au Mali par l\u2019UEMOA \u00a0commencent-ils \u00e0 se faire ressentir ? Dans une note adress\u00e9e aux investisseurs du march\u00e9 des titres...\" \/>\n<meta property=\"og:url\" content=\"https:\/\/challengeseconomiques.com\/?p=2715\" \/>\n<meta property=\"og:site_name\" content=\"challenges economiques\" \/>\n<meta property=\"article:published_time\" content=\"2022-02-28T12:46:56+00:00\" \/>\n<meta property=\"article:modified_time\" content=\"2022-02-28T13:07:57+00:00\" \/>\n<meta property=\"og:image\" content=\"https:\/\/challengeseconomiques.com\/wp-content\/uploads\/2022\/02\/tresor-public-bamako-mali.jpg\" \/>\n\t<meta property=\"og:image:width\" content=\"780\" \/>\n\t<meta property=\"og:image:height\" content=\"440\" \/>\n\t<meta property=\"og:image:type\" content=\"image\/jpeg\" \/>\n<meta name=\"author\" content=\"admin\" \/>\n<meta name=\"twitter:card\" content=\"summary_large_image\" \/>\n<meta name=\"twitter:label1\" content=\"\u00c9crit par\" \/>\n\t<meta name=\"twitter:data1\" content=\"admin\" \/>\n\t<meta name=\"twitter:label2\" content=\"Dur\u00e9e de lecture estim\u00e9e\" \/>\n\t<meta name=\"twitter:data2\" content=\"2 minutes\" \/>\n<script type=\"application\/ld+json\" class=\"yoast-schema-graph\">{\"@context\":\"https:\/\/schema.org\",\"@graph\":[{\"@type\":\"Article\",\"@id\":\"https:\/\/challengeseconomiques.com\/?p=2715#article\",\"isPartOf\":{\"@id\":\"https:\/\/challengeseconomiques.com\/?p=2715\"},\"author\":{\"name\":\"admin\",\"@id\":\"https:\/\/challengeseconomiques.com\/#\/schema\/person\/b4568c9afebc5a9238a771873801e349\"},\"headline\":\"March\u00e9 des titres Publics de l\u2019Umoa : Le tr\u00e9sor public du Mali dans l\u2019incapacit\u00e9 de r\u00e9gler ses engagements financiers.\",\"datePublished\":\"2022-02-28T12:46:56+00:00\",\"dateModified\":\"2022-02-28T13:07:57+00:00\",\"mainEntityOfPage\":{\"@id\":\"https:\/\/challengeseconomiques.com\/?p=2715\"},\"wordCount\":334,\"image\":{\"@id\":\"https:\/\/challengeseconomiques.com\/?p=2715#primaryimage\"},\"thumbnailUrl\":\"https:\/\/challengeseconomiques.com\/wp-content\/uploads\/2022\/02\/tresor-public-bamako-mali.jpg\",\"articleSection\":[\"A la une\",\"Infos \u00e9co\"],\"inLanguage\":\"fr-FR\"},{\"@type\":\"WebPage\",\"@id\":\"https:\/\/challengeseconomiques.com\/?p=2715\",\"url\":\"https:\/\/challengeseconomiques.com\/?p=2715\",\"name\":\"March\u00e9 des titres Publics de l\u2019Umoa : Le tr\u00e9sor public du Mali dans l\u2019incapacit\u00e9 de r\u00e9gler ses engagements financiers. - challenges economiques\",\"isPartOf\":{\"@id\":\"https:\/\/challengeseconomiques.com\/#website\"},\"primaryImageOfPage\":{\"@id\":\"https:\/\/challengeseconomiques.com\/?p=2715#primaryimage\"},\"image\":{\"@id\":\"https:\/\/challengeseconomiques.com\/?p=2715#primaryimage\"},\"thumbnailUrl\":\"https:\/\/challengeseconomiques.com\/wp-content\/uploads\/2022\/02\/tresor-public-bamako-mali.jpg\",\"datePublished\":\"2022-02-28T12:46:56+00:00\",\"dateModified\":\"2022-02-28T13:07:57+00:00\",\"author\":{\"@id\":\"https:\/\/challengeseconomiques.com\/#\/schema\/person\/b4568c9afebc5a9238a771873801e349\"},\"breadcrumb\":{\"@id\":\"https:\/\/challengeseconomiques.com\/?p=2715#breadcrumb\"},\"inLanguage\":\"fr-FR\",\"potentialAction\":[{\"@type\":\"ReadAction\",\"target\":[\"https:\/\/challengeseconomiques.com\/?p=2715\"]}]},{\"@type\":\"ImageObject\",\"inLanguage\":\"fr-FR\",\"@id\":\"https:\/\/challengeseconomiques.com\/?p=2715#primaryimage\",\"url\":\"https:\/\/challengeseconomiques.com\/wp-content\/uploads\/2022\/02\/tresor-public-bamako-mali.jpg\",\"contentUrl\":\"https:\/\/challengeseconomiques.com\/wp-content\/uploads\/2022\/02\/tresor-public-bamako-mali.jpg\",\"width\":780,\"height\":440},{\"@type\":\"BreadcrumbList\",\"@id\":\"https:\/\/challengeseconomiques.com\/?p=2715#breadcrumb\",\"itemListElement\":[{\"@type\":\"ListItem\",\"position\":1,\"name\":\"Home\",\"item\":\"https:\/\/challengeseconomiques.com\/\"},{\"@type\":\"ListItem\",\"position\":2,\"name\":\"March\u00e9 des titres Publics de l\u2019Umoa : Le tr\u00e9sor public du Mali dans l\u2019incapacit\u00e9 de r\u00e9gler ses engagements financiers.\"}]},{\"@type\":\"WebSite\",\"@id\":\"https:\/\/challengeseconomiques.com\/#website\",\"url\":\"https:\/\/challengeseconomiques.com\/\",\"name\":\"challenges economiques\",\"description\":\"\",\"potentialAction\":[{\"@type\":\"SearchAction\",\"target\":{\"@type\":\"EntryPoint\",\"urlTemplate\":\"https:\/\/challengeseconomiques.com\/?s={search_term_string}\"},\"query-input\":{\"@type\":\"PropertyValueSpecification\",\"valueRequired\":true,\"valueName\":\"search_term_string\"}}],\"inLanguage\":\"fr-FR\"},{\"@type\":\"Person\",\"@id\":\"https:\/\/challengeseconomiques.com\/#\/schema\/person\/b4568c9afebc5a9238a771873801e349\",\"name\":\"admin\",\"image\":{\"@type\":\"ImageObject\",\"inLanguage\":\"fr-FR\",\"@id\":\"https:\/\/challengeseconomiques.com\/#\/schema\/person\/image\/\",\"url\":\"https:\/\/secure.gravatar.com\/avatar\/099e42240b5eea11acdb72751fcce0dd918603f0749d24974b7984ea47ed9fd9?s=96&d=mm&r=g\",\"contentUrl\":\"https:\/\/secure.gravatar.com\/avatar\/099e42240b5eea11acdb72751fcce0dd918603f0749d24974b7984ea47ed9fd9?s=96&d=mm&r=g\",\"caption\":\"admin\"},\"sameAs\":[\"https:\/\/challengeseconomiques.com\"],\"url\":\"https:\/\/challengeseconomiques.com\/?author=1\"}]}<\/script>\n<!-- \/ Yoast SEO plugin. -->","yoast_head_json":{"title":"March\u00e9 des titres Publics de l\u2019Umoa : Le tr\u00e9sor  public du Mali dans l\u2019incapacit\u00e9 de r\u00e9gler ses engagements financiers. - challenges economiques","robots":{"index":"index","follow":"follow","max-snippet":"max-snippet:-1","max-image-preview":"max-image-preview:large","max-video-preview":"max-video-preview:-1"},"canonical":"https:\/\/challengeseconomiques.com\/?p=2715","og_locale":"fr_FR","og_type":"article","og_title":"March\u00e9 des titres Publics de l\u2019Umoa : Le tr\u00e9sor  public du Mali dans l\u2019incapacit\u00e9 de r\u00e9gler ses engagements financiers. - challenges economiques","og_description":"Les\u00a0 effets des sanctions impos\u00e9es au Mali par l\u2019UEMOA \u00a0commencent-ils \u00e0 se faire ressentir ? Dans une note adress\u00e9e aux investisseurs du march\u00e9 des titres...","og_url":"https:\/\/challengeseconomiques.com\/?p=2715","og_site_name":"challenges economiques","article_published_time":"2022-02-28T12:46:56+00:00","article_modified_time":"2022-02-28T13:07:57+00:00","og_image":[{"width":780,"height":440,"url":"https:\/\/challengeseconomiques.com\/wp-content\/uploads\/2022\/02\/tresor-public-bamako-mali.jpg","type":"image\/jpeg"}],"author":"admin","twitter_card":"summary_large_image","twitter_misc":{"\u00c9crit par":"admin","Dur\u00e9e de lecture estim\u00e9e":"2 minutes"},"schema":{"@context":"https:\/\/schema.org","@graph":[{"@type":"Article","@id":"https:\/\/challengeseconomiques.com\/?p=2715#article","isPartOf":{"@id":"https:\/\/challengeseconomiques.com\/?p=2715"},"author":{"name":"admin","@id":"https:\/\/challengeseconomiques.com\/#\/schema\/person\/b4568c9afebc5a9238a771873801e349"},"headline":"March\u00e9 des titres Publics de l\u2019Umoa : Le tr\u00e9sor public du Mali dans l\u2019incapacit\u00e9 de r\u00e9gler ses engagements financiers.","datePublished":"2022-02-28T12:46:56+00:00","dateModified":"2022-02-28T13:07:57+00:00","mainEntityOfPage":{"@id":"https:\/\/challengeseconomiques.com\/?p=2715"},"wordCount":334,"image":{"@id":"https:\/\/challengeseconomiques.com\/?p=2715#primaryimage"},"thumbnailUrl":"https:\/\/challengeseconomiques.com\/wp-content\/uploads\/2022\/02\/tresor-public-bamako-mali.jpg","articleSection":["A la une","Infos \u00e9co"],"inLanguage":"fr-FR"},{"@type":"WebPage","@id":"https:\/\/challengeseconomiques.com\/?p=2715","url":"https:\/\/challengeseconomiques.com\/?p=2715","name":"March\u00e9 des titres Publics de l\u2019Umoa : Le tr\u00e9sor public du Mali dans l\u2019incapacit\u00e9 de r\u00e9gler ses engagements financiers. - challenges economiques","isPartOf":{"@id":"https:\/\/challengeseconomiques.com\/#website"},"primaryImageOfPage":{"@id":"https:\/\/challengeseconomiques.com\/?p=2715#primaryimage"},"image":{"@id":"https:\/\/challengeseconomiques.com\/?p=2715#primaryimage"},"thumbnailUrl":"https:\/\/challengeseconomiques.com\/wp-content\/uploads\/2022\/02\/tresor-public-bamako-mali.jpg","datePublished":"2022-02-28T12:46:56+00:00","dateModified":"2022-02-28T13:07:57+00:00","author":{"@id":"https:\/\/challengeseconomiques.com\/#\/schema\/person\/b4568c9afebc5a9238a771873801e349"},"breadcrumb":{"@id":"https:\/\/challengeseconomiques.com\/?p=2715#breadcrumb"},"inLanguage":"fr-FR","potentialAction":[{"@type":"ReadAction","target":["https:\/\/challengeseconomiques.com\/?p=2715"]}]},{"@type":"ImageObject","inLanguage":"fr-FR","@id":"https:\/\/challengeseconomiques.com\/?p=2715#primaryimage","url":"https:\/\/challengeseconomiques.com\/wp-content\/uploads\/2022\/02\/tresor-public-bamako-mali.jpg","contentUrl":"https:\/\/challengeseconomiques.com\/wp-content\/uploads\/2022\/02\/tresor-public-bamako-mali.jpg","width":780,"height":440},{"@type":"BreadcrumbList","@id":"https:\/\/challengeseconomiques.com\/?p=2715#breadcrumb","itemListElement":[{"@type":"ListItem","position":1,"name":"Home","item":"https:\/\/challengeseconomiques.com\/"},{"@type":"ListItem","position":2,"name":"March\u00e9 des titres Publics de l\u2019Umoa : Le tr\u00e9sor public du Mali dans l\u2019incapacit\u00e9 de r\u00e9gler ses engagements financiers."}]},{"@type":"WebSite","@id":"https:\/\/challengeseconomiques.com\/#website","url":"https:\/\/challengeseconomiques.com\/","name":"challenges economiques","description":"","potentialAction":[{"@type":"SearchAction","target":{"@type":"EntryPoint","urlTemplate":"https:\/\/challengeseconomiques.com\/?s={search_term_string}"},"query-input":{"@type":"PropertyValueSpecification","valueRequired":true,"valueName":"search_term_string"}}],"inLanguage":"fr-FR"},{"@type":"Person","@id":"https:\/\/challengeseconomiques.com\/#\/schema\/person\/b4568c9afebc5a9238a771873801e349","name":"admin","image":{"@type":"ImageObject","inLanguage":"fr-FR","@id":"https:\/\/challengeseconomiques.com\/#\/schema\/person\/image\/","url":"https:\/\/secure.gravatar.com\/avatar\/099e42240b5eea11acdb72751fcce0dd918603f0749d24974b7984ea47ed9fd9?s=96&d=mm&r=g","contentUrl":"https:\/\/secure.gravatar.com\/avatar\/099e42240b5eea11acdb72751fcce0dd918603f0749d24974b7984ea47ed9fd9?s=96&d=mm&r=g","caption":"admin"},"sameAs":["https:\/\/challengeseconomiques.com"],"url":"https:\/\/challengeseconomiques.com\/?author=1"}]}},"jetpack_featured_media_url":"https:\/\/challengeseconomiques.com\/wp-content\/uploads\/2022\/02\/tresor-public-bamako-mali.jpg","jetpack_sharing_enabled":true,"_links":{"self":[{"href":"https:\/\/challengeseconomiques.com\/index.php?rest_route=\/wp\/v2\/posts\/2715","targetHints":{"allow":["GET"]}}],"collection":[{"href":"https:\/\/challengeseconomiques.com\/index.php?rest_route=\/wp\/v2\/posts"}],"about":[{"href":"https:\/\/challengeseconomiques.com\/index.php?rest_route=\/wp\/v2\/types\/post"}],"author":[{"embeddable":true,"href":"https:\/\/challengeseconomiques.com\/index.php?rest_route=\/wp\/v2\/users\/1"}],"replies":[{"embeddable":true,"href":"https:\/\/challengeseconomiques.com\/index.php?rest_route=%2Fwp%2Fv2%2Fcomments&post=2715"}],"version-history":[{"count":4,"href":"https:\/\/challengeseconomiques.com\/index.php?rest_route=\/wp\/v2\/posts\/2715\/revisions"}],"predecessor-version":[{"id":2720,"href":"https:\/\/challengeseconomiques.com\/index.php?rest_route=\/wp\/v2\/posts\/2715\/revisions\/2720"}],"wp:featuredmedia":[{"embeddable":true,"href":"https:\/\/challengeseconomiques.com\/index.php?rest_route=\/wp\/v2\/media\/2716"}],"wp:attachment":[{"href":"https:\/\/challengeseconomiques.com\/index.php?rest_route=%2Fwp%2Fv2%2Fmedia&parent=2715"}],"wp:term":[{"taxonomy":"category","embeddable":true,"href":"https:\/\/challengeseconomiques.com\/index.php?rest_route=%2Fwp%2Fv2%2Fcategories&post=2715"},{"taxonomy":"post_tag","embeddable":true,"href":"https:\/\/challengeseconomiques.com\/index.php?rest_route=%2Fwp%2Fv2%2Ftags&post=2715"}],"curies":[{"name":"wp","href":"https:\/\/api.w.org\/{rel}","templated":true}]}}