{"id":2527,"date":"2022-01-17T22:53:41","date_gmt":"2022-01-17T22:53:41","guid":{"rendered":"https:\/\/challengeseconomiques.com\/?p=2527"},"modified":"2022-01-17T22:55:47","modified_gmt":"2022-01-17T22:55:47","slug":"tour-dhorizon-des-faits-marquants-de-lactualite-miniere-africaine-en-2021","status":"publish","type":"post","link":"https:\/\/challengeseconomiques.com\/?p=2527","title":{"rendered":"Tour d\u2019horizon des faits marquants de l\u2019actualit\u00e9 mini\u00e8re africaine en 2021"},"content":{"rendered":"<p class=\"texte textearticle\"><strong><em>L\u2019ann\u00e9e 2020 a \u00e9t\u00e9 plac\u00e9e sous le signe de la r\u00e9silience pour le secteur minier africain qui devait faire face \u00e0 la pand\u00e9mie de Covid-19. En 2021, l\u2019industrie a poursuivi sur cette voie et est all\u00e9e bien au-del\u00e0, avec le d\u00e9veloppement de plusieurs projets capables d\u2019approvisionner le monde en m\u00e9taux essentiels pour son avenir. L\u2019Agence Ecofin vous propose un tour d\u2019horizon des faits marquants des douze derniers mois dans ce secteur vital pour les \u00e9conomies de plusieurs pays africains.<\/em><\/strong><\/p>\n<p class=\"texte textearticle\"><strong>Une ann\u00e9e historique pour le cuivre<\/strong><\/p>\n<p class=\"texte textearticle\">Le m\u00e9tal rouge, surnomm\u00e9 Dr Copper, car il repr\u00e9sente un bon indicateur de la sant\u00e9 \u00e9conomique mondiale, n\u2019a pas d\u00e9menti sa r\u00e9putation en 2021. Dans le sillage de la reprise \u00e9conomique mondiale, soutenue par les campagnes de vaccination massives, le cuivre a en effet poursuivi sa tendance haussi\u00e8re d\u00e9but\u00e9e mi-2020 pour atteindre un record historique. En mai dernier, sur la London Metal Exchange (LME), il a battu son pr\u00e9c\u00e9dent record de 2011 (prix l\u00e9g\u00e8rement au-dessus de 10&nbsp;000&nbsp;$ la tonne) et s\u2019est hiss\u00e9 \u00e0 plus de 10&nbsp;700&nbsp;$.<\/p>\n<p class=\"texte textearticle\">Malgr\u00e9 une tendance \u00e0 la baisse depuis lors, notons que le cuivre se n\u00e9gocie toujours au-dessus de 9&nbsp;000&nbsp;$ la tonne, aussi bien pour les prix au comptant que pour les contrats \u00e0 terme. Cette situation doit beaucoup aux perspectives tr\u00e8s optimistes pour certains secteurs appel\u00e9s \u00e0 consommer \u00e9norm\u00e9ment de cuivre&nbsp;: v\u00e9hicules \u00e9lectriques (VE), solaire, \u00e9olien ainsi que tous les autres domaines li\u00e9s \u00e0 l\u2019\u00e9conomie bas carbone du futur. Plusieurs analystes s\u2019accordent m\u00eame pour pr\u00e9dire un d\u00e9ficit sur toute la d\u00e9cennie, ce qui devrait maintenir les prix hauts.<\/p>\n<p class=\"texte textearticle\"><strong>En RDC, la future deuxi\u00e8me plus grande mine de cuivre au monde entre en production<\/strong><\/p>\n<p class=\"texte textearticle\">Si la hausse du cuivre en 2021 a \u00e9t\u00e9 une bonne nouvelle pour les compagnies et pays producteurs, certains ont eu davantage de raisons de se r\u00e9jouir. C\u2019est le cas d\u2019Ivanhoe Mines et Zijin Mining qui ont lanc\u00e9 en mai ce qui devrait devenir \u00e0 terme la deuxi\u00e8me plus grande mine de cuivre au monde. Kamoa-Kakula, puisque c\u2019est d\u2019elle qu\u2019il s\u2019agit, a produit 105&nbsp;884 tonnes de concentr\u00e9 de cuivre, pendant ces quelques mois d\u2019activit\u00e9 en 2021, et les deux partenaires du projet visent entre 290 et 340&nbsp;000 tonnes pour 2022.<\/p>\n<p class=\"texte textearticle\">Avec cette entr\u00e9e en production, la RDC conforte davantage sa place de leader en Afrique. Mieux, le pays devrait devenir le troisi\u00e8me producteur mondial du m\u00e9tal rouge, derri\u00e8re les deux g\u00e9ants sud-am\u00e9ricains, Chili et P\u00e9rou, selon les estimations de Fitch. En plus des redevances mini\u00e8res et taxes que l\u2019Etat congolais devrait r\u00e9cup\u00e9rer sur la dur\u00e9e de vie estim\u00e9e actuellement \u00e0 un peu moins d\u2019un demi-si\u00e8cle, notons que Kamoa-Kakula va participer \u00e0 l\u2019industrialisation du pays et \u00e0 la politique de transformation locale des min\u00e9raux voulue par Kinshasa. Ivanhoe Mines et son partenaire ont en effet lanc\u00e9, au dernier trimestre 2021, la construction de la plus grande fonderie de cuivre d\u2019Afrique. Int\u00e9gr\u00e9e au complexe minier de Kamoa-Kakula, elle devrait produire annuellement 500&nbsp;000 tonnes de cuivre blister.<\/p>\n<p class=\"texte textearticle\"><strong>Le boom des VE et son impact sur les m\u00e9taux strat\u00e9giques<\/strong><\/p>\n<p class=\"texte textearticle\">2021 a \u00e9t\u00e9 aussi l\u2019ann\u00e9e o\u00f9 le boom des v\u00e9hicules \u00e9lectriques est devenu un peu plus une r\u00e9alit\u00e9. Si la p\u00e9nurie de certains composants \u00e9lectroniques n\u00e9cessaires \u00e0 leur fonctionnement en a limit\u00e9 la production, la demande est rest\u00e9e forte et, avec elle, le prix des m\u00e9taux qui entrent dans leur fabrication. Sur le march\u00e9 de r\u00e9f\u00e9rence qu\u2019est la LME, le cuivre n\u2019a donc pas \u00e9t\u00e9 le seul \u00e0 affoler les compteurs puisque le prix du cobalt a plus que doubl\u00e9 en un an pour cl\u00f4turer \u00e0 environ 70&nbsp;000&nbsp;$ la tonne, le 31 d\u00e9cembre 2021. En d\u00e9cembre seulement, l\u2019hydroxyde de lithium a de son c\u00f4t\u00e9 gagn\u00e9 5%. Et les perspectives sont encore plus prometteuses pour les pays producteurs de ces diff\u00e9rents m\u00e9taux, car la demande pour les VE devrait continuer de cro\u00eetre, port\u00e9e par les plans des gouvernants europ\u00e9ens et am\u00e9ricains visant \u00e0 interdire les moteurs \u00e0 combustion, d\u2019ici 2035. Les plus grands constructeurs automobiles investissent d\u2019ailleurs plus que jamais dans leur strat\u00e9gie \u00e9lectrique, autrefois r\u00e9duite \u00e0 la portion congrue. L\u2019allemand Volkswagen, par exemple, compte ainsi consacrer la moiti\u00e9 (et m\u00eame plus) de ses nouvelles d\u00e9penses dans l\u2019\u00e9lectrique, afin d\u2019atteindre 50% de ventes de voitures \u00e9lectriques d\u00e8s 2030 et jusqu\u2019\u00e0 100% d\u2019ici 2040 sur ses march\u00e9s principaux. Comme ses pairs Tesla et Toyota, la soci\u00e9t\u00e9 au centre du dieselgate en 2015 va aussi investir dans les batteries \u00e9lectriques pour limiter sa d\u00e9pendance vis-\u00e0-vis de l\u2019approvisionnement chinois, avec la construction en Europe de plusieurs usines d\u00e9di\u00e9es.<\/p>\n<p class=\"texte textearticle\"><strong><em>Plusieurs pays africains se positionnent<\/em><\/strong><\/p>\n<p class=\"texte textearticle\">Ces divers d\u00e9veloppements font dire aux analystes du cabinet Fitch Solutions que les d\u00e9ficits sur le march\u00e9 du lithium seront de plus en plus importants d\u2019ici 2030, et ce, malgr\u00e9 l\u2019apparition de nouveaux producteurs sur le march\u00e9. Si la participation des pays africains au boom des v\u00e9hicules \u00e9lectriques est encore n\u00e9gligeable, des avanc\u00e9es d\u00e9cisives ont n\u00e9anmoins \u00e9t\u00e9 enregistr\u00e9es cette ann\u00e9e, particuli\u00e8rement dans le secteur du lithium. Quatre projets ont ainsi retenu l\u2019attention, dont deux en Afrique de l\u2019Ouest.<\/p>\n<p class=\"texte textearticle\">Au Ghana, l\u2019am\u00e9ricain Piedmont Lithium, sp\u00e9cialis\u00e9 dans la fourniture d\u2019hydroxyde de lithium, s\u2019est engag\u00e9 \u00e0 apporter le financement n\u00e9cessaire \u00e0 la construction de la mine Ewoyaa, d\u00e8s qu\u2019une \u00e9tude de faisabilit\u00e9 positive sera disponible. Si le projet reste encore loin du d\u00e9but des travaux de construction, les donn\u00e9es disponibles laissent esp\u00e9rer que le lithium pourrait devenir tr\u00e8s vite l\u2019un des principaux contributeurs aux recettes mini\u00e8res de l\u2019ex-Gold Coast. Selon la derni\u00e8re \u00e9tude exploratoire publi\u00e9e par son propri\u00e9taire Atlantic Lithium, Ewoyaa peut en effet g\u00e9n\u00e9rer plus de 3,4 milliards&nbsp;$ de revenus en 11 ans, pour un investissement initial estim\u00e9 \u00e0 seulement 70 millions&nbsp;$. La mine devrait livrer annuellement 300\u2009000 tonnes de concentr\u00e9 de spodum\u00e8ne titrant 6&nbsp;% d\u2019oxyde de lithium.<\/p>\n<p class=\"texte textearticle\">Beaucoup plus avanc\u00e9 et encore plus important, Goulamina (Mali) est le second projet de lithium en Afrique de l\u2019Ouest qui a b\u00e9n\u00e9fici\u00e9 d\u2019un accord de financement en 2021. Son propri\u00e9taire, l\u2019australien Firefinch, est en effet tomb\u00e9 d\u2019accord avec le chinois Ganfeng Lithium qui devrait mobiliser les fonds n\u00e9cessaires \u00e0 l\u2019entr\u00e9e en production de la mine. Elle peut livrer, d\u2019apr\u00e8s l\u2019\u00e9tude de faisabilit\u00e9 actualis\u00e9e publi\u00e9e en d\u00e9cembre dernier, 726\u2009000 tonnes de concentr\u00e9 de spodum\u00e8ne par an, sur une dur\u00e9e de vie de 21 ans.<\/p>\n<p class=\"texte textearticle\">Dans les derniers jours de 2021, c\u2019est un autre projet de lithium au Zimbabwe qui a &#8211; non pas b\u00e9n\u00e9fici\u00e9 d\u2019un financement &#8211; mais simplement chang\u00e9 de mains, passant de l\u2019escarcelle de l\u2019australien Prospect Resources, \u00e0 celle du chinois Zhejiang Huayou Cobalt. Cette prise de contr\u00f4le d\u2019Arcadia, la troisi\u00e8me participation d\u2019entreprises chinoises \u00e0 des projets africains de lithium en 2021, peut susciter des r\u00e9actions sur la \u00ab&nbsp;<em>colonisation<\/em>&nbsp;\u00bb du sous-sol du continent par l\u2019empire du Milieu. Elle repr\u00e9sente n\u00e9anmoins une bonne nouvelle relative pour le Zimbabwe, car la mobilisation du financement devrait se faire plus facilement avec le nouveau propri\u00e9taire qui cherche \u00e0 construire un portefeuille de lithium pour augmenter sa production de m\u00e9taux n\u00e9cessaires aux v\u00e9hicules \u00e9lectriques. Bonne nouvelle, parce que le pays d\u2019Afrique australe, unique producteur africain de lithium jusque-l\u00e0, tient l\u00e0 un moyen d\u2019accroitre tr\u00e8s prochainement ses recettes mini\u00e8res avec l\u2019entr\u00e9e en production de la mine, m\u00eame si la transformation locale du lithium va demeurer un v\u0153u pieu, pour le moment.<\/p>\n<p class=\"texte textearticle\">En RDC, notons aussi l\u2019arriv\u00e9e de Contemporary Amperex Technology (CATL), \u00e0 travers sa filiale CATH, sur le projet Manono. L\u2019accord annonc\u00e9 le 27 septembre et en attente de finalisation donne au groupe chinois un int\u00e9r\u00eat de 24% dans le projet, en \u00e9change d\u2019un investissement de 240 millions&nbsp;$ pour la construction de la mine de lithium. En tant que partenaire du projet, CATH devra aussi apporter sa quote-part du capital n\u00e9cessaire aux travaux.<\/p>\n<p class=\"texte textearticle\"><strong>Les nouvelles ambitions de la RDC<\/strong><\/p>\n<p class=\"texte textearticle\">Cette absence de transformation locale des minerais, associ\u00e9e r\u00e9guli\u00e8rement aux pays miniers africains, la RDC entend y mettre fin, au moins pour ce qui concerne les m\u00e9taux n\u00e9cessaires aux v\u00e9hicules \u00e9lectriques. C\u2019est l\u2019ambition qui a guid\u00e9 l\u2019organisation fin novembre, \u00e0 Kinshasa, du DRC-Africa Business Forum, un \u00e9v\u00e8nement regroupant experts et hauts dirigeants africains autour de la cr\u00e9ation d\u2019une chaine de valeur africaine pour la production des mat\u00e9riaux essentiels aux batteries et v\u00e9hicules \u00e9lectriques, \u00e0 partir des richesses du sous-sol du continent.<\/p>\n<p class=\"texte textearticle\">&nbsp;\u00ab&nbsp;<em>Nous devons apporter de la valeur \u00e0 nos produits, ce que nous n\u2019avons pas fait pendant des si\u00e8cles. Maintenant, nous devons casser l\u2019image d\u2019un simple continent producteur de mati\u00e8res premi\u00e8res<\/em>&nbsp;\u00bb, a r\u00e9sum\u00e9 le pr\u00e9sident de la Zambie, Hakainde Hichilema, au cours de l\u2019\u00e9v\u00e8nement.<\/p>\n<p class=\"texte textearticle\"><strong>Les autres faits marquants<\/strong><\/p>\n<p class=\"texte textearticle\">Si l\u2019or n\u2019a pas retrouv\u00e9 en 2021 les sommets atteints en 2020, il faut noter qu\u2019il s\u2019est n\u00e9anmoins maintenu au-dessus de 1&nbsp;700&nbsp;$ l\u2019once, durant quasiment toute l\u2019ann\u00e9e. En dehors des producteurs bien \u00e9tablis, le Nigeria est le nouvel acteur qui peut aussi tirer profit de cette situation avec l\u2019entr\u00e9e en production de la mine d\u2019or Segilola, en octobre. Ce n\u2019est d\u2019ailleurs pas la seule bonne nouvelle pour le secteur minier (encore sous-d\u00e9velopp\u00e9) de ce pays, car la compagnie mini\u00e8re Kogi Iron a publi\u00e9, en d\u00e9cembre dernier, une \u00e9tude exploratoire prometteuse pour son projet de fer Agbaja (et son aci\u00e9rie associ\u00e9e). Il faut aussi rappeler la promesse d\u2019investissement de 2 milliards&nbsp;$, obtenue aupr\u00e8s des Emirats arabes unis, qui laisse esp\u00e9rer de grandes avanc\u00e9es au Nigeria en 2022.<\/p>\n<p class=\"texte textearticle\">2021 restera aussi l\u2019ann\u00e9e au cours de laquelle Endeavour, une compagnie active exclusivement dans l\u2019exploitation aurif\u00e8re en Afrique de l\u2019Ouest, est entr\u00e9e dans le top 10 des producteurs mondiaux d\u2019or, gr\u00e2ce au rachat de Teranga Gold. Signalons pour finir l\u2019obligation faite, depuis le 1<sup>er<\/sup> janvier 2021, aux 55 pays mettant en \u0153uvre la norme ITIE dont une vingtaine en Afrique, de divulguer tous \u00ab&nbsp;<em>les contrats, licences et accords nouveaux et modifi\u00e9s conclus avec les entreprises extractives<\/em>&nbsp;\u00bb. C\u2019est un pas important dans la marche vers l\u2019\u00e9radication de la corruption dans le secteur, compl\u00e9t\u00e9 en fin d\u2019ann\u00e9e par un engagement similaire pris par les compagnies membres du Conseil international des mines et des m\u00e9taux (ICCM) qui repr\u00e9sentent le tiers de l\u2019industrie mini\u00e8re mondiale.<\/p>\n<p><strong><em>(Agence Ecofin) <\/em><\/strong><\/p>\n","protected":false},"excerpt":{"rendered":"<p>L\u2019ann\u00e9e 2020 a \u00e9t\u00e9 plac\u00e9e sous le signe de la r\u00e9silience pour le secteur minier africain qui devait faire face \u00e0 la pand\u00e9mie de Covid-19&#8230;.<\/p>\n","protected":false},"author":1,"featured_media":2528,"comment_status":"closed","ping_status":"open","sticky":false,"template":"","format":"standard","meta":{"_jetpack_memberships_contains_paid_content":false,"footnotes":""},"categories":[8,15],"tags":[],"class_list":["post-2527","post","type-post","status-publish","format-standard","has-post-thumbnail","hentry","category-actualite-economique","category-analyse","wpcat-8-id","wpcat-15-id"],"yoast_head":"<!-- This site is optimized with the Yoast SEO plugin v27.1.1 - https:\/\/yoast.com\/product\/yoast-seo-wordpress\/ -->\n<title>Tour d\u2019horizon des faits marquants de l\u2019actualit\u00e9 mini\u00e8re africaine en 2021 - challenges economiques<\/title>\n<meta name=\"robots\" content=\"index, follow, max-snippet:-1, max-image-preview:large, max-video-preview:-1\" \/>\n<link rel=\"canonical\" href=\"https:\/\/challengeseconomiques.com\/?p=2527\" \/>\n<meta property=\"og:locale\" content=\"fr_FR\" \/>\n<meta property=\"og:type\" content=\"article\" \/>\n<meta property=\"og:title\" content=\"Tour d\u2019horizon des faits marquants de l\u2019actualit\u00e9 mini\u00e8re africaine en 2021 - challenges economiques\" \/>\n<meta property=\"og:description\" content=\"L\u2019ann\u00e9e 2020 a \u00e9t\u00e9 plac\u00e9e sous le signe de la r\u00e9silience pour le secteur minier africain qui devait faire face \u00e0 la pand\u00e9mie de Covid-19....\" \/>\n<meta property=\"og:url\" content=\"https:\/\/challengeseconomiques.com\/?p=2527\" \/>\n<meta property=\"og:site_name\" content=\"challenges economiques\" \/>\n<meta property=\"article:published_time\" content=\"2022-01-17T22:53:41+00:00\" \/>\n<meta property=\"article:modified_time\" content=\"2022-01-17T22:55:47+00:00\" \/>\n<meta property=\"og:image\" content=\"https:\/\/challengeseconomiques.com\/wp-content\/uploads\/2022\/01\/1701-94425-tour-d-horizon-des-faits-marquants-de-l-actualite-miniere-africaine-en-2021_M.jpg\" \/>\n\t<meta property=\"og:image:width\" content=\"450\" \/>\n\t<meta property=\"og:image:height\" content=\"278\" \/>\n\t<meta property=\"og:image:type\" content=\"image\/jpeg\" \/>\n<meta name=\"author\" content=\"admin\" \/>\n<meta name=\"twitter:card\" content=\"summary_large_image\" \/>\n<meta name=\"twitter:label1\" content=\"\u00c9crit par\" \/>\n\t<meta name=\"twitter:data1\" content=\"admin\" \/>\n\t<meta name=\"twitter:label2\" content=\"Dur\u00e9e de lecture estim\u00e9e\" \/>\n\t<meta name=\"twitter:data2\" content=\"8 minutes\" \/>\n<script type=\"application\/ld+json\" class=\"yoast-schema-graph\">{\"@context\":\"https:\/\/schema.org\",\"@graph\":[{\"@type\":\"Article\",\"@id\":\"https:\/\/challengeseconomiques.com\/?p=2527#article\",\"isPartOf\":{\"@id\":\"https:\/\/challengeseconomiques.com\/?p=2527\"},\"author\":{\"name\":\"admin\",\"@id\":\"https:\/\/challengeseconomiques.com\/#\/schema\/person\/b4568c9afebc5a9238a771873801e349\"},\"headline\":\"Tour d\u2019horizon des faits marquants de l\u2019actualit\u00e9 mini\u00e8re africaine en 2021\",\"datePublished\":\"2022-01-17T22:53:41+00:00\",\"dateModified\":\"2022-01-17T22:55:47+00:00\",\"mainEntityOfPage\":{\"@id\":\"https:\/\/challengeseconomiques.com\/?p=2527\"},\"wordCount\":1870,\"image\":{\"@id\":\"https:\/\/challengeseconomiques.com\/?p=2527#primaryimage\"},\"thumbnailUrl\":\"https:\/\/challengeseconomiques.com\/wp-content\/uploads\/2022\/01\/1701-94425-tour-d-horizon-des-faits-marquants-de-l-actualite-miniere-africaine-en-2021_M.jpg\",\"articleSection\":[\"Actualit\u00e9 \u00e9conomique\",\"Analyse\"],\"inLanguage\":\"fr-FR\"},{\"@type\":\"WebPage\",\"@id\":\"https:\/\/challengeseconomiques.com\/?p=2527\",\"url\":\"https:\/\/challengeseconomiques.com\/?p=2527\",\"name\":\"Tour d\u2019horizon des faits marquants de l\u2019actualit\u00e9 mini\u00e8re africaine en 2021 - challenges economiques\",\"isPartOf\":{\"@id\":\"https:\/\/challengeseconomiques.com\/#website\"},\"primaryImageOfPage\":{\"@id\":\"https:\/\/challengeseconomiques.com\/?p=2527#primaryimage\"},\"image\":{\"@id\":\"https:\/\/challengeseconomiques.com\/?p=2527#primaryimage\"},\"thumbnailUrl\":\"https:\/\/challengeseconomiques.com\/wp-content\/uploads\/2022\/01\/1701-94425-tour-d-horizon-des-faits-marquants-de-l-actualite-miniere-africaine-en-2021_M.jpg\",\"datePublished\":\"2022-01-17T22:53:41+00:00\",\"dateModified\":\"2022-01-17T22:55:47+00:00\",\"author\":{\"@id\":\"https:\/\/challengeseconomiques.com\/#\/schema\/person\/b4568c9afebc5a9238a771873801e349\"},\"breadcrumb\":{\"@id\":\"https:\/\/challengeseconomiques.com\/?p=2527#breadcrumb\"},\"inLanguage\":\"fr-FR\",\"potentialAction\":[{\"@type\":\"ReadAction\",\"target\":[\"https:\/\/challengeseconomiques.com\/?p=2527\"]}]},{\"@type\":\"ImageObject\",\"inLanguage\":\"fr-FR\",\"@id\":\"https:\/\/challengeseconomiques.com\/?p=2527#primaryimage\",\"url\":\"https:\/\/challengeseconomiques.com\/wp-content\/uploads\/2022\/01\/1701-94425-tour-d-horizon-des-faits-marquants-de-l-actualite-miniere-africaine-en-2021_M.jpg\",\"contentUrl\":\"https:\/\/challengeseconomiques.com\/wp-content\/uploads\/2022\/01\/1701-94425-tour-d-horizon-des-faits-marquants-de-l-actualite-miniere-africaine-en-2021_M.jpg\",\"width\":450,\"height\":278},{\"@type\":\"BreadcrumbList\",\"@id\":\"https:\/\/challengeseconomiques.com\/?p=2527#breadcrumb\",\"itemListElement\":[{\"@type\":\"ListItem\",\"position\":1,\"name\":\"Home\",\"item\":\"https:\/\/challengeseconomiques.com\/\"},{\"@type\":\"ListItem\",\"position\":2,\"name\":\"Tour d\u2019horizon des faits marquants de l\u2019actualit\u00e9 mini\u00e8re africaine en 2021\"}]},{\"@type\":\"WebSite\",\"@id\":\"https:\/\/challengeseconomiques.com\/#website\",\"url\":\"https:\/\/challengeseconomiques.com\/\",\"name\":\"challenges economiques\",\"description\":\"\",\"potentialAction\":[{\"@type\":\"SearchAction\",\"target\":{\"@type\":\"EntryPoint\",\"urlTemplate\":\"https:\/\/challengeseconomiques.com\/?s={search_term_string}\"},\"query-input\":{\"@type\":\"PropertyValueSpecification\",\"valueRequired\":true,\"valueName\":\"search_term_string\"}}],\"inLanguage\":\"fr-FR\"},{\"@type\":\"Person\",\"@id\":\"https:\/\/challengeseconomiques.com\/#\/schema\/person\/b4568c9afebc5a9238a771873801e349\",\"name\":\"admin\",\"image\":{\"@type\":\"ImageObject\",\"inLanguage\":\"fr-FR\",\"@id\":\"https:\/\/challengeseconomiques.com\/#\/schema\/person\/image\/\",\"url\":\"https:\/\/secure.gravatar.com\/avatar\/099e42240b5eea11acdb72751fcce0dd918603f0749d24974b7984ea47ed9fd9?s=96&d=mm&r=g\",\"contentUrl\":\"https:\/\/secure.gravatar.com\/avatar\/099e42240b5eea11acdb72751fcce0dd918603f0749d24974b7984ea47ed9fd9?s=96&d=mm&r=g\",\"caption\":\"admin\"},\"sameAs\":[\"https:\/\/challengeseconomiques.com\"],\"url\":\"https:\/\/challengeseconomiques.com\/?author=1\"}]}<\/script>\n<!-- \/ Yoast SEO plugin. -->","yoast_head_json":{"title":"Tour d\u2019horizon des faits marquants de l\u2019actualit\u00e9 mini\u00e8re africaine en 2021 - challenges economiques","robots":{"index":"index","follow":"follow","max-snippet":"max-snippet:-1","max-image-preview":"max-image-preview:large","max-video-preview":"max-video-preview:-1"},"canonical":"https:\/\/challengeseconomiques.com\/?p=2527","og_locale":"fr_FR","og_type":"article","og_title":"Tour d\u2019horizon des faits marquants de l\u2019actualit\u00e9 mini\u00e8re africaine en 2021 - challenges economiques","og_description":"L\u2019ann\u00e9e 2020 a \u00e9t\u00e9 plac\u00e9e sous le signe de la r\u00e9silience pour le secteur minier africain qui devait faire face \u00e0 la pand\u00e9mie de Covid-19....","og_url":"https:\/\/challengeseconomiques.com\/?p=2527","og_site_name":"challenges economiques","article_published_time":"2022-01-17T22:53:41+00:00","article_modified_time":"2022-01-17T22:55:47+00:00","og_image":[{"width":450,"height":278,"url":"https:\/\/challengeseconomiques.com\/wp-content\/uploads\/2022\/01\/1701-94425-tour-d-horizon-des-faits-marquants-de-l-actualite-miniere-africaine-en-2021_M.jpg","type":"image\/jpeg"}],"author":"admin","twitter_card":"summary_large_image","twitter_misc":{"\u00c9crit par":"admin","Dur\u00e9e de lecture estim\u00e9e":"8 minutes"},"schema":{"@context":"https:\/\/schema.org","@graph":[{"@type":"Article","@id":"https:\/\/challengeseconomiques.com\/?p=2527#article","isPartOf":{"@id":"https:\/\/challengeseconomiques.com\/?p=2527"},"author":{"name":"admin","@id":"https:\/\/challengeseconomiques.com\/#\/schema\/person\/b4568c9afebc5a9238a771873801e349"},"headline":"Tour d\u2019horizon des faits marquants de l\u2019actualit\u00e9 mini\u00e8re africaine en 2021","datePublished":"2022-01-17T22:53:41+00:00","dateModified":"2022-01-17T22:55:47+00:00","mainEntityOfPage":{"@id":"https:\/\/challengeseconomiques.com\/?p=2527"},"wordCount":1870,"image":{"@id":"https:\/\/challengeseconomiques.com\/?p=2527#primaryimage"},"thumbnailUrl":"https:\/\/challengeseconomiques.com\/wp-content\/uploads\/2022\/01\/1701-94425-tour-d-horizon-des-faits-marquants-de-l-actualite-miniere-africaine-en-2021_M.jpg","articleSection":["Actualit\u00e9 \u00e9conomique","Analyse"],"inLanguage":"fr-FR"},{"@type":"WebPage","@id":"https:\/\/challengeseconomiques.com\/?p=2527","url":"https:\/\/challengeseconomiques.com\/?p=2527","name":"Tour d\u2019horizon des faits marquants de l\u2019actualit\u00e9 mini\u00e8re africaine en 2021 - challenges economiques","isPartOf":{"@id":"https:\/\/challengeseconomiques.com\/#website"},"primaryImageOfPage":{"@id":"https:\/\/challengeseconomiques.com\/?p=2527#primaryimage"},"image":{"@id":"https:\/\/challengeseconomiques.com\/?p=2527#primaryimage"},"thumbnailUrl":"https:\/\/challengeseconomiques.com\/wp-content\/uploads\/2022\/01\/1701-94425-tour-d-horizon-des-faits-marquants-de-l-actualite-miniere-africaine-en-2021_M.jpg","datePublished":"2022-01-17T22:53:41+00:00","dateModified":"2022-01-17T22:55:47+00:00","author":{"@id":"https:\/\/challengeseconomiques.com\/#\/schema\/person\/b4568c9afebc5a9238a771873801e349"},"breadcrumb":{"@id":"https:\/\/challengeseconomiques.com\/?p=2527#breadcrumb"},"inLanguage":"fr-FR","potentialAction":[{"@type":"ReadAction","target":["https:\/\/challengeseconomiques.com\/?p=2527"]}]},{"@type":"ImageObject","inLanguage":"fr-FR","@id":"https:\/\/challengeseconomiques.com\/?p=2527#primaryimage","url":"https:\/\/challengeseconomiques.com\/wp-content\/uploads\/2022\/01\/1701-94425-tour-d-horizon-des-faits-marquants-de-l-actualite-miniere-africaine-en-2021_M.jpg","contentUrl":"https:\/\/challengeseconomiques.com\/wp-content\/uploads\/2022\/01\/1701-94425-tour-d-horizon-des-faits-marquants-de-l-actualite-miniere-africaine-en-2021_M.jpg","width":450,"height":278},{"@type":"BreadcrumbList","@id":"https:\/\/challengeseconomiques.com\/?p=2527#breadcrumb","itemListElement":[{"@type":"ListItem","position":1,"name":"Home","item":"https:\/\/challengeseconomiques.com\/"},{"@type":"ListItem","position":2,"name":"Tour d\u2019horizon des faits marquants de l\u2019actualit\u00e9 mini\u00e8re africaine en 2021"}]},{"@type":"WebSite","@id":"https:\/\/challengeseconomiques.com\/#website","url":"https:\/\/challengeseconomiques.com\/","name":"challenges economiques","description":"","potentialAction":[{"@type":"SearchAction","target":{"@type":"EntryPoint","urlTemplate":"https:\/\/challengeseconomiques.com\/?s={search_term_string}"},"query-input":{"@type":"PropertyValueSpecification","valueRequired":true,"valueName":"search_term_string"}}],"inLanguage":"fr-FR"},{"@type":"Person","@id":"https:\/\/challengeseconomiques.com\/#\/schema\/person\/b4568c9afebc5a9238a771873801e349","name":"admin","image":{"@type":"ImageObject","inLanguage":"fr-FR","@id":"https:\/\/challengeseconomiques.com\/#\/schema\/person\/image\/","url":"https:\/\/secure.gravatar.com\/avatar\/099e42240b5eea11acdb72751fcce0dd918603f0749d24974b7984ea47ed9fd9?s=96&d=mm&r=g","contentUrl":"https:\/\/secure.gravatar.com\/avatar\/099e42240b5eea11acdb72751fcce0dd918603f0749d24974b7984ea47ed9fd9?s=96&d=mm&r=g","caption":"admin"},"sameAs":["https:\/\/challengeseconomiques.com"],"url":"https:\/\/challengeseconomiques.com\/?author=1"}]}},"jetpack_featured_media_url":"https:\/\/challengeseconomiques.com\/wp-content\/uploads\/2022\/01\/1701-94425-tour-d-horizon-des-faits-marquants-de-l-actualite-miniere-africaine-en-2021_M.jpg","jetpack_sharing_enabled":true,"_links":{"self":[{"href":"https:\/\/challengeseconomiques.com\/index.php?rest_route=\/wp\/v2\/posts\/2527","targetHints":{"allow":["GET"]}}],"collection":[{"href":"https:\/\/challengeseconomiques.com\/index.php?rest_route=\/wp\/v2\/posts"}],"about":[{"href":"https:\/\/challengeseconomiques.com\/index.php?rest_route=\/wp\/v2\/types\/post"}],"author":[{"embeddable":true,"href":"https:\/\/challengeseconomiques.com\/index.php?rest_route=\/wp\/v2\/users\/1"}],"replies":[{"embeddable":true,"href":"https:\/\/challengeseconomiques.com\/index.php?rest_route=%2Fwp%2Fv2%2Fcomments&post=2527"}],"version-history":[{"count":2,"href":"https:\/\/challengeseconomiques.com\/index.php?rest_route=\/wp\/v2\/posts\/2527\/revisions"}],"predecessor-version":[{"id":2530,"href":"https:\/\/challengeseconomiques.com\/index.php?rest_route=\/wp\/v2\/posts\/2527\/revisions\/2530"}],"wp:featuredmedia":[{"embeddable":true,"href":"https:\/\/challengeseconomiques.com\/index.php?rest_route=\/wp\/v2\/media\/2528"}],"wp:attachment":[{"href":"https:\/\/challengeseconomiques.com\/index.php?rest_route=%2Fwp%2Fv2%2Fmedia&parent=2527"}],"wp:term":[{"taxonomy":"category","embeddable":true,"href":"https:\/\/challengeseconomiques.com\/index.php?rest_route=%2Fwp%2Fv2%2Fcategories&post=2527"},{"taxonomy":"post_tag","embeddable":true,"href":"https:\/\/challengeseconomiques.com\/index.php?rest_route=%2Fwp%2Fv2%2Ftags&post=2527"}],"curies":[{"name":"wp","href":"https:\/\/api.w.org\/{rel}","templated":true}]}}