{"id":2522,"date":"2022-01-17T00:24:21","date_gmt":"2022-01-17T00:24:21","guid":{"rendered":"https:\/\/challengeseconomiques.com\/?p=2522"},"modified":"2022-01-17T00:25:03","modified_gmt":"2022-01-17T00:25:03","slug":"bollore-peu-optimiste-pour-le-fret-mondial","status":"publish","type":"post","link":"https:\/\/challengeseconomiques.com\/?p=2522","title":{"rendered":"Bollor\u00e9 peu optimiste pour le fret mondial"},"content":{"rendered":"<p><strong>Le march\u00e9 du fret continue de souffrir de manque de capacit\u00e9s, de taux de fret \u00e9lev\u00e9s, d\u2019une p\u00e9nurie d\u2019\u00e9quipement, jugent les dirigeants de Bollor\u00e9 Technologies. Selon qui le march\u00e9 restera probablement sous pression pendant la majeure partie de 2022.<\/strong><\/p>\n<p>\u00ab&nbsp;<em>Le chaos \u00e9pique de la <\/em>Supply cha<em>in est loin d\u2019\u00eatre termin\u00e9&nbsp;<\/em>\u00bb, pr\u00e9vient Bollor\u00e9 Logistics dans une note interne publi\u00e9e sur son site. Tandis que le co\u00fbt du fret reste \u00e9lev\u00e9, le manque de capacit\u00e9s devient criant dans certaines zones g\u00e9ographiques, ainsi que le manque d\u2019\u00e9quipement. De plus, la situation pand\u00e9mique redevient incertaine.<\/p>\n<p>Le seul point positif de cette pand\u00e9mie est probablement la forte demande mondiale, mais \u00e0 quoi sert-elle, tandis que les contraintes de la cha\u00eene d\u2019approvisionnement continuent d\u2019encombrer la production industrielle ?<\/p>\n<p>D\u2019ailleurs, le FMI avait l\u00e9g\u00e8rement ajust\u00e9 \u00e0 la baisse ses pr\u00e9visions de rebond de la croissance mondiale en 2021, pr\u00e9cis\u00e9ment en raison des ruptures d\u2019approvisionnement dans les \u00e9conomies avanc\u00e9es.<\/p>\n<p>Tandis que le variant Omicron se propage rapidement, \u00ab&nbsp;<em>la croissance de 4,9% pr\u00e9vue pour 2022 est-elle toujours r\u00e9alisable&nbsp;?<\/em>&nbsp;\u00bb, s\u2019interroge-t-on du c\u00f4t\u00e9 de Bollor\u00e9.<\/p>\n<p>Certaines liaisons a\u00e9riennes sont ralenties, par exemple entre l\u2019Europe et l\u2019Afrique du Sud, des compagnies a\u00e9riennes continuent de convertir les vols de passagers en vols cargo. Tel est le cas d\u2019Emirates Airlines qui devrait transformer quatre avions de passagers de type Boeing 777-300 en avions-cargos complets, avec une premi\u00e8re livraison pr\u00e9vue d\u2019ici la fin 2023.<\/p>\n<p>Le fait que Boeing mette officiellement fin \u00e0 la production de l\u2019avion-cargo 747 \u2013 l\u2019avion de choix pour le fret a\u00e9rien&nbsp;\u2013, pourrait probablement avoir une incidence sur la commande de nouveaux avions-cargos par les compagnies a\u00e9riennes. Ces derni\u00e8res peuvent avoir \u00e0 choisir entre le cargo Boeing 777 ou le cargo Airbus 350, qui ont tous les deux des limitations en mati\u00e8re de poids, de charge utile et de volume de cargaison.<\/p>\n<p>\u00ab&nbsp;<em>Avec une forte demande et une capacit\u00e9 insuffisante, les taux de fret a\u00e9rien resteront \u00e9lev\u00e9s, comme cela a \u00e9t\u00e9 le cas depuis tr\u00e8s longtemps et les transporteurs a\u00e9riens continueront de profiter de ce d\u00e9s\u00e9quilibre offre-demande<\/em>&nbsp;\u00bb, consid\u00e8re Claude Picciotto, directeur des achats de fret a\u00e9rien de Bollor\u00e9 Logistics.<\/p>\n<p>Anne-Sophie Fribourg, directrice du D\u00e9veloppement commercial Oc\u00e9an de Bollor\u00e9 Logistics, ajoute que les taux de fret \u00e9lev\u00e9s sont d\u00e9sormais la norme dans le fret maritime. Cette situation va probablement perdurer pendant le Nouvel an chinois, de m\u00eame que le d\u00e9s\u00e9quilibre entre l\u2019offre et la demande.<\/p>\n<p>Afin d\u2019att\u00e9nuer la p\u00e9nurie des capacit\u00e9s, certains transporteurs maritimes ont inject\u00e9 des capacit\u00e9s suppl\u00e9mentaires sur le march\u00e9, +7&nbsp;% pour CMA CGM et +1% pour Maersk, par exemple.<\/p>\n<p>Cependant, juge-t-on chez Bollor\u00e9, cet effort est \u00ab&nbsp;<em>contre-pro<\/em>ductif&nbsp;\u00bb dans la mesure o\u00f9 davantage de capacit\u00e9 n\u00e9cessite la mobilisation de plus d\u2019\u00e9quipements, lesquels s\u2019empilent dans les ports de fret en raison d\u2019une forte congestion.<\/p>\n<p>Si celle-ci augmente dans les ports du monde entier, les navires attendent plus longtemps pour accoster, ce qui entra\u00eene d\u2019\u00e9normes arri\u00e9r\u00e9s de conteneurs et entrave la rotation des navires. Cette situation affecte principalement l\u2019Asie.<\/p>\n<p>Un autre d\u00e9veloppement potentiel dans le fret maritime est l\u2019\u00e9volution des connexions portuaires. Les transporteurs r\u00e9duiront certains services reliant plusieurs r\u00e9gions dans le but de ramener les navires aux travers\u00e9es programm\u00e9es et de retrouver une bonne qualit\u00e9 de service, juge Anne-Sophie Fribourg.<\/p>\n<p>Malgr\u00e9 cette situation, les transporteurs maritimes \u00e9laborent des strat\u00e9gies en investissant davantage dans des solutions de cha\u00eene d\u2019approvisionnement de bout en bout.<\/p>\n<p>Selon les sp\u00e9cialistes de Bollor\u00e9 Logistics, la situation dans l\u2019industrie ne s\u2019am\u00e9liorera probablement pas avant fin 2022. De son c\u00f4t\u00e9, le groupe continuera \u00e0 rechercher et \u00e0 proposer des solutions alternatives telles que le transport intermodal, les charters et la signature de contrats \u00e0 long terme avec ses partenaires.<\/p>\n<p>&nbsp;<\/p>\n<p>&nbsp;<\/p>\n<p><strong>Le Magazine de l&rsquo;Afrique<\/strong><\/p>\n","protected":false},"excerpt":{"rendered":"<p>Le march\u00e9 du fret continue de souffrir de manque de capacit\u00e9s, de taux de fret \u00e9lev\u00e9s, d\u2019une p\u00e9nurie d\u2019\u00e9quipement, jugent les dirigeants de Bollor\u00e9 Technologies&#8230;.<\/p>\n","protected":false},"author":1,"featured_media":2523,"comment_status":"closed","ping_status":"open","sticky":false,"template":"","format":"standard","meta":{"_jetpack_memberships_contains_paid_content":false,"footnotes":""},"categories":[8,10],"tags":[],"class_list":["post-2522","post","type-post","status-publish","format-standard","has-post-thumbnail","hentry","category-actualite-economique","category-infos-eco","wpcat-8-id","wpcat-10-id"],"yoast_head":"<!-- This site is optimized with the Yoast SEO plugin v27.1.1 - https:\/\/yoast.com\/product\/yoast-seo-wordpress\/ -->\n<title>Bollor\u00e9 peu optimiste pour le fret mondial - challenges economiques<\/title>\n<meta name=\"robots\" content=\"index, follow, max-snippet:-1, max-image-preview:large, max-video-preview:-1\" \/>\n<link rel=\"canonical\" href=\"https:\/\/challengeseconomiques.com\/?p=2522\" \/>\n<meta property=\"og:locale\" content=\"fr_FR\" \/>\n<meta property=\"og:type\" content=\"article\" \/>\n<meta property=\"og:title\" content=\"Bollor\u00e9 peu optimiste pour le fret mondial - challenges economiques\" \/>\n<meta property=\"og:description\" content=\"Le march\u00e9 du fret continue de souffrir de manque de capacit\u00e9s, de taux de fret \u00e9lev\u00e9s, d\u2019une p\u00e9nurie d\u2019\u00e9quipement, jugent les dirigeants de Bollor\u00e9 Technologies....\" \/>\n<meta property=\"og:url\" content=\"https:\/\/challengeseconomiques.com\/?p=2522\" \/>\n<meta property=\"og:site_name\" content=\"challenges economiques\" \/>\n<meta property=\"article:published_time\" content=\"2022-01-17T00:24:21+00:00\" \/>\n<meta property=\"article:modified_time\" content=\"2022-01-17T00:25:03+00:00\" \/>\n<meta property=\"og:image\" content=\"https:\/\/challengeseconomiques.com\/wp-content\/uploads\/2022\/01\/Bollore-Fret-1.jpg\" \/>\n\t<meta property=\"og:image:width\" content=\"800\" \/>\n\t<meta property=\"og:image:height\" content=\"500\" \/>\n\t<meta property=\"og:image:type\" content=\"image\/jpeg\" \/>\n<meta name=\"author\" content=\"admin\" \/>\n<meta name=\"twitter:card\" content=\"summary_large_image\" \/>\n<meta name=\"twitter:label1\" content=\"\u00c9crit par\" \/>\n\t<meta name=\"twitter:data1\" content=\"admin\" \/>\n\t<meta name=\"twitter:label2\" content=\"Dur\u00e9e de lecture estim\u00e9e\" \/>\n\t<meta name=\"twitter:data2\" content=\"3 minutes\" \/>\n<script type=\"application\/ld+json\" class=\"yoast-schema-graph\">{\"@context\":\"https:\/\/schema.org\",\"@graph\":[{\"@type\":\"Article\",\"@id\":\"https:\/\/challengeseconomiques.com\/?p=2522#article\",\"isPartOf\":{\"@id\":\"https:\/\/challengeseconomiques.com\/?p=2522\"},\"author\":{\"name\":\"admin\",\"@id\":\"https:\/\/challengeseconomiques.com\/#\/schema\/person\/b4568c9afebc5a9238a771873801e349\"},\"headline\":\"Bollor\u00e9 peu optimiste pour le fret mondial\",\"datePublished\":\"2022-01-17T00:24:21+00:00\",\"dateModified\":\"2022-01-17T00:25:03+00:00\",\"mainEntityOfPage\":{\"@id\":\"https:\/\/challengeseconomiques.com\/?p=2522\"},\"wordCount\":692,\"image\":{\"@id\":\"https:\/\/challengeseconomiques.com\/?p=2522#primaryimage\"},\"thumbnailUrl\":\"https:\/\/challengeseconomiques.com\/wp-content\/uploads\/2022\/01\/Bollore-Fret-1.jpg\",\"articleSection\":[\"Actualit\u00e9 \u00e9conomique\",\"Infos \u00e9co\"],\"inLanguage\":\"fr-FR\"},{\"@type\":\"WebPage\",\"@id\":\"https:\/\/challengeseconomiques.com\/?p=2522\",\"url\":\"https:\/\/challengeseconomiques.com\/?p=2522\",\"name\":\"Bollor\u00e9 peu optimiste pour le fret mondial - challenges economiques\",\"isPartOf\":{\"@id\":\"https:\/\/challengeseconomiques.com\/#website\"},\"primaryImageOfPage\":{\"@id\":\"https:\/\/challengeseconomiques.com\/?p=2522#primaryimage\"},\"image\":{\"@id\":\"https:\/\/challengeseconomiques.com\/?p=2522#primaryimage\"},\"thumbnailUrl\":\"https:\/\/challengeseconomiques.com\/wp-content\/uploads\/2022\/01\/Bollore-Fret-1.jpg\",\"datePublished\":\"2022-01-17T00:24:21+00:00\",\"dateModified\":\"2022-01-17T00:25:03+00:00\",\"author\":{\"@id\":\"https:\/\/challengeseconomiques.com\/#\/schema\/person\/b4568c9afebc5a9238a771873801e349\"},\"breadcrumb\":{\"@id\":\"https:\/\/challengeseconomiques.com\/?p=2522#breadcrumb\"},\"inLanguage\":\"fr-FR\",\"potentialAction\":[{\"@type\":\"ReadAction\",\"target\":[\"https:\/\/challengeseconomiques.com\/?p=2522\"]}]},{\"@type\":\"ImageObject\",\"inLanguage\":\"fr-FR\",\"@id\":\"https:\/\/challengeseconomiques.com\/?p=2522#primaryimage\",\"url\":\"https:\/\/challengeseconomiques.com\/wp-content\/uploads\/2022\/01\/Bollore-Fret-1.jpg\",\"contentUrl\":\"https:\/\/challengeseconomiques.com\/wp-content\/uploads\/2022\/01\/Bollore-Fret-1.jpg\",\"width\":800,\"height\":500},{\"@type\":\"BreadcrumbList\",\"@id\":\"https:\/\/challengeseconomiques.com\/?p=2522#breadcrumb\",\"itemListElement\":[{\"@type\":\"ListItem\",\"position\":1,\"name\":\"Home\",\"item\":\"https:\/\/challengeseconomiques.com\/\"},{\"@type\":\"ListItem\",\"position\":2,\"name\":\"Bollor\u00e9 peu optimiste pour le fret mondial\"}]},{\"@type\":\"WebSite\",\"@id\":\"https:\/\/challengeseconomiques.com\/#website\",\"url\":\"https:\/\/challengeseconomiques.com\/\",\"name\":\"challenges economiques\",\"description\":\"\",\"potentialAction\":[{\"@type\":\"SearchAction\",\"target\":{\"@type\":\"EntryPoint\",\"urlTemplate\":\"https:\/\/challengeseconomiques.com\/?s={search_term_string}\"},\"query-input\":{\"@type\":\"PropertyValueSpecification\",\"valueRequired\":true,\"valueName\":\"search_term_string\"}}],\"inLanguage\":\"fr-FR\"},{\"@type\":\"Person\",\"@id\":\"https:\/\/challengeseconomiques.com\/#\/schema\/person\/b4568c9afebc5a9238a771873801e349\",\"name\":\"admin\",\"image\":{\"@type\":\"ImageObject\",\"inLanguage\":\"fr-FR\",\"@id\":\"https:\/\/challengeseconomiques.com\/#\/schema\/person\/image\/\",\"url\":\"https:\/\/secure.gravatar.com\/avatar\/099e42240b5eea11acdb72751fcce0dd918603f0749d24974b7984ea47ed9fd9?s=96&d=mm&r=g\",\"contentUrl\":\"https:\/\/secure.gravatar.com\/avatar\/099e42240b5eea11acdb72751fcce0dd918603f0749d24974b7984ea47ed9fd9?s=96&d=mm&r=g\",\"caption\":\"admin\"},\"sameAs\":[\"https:\/\/challengeseconomiques.com\"],\"url\":\"https:\/\/challengeseconomiques.com\/?author=1\"}]}<\/script>\n<!-- \/ Yoast SEO plugin. -->","yoast_head_json":{"title":"Bollor\u00e9 peu optimiste pour le fret mondial - challenges economiques","robots":{"index":"index","follow":"follow","max-snippet":"max-snippet:-1","max-image-preview":"max-image-preview:large","max-video-preview":"max-video-preview:-1"},"canonical":"https:\/\/challengeseconomiques.com\/?p=2522","og_locale":"fr_FR","og_type":"article","og_title":"Bollor\u00e9 peu optimiste pour le fret mondial - challenges economiques","og_description":"Le march\u00e9 du fret continue de souffrir de manque de capacit\u00e9s, de taux de fret \u00e9lev\u00e9s, d\u2019une p\u00e9nurie d\u2019\u00e9quipement, jugent les dirigeants de Bollor\u00e9 Technologies....","og_url":"https:\/\/challengeseconomiques.com\/?p=2522","og_site_name":"challenges economiques","article_published_time":"2022-01-17T00:24:21+00:00","article_modified_time":"2022-01-17T00:25:03+00:00","og_image":[{"width":800,"height":500,"url":"https:\/\/challengeseconomiques.com\/wp-content\/uploads\/2022\/01\/Bollore-Fret-1.jpg","type":"image\/jpeg"}],"author":"admin","twitter_card":"summary_large_image","twitter_misc":{"\u00c9crit par":"admin","Dur\u00e9e de lecture estim\u00e9e":"3 minutes"},"schema":{"@context":"https:\/\/schema.org","@graph":[{"@type":"Article","@id":"https:\/\/challengeseconomiques.com\/?p=2522#article","isPartOf":{"@id":"https:\/\/challengeseconomiques.com\/?p=2522"},"author":{"name":"admin","@id":"https:\/\/challengeseconomiques.com\/#\/schema\/person\/b4568c9afebc5a9238a771873801e349"},"headline":"Bollor\u00e9 peu optimiste pour le fret mondial","datePublished":"2022-01-17T00:24:21+00:00","dateModified":"2022-01-17T00:25:03+00:00","mainEntityOfPage":{"@id":"https:\/\/challengeseconomiques.com\/?p=2522"},"wordCount":692,"image":{"@id":"https:\/\/challengeseconomiques.com\/?p=2522#primaryimage"},"thumbnailUrl":"https:\/\/challengeseconomiques.com\/wp-content\/uploads\/2022\/01\/Bollore-Fret-1.jpg","articleSection":["Actualit\u00e9 \u00e9conomique","Infos \u00e9co"],"inLanguage":"fr-FR"},{"@type":"WebPage","@id":"https:\/\/challengeseconomiques.com\/?p=2522","url":"https:\/\/challengeseconomiques.com\/?p=2522","name":"Bollor\u00e9 peu optimiste pour le fret mondial - challenges economiques","isPartOf":{"@id":"https:\/\/challengeseconomiques.com\/#website"},"primaryImageOfPage":{"@id":"https:\/\/challengeseconomiques.com\/?p=2522#primaryimage"},"image":{"@id":"https:\/\/challengeseconomiques.com\/?p=2522#primaryimage"},"thumbnailUrl":"https:\/\/challengeseconomiques.com\/wp-content\/uploads\/2022\/01\/Bollore-Fret-1.jpg","datePublished":"2022-01-17T00:24:21+00:00","dateModified":"2022-01-17T00:25:03+00:00","author":{"@id":"https:\/\/challengeseconomiques.com\/#\/schema\/person\/b4568c9afebc5a9238a771873801e349"},"breadcrumb":{"@id":"https:\/\/challengeseconomiques.com\/?p=2522#breadcrumb"},"inLanguage":"fr-FR","potentialAction":[{"@type":"ReadAction","target":["https:\/\/challengeseconomiques.com\/?p=2522"]}]},{"@type":"ImageObject","inLanguage":"fr-FR","@id":"https:\/\/challengeseconomiques.com\/?p=2522#primaryimage","url":"https:\/\/challengeseconomiques.com\/wp-content\/uploads\/2022\/01\/Bollore-Fret-1.jpg","contentUrl":"https:\/\/challengeseconomiques.com\/wp-content\/uploads\/2022\/01\/Bollore-Fret-1.jpg","width":800,"height":500},{"@type":"BreadcrumbList","@id":"https:\/\/challengeseconomiques.com\/?p=2522#breadcrumb","itemListElement":[{"@type":"ListItem","position":1,"name":"Home","item":"https:\/\/challengeseconomiques.com\/"},{"@type":"ListItem","position":2,"name":"Bollor\u00e9 peu optimiste pour le fret mondial"}]},{"@type":"WebSite","@id":"https:\/\/challengeseconomiques.com\/#website","url":"https:\/\/challengeseconomiques.com\/","name":"challenges economiques","description":"","potentialAction":[{"@type":"SearchAction","target":{"@type":"EntryPoint","urlTemplate":"https:\/\/challengeseconomiques.com\/?s={search_term_string}"},"query-input":{"@type":"PropertyValueSpecification","valueRequired":true,"valueName":"search_term_string"}}],"inLanguage":"fr-FR"},{"@type":"Person","@id":"https:\/\/challengeseconomiques.com\/#\/schema\/person\/b4568c9afebc5a9238a771873801e349","name":"admin","image":{"@type":"ImageObject","inLanguage":"fr-FR","@id":"https:\/\/challengeseconomiques.com\/#\/schema\/person\/image\/","url":"https:\/\/secure.gravatar.com\/avatar\/099e42240b5eea11acdb72751fcce0dd918603f0749d24974b7984ea47ed9fd9?s=96&d=mm&r=g","contentUrl":"https:\/\/secure.gravatar.com\/avatar\/099e42240b5eea11acdb72751fcce0dd918603f0749d24974b7984ea47ed9fd9?s=96&d=mm&r=g","caption":"admin"},"sameAs":["https:\/\/challengeseconomiques.com"],"url":"https:\/\/challengeseconomiques.com\/?author=1"}]}},"jetpack_featured_media_url":"https:\/\/challengeseconomiques.com\/wp-content\/uploads\/2022\/01\/Bollore-Fret-1.jpg","jetpack_sharing_enabled":true,"_links":{"self":[{"href":"https:\/\/challengeseconomiques.com\/index.php?rest_route=\/wp\/v2\/posts\/2522","targetHints":{"allow":["GET"]}}],"collection":[{"href":"https:\/\/challengeseconomiques.com\/index.php?rest_route=\/wp\/v2\/posts"}],"about":[{"href":"https:\/\/challengeseconomiques.com\/index.php?rest_route=\/wp\/v2\/types\/post"}],"author":[{"embeddable":true,"href":"https:\/\/challengeseconomiques.com\/index.php?rest_route=\/wp\/v2\/users\/1"}],"replies":[{"embeddable":true,"href":"https:\/\/challengeseconomiques.com\/index.php?rest_route=%2Fwp%2Fv2%2Fcomments&post=2522"}],"version-history":[{"count":2,"href":"https:\/\/challengeseconomiques.com\/index.php?rest_route=\/wp\/v2\/posts\/2522\/revisions"}],"predecessor-version":[{"id":2525,"href":"https:\/\/challengeseconomiques.com\/index.php?rest_route=\/wp\/v2\/posts\/2522\/revisions\/2525"}],"wp:featuredmedia":[{"embeddable":true,"href":"https:\/\/challengeseconomiques.com\/index.php?rest_route=\/wp\/v2\/media\/2523"}],"wp:attachment":[{"href":"https:\/\/challengeseconomiques.com\/index.php?rest_route=%2Fwp%2Fv2%2Fmedia&parent=2522"}],"wp:term":[{"taxonomy":"category","embeddable":true,"href":"https:\/\/challengeseconomiques.com\/index.php?rest_route=%2Fwp%2Fv2%2Fcategories&post=2522"},{"taxonomy":"post_tag","embeddable":true,"href":"https:\/\/challengeseconomiques.com\/index.php?rest_route=%2Fwp%2Fv2%2Ftags&post=2522"}],"curies":[{"name":"wp","href":"https:\/\/api.w.org\/{rel}","templated":true}]}}