{"id":2513,"date":"2022-01-12T13:40:16","date_gmt":"2022-01-12T13:40:16","guid":{"rendered":"https:\/\/challengeseconomiques.com\/?p=2513"},"modified":"2022-01-12T13:43:47","modified_gmt":"2022-01-12T13:43:47","slug":"le-fmi-felicite-le-senegal-et-se-dit-pret-a-mettre-180-millions-a-sa-disposition","status":"publish","type":"post","link":"https:\/\/challengeseconomiques.com\/?p=2513","title":{"rendered":"Le FMI f\u00e9licite le S\u00e9n\u00e9gal et se dit pr\u00eat \u00e0 mettre 180 millions $ \u00e0 sa disposition"},"content":{"rendered":"<p class=\"texte textearticle\"><strong>Au S\u00e9n\u00e9gal, le niveau de vaccination est faible, mais encourageant. Il suffit surtout \u00e0 soutenir la croissance \u00e9conomique du pays. Des performances salu\u00e9es par le FMI.<\/strong><\/p>\n<p class=\"texte textearticle\">Le Fonds mon\u00e9taire international (FMI) a salu\u00e9 les performances \u00e9conomiques du S\u00e9n\u00e9gal, selon un communiqu\u00e9 re\u00e7u de l&rsquo;institution par courriel.<\/p>\n<p class=\"texte textearticle\"><em>\u00ab&nbsp;Des indicateurs r\u00e9cents sugg\u00e8rent qu&rsquo;une forte reprise est en cours, tir\u00e9e par la production industrielle, les services et l&rsquo;activit\u00e9 de d\u00e9tail. Le nombre de cas de covid-19 reste relativement faible, et environ 14&nbsp;% de la population adulte est vaccin\u00e9e&nbsp;\u00bb,<\/em> peut-on lire dans le document.<\/p>\n<p class=\"texte textearticle\">L&rsquo;institution de Bretton Woods a fait cette d\u00e9claration, \u00e0 l&rsquo;issue de diff\u00e9rentes revues des programmes en cours d\u2019ex\u00e9cution avec ce pays membre de l&rsquo;Union \u00e9conomique et mon\u00e9taire ouest-africaine (UEMOA). A la suite de cette revue positive, le S\u00e9n\u00e9gal devrait recevoir des ressources en droits de tirage sp\u00e9ciaux (DTS), d&rsquo;une valeur de 180 millions&nbsp;$. Cela porte le total des ressources obtenues dans le cadre des trois programmes en cours \u00e0 360 millions&nbsp;$.<\/p>\n<p class=\"texte textearticle\">On apprend aussi que la croissance \u00e9conomique est de retour pour le pays, avec des pr\u00e9visions pour 2021 qui sont pass\u00e9es de 3,5% \u00e0 5%. Les secteurs de l&rsquo;industrie et des services sont ceux qui ont le plus contribu\u00e9 \u00e0 la croissance, selon des donn\u00e9es officielles. Il est aussi rapport\u00e9 que la dette bien qu&rsquo;\u00e0 73% du produit int\u00e9rieur brut est sur la voie d&rsquo;\u00eatre ramen\u00e9e \u00e0 seulement 60%.<\/p>\n<p class=\"texte textearticle\">Les conclusions du FMI sont essentielles pour la cr\u00e9dibilit\u00e9 internationale des pays, notamment ceux d&rsquo;Afrique subsaharienne, dont la dette reste en permanence per\u00e7ue comme sp\u00e9culative par les agences de notation. Si dans les discours officiels on reconnait que des pays comme le S\u00e9n\u00e9gal doivent faire face \u00e0 de multiples d\u00e9fis, peu de solutions efficaces sont propos\u00e9es aussi bien par des bailleurs de fonds officiels que priv\u00e9s.<\/p>\n<p><strong>(Agence Ecofin)<\/strong><\/p>\n","protected":false},"excerpt":{"rendered":"<p>Au S\u00e9n\u00e9gal, le niveau de vaccination est faible, mais encourageant. Il suffit surtout \u00e0 soutenir la croissance \u00e9conomique du pays. Des performances salu\u00e9es par le&#8230;<\/p>\n","protected":false},"author":1,"featured_media":983,"comment_status":"closed","ping_status":"open","sticky":false,"template":"","format":"standard","meta":{"_jetpack_memberships_contains_paid_content":false,"footnotes":""},"categories":[23,10],"tags":[],"class_list":["post-2513","post","type-post","status-publish","format-standard","has-post-thumbnail","hentry","category-a-la-une","category-infos-eco","wpcat-23-id","wpcat-10-id"],"yoast_head":"<!-- This site is optimized with the Yoast SEO plugin v27.1.1 - https:\/\/yoast.com\/product\/yoast-seo-wordpress\/ -->\n<title>Le FMI f\u00e9licite le S\u00e9n\u00e9gal et se dit pr\u00eat \u00e0 mettre 180 millions $ \u00e0 sa disposition - challenges economiques<\/title>\n<meta name=\"robots\" content=\"index, follow, max-snippet:-1, max-image-preview:large, max-video-preview:-1\" \/>\n<link rel=\"canonical\" href=\"https:\/\/challengeseconomiques.com\/?p=2513\" \/>\n<meta property=\"og:locale\" content=\"fr_FR\" \/>\n<meta property=\"og:type\" content=\"article\" \/>\n<meta property=\"og:title\" content=\"Le FMI f\u00e9licite le S\u00e9n\u00e9gal et se dit pr\u00eat \u00e0 mettre 180 millions $ \u00e0 sa disposition - challenges economiques\" \/>\n<meta property=\"og:description\" content=\"Au S\u00e9n\u00e9gal, le niveau de vaccination est faible, mais encourageant. Il suffit surtout \u00e0 soutenir la croissance \u00e9conomique du pays. Des performances salu\u00e9es par le...\" \/>\n<meta property=\"og:url\" content=\"https:\/\/challengeseconomiques.com\/?p=2513\" \/>\n<meta property=\"og:site_name\" content=\"challenges economiques\" \/>\n<meta property=\"article:published_time\" content=\"2022-01-12T13:40:16+00:00\" \/>\n<meta property=\"article:modified_time\" content=\"2022-01-12T13:43:47+00:00\" \/>\n<meta property=\"og:image\" content=\"https:\/\/challengeseconomiques.com\/wp-content\/uploads\/2021\/05\/Macky-Sall-FMI-696x391-1.jpg\" \/>\n\t<meta property=\"og:image:width\" content=\"1024\" \/>\n\t<meta property=\"og:image:height\" content=\"643\" \/>\n\t<meta property=\"og:image:type\" content=\"image\/jpeg\" \/>\n<meta name=\"author\" content=\"admin\" \/>\n<meta name=\"twitter:card\" content=\"summary_large_image\" \/>\n<meta name=\"twitter:label1\" content=\"\u00c9crit par\" \/>\n\t<meta name=\"twitter:data1\" content=\"admin\" \/>\n\t<meta name=\"twitter:label2\" content=\"Dur\u00e9e de lecture estim\u00e9e\" \/>\n\t<meta name=\"twitter:data2\" content=\"2 minutes\" \/>\n<script type=\"application\/ld+json\" class=\"yoast-schema-graph\">{\"@context\":\"https:\/\/schema.org\",\"@graph\":[{\"@type\":\"Article\",\"@id\":\"https:\/\/challengeseconomiques.com\/?p=2513#article\",\"isPartOf\":{\"@id\":\"https:\/\/challengeseconomiques.com\/?p=2513\"},\"author\":{\"name\":\"admin\",\"@id\":\"https:\/\/challengeseconomiques.com\/#\/schema\/person\/b4568c9afebc5a9238a771873801e349\"},\"headline\":\"Le FMI f\u00e9licite le S\u00e9n\u00e9gal et se dit pr\u00eat \u00e0 mettre 180 millions $ \u00e0 sa disposition\",\"datePublished\":\"2022-01-12T13:40:16+00:00\",\"dateModified\":\"2022-01-12T13:43:47+00:00\",\"mainEntityOfPage\":{\"@id\":\"https:\/\/challengeseconomiques.com\/?p=2513\"},\"wordCount\":348,\"image\":{\"@id\":\"https:\/\/challengeseconomiques.com\/?p=2513#primaryimage\"},\"thumbnailUrl\":\"https:\/\/challengeseconomiques.com\/wp-content\/uploads\/2021\/05\/Macky-Sall-FMI-696x391-1.jpg\",\"articleSection\":[\"A la une\",\"Infos \u00e9co\"],\"inLanguage\":\"fr-FR\"},{\"@type\":\"WebPage\",\"@id\":\"https:\/\/challengeseconomiques.com\/?p=2513\",\"url\":\"https:\/\/challengeseconomiques.com\/?p=2513\",\"name\":\"Le FMI f\u00e9licite le S\u00e9n\u00e9gal et se dit pr\u00eat \u00e0 mettre 180 millions $ \u00e0 sa disposition - challenges economiques\",\"isPartOf\":{\"@id\":\"https:\/\/challengeseconomiques.com\/#website\"},\"primaryImageOfPage\":{\"@id\":\"https:\/\/challengeseconomiques.com\/?p=2513#primaryimage\"},\"image\":{\"@id\":\"https:\/\/challengeseconomiques.com\/?p=2513#primaryimage\"},\"thumbnailUrl\":\"https:\/\/challengeseconomiques.com\/wp-content\/uploads\/2021\/05\/Macky-Sall-FMI-696x391-1.jpg\",\"datePublished\":\"2022-01-12T13:40:16+00:00\",\"dateModified\":\"2022-01-12T13:43:47+00:00\",\"author\":{\"@id\":\"https:\/\/challengeseconomiques.com\/#\/schema\/person\/b4568c9afebc5a9238a771873801e349\"},\"breadcrumb\":{\"@id\":\"https:\/\/challengeseconomiques.com\/?p=2513#breadcrumb\"},\"inLanguage\":\"fr-FR\",\"potentialAction\":[{\"@type\":\"ReadAction\",\"target\":[\"https:\/\/challengeseconomiques.com\/?p=2513\"]}]},{\"@type\":\"ImageObject\",\"inLanguage\":\"fr-FR\",\"@id\":\"https:\/\/challengeseconomiques.com\/?p=2513#primaryimage\",\"url\":\"https:\/\/challengeseconomiques.com\/wp-content\/uploads\/2021\/05\/Macky-Sall-FMI-696x391-1.jpg\",\"contentUrl\":\"https:\/\/challengeseconomiques.com\/wp-content\/uploads\/2021\/05\/Macky-Sall-FMI-696x391-1.jpg\",\"width\":1024,\"height\":643},{\"@type\":\"BreadcrumbList\",\"@id\":\"https:\/\/challengeseconomiques.com\/?p=2513#breadcrumb\",\"itemListElement\":[{\"@type\":\"ListItem\",\"position\":1,\"name\":\"Home\",\"item\":\"https:\/\/challengeseconomiques.com\/\"},{\"@type\":\"ListItem\",\"position\":2,\"name\":\"Le FMI f\u00e9licite le S\u00e9n\u00e9gal et se dit pr\u00eat \u00e0 mettre 180 millions $ \u00e0 sa disposition\"}]},{\"@type\":\"WebSite\",\"@id\":\"https:\/\/challengeseconomiques.com\/#website\",\"url\":\"https:\/\/challengeseconomiques.com\/\",\"name\":\"challenges economiques\",\"description\":\"\",\"potentialAction\":[{\"@type\":\"SearchAction\",\"target\":{\"@type\":\"EntryPoint\",\"urlTemplate\":\"https:\/\/challengeseconomiques.com\/?s={search_term_string}\"},\"query-input\":{\"@type\":\"PropertyValueSpecification\",\"valueRequired\":true,\"valueName\":\"search_term_string\"}}],\"inLanguage\":\"fr-FR\"},{\"@type\":\"Person\",\"@id\":\"https:\/\/challengeseconomiques.com\/#\/schema\/person\/b4568c9afebc5a9238a771873801e349\",\"name\":\"admin\",\"image\":{\"@type\":\"ImageObject\",\"inLanguage\":\"fr-FR\",\"@id\":\"https:\/\/challengeseconomiques.com\/#\/schema\/person\/image\/\",\"url\":\"https:\/\/secure.gravatar.com\/avatar\/099e42240b5eea11acdb72751fcce0dd918603f0749d24974b7984ea47ed9fd9?s=96&d=mm&r=g\",\"contentUrl\":\"https:\/\/secure.gravatar.com\/avatar\/099e42240b5eea11acdb72751fcce0dd918603f0749d24974b7984ea47ed9fd9?s=96&d=mm&r=g\",\"caption\":\"admin\"},\"sameAs\":[\"https:\/\/challengeseconomiques.com\"],\"url\":\"https:\/\/challengeseconomiques.com\/?author=1\"}]}<\/script>\n<!-- \/ Yoast SEO plugin. -->","yoast_head_json":{"title":"Le FMI f\u00e9licite le S\u00e9n\u00e9gal et se dit pr\u00eat \u00e0 mettre 180 millions $ \u00e0 sa disposition - challenges economiques","robots":{"index":"index","follow":"follow","max-snippet":"max-snippet:-1","max-image-preview":"max-image-preview:large","max-video-preview":"max-video-preview:-1"},"canonical":"https:\/\/challengeseconomiques.com\/?p=2513","og_locale":"fr_FR","og_type":"article","og_title":"Le FMI f\u00e9licite le S\u00e9n\u00e9gal et se dit pr\u00eat \u00e0 mettre 180 millions $ \u00e0 sa disposition - challenges economiques","og_description":"Au S\u00e9n\u00e9gal, le niveau de vaccination est faible, mais encourageant. Il suffit surtout \u00e0 soutenir la croissance \u00e9conomique du pays. Des performances salu\u00e9es par le...","og_url":"https:\/\/challengeseconomiques.com\/?p=2513","og_site_name":"challenges economiques","article_published_time":"2022-01-12T13:40:16+00:00","article_modified_time":"2022-01-12T13:43:47+00:00","og_image":[{"width":1024,"height":643,"url":"https:\/\/challengeseconomiques.com\/wp-content\/uploads\/2021\/05\/Macky-Sall-FMI-696x391-1.jpg","type":"image\/jpeg"}],"author":"admin","twitter_card":"summary_large_image","twitter_misc":{"\u00c9crit par":"admin","Dur\u00e9e de lecture estim\u00e9e":"2 minutes"},"schema":{"@context":"https:\/\/schema.org","@graph":[{"@type":"Article","@id":"https:\/\/challengeseconomiques.com\/?p=2513#article","isPartOf":{"@id":"https:\/\/challengeseconomiques.com\/?p=2513"},"author":{"name":"admin","@id":"https:\/\/challengeseconomiques.com\/#\/schema\/person\/b4568c9afebc5a9238a771873801e349"},"headline":"Le FMI f\u00e9licite le S\u00e9n\u00e9gal et se dit pr\u00eat \u00e0 mettre 180 millions $ \u00e0 sa disposition","datePublished":"2022-01-12T13:40:16+00:00","dateModified":"2022-01-12T13:43:47+00:00","mainEntityOfPage":{"@id":"https:\/\/challengeseconomiques.com\/?p=2513"},"wordCount":348,"image":{"@id":"https:\/\/challengeseconomiques.com\/?p=2513#primaryimage"},"thumbnailUrl":"https:\/\/challengeseconomiques.com\/wp-content\/uploads\/2021\/05\/Macky-Sall-FMI-696x391-1.jpg","articleSection":["A la une","Infos \u00e9co"],"inLanguage":"fr-FR"},{"@type":"WebPage","@id":"https:\/\/challengeseconomiques.com\/?p=2513","url":"https:\/\/challengeseconomiques.com\/?p=2513","name":"Le FMI f\u00e9licite le S\u00e9n\u00e9gal et se dit pr\u00eat \u00e0 mettre 180 millions $ \u00e0 sa disposition - challenges economiques","isPartOf":{"@id":"https:\/\/challengeseconomiques.com\/#website"},"primaryImageOfPage":{"@id":"https:\/\/challengeseconomiques.com\/?p=2513#primaryimage"},"image":{"@id":"https:\/\/challengeseconomiques.com\/?p=2513#primaryimage"},"thumbnailUrl":"https:\/\/challengeseconomiques.com\/wp-content\/uploads\/2021\/05\/Macky-Sall-FMI-696x391-1.jpg","datePublished":"2022-01-12T13:40:16+00:00","dateModified":"2022-01-12T13:43:47+00:00","author":{"@id":"https:\/\/challengeseconomiques.com\/#\/schema\/person\/b4568c9afebc5a9238a771873801e349"},"breadcrumb":{"@id":"https:\/\/challengeseconomiques.com\/?p=2513#breadcrumb"},"inLanguage":"fr-FR","potentialAction":[{"@type":"ReadAction","target":["https:\/\/challengeseconomiques.com\/?p=2513"]}]},{"@type":"ImageObject","inLanguage":"fr-FR","@id":"https:\/\/challengeseconomiques.com\/?p=2513#primaryimage","url":"https:\/\/challengeseconomiques.com\/wp-content\/uploads\/2021\/05\/Macky-Sall-FMI-696x391-1.jpg","contentUrl":"https:\/\/challengeseconomiques.com\/wp-content\/uploads\/2021\/05\/Macky-Sall-FMI-696x391-1.jpg","width":1024,"height":643},{"@type":"BreadcrumbList","@id":"https:\/\/challengeseconomiques.com\/?p=2513#breadcrumb","itemListElement":[{"@type":"ListItem","position":1,"name":"Home","item":"https:\/\/challengeseconomiques.com\/"},{"@type":"ListItem","position":2,"name":"Le FMI f\u00e9licite le S\u00e9n\u00e9gal et se dit pr\u00eat \u00e0 mettre 180 millions $ \u00e0 sa disposition"}]},{"@type":"WebSite","@id":"https:\/\/challengeseconomiques.com\/#website","url":"https:\/\/challengeseconomiques.com\/","name":"challenges economiques","description":"","potentialAction":[{"@type":"SearchAction","target":{"@type":"EntryPoint","urlTemplate":"https:\/\/challengeseconomiques.com\/?s={search_term_string}"},"query-input":{"@type":"PropertyValueSpecification","valueRequired":true,"valueName":"search_term_string"}}],"inLanguage":"fr-FR"},{"@type":"Person","@id":"https:\/\/challengeseconomiques.com\/#\/schema\/person\/b4568c9afebc5a9238a771873801e349","name":"admin","image":{"@type":"ImageObject","inLanguage":"fr-FR","@id":"https:\/\/challengeseconomiques.com\/#\/schema\/person\/image\/","url":"https:\/\/secure.gravatar.com\/avatar\/099e42240b5eea11acdb72751fcce0dd918603f0749d24974b7984ea47ed9fd9?s=96&d=mm&r=g","contentUrl":"https:\/\/secure.gravatar.com\/avatar\/099e42240b5eea11acdb72751fcce0dd918603f0749d24974b7984ea47ed9fd9?s=96&d=mm&r=g","caption":"admin"},"sameAs":["https:\/\/challengeseconomiques.com"],"url":"https:\/\/challengeseconomiques.com\/?author=1"}]}},"jetpack_featured_media_url":"https:\/\/challengeseconomiques.com\/wp-content\/uploads\/2021\/05\/Macky-Sall-FMI-696x391-1.jpg","jetpack_sharing_enabled":true,"_links":{"self":[{"href":"https:\/\/challengeseconomiques.com\/index.php?rest_route=\/wp\/v2\/posts\/2513","targetHints":{"allow":["GET"]}}],"collection":[{"href":"https:\/\/challengeseconomiques.com\/index.php?rest_route=\/wp\/v2\/posts"}],"about":[{"href":"https:\/\/challengeseconomiques.com\/index.php?rest_route=\/wp\/v2\/types\/post"}],"author":[{"embeddable":true,"href":"https:\/\/challengeseconomiques.com\/index.php?rest_route=\/wp\/v2\/users\/1"}],"replies":[{"embeddable":true,"href":"https:\/\/challengeseconomiques.com\/index.php?rest_route=%2Fwp%2Fv2%2Fcomments&post=2513"}],"version-history":[{"count":2,"href":"https:\/\/challengeseconomiques.com\/index.php?rest_route=\/wp\/v2\/posts\/2513\/revisions"}],"predecessor-version":[{"id":2515,"href":"https:\/\/challengeseconomiques.com\/index.php?rest_route=\/wp\/v2\/posts\/2513\/revisions\/2515"}],"wp:featuredmedia":[{"embeddable":true,"href":"https:\/\/challengeseconomiques.com\/index.php?rest_route=\/wp\/v2\/media\/983"}],"wp:attachment":[{"href":"https:\/\/challengeseconomiques.com\/index.php?rest_route=%2Fwp%2Fv2%2Fmedia&parent=2513"}],"wp:term":[{"taxonomy":"category","embeddable":true,"href":"https:\/\/challengeseconomiques.com\/index.php?rest_route=%2Fwp%2Fv2%2Fcategories&post=2513"},{"taxonomy":"post_tag","embeddable":true,"href":"https:\/\/challengeseconomiques.com\/index.php?rest_route=%2Fwp%2Fv2%2Ftags&post=2513"}],"curies":[{"name":"wp","href":"https:\/\/api.w.org\/{rel}","templated":true}]}}