{"id":2507,"date":"2022-01-11T23:50:38","date_gmt":"2022-01-11T23:50:38","guid":{"rendered":"https:\/\/challengeseconomiques.com\/?p=2507"},"modified":"2022-01-11T23:51:32","modified_gmt":"2022-01-11T23:51:32","slug":"afrique-subsaharienne-le-retour-de-la-croissance-risque-detre-freine-par-la-pauvrete-linsecurite-alimentaire-la-hausse-des-prix-des-produits-alimentaires-et-les-tensions-geopolit","status":"publish","type":"post","link":"https:\/\/challengeseconomiques.com\/?p=2507","title":{"rendered":"Afrique subsaharienne : Le retour de la croissance risque d\u2019\u00eatre frein\u00e9 par la pauvret\u00e9, l\u2019ins\u00e9curit\u00e9 alimentaire, la hausse des prix des produits alimentaires et les tensions g\u00e9opolitiques"},"content":{"rendered":"<p>Dans un document rendu public par la banque mondiale et dans lequel elle traite des perspectives \u00e9conomiques mondiales pour l\u2019ann\u00e9e 2022, l\u2019institution financi\u00e8re internationale indique que &nbsp;la croissance en Afrique subsaharienne devrait reprendre l\u00e9g\u00e8rement pendant la p\u00e9riode de pr\u00e9vision, pour s\u2019\u00e9tablir \u00e0 3,6&nbsp;% en 2022 et 3,8&nbsp;% en 2023. Une bonne nouvelle pour l\u2019Afrique subsaharienne, fortement secou\u00e9e par les effets de la pand\u00e9mie. Toutefois, l\u2019horizon n\u2019est pas aussi d\u00e9gag\u00e9 que l\u2019on pourrait le croire. Car des risques subsistent &nbsp;et celles &nbsp;pesant sur ces pr\u00e9visions sont plut\u00f4t orient\u00e9s \u00e0 la baisse d\u2019apr\u00e8s la banque mondiale. L\u2019institution financi\u00e8re explique dans le document que &nbsp;<em>&nbsp;<\/em>la pauvret\u00e9, l\u2019ins\u00e9curit\u00e9 alimentaire, la hausse des prix des produits alimentaires et les tensions g\u00e9opolitiques pourraient peser sur la demande des consommateurs et freiner la croissance. La banque mondiale avertit &nbsp;qu\u2019un net ralentissement de la croissance \u00e9conomique mondiale pourrait entra\u00eener d\u2019importantes corrections \u00e0 la baisse des prix des produits de base au d\u00e9triment des pays producteurs de p\u00e9trole et de m\u00e9taux. Elle indique par ailleurs que les pays confront\u00e9s \u00e0 des probl\u00e8mes de surendettement, &nbsp;pourraient avoir plus difficilement acc\u00e8s aux financements ext\u00e9rieurs, ce qui n\u00e9cessiterait selon l\u2019institution financi\u00e8re un ajustement budg\u00e9taire brutal. Selon la banque mondiale, les faibles taux de vaccination contre la COVID-19 exposent les pays de la r\u00e9gion \u00e0 une r\u00e9surgence et une aggravation des vagues \u00e9pid\u00e9miques, ce qui pourrait \u00e0 l\u2019en croire \u00e9branler \u00e0 nouveau l\u2019activit\u00e9 \u00e9conomique.<\/p>\n<p>Pour la banque mondiale la prolongation de la pand\u00e9mie risque d\u2019exacerber les probl\u00e8mes de d\u00e9veloppement et de sant\u00e9 existants, d\u2019enrayer les r\u00e9formes structurelles et budg\u00e9taires, et d\u2019entra\u00eener des pertes de capital humain durables. <strong>&nbsp;<\/strong><\/p>\n","protected":false},"excerpt":{"rendered":"<p>Dans un document rendu public par la banque mondiale et dans lequel elle traite des perspectives \u00e9conomiques mondiales pour l\u2019ann\u00e9e 2022, l\u2019institution financi\u00e8re internationale indique&#8230;<\/p>\n","protected":false},"author":1,"featured_media":2508,"comment_status":"closed","ping_status":"open","sticky":false,"template":"","format":"standard","meta":{"_jetpack_memberships_contains_paid_content":false,"footnotes":""},"categories":[23,10],"tags":[],"class_list":["post-2507","post","type-post","status-publish","format-standard","has-post-thumbnail","hentry","category-a-la-une","category-infos-eco","wpcat-23-id","wpcat-10-id"],"yoast_head":"<!-- This site is optimized with the Yoast SEO plugin v27.1.1 - https:\/\/yoast.com\/product\/yoast-seo-wordpress\/ -->\n<title>Afrique subsaharienne : Le retour de la croissance risque d\u2019\u00eatre frein\u00e9 par la pauvret\u00e9, l\u2019ins\u00e9curit\u00e9 alimentaire, la hausse des prix des produits alimentaires et les tensions g\u00e9opolitiques - challenges economiques<\/title>\n<meta name=\"robots\" content=\"index, follow, max-snippet:-1, max-image-preview:large, max-video-preview:-1\" \/>\n<link rel=\"canonical\" href=\"https:\/\/challengeseconomiques.com\/?p=2507\" \/>\n<meta property=\"og:locale\" content=\"fr_FR\" \/>\n<meta property=\"og:type\" content=\"article\" \/>\n<meta property=\"og:title\" content=\"Afrique subsaharienne : Le retour de la croissance risque d\u2019\u00eatre frein\u00e9 par la pauvret\u00e9, l\u2019ins\u00e9curit\u00e9 alimentaire, la hausse des prix des produits alimentaires et les tensions g\u00e9opolitiques - challenges economiques\" \/>\n<meta property=\"og:description\" content=\"Dans un document rendu public par la banque mondiale et dans lequel elle traite des perspectives \u00e9conomiques mondiales pour l\u2019ann\u00e9e 2022, l\u2019institution financi\u00e8re internationale indique...\" \/>\n<meta property=\"og:url\" content=\"https:\/\/challengeseconomiques.com\/?p=2507\" \/>\n<meta property=\"og:site_name\" content=\"challenges economiques\" \/>\n<meta property=\"article:published_time\" content=\"2022-01-11T23:50:38+00:00\" \/>\n<meta property=\"article:modified_time\" content=\"2022-01-11T23:51:32+00:00\" \/>\n<meta property=\"og:image\" content=\"https:\/\/challengeseconomiques.com\/wp-content\/uploads\/2022\/01\/croissance-2.jpg\" \/>\n\t<meta property=\"og:image:width\" content=\"987\" \/>\n\t<meta property=\"og:image:height\" content=\"536\" \/>\n\t<meta property=\"og:image:type\" content=\"image\/jpeg\" \/>\n<meta name=\"author\" content=\"admin\" \/>\n<meta name=\"twitter:card\" content=\"summary_large_image\" \/>\n<meta name=\"twitter:label1\" content=\"\u00c9crit par\" \/>\n\t<meta name=\"twitter:data1\" content=\"admin\" \/>\n\t<meta name=\"twitter:label2\" content=\"Dur\u00e9e de lecture estim\u00e9e\" \/>\n\t<meta name=\"twitter:data2\" content=\"2 minutes\" \/>\n<script type=\"application\/ld+json\" class=\"yoast-schema-graph\">{\"@context\":\"https:\/\/schema.org\",\"@graph\":[{\"@type\":\"Article\",\"@id\":\"https:\/\/challengeseconomiques.com\/?p=2507#article\",\"isPartOf\":{\"@id\":\"https:\/\/challengeseconomiques.com\/?p=2507\"},\"author\":{\"name\":\"admin\",\"@id\":\"https:\/\/challengeseconomiques.com\/#\/schema\/person\/b4568c9afebc5a9238a771873801e349\"},\"headline\":\"Afrique subsaharienne : Le retour de la croissance risque d\u2019\u00eatre frein\u00e9 par la pauvret\u00e9, l\u2019ins\u00e9curit\u00e9 alimentaire, la hausse des prix des produits alimentaires et les tensions g\u00e9opolitiques\",\"datePublished\":\"2022-01-11T23:50:38+00:00\",\"dateModified\":\"2022-01-11T23:51:32+00:00\",\"mainEntityOfPage\":{\"@id\":\"https:\/\/challengeseconomiques.com\/?p=2507\"},\"wordCount\":346,\"image\":{\"@id\":\"https:\/\/challengeseconomiques.com\/?p=2507#primaryimage\"},\"thumbnailUrl\":\"https:\/\/challengeseconomiques.com\/wp-content\/uploads\/2022\/01\/croissance-2.jpg\",\"articleSection\":[\"A la une\",\"Infos \u00e9co\"],\"inLanguage\":\"fr-FR\"},{\"@type\":\"WebPage\",\"@id\":\"https:\/\/challengeseconomiques.com\/?p=2507\",\"url\":\"https:\/\/challengeseconomiques.com\/?p=2507\",\"name\":\"Afrique subsaharienne : Le retour de la croissance risque d\u2019\u00eatre frein\u00e9 par la pauvret\u00e9, l\u2019ins\u00e9curit\u00e9 alimentaire, la hausse des prix des produits alimentaires et les tensions g\u00e9opolitiques - challenges economiques\",\"isPartOf\":{\"@id\":\"https:\/\/challengeseconomiques.com\/#website\"},\"primaryImageOfPage\":{\"@id\":\"https:\/\/challengeseconomiques.com\/?p=2507#primaryimage\"},\"image\":{\"@id\":\"https:\/\/challengeseconomiques.com\/?p=2507#primaryimage\"},\"thumbnailUrl\":\"https:\/\/challengeseconomiques.com\/wp-content\/uploads\/2022\/01\/croissance-2.jpg\",\"datePublished\":\"2022-01-11T23:50:38+00:00\",\"dateModified\":\"2022-01-11T23:51:32+00:00\",\"author\":{\"@id\":\"https:\/\/challengeseconomiques.com\/#\/schema\/person\/b4568c9afebc5a9238a771873801e349\"},\"breadcrumb\":{\"@id\":\"https:\/\/challengeseconomiques.com\/?p=2507#breadcrumb\"},\"inLanguage\":\"fr-FR\",\"potentialAction\":[{\"@type\":\"ReadAction\",\"target\":[\"https:\/\/challengeseconomiques.com\/?p=2507\"]}]},{\"@type\":\"ImageObject\",\"inLanguage\":\"fr-FR\",\"@id\":\"https:\/\/challengeseconomiques.com\/?p=2507#primaryimage\",\"url\":\"https:\/\/challengeseconomiques.com\/wp-content\/uploads\/2022\/01\/croissance-2.jpg\",\"contentUrl\":\"https:\/\/challengeseconomiques.com\/wp-content\/uploads\/2022\/01\/croissance-2.jpg\",\"width\":987,\"height\":536},{\"@type\":\"BreadcrumbList\",\"@id\":\"https:\/\/challengeseconomiques.com\/?p=2507#breadcrumb\",\"itemListElement\":[{\"@type\":\"ListItem\",\"position\":1,\"name\":\"Home\",\"item\":\"https:\/\/challengeseconomiques.com\/\"},{\"@type\":\"ListItem\",\"position\":2,\"name\":\"Afrique subsaharienne : Le retour de la croissance risque d\u2019\u00eatre frein\u00e9 par la pauvret\u00e9, l\u2019ins\u00e9curit\u00e9 alimentaire, la hausse des prix des produits alimentaires et les tensions g\u00e9opolitiques\"}]},{\"@type\":\"WebSite\",\"@id\":\"https:\/\/challengeseconomiques.com\/#website\",\"url\":\"https:\/\/challengeseconomiques.com\/\",\"name\":\"challenges economiques\",\"description\":\"\",\"potentialAction\":[{\"@type\":\"SearchAction\",\"target\":{\"@type\":\"EntryPoint\",\"urlTemplate\":\"https:\/\/challengeseconomiques.com\/?s={search_term_string}\"},\"query-input\":{\"@type\":\"PropertyValueSpecification\",\"valueRequired\":true,\"valueName\":\"search_term_string\"}}],\"inLanguage\":\"fr-FR\"},{\"@type\":\"Person\",\"@id\":\"https:\/\/challengeseconomiques.com\/#\/schema\/person\/b4568c9afebc5a9238a771873801e349\",\"name\":\"admin\",\"image\":{\"@type\":\"ImageObject\",\"inLanguage\":\"fr-FR\",\"@id\":\"https:\/\/challengeseconomiques.com\/#\/schema\/person\/image\/\",\"url\":\"https:\/\/secure.gravatar.com\/avatar\/099e42240b5eea11acdb72751fcce0dd918603f0749d24974b7984ea47ed9fd9?s=96&d=mm&r=g\",\"contentUrl\":\"https:\/\/secure.gravatar.com\/avatar\/099e42240b5eea11acdb72751fcce0dd918603f0749d24974b7984ea47ed9fd9?s=96&d=mm&r=g\",\"caption\":\"admin\"},\"sameAs\":[\"https:\/\/challengeseconomiques.com\"],\"url\":\"https:\/\/challengeseconomiques.com\/?author=1\"}]}<\/script>\n<!-- \/ Yoast SEO plugin. -->","yoast_head_json":{"title":"Afrique subsaharienne : Le retour de la croissance risque d\u2019\u00eatre frein\u00e9 par la pauvret\u00e9, l\u2019ins\u00e9curit\u00e9 alimentaire, la hausse des prix des produits alimentaires et les tensions g\u00e9opolitiques - challenges economiques","robots":{"index":"index","follow":"follow","max-snippet":"max-snippet:-1","max-image-preview":"max-image-preview:large","max-video-preview":"max-video-preview:-1"},"canonical":"https:\/\/challengeseconomiques.com\/?p=2507","og_locale":"fr_FR","og_type":"article","og_title":"Afrique subsaharienne : Le retour de la croissance risque d\u2019\u00eatre frein\u00e9 par la pauvret\u00e9, l\u2019ins\u00e9curit\u00e9 alimentaire, la hausse des prix des produits alimentaires et les tensions g\u00e9opolitiques - challenges economiques","og_description":"Dans un document rendu public par la banque mondiale et dans lequel elle traite des perspectives \u00e9conomiques mondiales pour l\u2019ann\u00e9e 2022, l\u2019institution financi\u00e8re internationale indique...","og_url":"https:\/\/challengeseconomiques.com\/?p=2507","og_site_name":"challenges economiques","article_published_time":"2022-01-11T23:50:38+00:00","article_modified_time":"2022-01-11T23:51:32+00:00","og_image":[{"width":987,"height":536,"url":"https:\/\/challengeseconomiques.com\/wp-content\/uploads\/2022\/01\/croissance-2.jpg","type":"image\/jpeg"}],"author":"admin","twitter_card":"summary_large_image","twitter_misc":{"\u00c9crit par":"admin","Dur\u00e9e de lecture estim\u00e9e":"2 minutes"},"schema":{"@context":"https:\/\/schema.org","@graph":[{"@type":"Article","@id":"https:\/\/challengeseconomiques.com\/?p=2507#article","isPartOf":{"@id":"https:\/\/challengeseconomiques.com\/?p=2507"},"author":{"name":"admin","@id":"https:\/\/challengeseconomiques.com\/#\/schema\/person\/b4568c9afebc5a9238a771873801e349"},"headline":"Afrique subsaharienne : Le retour de la croissance risque d\u2019\u00eatre frein\u00e9 par la pauvret\u00e9, l\u2019ins\u00e9curit\u00e9 alimentaire, la hausse des prix des produits alimentaires et les tensions g\u00e9opolitiques","datePublished":"2022-01-11T23:50:38+00:00","dateModified":"2022-01-11T23:51:32+00:00","mainEntityOfPage":{"@id":"https:\/\/challengeseconomiques.com\/?p=2507"},"wordCount":346,"image":{"@id":"https:\/\/challengeseconomiques.com\/?p=2507#primaryimage"},"thumbnailUrl":"https:\/\/challengeseconomiques.com\/wp-content\/uploads\/2022\/01\/croissance-2.jpg","articleSection":["A la une","Infos \u00e9co"],"inLanguage":"fr-FR"},{"@type":"WebPage","@id":"https:\/\/challengeseconomiques.com\/?p=2507","url":"https:\/\/challengeseconomiques.com\/?p=2507","name":"Afrique subsaharienne : Le retour de la croissance risque d\u2019\u00eatre frein\u00e9 par la pauvret\u00e9, l\u2019ins\u00e9curit\u00e9 alimentaire, la hausse des prix des produits alimentaires et les tensions g\u00e9opolitiques - challenges economiques","isPartOf":{"@id":"https:\/\/challengeseconomiques.com\/#website"},"primaryImageOfPage":{"@id":"https:\/\/challengeseconomiques.com\/?p=2507#primaryimage"},"image":{"@id":"https:\/\/challengeseconomiques.com\/?p=2507#primaryimage"},"thumbnailUrl":"https:\/\/challengeseconomiques.com\/wp-content\/uploads\/2022\/01\/croissance-2.jpg","datePublished":"2022-01-11T23:50:38+00:00","dateModified":"2022-01-11T23:51:32+00:00","author":{"@id":"https:\/\/challengeseconomiques.com\/#\/schema\/person\/b4568c9afebc5a9238a771873801e349"},"breadcrumb":{"@id":"https:\/\/challengeseconomiques.com\/?p=2507#breadcrumb"},"inLanguage":"fr-FR","potentialAction":[{"@type":"ReadAction","target":["https:\/\/challengeseconomiques.com\/?p=2507"]}]},{"@type":"ImageObject","inLanguage":"fr-FR","@id":"https:\/\/challengeseconomiques.com\/?p=2507#primaryimage","url":"https:\/\/challengeseconomiques.com\/wp-content\/uploads\/2022\/01\/croissance-2.jpg","contentUrl":"https:\/\/challengeseconomiques.com\/wp-content\/uploads\/2022\/01\/croissance-2.jpg","width":987,"height":536},{"@type":"BreadcrumbList","@id":"https:\/\/challengeseconomiques.com\/?p=2507#breadcrumb","itemListElement":[{"@type":"ListItem","position":1,"name":"Home","item":"https:\/\/challengeseconomiques.com\/"},{"@type":"ListItem","position":2,"name":"Afrique subsaharienne : Le retour de la croissance risque d\u2019\u00eatre frein\u00e9 par la pauvret\u00e9, l\u2019ins\u00e9curit\u00e9 alimentaire, la hausse des prix des produits alimentaires et les tensions g\u00e9opolitiques"}]},{"@type":"WebSite","@id":"https:\/\/challengeseconomiques.com\/#website","url":"https:\/\/challengeseconomiques.com\/","name":"challenges economiques","description":"","potentialAction":[{"@type":"SearchAction","target":{"@type":"EntryPoint","urlTemplate":"https:\/\/challengeseconomiques.com\/?s={search_term_string}"},"query-input":{"@type":"PropertyValueSpecification","valueRequired":true,"valueName":"search_term_string"}}],"inLanguage":"fr-FR"},{"@type":"Person","@id":"https:\/\/challengeseconomiques.com\/#\/schema\/person\/b4568c9afebc5a9238a771873801e349","name":"admin","image":{"@type":"ImageObject","inLanguage":"fr-FR","@id":"https:\/\/challengeseconomiques.com\/#\/schema\/person\/image\/","url":"https:\/\/secure.gravatar.com\/avatar\/099e42240b5eea11acdb72751fcce0dd918603f0749d24974b7984ea47ed9fd9?s=96&d=mm&r=g","contentUrl":"https:\/\/secure.gravatar.com\/avatar\/099e42240b5eea11acdb72751fcce0dd918603f0749d24974b7984ea47ed9fd9?s=96&d=mm&r=g","caption":"admin"},"sameAs":["https:\/\/challengeseconomiques.com"],"url":"https:\/\/challengeseconomiques.com\/?author=1"}]}},"jetpack_featured_media_url":"https:\/\/challengeseconomiques.com\/wp-content\/uploads\/2022\/01\/croissance-2.jpg","jetpack_sharing_enabled":true,"_links":{"self":[{"href":"https:\/\/challengeseconomiques.com\/index.php?rest_route=\/wp\/v2\/posts\/2507","targetHints":{"allow":["GET"]}}],"collection":[{"href":"https:\/\/challengeseconomiques.com\/index.php?rest_route=\/wp\/v2\/posts"}],"about":[{"href":"https:\/\/challengeseconomiques.com\/index.php?rest_route=\/wp\/v2\/types\/post"}],"author":[{"embeddable":true,"href":"https:\/\/challengeseconomiques.com\/index.php?rest_route=\/wp\/v2\/users\/1"}],"replies":[{"embeddable":true,"href":"https:\/\/challengeseconomiques.com\/index.php?rest_route=%2Fwp%2Fv2%2Fcomments&post=2507"}],"version-history":[{"count":2,"href":"https:\/\/challengeseconomiques.com\/index.php?rest_route=\/wp\/v2\/posts\/2507\/revisions"}],"predecessor-version":[{"id":2510,"href":"https:\/\/challengeseconomiques.com\/index.php?rest_route=\/wp\/v2\/posts\/2507\/revisions\/2510"}],"wp:featuredmedia":[{"embeddable":true,"href":"https:\/\/challengeseconomiques.com\/index.php?rest_route=\/wp\/v2\/media\/2508"}],"wp:attachment":[{"href":"https:\/\/challengeseconomiques.com\/index.php?rest_route=%2Fwp%2Fv2%2Fmedia&parent=2507"}],"wp:term":[{"taxonomy":"category","embeddable":true,"href":"https:\/\/challengeseconomiques.com\/index.php?rest_route=%2Fwp%2Fv2%2Fcategories&post=2507"},{"taxonomy":"post_tag","embeddable":true,"href":"https:\/\/challengeseconomiques.com\/index.php?rest_route=%2Fwp%2Fv2%2Ftags&post=2507"}],"curies":[{"name":"wp","href":"https:\/\/api.w.org\/{rel}","templated":true}]}}