{"id":2447,"date":"2021-12-22T13:21:37","date_gmt":"2021-12-22T13:21:37","guid":{"rendered":"https:\/\/challengeseconomiques.com\/?p=2447"},"modified":"2021-12-22T13:22:23","modified_gmt":"2021-12-22T13:22:23","slug":"fonds-dinvestissements-de-lannee-2021-le-fonsis-plebiscite","status":"publish","type":"post","link":"https:\/\/challengeseconomiques.com\/?p=2447","title":{"rendered":"Fonds d\u2019Investissements de l\u2019ann\u00e9e 2021 Le FONSIS pl\u00e9biscit\u00e9"},"content":{"rendered":"<p><strong>Pape Demba Diallo, Dg FONSIS<\/strong><\/p>\n<p><strong>Le Fonds Souverain d\u2019Investissements Strat\u00e9giques (FONSIS) du S\u00e9n\u00e9gal a \u00e9t\u00e9 d\u00e9sign\u00e9 <em>Fonds d\u2019investissement de l\u2019ann\u00e9e<\/em>, \u00e0 l\u2019occasion de la 4<sup>\u00e8me<\/sup> \u00e9dition des Financial Afrik Awards tenue \u00e0 Nouakchott<\/strong>.<\/p>\n<p>C\u2019est une certaine forme de reconnaissance pour le Fonsis. En effet, un communiqu\u00e9 d\u00e9crit que \u00ab&nbsp;le jeune fonds souverain s\u00e9n\u00e9galais qui c\u00e9l\u00e8bre cette ann\u00e9e, son 7<sup>\u00e8me<\/sup> exercice, voit ainsi la qualit\u00e9 de son travail et l\u2019innovation, dont il a su faire preuve depuis le d\u00e9marrage de ses activit\u00e9s en 2014 \u00eatre salu\u00e9 par les professionnels de la finance&nbsp;\u00bb. Ainsi, Papa Demba Diallo, Directeur g\u00e9n\u00e9ral du Fonds souverain s\u00e9n\u00e9galais, a remerci\u00e9 le Pr\u00e9sident de la R\u00e9publique qui est le premier support du FONSIS, le Ministre de l\u2019Economie, du Plan et de la Coop\u00e9ration Amadou Hott, ainsi que le Conseil d\u2019administration qui a permis au FONSIS d\u2019asseoir une gouvernance solide, informe le communiqu\u00e9. D\u2019apr\u00e8s Papa Demba Diallo, \u00ab&nbsp;Le FONSIS en lui-m\u00eame est une r\u00e9forme. En d\u00e9cidant de le cr\u00e9er, l\u2019Etat s\u00e9n\u00e9galais a choisi d\u2019avoir une autre vision du financement et affirm\u00e9 sa volont\u00e9 de mieux accompagner le secteur priv\u00e9. Cet Awards salue la performance de l\u2019ensemble des personnes qui ont travaill\u00e9 et travaillent au FONSIS. C\u2019est le savoir-faire local qui est salu\u00e9. Nous devons continuer \u00e0 trouver des financements innovants pour assurer \u00e0 nos pays les moyens de leur d\u00e9veloppement et de leur souverainet\u00e9&nbsp;\u00bb, a soutenu le DG du Fonsis.<\/p>\n<p>Pour rappel, les Financial Afrik Awards r\u00e9unissent depuis 2018,&nbsp; des experts, de hauts dirigeants des banques, des assurances, des institutions publiques, des fintechs, des bourses, des fonds d\u2019investissement ainsi que des PDG et d\u00e9cideurs d\u2019Afrique et d\u2019ailleurs autour des th\u00e9matiques portant sur les enjeux de d\u00e9veloppement.<\/p>\n<p><strong>Moustapha DIA<\/strong><\/p>\n<p>&nbsp;<\/p>\n","protected":false},"excerpt":{"rendered":"<p>Pape Demba Diallo, Dg FONSIS Le Fonds Souverain d\u2019Investissements Strat\u00e9giques (FONSIS) du S\u00e9n\u00e9gal a \u00e9t\u00e9 d\u00e9sign\u00e9 Fonds d\u2019investissement de l\u2019ann\u00e9e, \u00e0 l\u2019occasion de la 4\u00e8me&#8230;<\/p>\n","protected":false},"author":1,"featured_media":2317,"comment_status":"closed","ping_status":"open","sticky":false,"template":"","format":"standard","meta":{"_jetpack_memberships_contains_paid_content":false,"footnotes":""},"categories":[23,10],"tags":[],"class_list":["post-2447","post","type-post","status-publish","format-standard","has-post-thumbnail","hentry","category-a-la-une","category-infos-eco","wpcat-23-id","wpcat-10-id"],"yoast_head":"<!-- This site is optimized with the Yoast SEO plugin v27.1.1 - https:\/\/yoast.com\/product\/yoast-seo-wordpress\/ -->\n<title>Fonds d\u2019Investissements de l\u2019ann\u00e9e 2021 Le FONSIS pl\u00e9biscit\u00e9 - challenges economiques<\/title>\n<meta name=\"robots\" content=\"index, follow, max-snippet:-1, max-image-preview:large, max-video-preview:-1\" \/>\n<link rel=\"canonical\" href=\"https:\/\/challengeseconomiques.com\/?p=2447\" \/>\n<meta property=\"og:locale\" content=\"fr_FR\" \/>\n<meta property=\"og:type\" content=\"article\" \/>\n<meta property=\"og:title\" content=\"Fonds d\u2019Investissements de l\u2019ann\u00e9e 2021 Le FONSIS pl\u00e9biscit\u00e9 - challenges economiques\" \/>\n<meta property=\"og:description\" content=\"Pape Demba Diallo, Dg FONSIS Le Fonds Souverain d\u2019Investissements Strat\u00e9giques (FONSIS) du S\u00e9n\u00e9gal a \u00e9t\u00e9 d\u00e9sign\u00e9 Fonds d\u2019investissement de l\u2019ann\u00e9e, \u00e0 l\u2019occasion de la 4\u00e8me...\" \/>\n<meta property=\"og:url\" content=\"https:\/\/challengeseconomiques.com\/?p=2447\" \/>\n<meta property=\"og:site_name\" content=\"challenges economiques\" \/>\n<meta property=\"article:published_time\" content=\"2021-12-22T13:21:37+00:00\" \/>\n<meta property=\"article:modified_time\" content=\"2021-12-22T13:22:23+00:00\" \/>\n<meta property=\"og:image\" content=\"https:\/\/challengeseconomiques.com\/wp-content\/uploads\/2021\/12\/interview.jpeg\" \/>\n\t<meta property=\"og:image:width\" content=\"1024\" \/>\n\t<meta property=\"og:image:height\" content=\"884\" \/>\n\t<meta property=\"og:image:type\" content=\"image\/jpeg\" \/>\n<meta name=\"author\" content=\"admin\" \/>\n<meta name=\"twitter:card\" content=\"summary_large_image\" \/>\n<meta name=\"twitter:label1\" content=\"\u00c9crit par\" \/>\n\t<meta name=\"twitter:data1\" content=\"admin\" \/>\n\t<meta name=\"twitter:label2\" content=\"Dur\u00e9e de lecture estim\u00e9e\" \/>\n\t<meta name=\"twitter:data2\" content=\"2 minutes\" \/>\n<script type=\"application\/ld+json\" class=\"yoast-schema-graph\">{\"@context\":\"https:\/\/schema.org\",\"@graph\":[{\"@type\":\"Article\",\"@id\":\"https:\/\/challengeseconomiques.com\/?p=2447#article\",\"isPartOf\":{\"@id\":\"https:\/\/challengeseconomiques.com\/?p=2447\"},\"author\":{\"name\":\"admin\",\"@id\":\"https:\/\/challengeseconomiques.com\/#\/schema\/person\/b4568c9afebc5a9238a771873801e349\"},\"headline\":\"Fonds d\u2019Investissements de l\u2019ann\u00e9e 2021 Le FONSIS pl\u00e9biscit\u00e9\",\"datePublished\":\"2021-12-22T13:21:37+00:00\",\"dateModified\":\"2021-12-22T13:22:23+00:00\",\"mainEntityOfPage\":{\"@id\":\"https:\/\/challengeseconomiques.com\/?p=2447\"},\"wordCount\":339,\"image\":{\"@id\":\"https:\/\/challengeseconomiques.com\/?p=2447#primaryimage\"},\"thumbnailUrl\":\"https:\/\/challengeseconomiques.com\/wp-content\/uploads\/2021\/12\/interview.jpeg\",\"articleSection\":[\"A la une\",\"Infos \u00e9co\"],\"inLanguage\":\"fr-FR\"},{\"@type\":\"WebPage\",\"@id\":\"https:\/\/challengeseconomiques.com\/?p=2447\",\"url\":\"https:\/\/challengeseconomiques.com\/?p=2447\",\"name\":\"Fonds d\u2019Investissements de l\u2019ann\u00e9e 2021 Le FONSIS pl\u00e9biscit\u00e9 - challenges economiques\",\"isPartOf\":{\"@id\":\"https:\/\/challengeseconomiques.com\/#website\"},\"primaryImageOfPage\":{\"@id\":\"https:\/\/challengeseconomiques.com\/?p=2447#primaryimage\"},\"image\":{\"@id\":\"https:\/\/challengeseconomiques.com\/?p=2447#primaryimage\"},\"thumbnailUrl\":\"https:\/\/challengeseconomiques.com\/wp-content\/uploads\/2021\/12\/interview.jpeg\",\"datePublished\":\"2021-12-22T13:21:37+00:00\",\"dateModified\":\"2021-12-22T13:22:23+00:00\",\"author\":{\"@id\":\"https:\/\/challengeseconomiques.com\/#\/schema\/person\/b4568c9afebc5a9238a771873801e349\"},\"breadcrumb\":{\"@id\":\"https:\/\/challengeseconomiques.com\/?p=2447#breadcrumb\"},\"inLanguage\":\"fr-FR\",\"potentialAction\":[{\"@type\":\"ReadAction\",\"target\":[\"https:\/\/challengeseconomiques.com\/?p=2447\"]}]},{\"@type\":\"ImageObject\",\"inLanguage\":\"fr-FR\",\"@id\":\"https:\/\/challengeseconomiques.com\/?p=2447#primaryimage\",\"url\":\"https:\/\/challengeseconomiques.com\/wp-content\/uploads\/2021\/12\/interview.jpeg\",\"contentUrl\":\"https:\/\/challengeseconomiques.com\/wp-content\/uploads\/2021\/12\/interview.jpeg\",\"width\":1024,\"height\":884},{\"@type\":\"BreadcrumbList\",\"@id\":\"https:\/\/challengeseconomiques.com\/?p=2447#breadcrumb\",\"itemListElement\":[{\"@type\":\"ListItem\",\"position\":1,\"name\":\"Home\",\"item\":\"https:\/\/challengeseconomiques.com\/\"},{\"@type\":\"ListItem\",\"position\":2,\"name\":\"Fonds d\u2019Investissements de l\u2019ann\u00e9e 2021 Le FONSIS pl\u00e9biscit\u00e9\"}]},{\"@type\":\"WebSite\",\"@id\":\"https:\/\/challengeseconomiques.com\/#website\",\"url\":\"https:\/\/challengeseconomiques.com\/\",\"name\":\"challenges economiques\",\"description\":\"\",\"potentialAction\":[{\"@type\":\"SearchAction\",\"target\":{\"@type\":\"EntryPoint\",\"urlTemplate\":\"https:\/\/challengeseconomiques.com\/?s={search_term_string}\"},\"query-input\":{\"@type\":\"PropertyValueSpecification\",\"valueRequired\":true,\"valueName\":\"search_term_string\"}}],\"inLanguage\":\"fr-FR\"},{\"@type\":\"Person\",\"@id\":\"https:\/\/challengeseconomiques.com\/#\/schema\/person\/b4568c9afebc5a9238a771873801e349\",\"name\":\"admin\",\"image\":{\"@type\":\"ImageObject\",\"inLanguage\":\"fr-FR\",\"@id\":\"https:\/\/challengeseconomiques.com\/#\/schema\/person\/image\/\",\"url\":\"https:\/\/secure.gravatar.com\/avatar\/099e42240b5eea11acdb72751fcce0dd918603f0749d24974b7984ea47ed9fd9?s=96&d=mm&r=g\",\"contentUrl\":\"https:\/\/secure.gravatar.com\/avatar\/099e42240b5eea11acdb72751fcce0dd918603f0749d24974b7984ea47ed9fd9?s=96&d=mm&r=g\",\"caption\":\"admin\"},\"sameAs\":[\"https:\/\/challengeseconomiques.com\"],\"url\":\"https:\/\/challengeseconomiques.com\/?author=1\"}]}<\/script>\n<!-- \/ Yoast SEO plugin. -->","yoast_head_json":{"title":"Fonds d\u2019Investissements de l\u2019ann\u00e9e 2021 Le FONSIS pl\u00e9biscit\u00e9 - challenges economiques","robots":{"index":"index","follow":"follow","max-snippet":"max-snippet:-1","max-image-preview":"max-image-preview:large","max-video-preview":"max-video-preview:-1"},"canonical":"https:\/\/challengeseconomiques.com\/?p=2447","og_locale":"fr_FR","og_type":"article","og_title":"Fonds d\u2019Investissements de l\u2019ann\u00e9e 2021 Le FONSIS pl\u00e9biscit\u00e9 - challenges economiques","og_description":"Pape Demba Diallo, Dg FONSIS Le Fonds Souverain d\u2019Investissements Strat\u00e9giques (FONSIS) du S\u00e9n\u00e9gal a \u00e9t\u00e9 d\u00e9sign\u00e9 Fonds d\u2019investissement de l\u2019ann\u00e9e, \u00e0 l\u2019occasion de la 4\u00e8me...","og_url":"https:\/\/challengeseconomiques.com\/?p=2447","og_site_name":"challenges economiques","article_published_time":"2021-12-22T13:21:37+00:00","article_modified_time":"2021-12-22T13:22:23+00:00","og_image":[{"width":1024,"height":884,"url":"https:\/\/challengeseconomiques.com\/wp-content\/uploads\/2021\/12\/interview.jpeg","type":"image\/jpeg"}],"author":"admin","twitter_card":"summary_large_image","twitter_misc":{"\u00c9crit par":"admin","Dur\u00e9e de lecture estim\u00e9e":"2 minutes"},"schema":{"@context":"https:\/\/schema.org","@graph":[{"@type":"Article","@id":"https:\/\/challengeseconomiques.com\/?p=2447#article","isPartOf":{"@id":"https:\/\/challengeseconomiques.com\/?p=2447"},"author":{"name":"admin","@id":"https:\/\/challengeseconomiques.com\/#\/schema\/person\/b4568c9afebc5a9238a771873801e349"},"headline":"Fonds d\u2019Investissements de l\u2019ann\u00e9e 2021 Le FONSIS pl\u00e9biscit\u00e9","datePublished":"2021-12-22T13:21:37+00:00","dateModified":"2021-12-22T13:22:23+00:00","mainEntityOfPage":{"@id":"https:\/\/challengeseconomiques.com\/?p=2447"},"wordCount":339,"image":{"@id":"https:\/\/challengeseconomiques.com\/?p=2447#primaryimage"},"thumbnailUrl":"https:\/\/challengeseconomiques.com\/wp-content\/uploads\/2021\/12\/interview.jpeg","articleSection":["A la une","Infos \u00e9co"],"inLanguage":"fr-FR"},{"@type":"WebPage","@id":"https:\/\/challengeseconomiques.com\/?p=2447","url":"https:\/\/challengeseconomiques.com\/?p=2447","name":"Fonds d\u2019Investissements de l\u2019ann\u00e9e 2021 Le FONSIS pl\u00e9biscit\u00e9 - challenges economiques","isPartOf":{"@id":"https:\/\/challengeseconomiques.com\/#website"},"primaryImageOfPage":{"@id":"https:\/\/challengeseconomiques.com\/?p=2447#primaryimage"},"image":{"@id":"https:\/\/challengeseconomiques.com\/?p=2447#primaryimage"},"thumbnailUrl":"https:\/\/challengeseconomiques.com\/wp-content\/uploads\/2021\/12\/interview.jpeg","datePublished":"2021-12-22T13:21:37+00:00","dateModified":"2021-12-22T13:22:23+00:00","author":{"@id":"https:\/\/challengeseconomiques.com\/#\/schema\/person\/b4568c9afebc5a9238a771873801e349"},"breadcrumb":{"@id":"https:\/\/challengeseconomiques.com\/?p=2447#breadcrumb"},"inLanguage":"fr-FR","potentialAction":[{"@type":"ReadAction","target":["https:\/\/challengeseconomiques.com\/?p=2447"]}]},{"@type":"ImageObject","inLanguage":"fr-FR","@id":"https:\/\/challengeseconomiques.com\/?p=2447#primaryimage","url":"https:\/\/challengeseconomiques.com\/wp-content\/uploads\/2021\/12\/interview.jpeg","contentUrl":"https:\/\/challengeseconomiques.com\/wp-content\/uploads\/2021\/12\/interview.jpeg","width":1024,"height":884},{"@type":"BreadcrumbList","@id":"https:\/\/challengeseconomiques.com\/?p=2447#breadcrumb","itemListElement":[{"@type":"ListItem","position":1,"name":"Home","item":"https:\/\/challengeseconomiques.com\/"},{"@type":"ListItem","position":2,"name":"Fonds d\u2019Investissements de l\u2019ann\u00e9e 2021 Le FONSIS pl\u00e9biscit\u00e9"}]},{"@type":"WebSite","@id":"https:\/\/challengeseconomiques.com\/#website","url":"https:\/\/challengeseconomiques.com\/","name":"challenges economiques","description":"","potentialAction":[{"@type":"SearchAction","target":{"@type":"EntryPoint","urlTemplate":"https:\/\/challengeseconomiques.com\/?s={search_term_string}"},"query-input":{"@type":"PropertyValueSpecification","valueRequired":true,"valueName":"search_term_string"}}],"inLanguage":"fr-FR"},{"@type":"Person","@id":"https:\/\/challengeseconomiques.com\/#\/schema\/person\/b4568c9afebc5a9238a771873801e349","name":"admin","image":{"@type":"ImageObject","inLanguage":"fr-FR","@id":"https:\/\/challengeseconomiques.com\/#\/schema\/person\/image\/","url":"https:\/\/secure.gravatar.com\/avatar\/099e42240b5eea11acdb72751fcce0dd918603f0749d24974b7984ea47ed9fd9?s=96&d=mm&r=g","contentUrl":"https:\/\/secure.gravatar.com\/avatar\/099e42240b5eea11acdb72751fcce0dd918603f0749d24974b7984ea47ed9fd9?s=96&d=mm&r=g","caption":"admin"},"sameAs":["https:\/\/challengeseconomiques.com"],"url":"https:\/\/challengeseconomiques.com\/?author=1"}]}},"jetpack_featured_media_url":"https:\/\/challengeseconomiques.com\/wp-content\/uploads\/2021\/12\/interview.jpeg","jetpack_sharing_enabled":true,"_links":{"self":[{"href":"https:\/\/challengeseconomiques.com\/index.php?rest_route=\/wp\/v2\/posts\/2447","targetHints":{"allow":["GET"]}}],"collection":[{"href":"https:\/\/challengeseconomiques.com\/index.php?rest_route=\/wp\/v2\/posts"}],"about":[{"href":"https:\/\/challengeseconomiques.com\/index.php?rest_route=\/wp\/v2\/types\/post"}],"author":[{"embeddable":true,"href":"https:\/\/challengeseconomiques.com\/index.php?rest_route=\/wp\/v2\/users\/1"}],"replies":[{"embeddable":true,"href":"https:\/\/challengeseconomiques.com\/index.php?rest_route=%2Fwp%2Fv2%2Fcomments&post=2447"}],"version-history":[{"count":3,"href":"https:\/\/challengeseconomiques.com\/index.php?rest_route=\/wp\/v2\/posts\/2447\/revisions"}],"predecessor-version":[{"id":2450,"href":"https:\/\/challengeseconomiques.com\/index.php?rest_route=\/wp\/v2\/posts\/2447\/revisions\/2450"}],"wp:featuredmedia":[{"embeddable":true,"href":"https:\/\/challengeseconomiques.com\/index.php?rest_route=\/wp\/v2\/media\/2317"}],"wp:attachment":[{"href":"https:\/\/challengeseconomiques.com\/index.php?rest_route=%2Fwp%2Fv2%2Fmedia&parent=2447"}],"wp:term":[{"taxonomy":"category","embeddable":true,"href":"https:\/\/challengeseconomiques.com\/index.php?rest_route=%2Fwp%2Fv2%2Fcategories&post=2447"},{"taxonomy":"post_tag","embeddable":true,"href":"https:\/\/challengeseconomiques.com\/index.php?rest_route=%2Fwp%2Fv2%2Ftags&post=2447"}],"curies":[{"name":"wp","href":"https:\/\/api.w.org\/{rel}","templated":true}]}}