{"id":2427,"date":"2021-12-20T21:24:33","date_gmt":"2021-12-20T21:24:33","guid":{"rendered":"https:\/\/challengeseconomiques.com\/?p=2427"},"modified":"2021-12-20T21:24:58","modified_gmt":"2021-12-20T21:24:58","slug":"certification-iso-9001-2015-decernee-a-la-dmg-un-signal-fort-pour-la-modernisation-de-ladministration","status":"publish","type":"post","link":"https:\/\/challengeseconomiques.com\/?p=2427","title":{"rendered":"CERTIFICATION ISO 9001\/2015 DECERNEE A LA DMG Un signal fort pour la modernisation de l\u2019administration"},"content":{"rendered":"<p><strong>Le pr\u00e9sident Macky Sall avec le&nbsp; SG de la pr\u00e9sidence de la R\u00e9publique et Mme Awa Ndiaye Diaw , Directeur des moyens g\u00e9n\u00e9raux<\/strong><\/p>\n<p><strong>L\u2019obtention par la Direction des moyens g\u00e9n\u00e9raux (Dmg), une entit\u00e9 n\u00e9vralgique dans le fonctionnement de la pr\u00e9sidence de la R\u00e9publique, est per\u00e7ue comme un \u00ab&nbsp;signal fort&nbsp;\u00bb pour toute l\u2019administration publique par le pr\u00e9sident Macky Sall.&nbsp;<\/strong><\/p>\n<p>Le pr\u00e9sident de la R\u00e9publique, Macky Sall a, le 15 d\u00e9cembre 2021, re\u00e7u le certificat ISO 9001 version 2015 d\u00e9cern\u00e9 \u00e0 la Direction des Moyens g\u00e9n\u00e9raux de la Pr\u00e9sidence. Laquelle est le service support transversal de la pr\u00e9sidence de la R\u00e9publique. Elle g\u00e8re le budget, les ressources humaines civiles et militaires, le patrimoine et la logistique en rapport avec les services et autres structures autonomes rattach\u00e9es \u00e0 la pr\u00e9sidence de la R\u00e9publique. C\u2019est donc une entit\u00e9 n\u00e9vralgique dans le fonctionnement de la pr\u00e9sidence de la R\u00e9publique. Le pr\u00e9sident de la r\u00e9publique a, lors de la c\u00e9r\u00e9monie, indiqu\u00e9 que cette certification est une fiert\u00e9 pour tout le personnel de la pr\u00e9sidence de la R\u00e9publique. La norme Iso 9001, cr\u00e9\u00e9e en 1987, est la norme de certification la plus r\u00e9pandue dans le monde avec pr\u00e8s de 1,5 million de certificats \u00e9mis. Elle a \u00e9t\u00e9 r\u00e9vis\u00e9e \u00e0 plusieurs reprises et sa derni\u00e8re version a \u00e9t\u00e9 publi\u00e9e en septembre 2015. Cette norme d\u00e9finit les exigences d\u2019un syst\u00e8me de management de la qualit\u00e9 avec une forte orientation client. Elle aide les entreprises \u00e0 d\u00e9montrer qu\u2019elles sont en mesure de fournir syst\u00e9matiquement des produits et services de bonnes qualit\u00e9s. C\u2019est dire que cette certification est un signal fort sur l\u2019ambition de l\u2019Etat de moderniser l\u2019administration publique.<\/p>\n<p>Apr\u00e8s avoir f\u00e9licit\u00e9 le personnel de la Dmg, pour leur adh\u00e9sion, leur compr\u00e9hension, leur participation ainsi que leur adaptation au processus, le Chef de l&rsquo;Etat leur a demand\u00e9 de maintenir le cap de l\u2019excellence pour \u00e9viter la d\u00e9clinaison. Le Pr\u00e9sident de la R\u00e9publique est convaincu que cette certification ouvre de nouvelles perspectives pour toute l\u2019administration s\u00e9n\u00e9galaise. Il informe avoir d\u00e9j\u00e0 engag\u00e9 les ministres \u00e0 d\u00e9ployer, \u00e0 partir de 2022, des d\u00e9marches de qualit\u00e9 dans toutes les directions de l\u2019administration g\u00e9n\u00e9rale et de l&rsquo;\u00e9quipement, les directions strat\u00e9giques de l\u2019Etat et les structures du secteur parapublic. Il s\u2019agit, d\u2019apr\u00e8s lui, de rechercher la performance et l\u2019am\u00e9lioration continue du management des organisations publiques et de g\u00e9n\u00e9raliser en march\u00e9 soutenu la qualit\u00e9 dans l\u2019administration. Profitant de l\u2019opportunit\u00e9 de cette c\u00e9r\u00e9monie, Macky Sall est revenu sur l\u2019importance primordiale qu\u2019il dit accorder \u00e0 la modernisation des administrations et \u00e0 la gestion performante des structures publiques et parapubliques.&nbsp; Il a, \u00e0 cet effet, d\u00e9nonc\u00e9 la mani\u00e8re anarchique dont on recrute dans l\u2019administration. \u00ab Il convient, \u00e0 chaque instant, de cultiver un \u00e9tat d\u2019esprit qui pr\u00e9f\u00e8re le patrimoine public, qui optimise la d\u00e9pense publique et l\u2019oriente vers l\u2019investissement productif en faveur des populations, \u00e0 la satisfaction des citoyens, usagers et agents publics. D\u2019o\u00f9 l\u2019imp\u00e9ratif d\u2019accentuer les r\u00e9formes budg\u00e9taires, financi\u00e8res et organisationnelles pour consolider la transformation de l\u2019action publique \u00bb, a expliqu\u00e9 Macky Sall. Il exhorte de s\u2019inspirer des meilleures pratiques et standards internationaux du secteur priv\u00e9 pour d\u00e9velopper les capacit\u00e9s d\u2019anticipation et d\u2019innovation de l\u2019administration. Ce, avec l\u2019application de nouvelles m\u00e9thodes d\u2019actions et l\u2019int\u00e9gration de nouveaux modes de travail. Sur ce point, il insiste sur l\u2019urgence d&rsquo;acc\u00e9l\u00e9rer la transformation digitale int\u00e9grale des administrations notamment les r\u00e9gies financi\u00e8res. Lesquelles sont : le Tr\u00e9sor, les Imp\u00f4ts &amp; Domaines, le Cadastre et la Douane. \u00ab La qualit\u00e9 se con\u00e7oit et s\u2019am\u00e9liore dans le temps gr\u00e2ce \u00e0 un engagement constant, un travail au quotidien et un esprit de solidarit\u00e9 \u00e0 toute \u00e9preuve. Nous devons prot\u00e9ger l\u2019Etat en \u00e9tant au service de l\u2019Etat \u00bb, souligne le chef de l\u2019Etat. Pour sa part, la Directrice g\u00e9n\u00e9rale d\u2019Afnor international, Mme Myriame Christelle Michelle Augureau-Landais a renseign\u00e9 que la certification a un cycle de 3 ans et c\u2019est une premi\u00e8re qu\u2019une direction charg\u00e9e de la gestion de la pr\u00e9sidence de la r\u00e9publique obtienne une telle certification. Poursuivant, elle indique que cette certification a \u00e9t\u00e9 prononc\u00e9e par leur comit\u00e9 d\u00e9cisionnaire \u00e0 la suite de l\u2019audit conduit par leurs auditeurs internationaux du 03 au 5 novembre 2021. \u00ab J\u2019ai relev\u00e9 dans les conclusions de votre audit certification des \u00e9l\u00e9ments particuli\u00e8rement remarquables, qui ont \u00e9t\u00e9 qualifi\u00e9s de points forts par l\u2019\u00e9quipe d\u2019audit \u00bb, a-t-elle soutenu. Elle a indiqu\u00e9 que le Groupe Afnor est tr\u00e8s heureux de compter la Dmg parmi les prestigieux organismes certifi\u00e9s.<\/p>\n<p><img fetchpriority=\"high\" decoding=\"async\" class=\"alignnone  wp-image-2428\" src=\"https:\/\/challengeseconomiques.com\/wp-content\/uploads\/2021\/12\/dmg-300x200.jpg\" alt=\"\" width=\"464\" height=\"309\" srcset=\"https:\/\/challengeseconomiques.com\/wp-content\/uploads\/2021\/12\/dmg-300x200.jpg 300w, https:\/\/challengeseconomiques.com\/wp-content\/uploads\/2021\/12\/dmg-272x182.jpg 272w, https:\/\/challengeseconomiques.com\/wp-content\/uploads\/2021\/12\/dmg.jpg 720w\" sizes=\"(max-width: 464px) 100vw, 464px\" \/><\/p>\n<p><strong>L&rsquo;\u00e9quipe de la DMG, \u00e0 la c\u00e9r\u00e9monie de remise de la certification <\/strong><\/p>\n","protected":false},"excerpt":{"rendered":"<p>Le pr\u00e9sident Macky Sall avec le&nbsp; SG de la pr\u00e9sidence de la R\u00e9publique et Mme Awa Ndiaye Diaw , Directeur des moyens g\u00e9n\u00e9raux L\u2019obtention par&#8230;<\/p>\n","protected":false},"author":3,"featured_media":2423,"comment_status":"closed","ping_status":"open","sticky":false,"template":"","format":"standard","meta":{"_jetpack_memberships_contains_paid_content":false,"footnotes":""},"categories":[23,10],"tags":[],"class_list":["post-2427","post","type-post","status-publish","format-standard","has-post-thumbnail","hentry","category-a-la-une","category-infos-eco","wpcat-23-id","wpcat-10-id"],"yoast_head":"<!-- This site is optimized with the Yoast SEO plugin v27.1.1 - https:\/\/yoast.com\/product\/yoast-seo-wordpress\/ -->\n<title>CERTIFICATION ISO 9001\/2015 DECERNEE A LA DMG Un signal fort pour la modernisation de l\u2019administration - challenges economiques<\/title>\n<meta name=\"robots\" content=\"index, follow, max-snippet:-1, max-image-preview:large, max-video-preview:-1\" \/>\n<link rel=\"canonical\" href=\"https:\/\/challengeseconomiques.com\/?p=2427\" \/>\n<meta property=\"og:locale\" content=\"fr_FR\" \/>\n<meta property=\"og:type\" content=\"article\" \/>\n<meta property=\"og:title\" content=\"CERTIFICATION ISO 9001\/2015 DECERNEE A LA DMG Un signal fort pour la modernisation de l\u2019administration - challenges economiques\" \/>\n<meta property=\"og:description\" content=\"Le pr\u00e9sident Macky Sall avec le&nbsp; SG de la pr\u00e9sidence de la R\u00e9publique et Mme Awa Ndiaye Diaw , Directeur des moyens g\u00e9n\u00e9raux L\u2019obtention par...\" \/>\n<meta property=\"og:url\" content=\"https:\/\/challengeseconomiques.com\/?p=2427\" \/>\n<meta property=\"og:site_name\" content=\"challenges economiques\" \/>\n<meta property=\"article:published_time\" content=\"2021-12-20T21:24:33+00:00\" \/>\n<meta property=\"article:modified_time\" content=\"2021-12-20T21:24:58+00:00\" \/>\n<meta property=\"og:image\" content=\"https:\/\/challengeseconomiques.com\/wp-content\/uploads\/2021\/12\/Certification-bon.jpg\" \/>\n\t<meta property=\"og:image:width\" content=\"618\" \/>\n\t<meta property=\"og:image:height\" content=\"720\" \/>\n\t<meta property=\"og:image:type\" content=\"image\/jpeg\" \/>\n<meta name=\"author\" content=\"aliou kane ndiaye\" \/>\n<meta name=\"twitter:card\" content=\"summary_large_image\" \/>\n<meta name=\"twitter:label1\" content=\"\u00c9crit par\" \/>\n\t<meta name=\"twitter:data1\" content=\"aliou kane ndiaye\" \/>\n\t<meta name=\"twitter:label2\" content=\"Dur\u00e9e de lecture estim\u00e9e\" \/>\n\t<meta name=\"twitter:data2\" content=\"4 minutes\" \/>\n<script type=\"application\/ld+json\" class=\"yoast-schema-graph\">{\"@context\":\"https:\/\/schema.org\",\"@graph\":[{\"@type\":\"Article\",\"@id\":\"https:\/\/challengeseconomiques.com\/?p=2427#article\",\"isPartOf\":{\"@id\":\"https:\/\/challengeseconomiques.com\/?p=2427\"},\"author\":{\"name\":\"aliou kane ndiaye\",\"@id\":\"https:\/\/challengeseconomiques.com\/#\/schema\/person\/2f70a31e102db1741c1a1c00c2bbd8a6\"},\"headline\":\"CERTIFICATION ISO 9001\/2015 DECERNEE A LA DMG Un signal fort pour la modernisation de l\u2019administration\",\"datePublished\":\"2021-12-20T21:24:33+00:00\",\"dateModified\":\"2021-12-20T21:24:58+00:00\",\"mainEntityOfPage\":{\"@id\":\"https:\/\/challengeseconomiques.com\/?p=2427\"},\"wordCount\":877,\"image\":{\"@id\":\"https:\/\/challengeseconomiques.com\/?p=2427#primaryimage\"},\"thumbnailUrl\":\"https:\/\/challengeseconomiques.com\/wp-content\/uploads\/2021\/12\/Certification-bon.jpg\",\"articleSection\":[\"A la une\",\"Infos \u00e9co\"],\"inLanguage\":\"fr-FR\"},{\"@type\":\"WebPage\",\"@id\":\"https:\/\/challengeseconomiques.com\/?p=2427\",\"url\":\"https:\/\/challengeseconomiques.com\/?p=2427\",\"name\":\"CERTIFICATION ISO 9001\/2015 DECERNEE A LA DMG Un signal fort pour la modernisation de l\u2019administration - challenges economiques\",\"isPartOf\":{\"@id\":\"https:\/\/challengeseconomiques.com\/#website\"},\"primaryImageOfPage\":{\"@id\":\"https:\/\/challengeseconomiques.com\/?p=2427#primaryimage\"},\"image\":{\"@id\":\"https:\/\/challengeseconomiques.com\/?p=2427#primaryimage\"},\"thumbnailUrl\":\"https:\/\/challengeseconomiques.com\/wp-content\/uploads\/2021\/12\/Certification-bon.jpg\",\"datePublished\":\"2021-12-20T21:24:33+00:00\",\"dateModified\":\"2021-12-20T21:24:58+00:00\",\"author\":{\"@id\":\"https:\/\/challengeseconomiques.com\/#\/schema\/person\/2f70a31e102db1741c1a1c00c2bbd8a6\"},\"breadcrumb\":{\"@id\":\"https:\/\/challengeseconomiques.com\/?p=2427#breadcrumb\"},\"inLanguage\":\"fr-FR\",\"potentialAction\":[{\"@type\":\"ReadAction\",\"target\":[\"https:\/\/challengeseconomiques.com\/?p=2427\"]}]},{\"@type\":\"ImageObject\",\"inLanguage\":\"fr-FR\",\"@id\":\"https:\/\/challengeseconomiques.com\/?p=2427#primaryimage\",\"url\":\"https:\/\/challengeseconomiques.com\/wp-content\/uploads\/2021\/12\/Certification-bon.jpg\",\"contentUrl\":\"https:\/\/challengeseconomiques.com\/wp-content\/uploads\/2021\/12\/Certification-bon.jpg\",\"width\":618,\"height\":720},{\"@type\":\"BreadcrumbList\",\"@id\":\"https:\/\/challengeseconomiques.com\/?p=2427#breadcrumb\",\"itemListElement\":[{\"@type\":\"ListItem\",\"position\":1,\"name\":\"Home\",\"item\":\"https:\/\/challengeseconomiques.com\/\"},{\"@type\":\"ListItem\",\"position\":2,\"name\":\"CERTIFICATION ISO 9001\/2015 DECERNEE A LA DMG Un signal fort pour la modernisation de l\u2019administration\"}]},{\"@type\":\"WebSite\",\"@id\":\"https:\/\/challengeseconomiques.com\/#website\",\"url\":\"https:\/\/challengeseconomiques.com\/\",\"name\":\"challenges economiques\",\"description\":\"\",\"potentialAction\":[{\"@type\":\"SearchAction\",\"target\":{\"@type\":\"EntryPoint\",\"urlTemplate\":\"https:\/\/challengeseconomiques.com\/?s={search_term_string}\"},\"query-input\":{\"@type\":\"PropertyValueSpecification\",\"valueRequired\":true,\"valueName\":\"search_term_string\"}}],\"inLanguage\":\"fr-FR\"},{\"@type\":\"Person\",\"@id\":\"https:\/\/challengeseconomiques.com\/#\/schema\/person\/2f70a31e102db1741c1a1c00c2bbd8a6\",\"name\":\"aliou kane ndiaye\",\"image\":{\"@type\":\"ImageObject\",\"inLanguage\":\"fr-FR\",\"@id\":\"https:\/\/challengeseconomiques.com\/#\/schema\/person\/image\/\",\"url\":\"https:\/\/secure.gravatar.com\/avatar\/df942321e58711a9f1fee838e446766660477bacd4b42fa20400d2c7cf4da7ca?s=96&d=mm&r=g\",\"contentUrl\":\"https:\/\/secure.gravatar.com\/avatar\/df942321e58711a9f1fee838e446766660477bacd4b42fa20400d2c7cf4da7ca?s=96&d=mm&r=g\",\"caption\":\"aliou kane ndiaye\"},\"sameAs\":[\"http:\/\/www.challengeseconomiques.com\"],\"url\":\"https:\/\/challengeseconomiques.com\/?author=3\"}]}<\/script>\n<!-- \/ Yoast SEO plugin. -->","yoast_head_json":{"title":"CERTIFICATION ISO 9001\/2015 DECERNEE A LA DMG Un signal fort pour la modernisation de l\u2019administration - challenges economiques","robots":{"index":"index","follow":"follow","max-snippet":"max-snippet:-1","max-image-preview":"max-image-preview:large","max-video-preview":"max-video-preview:-1"},"canonical":"https:\/\/challengeseconomiques.com\/?p=2427","og_locale":"fr_FR","og_type":"article","og_title":"CERTIFICATION ISO 9001\/2015 DECERNEE A LA DMG Un signal fort pour la modernisation de l\u2019administration - challenges economiques","og_description":"Le pr\u00e9sident Macky Sall avec le&nbsp; SG de la pr\u00e9sidence de la R\u00e9publique et Mme Awa Ndiaye Diaw , Directeur des moyens g\u00e9n\u00e9raux L\u2019obtention par...","og_url":"https:\/\/challengeseconomiques.com\/?p=2427","og_site_name":"challenges economiques","article_published_time":"2021-12-20T21:24:33+00:00","article_modified_time":"2021-12-20T21:24:58+00:00","og_image":[{"width":618,"height":720,"url":"https:\/\/challengeseconomiques.com\/wp-content\/uploads\/2021\/12\/Certification-bon.jpg","type":"image\/jpeg"}],"author":"aliou kane ndiaye","twitter_card":"summary_large_image","twitter_misc":{"\u00c9crit par":"aliou kane ndiaye","Dur\u00e9e de lecture estim\u00e9e":"4 minutes"},"schema":{"@context":"https:\/\/schema.org","@graph":[{"@type":"Article","@id":"https:\/\/challengeseconomiques.com\/?p=2427#article","isPartOf":{"@id":"https:\/\/challengeseconomiques.com\/?p=2427"},"author":{"name":"aliou kane ndiaye","@id":"https:\/\/challengeseconomiques.com\/#\/schema\/person\/2f70a31e102db1741c1a1c00c2bbd8a6"},"headline":"CERTIFICATION ISO 9001\/2015 DECERNEE A LA DMG Un signal fort pour la modernisation de l\u2019administration","datePublished":"2021-12-20T21:24:33+00:00","dateModified":"2021-12-20T21:24:58+00:00","mainEntityOfPage":{"@id":"https:\/\/challengeseconomiques.com\/?p=2427"},"wordCount":877,"image":{"@id":"https:\/\/challengeseconomiques.com\/?p=2427#primaryimage"},"thumbnailUrl":"https:\/\/challengeseconomiques.com\/wp-content\/uploads\/2021\/12\/Certification-bon.jpg","articleSection":["A la une","Infos \u00e9co"],"inLanguage":"fr-FR"},{"@type":"WebPage","@id":"https:\/\/challengeseconomiques.com\/?p=2427","url":"https:\/\/challengeseconomiques.com\/?p=2427","name":"CERTIFICATION ISO 9001\/2015 DECERNEE A LA DMG Un signal fort pour la modernisation de l\u2019administration - challenges economiques","isPartOf":{"@id":"https:\/\/challengeseconomiques.com\/#website"},"primaryImageOfPage":{"@id":"https:\/\/challengeseconomiques.com\/?p=2427#primaryimage"},"image":{"@id":"https:\/\/challengeseconomiques.com\/?p=2427#primaryimage"},"thumbnailUrl":"https:\/\/challengeseconomiques.com\/wp-content\/uploads\/2021\/12\/Certification-bon.jpg","datePublished":"2021-12-20T21:24:33+00:00","dateModified":"2021-12-20T21:24:58+00:00","author":{"@id":"https:\/\/challengeseconomiques.com\/#\/schema\/person\/2f70a31e102db1741c1a1c00c2bbd8a6"},"breadcrumb":{"@id":"https:\/\/challengeseconomiques.com\/?p=2427#breadcrumb"},"inLanguage":"fr-FR","potentialAction":[{"@type":"ReadAction","target":["https:\/\/challengeseconomiques.com\/?p=2427"]}]},{"@type":"ImageObject","inLanguage":"fr-FR","@id":"https:\/\/challengeseconomiques.com\/?p=2427#primaryimage","url":"https:\/\/challengeseconomiques.com\/wp-content\/uploads\/2021\/12\/Certification-bon.jpg","contentUrl":"https:\/\/challengeseconomiques.com\/wp-content\/uploads\/2021\/12\/Certification-bon.jpg","width":618,"height":720},{"@type":"BreadcrumbList","@id":"https:\/\/challengeseconomiques.com\/?p=2427#breadcrumb","itemListElement":[{"@type":"ListItem","position":1,"name":"Home","item":"https:\/\/challengeseconomiques.com\/"},{"@type":"ListItem","position":2,"name":"CERTIFICATION ISO 9001\/2015 DECERNEE A LA DMG Un signal fort pour la modernisation de l\u2019administration"}]},{"@type":"WebSite","@id":"https:\/\/challengeseconomiques.com\/#website","url":"https:\/\/challengeseconomiques.com\/","name":"challenges economiques","description":"","potentialAction":[{"@type":"SearchAction","target":{"@type":"EntryPoint","urlTemplate":"https:\/\/challengeseconomiques.com\/?s={search_term_string}"},"query-input":{"@type":"PropertyValueSpecification","valueRequired":true,"valueName":"search_term_string"}}],"inLanguage":"fr-FR"},{"@type":"Person","@id":"https:\/\/challengeseconomiques.com\/#\/schema\/person\/2f70a31e102db1741c1a1c00c2bbd8a6","name":"aliou kane ndiaye","image":{"@type":"ImageObject","inLanguage":"fr-FR","@id":"https:\/\/challengeseconomiques.com\/#\/schema\/person\/image\/","url":"https:\/\/secure.gravatar.com\/avatar\/df942321e58711a9f1fee838e446766660477bacd4b42fa20400d2c7cf4da7ca?s=96&d=mm&r=g","contentUrl":"https:\/\/secure.gravatar.com\/avatar\/df942321e58711a9f1fee838e446766660477bacd4b42fa20400d2c7cf4da7ca?s=96&d=mm&r=g","caption":"aliou kane ndiaye"},"sameAs":["http:\/\/www.challengeseconomiques.com"],"url":"https:\/\/challengeseconomiques.com\/?author=3"}]}},"jetpack_featured_media_url":"https:\/\/challengeseconomiques.com\/wp-content\/uploads\/2021\/12\/Certification-bon.jpg","jetpack_sharing_enabled":true,"_links":{"self":[{"href":"https:\/\/challengeseconomiques.com\/index.php?rest_route=\/wp\/v2\/posts\/2427","targetHints":{"allow":["GET"]}}],"collection":[{"href":"https:\/\/challengeseconomiques.com\/index.php?rest_route=\/wp\/v2\/posts"}],"about":[{"href":"https:\/\/challengeseconomiques.com\/index.php?rest_route=\/wp\/v2\/types\/post"}],"author":[{"embeddable":true,"href":"https:\/\/challengeseconomiques.com\/index.php?rest_route=\/wp\/v2\/users\/3"}],"replies":[{"embeddable":true,"href":"https:\/\/challengeseconomiques.com\/index.php?rest_route=%2Fwp%2Fv2%2Fcomments&post=2427"}],"version-history":[{"count":2,"href":"https:\/\/challengeseconomiques.com\/index.php?rest_route=\/wp\/v2\/posts\/2427\/revisions"}],"predecessor-version":[{"id":2430,"href":"https:\/\/challengeseconomiques.com\/index.php?rest_route=\/wp\/v2\/posts\/2427\/revisions\/2430"}],"wp:featuredmedia":[{"embeddable":true,"href":"https:\/\/challengeseconomiques.com\/index.php?rest_route=\/wp\/v2\/media\/2423"}],"wp:attachment":[{"href":"https:\/\/challengeseconomiques.com\/index.php?rest_route=%2Fwp%2Fv2%2Fmedia&parent=2427"}],"wp:term":[{"taxonomy":"category","embeddable":true,"href":"https:\/\/challengeseconomiques.com\/index.php?rest_route=%2Fwp%2Fv2%2Fcategories&post=2427"},{"taxonomy":"post_tag","embeddable":true,"href":"https:\/\/challengeseconomiques.com\/index.php?rest_route=%2Fwp%2Fv2%2Ftags&post=2427"}],"curies":[{"name":"wp","href":"https:\/\/api.w.org\/{rel}","templated":true}]}}