{"id":2405,"date":"2021-12-18T12:12:01","date_gmt":"2021-12-18T12:12:01","guid":{"rendered":"https:\/\/challengeseconomiques.com\/?p=2405"},"modified":"2021-12-18T12:12:24","modified_gmt":"2021-12-18T12:12:24","slug":"les-banques-centrales-attentives-a-linflation","status":"publish","type":"post","link":"https:\/\/challengeseconomiques.com\/?p=2405","title":{"rendered":"Les Banques centrales attentives \u00e0 l\u2019inflation"},"content":{"rendered":"<p><strong>Tandis que la Banque des \u00c9tats d\u2019Afrique centrale ajuste \u00e0 la hausse ses taux directeurs, son homologue d\u2019Afrique de l\u2019Ouest d\u00e9cide de les maintenir inchang\u00e9s. Les deux constatent des pouss\u00e9es inflationnistes, notamment sur les produits alimentaires.<\/strong><\/p>\n<p>L\u2019une durcit sa politique mon\u00e9taire, l\u2019autre pas, face aux pressions inflationnistes. Pour la zone UEMOA, le Comit\u00e9 de politique mon\u00e9taire (CPM) de la BCEAO s\u2019est tenu le 8 d\u00e9cembre 2021, sous la pr\u00e9sidence du gouverneur Ti\u00e9moko Meyliet Kon\u00e9.<\/p>\n<p>Au titre de la conjoncture internationale, le CPM a not\u00e9 une croissance continue de l\u2019activit\u00e9 \u00e9conomique au troisi\u00e8me trimestre 2021, bien qu\u2019\u00e0 un rythme plus lent qu\u2019au trimestre pr\u00e9c\u00e9dent. \u00ab&nbsp;<em>La dynamique de cette reprise reste in\u00e9gale \u00e0 l\u2019\u00e9chelle mondiale, avec des bases plus solides dans les pays d\u00e9velopp\u00e9s que dans les pays \u00e9mergents, en raison notamment des meilleurs taux de vaccination et des mesures budg\u00e9taires et mon\u00e9taires plus expansionnistes.<\/em>&nbsp;\u00bb<\/p>\n<p>Pour l\u2019heure, la Banque centrale retient l\u2019hypoth\u00e8se d\u2019une croissance mondiale de 5,9&nbsp;% en 2021, telle que pr\u00e9vue par le FMI.<\/p>\n<p>\u00ab&nbsp;<em>Toutefois, l\u2019apparition d\u2019un nouveau variant et la vague de contamination r\u00e9cente au coronavirus, d\u00e9but\u00e9e en Europe en octobre 2021, pourraient \u00e0 nouveau conduire \u00e0 l\u2019instauration de mesures de restriction de d\u00e9placements et affecter n\u00e9gativement les perspectives de reprise mondiale<\/em>&nbsp;\u00bb, pr\u00e9vient l\u2019institution ouest-africaine.<\/p>\n<p>Notant que les prix des produits \u00e9nerg\u00e9tiques poursuivent leur \u00ab&nbsp;<em>raffermissement<\/em>&nbsp;\u00bb, le CPM constate que les prix des autres mati\u00e8res premi\u00e8res import\u00e9es, et des produits alimentaires achet\u00e9s par les Africains, continuent \u00e9galement de grimper. Bien que les prix des produits hors \u00e9nergie aient enregistr\u00e9 une l\u00e9g\u00e8re baisse, au troisi\u00e8me trimestre.<\/p>\n<p>Ainsi, le CPM rel\u00e8ve-t-il une progression de l\u2019inflation, \u00e0 3,8% au troisi\u00e8me trimestre 2021 contre 3,3% un trimestre plus t\u00f4t. Cette hausse des prix est imputable essentiellement au rench\u00e9rissement des produits alimentaires, confirm\u00e9e au d\u00e9but du quatri\u00e8me trimestre, du fait de la baisse de la production c\u00e9r\u00e9ali\u00e8re dans certains pays, des difficult\u00e9s d\u2019approvisionnement induites par les crises sanitaire et s\u00e9curitaire dans d\u2019autres pays ainsi qu\u2019\u00e0 la hausse de l\u2019inflation import\u00e9e.<\/p>\n<p><strong>\u00ab&nbsp;<em>\u00c9volutions contrast\u00e9es<\/em>&nbsp;\u00bb en Afrique centrale<\/strong><\/p>\n<p>Selon les pr\u00e9visions, l\u2019inflation devrait revenir en dessous de 3,0%, dans le courant de 2022, \u00e0 la faveur de l\u2019att\u00e9nuation progressive des tensions sur les prix des produits import\u00e9s et de la bonne campagne agricole attendue pour 2021-2022.<\/p>\n<div id=\"attachment_62779\" class=\"wp-caption alignnone\"><img fetchpriority=\"high\" decoding=\"async\" class=\"wp-image-62779\" src=\"https:\/\/magazinedelafrique.com\/wp-content\/uploads\/2021\/12\/Banques-centrales-illustration-300x188.jpg\" sizes=\"(max-width: 650px) 100vw, 650px\" srcset=\"https:\/\/magazinedelafrique.com\/wp-content\/uploads\/2021\/12\/Banques-centrales-illustration-300x188.jpg 300w, https:\/\/magazinedelafrique.com\/wp-content\/uploads\/2021\/12\/Banques-centrales-illustration-768x480.jpg 768w, https:\/\/magazinedelafrique.com\/wp-content\/uploads\/2021\/12\/Banques-centrales-illustration.jpg 800w\" alt=\"\" aria-describedby=\"caption-attachment-62779\" width=\"650\" height=\"406\"><\/p>\n<p id=\"caption-attachment-62779\" class=\"wp-caption-text\">F.CFA des Banques centrales<\/p>\n<\/div>\n<p>Examinant la conjoncture interne, le CPM note avec satisfaction le niveau de la croissance, qui ressortait, en rythme annuel \u00e0 6,7% apr\u00e8s 7,7% au trimestre pr\u00e9c\u00e9dent. \u00ab&nbsp;<em>Cette bonne \u00e9volution a \u00e9t\u00e9 soutenue par un raffermissement progressif de la demande int\u00e9rieure ainsi que par la hausse de la valeur ajout\u00e9e dans l\u2019ensemble des secteurs d\u2019activit\u00e9<\/em>&nbsp;\u00bb, acte la Banque centrale.<\/p>\n<p>L\u2019acc\u00e9l\u00e9ration des investissements publics, dans le cadre des plans de relance mis en \u0153uvre par les pays africains, entra\u00eene un creusement du d\u00e9ficit global. Lequel ressort \u00e0 4&nbsp;493 milliards de F.CFA (6,85 milliards d\u2019euros), \u00e0 fin septembre, dans l\u2019UEMOA.<\/p>\n<p>Les cr\u00e9ances sur l\u2019\u00e9conomie se sont accrues, avec une progression, en rythme annuel, de 8,9% \u00e0 fin septembre 2021. Les r\u00e9serves de change de l\u2019Union correspondent \u00e0 un taux de couverture de l\u2019\u00e9mission mon\u00e9taire de 81,7% et assurent \u2013 un indicateur particuli\u00e8rement suivi&nbsp;\u2013 6,1 mois d\u2019importations de biens et services.<\/p>\n<p>C\u2019est pourquoi le CPM a d\u00e9cid\u00e9 de maintenir ses taux inchang\u00e9s, le taux d\u2019int\u00e9r\u00eat de pr\u00eat marginal demeurant \u00e0 4%&nbsp;; le coefficient de r\u00e9serves obligatoires demand\u00e9es aux banques, fortement diminu\u00e9 depuis avril 2020, reste \u00e0 3%.<\/p>\n<p>Son de cloche l\u00e9g\u00e8rement diff\u00e9rent du c\u00f4t\u00e9 de la BEAC. Son Comit\u00e9, sous la pr\u00e9sidence de Abbas Mahamat Tolli, a d\u00e9cid\u00e9 un rel\u00e8vement des taux, rendu public d\u00e9but d\u00e9cembre. Son objectif prioritaire, rappelle-t-il, \u00ab&nbsp;<em>est bien la stabilit\u00e9 de la monnaie et la ma\u00eetrise de l\u2019inflation&nbsp;<\/em>\u00bb.<\/p>\n<p>D\u00e8s lors, \u00ab&nbsp;<em>la remont\u00e9e de l\u2019inflation dans le monde et l\u2019\u00e9valuation r\u00e9cente de la situation des \u00e9conomies de la Cemac ct des perspectives \u00e0 court terme font ressortir des \u00e9volutions contrast\u00e9es<\/em>&nbsp;\u00bb, tant du point de vue de la stabilit\u00e9 interne qu\u2019externe de la monnaie. D\u2019un c\u00f4t\u00e9, l\u2019\u00e9volution r\u00e9cente des prix montre qu\u2019en Afrique centrale, l\u2019inflation est ma\u00eetris\u00e9e, en d\u00e9pit de la flamb\u00e9e des prix des produits import\u00e9s et du co\u00fbt du fret maritime. En revanche, la hausse des cours du p\u00e9trole p\u00e8se, avec un effet retard, sur les r\u00e9serves de change.<\/p>\n<p>Compte tenu des risques, \u00ab&nbsp;<em>il est apparu n\u00e9cessaire de r\u00e9orienter la politique mon\u00e9taire de la BEAC \u00e0 travers l\u2019ajustement de ses principaux taux<\/em>&nbsp;\u00bb. Le taux des appels d\u2019offres passe ainsi \u00e0 3,50% (+25 points de base) et le taux de la facilit\u00e9 de pr\u00eat marginal \u00e0 5,25% (+25 pb). Les coefficients de r\u00e9serves obligatoires passent \u00e0 4,5%.<\/p>\n<p>En UEMOA, le probl\u00e8me n\u2019est pas n\u00e9glig\u00e9&nbsp;: \u00ab&nbsp;<em>Dans les mois \u00e0 venir, le CPM demeurera vigilant sur la dynamique d\u2019\u00e9volution de l\u2019inflation et prendra, le cas \u00e9ch\u00e9ant, les mesures n\u00e9cessaires pour assurer la stabilit\u00e9 des prix, tout en soutenant le retour \u00e0 une croissance forte<\/em>&nbsp;\u00bb, promet la BCEAO.<\/p>\n<p><strong>(Le Magazine de l&rsquo;Afrique)<\/strong><\/p>\n<p>&nbsp;<\/p>\n","protected":false},"excerpt":{"rendered":"<p>Tandis que la Banque des \u00c9tats d\u2019Afrique centrale ajuste \u00e0 la hausse ses taux directeurs, son homologue d\u2019Afrique de l\u2019Ouest d\u00e9cide de les maintenir inchang\u00e9s&#8230;.<\/p>\n","protected":false},"author":1,"featured_media":2406,"comment_status":"closed","ping_status":"open","sticky":false,"template":"","format":"standard","meta":{"_jetpack_memberships_contains_paid_content":false,"footnotes":""},"categories":[8,10],"tags":[],"class_list":["post-2405","post","type-post","status-publish","format-standard","has-post-thumbnail","hentry","category-actualite-economique","category-infos-eco","wpcat-8-id","wpcat-10-id"],"yoast_head":"<!-- This site is optimized with the Yoast SEO plugin v27.1.1 - https:\/\/yoast.com\/product\/yoast-seo-wordpress\/ -->\n<title>Les Banques centrales attentives \u00e0 l\u2019inflation - challenges economiques<\/title>\n<meta name=\"robots\" content=\"index, follow, max-snippet:-1, max-image-preview:large, max-video-preview:-1\" \/>\n<link rel=\"canonical\" href=\"https:\/\/challengeseconomiques.com\/?p=2405\" \/>\n<meta property=\"og:locale\" content=\"fr_FR\" \/>\n<meta property=\"og:type\" content=\"article\" \/>\n<meta property=\"og:title\" content=\"Les Banques centrales attentives \u00e0 l\u2019inflation - challenges economiques\" \/>\n<meta property=\"og:description\" content=\"Tandis que la Banque des \u00c9tats d\u2019Afrique centrale ajuste \u00e0 la hausse ses taux directeurs, son homologue d\u2019Afrique de l\u2019Ouest d\u00e9cide de les maintenir inchang\u00e9s....\" \/>\n<meta property=\"og:url\" content=\"https:\/\/challengeseconomiques.com\/?p=2405\" \/>\n<meta property=\"og:site_name\" content=\"challenges economiques\" \/>\n<meta property=\"article:published_time\" content=\"2021-12-18T12:12:01+00:00\" \/>\n<meta property=\"article:modified_time\" content=\"2021-12-18T12:12:24+00:00\" \/>\n<meta property=\"og:image\" content=\"https:\/\/challengeseconomiques.com\/wp-content\/uploads\/2021\/12\/BECNCE.jpg\" \/>\n\t<meta property=\"og:image:width\" content=\"2560\" \/>\n\t<meta property=\"og:image:height\" content=\"1621\" \/>\n\t<meta property=\"og:image:type\" content=\"image\/jpeg\" \/>\n<meta name=\"author\" content=\"admin\" \/>\n<meta name=\"twitter:card\" content=\"summary_large_image\" \/>\n<meta name=\"twitter:label1\" content=\"\u00c9crit par\" \/>\n\t<meta name=\"twitter:data1\" content=\"admin\" \/>\n\t<meta name=\"twitter:label2\" content=\"Dur\u00e9e de lecture estim\u00e9e\" \/>\n\t<meta name=\"twitter:data2\" content=\"4 minutes\" \/>\n<script type=\"application\/ld+json\" class=\"yoast-schema-graph\">{\"@context\":\"https:\/\/schema.org\",\"@graph\":[{\"@type\":\"Article\",\"@id\":\"https:\/\/challengeseconomiques.com\/?p=2405#article\",\"isPartOf\":{\"@id\":\"https:\/\/challengeseconomiques.com\/?p=2405\"},\"author\":{\"name\":\"admin\",\"@id\":\"https:\/\/challengeseconomiques.com\/#\/schema\/person\/b4568c9afebc5a9238a771873801e349\"},\"headline\":\"Les Banques centrales attentives \u00e0 l\u2019inflation\",\"datePublished\":\"2021-12-18T12:12:01+00:00\",\"dateModified\":\"2021-12-18T12:12:24+00:00\",\"mainEntityOfPage\":{\"@id\":\"https:\/\/challengeseconomiques.com\/?p=2405\"},\"wordCount\":933,\"image\":{\"@id\":\"https:\/\/challengeseconomiques.com\/?p=2405#primaryimage\"},\"thumbnailUrl\":\"https:\/\/challengeseconomiques.com\/wp-content\/uploads\/2021\/12\/BECNCE.jpg\",\"articleSection\":[\"Actualit\u00e9 \u00e9conomique\",\"Infos \u00e9co\"],\"inLanguage\":\"fr-FR\"},{\"@type\":\"WebPage\",\"@id\":\"https:\/\/challengeseconomiques.com\/?p=2405\",\"url\":\"https:\/\/challengeseconomiques.com\/?p=2405\",\"name\":\"Les Banques centrales attentives \u00e0 l\u2019inflation - challenges economiques\",\"isPartOf\":{\"@id\":\"https:\/\/challengeseconomiques.com\/#website\"},\"primaryImageOfPage\":{\"@id\":\"https:\/\/challengeseconomiques.com\/?p=2405#primaryimage\"},\"image\":{\"@id\":\"https:\/\/challengeseconomiques.com\/?p=2405#primaryimage\"},\"thumbnailUrl\":\"https:\/\/challengeseconomiques.com\/wp-content\/uploads\/2021\/12\/BECNCE.jpg\",\"datePublished\":\"2021-12-18T12:12:01+00:00\",\"dateModified\":\"2021-12-18T12:12:24+00:00\",\"author\":{\"@id\":\"https:\/\/challengeseconomiques.com\/#\/schema\/person\/b4568c9afebc5a9238a771873801e349\"},\"breadcrumb\":{\"@id\":\"https:\/\/challengeseconomiques.com\/?p=2405#breadcrumb\"},\"inLanguage\":\"fr-FR\",\"potentialAction\":[{\"@type\":\"ReadAction\",\"target\":[\"https:\/\/challengeseconomiques.com\/?p=2405\"]}]},{\"@type\":\"ImageObject\",\"inLanguage\":\"fr-FR\",\"@id\":\"https:\/\/challengeseconomiques.com\/?p=2405#primaryimage\",\"url\":\"https:\/\/challengeseconomiques.com\/wp-content\/uploads\/2021\/12\/BECNCE.jpg\",\"contentUrl\":\"https:\/\/challengeseconomiques.com\/wp-content\/uploads\/2021\/12\/BECNCE.jpg\",\"width\":2560,\"height\":1621},{\"@type\":\"BreadcrumbList\",\"@id\":\"https:\/\/challengeseconomiques.com\/?p=2405#breadcrumb\",\"itemListElement\":[{\"@type\":\"ListItem\",\"position\":1,\"name\":\"Home\",\"item\":\"https:\/\/challengeseconomiques.com\/\"},{\"@type\":\"ListItem\",\"position\":2,\"name\":\"Les Banques centrales attentives \u00e0 l\u2019inflation\"}]},{\"@type\":\"WebSite\",\"@id\":\"https:\/\/challengeseconomiques.com\/#website\",\"url\":\"https:\/\/challengeseconomiques.com\/\",\"name\":\"challenges economiques\",\"description\":\"\",\"potentialAction\":[{\"@type\":\"SearchAction\",\"target\":{\"@type\":\"EntryPoint\",\"urlTemplate\":\"https:\/\/challengeseconomiques.com\/?s={search_term_string}\"},\"query-input\":{\"@type\":\"PropertyValueSpecification\",\"valueRequired\":true,\"valueName\":\"search_term_string\"}}],\"inLanguage\":\"fr-FR\"},{\"@type\":\"Person\",\"@id\":\"https:\/\/challengeseconomiques.com\/#\/schema\/person\/b4568c9afebc5a9238a771873801e349\",\"name\":\"admin\",\"image\":{\"@type\":\"ImageObject\",\"inLanguage\":\"fr-FR\",\"@id\":\"https:\/\/challengeseconomiques.com\/#\/schema\/person\/image\/\",\"url\":\"https:\/\/secure.gravatar.com\/avatar\/099e42240b5eea11acdb72751fcce0dd918603f0749d24974b7984ea47ed9fd9?s=96&d=mm&r=g\",\"contentUrl\":\"https:\/\/secure.gravatar.com\/avatar\/099e42240b5eea11acdb72751fcce0dd918603f0749d24974b7984ea47ed9fd9?s=96&d=mm&r=g\",\"caption\":\"admin\"},\"sameAs\":[\"https:\/\/challengeseconomiques.com\"],\"url\":\"https:\/\/challengeseconomiques.com\/?author=1\"}]}<\/script>\n<!-- \/ Yoast SEO plugin. -->","yoast_head_json":{"title":"Les Banques centrales attentives \u00e0 l\u2019inflation - challenges economiques","robots":{"index":"index","follow":"follow","max-snippet":"max-snippet:-1","max-image-preview":"max-image-preview:large","max-video-preview":"max-video-preview:-1"},"canonical":"https:\/\/challengeseconomiques.com\/?p=2405","og_locale":"fr_FR","og_type":"article","og_title":"Les Banques centrales attentives \u00e0 l\u2019inflation - challenges economiques","og_description":"Tandis que la Banque des \u00c9tats d\u2019Afrique centrale ajuste \u00e0 la hausse ses taux directeurs, son homologue d\u2019Afrique de l\u2019Ouest d\u00e9cide de les maintenir inchang\u00e9s....","og_url":"https:\/\/challengeseconomiques.com\/?p=2405","og_site_name":"challenges economiques","article_published_time":"2021-12-18T12:12:01+00:00","article_modified_time":"2021-12-18T12:12:24+00:00","og_image":[{"width":2560,"height":1621,"url":"https:\/\/challengeseconomiques.com\/wp-content\/uploads\/2021\/12\/BECNCE.jpg","type":"image\/jpeg"}],"author":"admin","twitter_card":"summary_large_image","twitter_misc":{"\u00c9crit par":"admin","Dur\u00e9e de lecture estim\u00e9e":"4 minutes"},"schema":{"@context":"https:\/\/schema.org","@graph":[{"@type":"Article","@id":"https:\/\/challengeseconomiques.com\/?p=2405#article","isPartOf":{"@id":"https:\/\/challengeseconomiques.com\/?p=2405"},"author":{"name":"admin","@id":"https:\/\/challengeseconomiques.com\/#\/schema\/person\/b4568c9afebc5a9238a771873801e349"},"headline":"Les Banques centrales attentives \u00e0 l\u2019inflation","datePublished":"2021-12-18T12:12:01+00:00","dateModified":"2021-12-18T12:12:24+00:00","mainEntityOfPage":{"@id":"https:\/\/challengeseconomiques.com\/?p=2405"},"wordCount":933,"image":{"@id":"https:\/\/challengeseconomiques.com\/?p=2405#primaryimage"},"thumbnailUrl":"https:\/\/challengeseconomiques.com\/wp-content\/uploads\/2021\/12\/BECNCE.jpg","articleSection":["Actualit\u00e9 \u00e9conomique","Infos \u00e9co"],"inLanguage":"fr-FR"},{"@type":"WebPage","@id":"https:\/\/challengeseconomiques.com\/?p=2405","url":"https:\/\/challengeseconomiques.com\/?p=2405","name":"Les Banques centrales attentives \u00e0 l\u2019inflation - challenges economiques","isPartOf":{"@id":"https:\/\/challengeseconomiques.com\/#website"},"primaryImageOfPage":{"@id":"https:\/\/challengeseconomiques.com\/?p=2405#primaryimage"},"image":{"@id":"https:\/\/challengeseconomiques.com\/?p=2405#primaryimage"},"thumbnailUrl":"https:\/\/challengeseconomiques.com\/wp-content\/uploads\/2021\/12\/BECNCE.jpg","datePublished":"2021-12-18T12:12:01+00:00","dateModified":"2021-12-18T12:12:24+00:00","author":{"@id":"https:\/\/challengeseconomiques.com\/#\/schema\/person\/b4568c9afebc5a9238a771873801e349"},"breadcrumb":{"@id":"https:\/\/challengeseconomiques.com\/?p=2405#breadcrumb"},"inLanguage":"fr-FR","potentialAction":[{"@type":"ReadAction","target":["https:\/\/challengeseconomiques.com\/?p=2405"]}]},{"@type":"ImageObject","inLanguage":"fr-FR","@id":"https:\/\/challengeseconomiques.com\/?p=2405#primaryimage","url":"https:\/\/challengeseconomiques.com\/wp-content\/uploads\/2021\/12\/BECNCE.jpg","contentUrl":"https:\/\/challengeseconomiques.com\/wp-content\/uploads\/2021\/12\/BECNCE.jpg","width":2560,"height":1621},{"@type":"BreadcrumbList","@id":"https:\/\/challengeseconomiques.com\/?p=2405#breadcrumb","itemListElement":[{"@type":"ListItem","position":1,"name":"Home","item":"https:\/\/challengeseconomiques.com\/"},{"@type":"ListItem","position":2,"name":"Les Banques centrales attentives \u00e0 l\u2019inflation"}]},{"@type":"WebSite","@id":"https:\/\/challengeseconomiques.com\/#website","url":"https:\/\/challengeseconomiques.com\/","name":"challenges economiques","description":"","potentialAction":[{"@type":"SearchAction","target":{"@type":"EntryPoint","urlTemplate":"https:\/\/challengeseconomiques.com\/?s={search_term_string}"},"query-input":{"@type":"PropertyValueSpecification","valueRequired":true,"valueName":"search_term_string"}}],"inLanguage":"fr-FR"},{"@type":"Person","@id":"https:\/\/challengeseconomiques.com\/#\/schema\/person\/b4568c9afebc5a9238a771873801e349","name":"admin","image":{"@type":"ImageObject","inLanguage":"fr-FR","@id":"https:\/\/challengeseconomiques.com\/#\/schema\/person\/image\/","url":"https:\/\/secure.gravatar.com\/avatar\/099e42240b5eea11acdb72751fcce0dd918603f0749d24974b7984ea47ed9fd9?s=96&d=mm&r=g","contentUrl":"https:\/\/secure.gravatar.com\/avatar\/099e42240b5eea11acdb72751fcce0dd918603f0749d24974b7984ea47ed9fd9?s=96&d=mm&r=g","caption":"admin"},"sameAs":["https:\/\/challengeseconomiques.com"],"url":"https:\/\/challengeseconomiques.com\/?author=1"}]}},"jetpack_featured_media_url":"https:\/\/challengeseconomiques.com\/wp-content\/uploads\/2021\/12\/BECNCE.jpg","jetpack_sharing_enabled":true,"_links":{"self":[{"href":"https:\/\/challengeseconomiques.com\/index.php?rest_route=\/wp\/v2\/posts\/2405","targetHints":{"allow":["GET"]}}],"collection":[{"href":"https:\/\/challengeseconomiques.com\/index.php?rest_route=\/wp\/v2\/posts"}],"about":[{"href":"https:\/\/challengeseconomiques.com\/index.php?rest_route=\/wp\/v2\/types\/post"}],"author":[{"embeddable":true,"href":"https:\/\/challengeseconomiques.com\/index.php?rest_route=\/wp\/v2\/users\/1"}],"replies":[{"embeddable":true,"href":"https:\/\/challengeseconomiques.com\/index.php?rest_route=%2Fwp%2Fv2%2Fcomments&post=2405"}],"version-history":[{"count":2,"href":"https:\/\/challengeseconomiques.com\/index.php?rest_route=\/wp\/v2\/posts\/2405\/revisions"}],"predecessor-version":[{"id":2408,"href":"https:\/\/challengeseconomiques.com\/index.php?rest_route=\/wp\/v2\/posts\/2405\/revisions\/2408"}],"wp:featuredmedia":[{"embeddable":true,"href":"https:\/\/challengeseconomiques.com\/index.php?rest_route=\/wp\/v2\/media\/2406"}],"wp:attachment":[{"href":"https:\/\/challengeseconomiques.com\/index.php?rest_route=%2Fwp%2Fv2%2Fmedia&parent=2405"}],"wp:term":[{"taxonomy":"category","embeddable":true,"href":"https:\/\/challengeseconomiques.com\/index.php?rest_route=%2Fwp%2Fv2%2Fcategories&post=2405"},{"taxonomy":"post_tag","embeddable":true,"href":"https:\/\/challengeseconomiques.com\/index.php?rest_route=%2Fwp%2Fv2%2Ftags&post=2405"}],"curies":[{"name":"wp","href":"https:\/\/api.w.org\/{rel}","templated":true}]}}