{"id":2313,"date":"2021-12-01T18:19:26","date_gmt":"2021-12-01T18:19:26","guid":{"rendered":"https:\/\/challengeseconomiques.com\/?p=2313"},"modified":"2021-12-01T18:22:40","modified_gmt":"2021-12-01T18:22:40","slug":"developpement-des-projets-au-senegal-afreximbank-accorde-une-enveloppe-de-50-millions-de-au-fonisis","status":"publish","type":"post","link":"https:\/\/challengeseconomiques.com\/?p=2313","title":{"rendered":"D\u00e9veloppement des projets au S\u00e9n\u00e9gal Afreximbank accorde une enveloppe de 50 millions de $ au FONISIS"},"content":{"rendered":"<p><strong>Pape Demba Diallo, Dg Fonsis<\/strong><\/p>\n<p><strong>C\u2019est le 16 novembre pass\u00e9 \u00e0 Durban, en Afrique du Sud qu\u2019un accord a \u00e9t\u00e9 sign\u00e9 entre la Banque Africaine d\u2019Import-Export ( Afreximbank)&nbsp; et le Fonds Souverain d\u2019Investissements strat\u00e9giques (Fonsis), avec \u00e0 la cl\u00e9 50 millions de dollars, &nbsp;pour fournir des capitaux destin\u00e9s \u00e0 accompagner les investisseurs des secteurs public et priv\u00e9 dans le d\u00e9veloppement de projets au S\u00e9n\u00e9gal, de la phase de conception \u00e0 la bancabilit\u00e9.<\/strong><\/p>\n<p>C\u2019est en marge de la deuxi\u00e8me Foire commerciale intra-africaine (IATF 2021), que Afreximbank et le FONSIS ont mis en place un instrument conjoint de financement de la pr\u00e9paration de projets, indique un communiqu\u00e9. Le m\u00e9canisme vise \u00e0 mobiliser jusqu&rsquo;\u00e0 50 millions de dollars US pour acc\u00e9l\u00e9rer la mise en \u0153uvre de projets prioritaires inscrits dans le plan de d\u00e9veloppement national du gouvernement du S\u00e9n\u00e9gal, d\u00e9nomm\u00e9 \u00ab\u00a0Plan S\u00e9n\u00e9gal \u00c9mergent (PSE)\u00a0\u00bb, renseigne le communiqu\u00e9.<\/p>\n<p>Dans le d\u00e9tail, il est mentionn\u00e9 que &nbsp;les deux institutions aideront conjointement les investisseurs des secteurs public et priv\u00e9, \u00e0 r\u00e9duire les risques li\u00e9s aux march\u00e9s, et aux secteurs en proposant, des services de financement et d&rsquo;assistance technique qui d\u00e9boucheront sur une offre r\u00e9guli\u00e8re de projets bien structur\u00e9s et pr\u00eats \u00e0 l\u2019emploi. En outre, le communiqu\u00e9 informe que les deux entit\u00e9s &nbsp;travailleront ensemble pour aider les investisseurs \u00e0 pr\u00e9parer des projets, dans diff\u00e9rents secteurs li\u00e9s au commerce et aux investissements, dont le secteur de l\u2019\u00e9nergie, des transports et de la logistique, des plates-formes logistiques, de l\u2019industrie manufacturi\u00e8re, de l\u2019agroalimentaire, de l\u2019h\u00f4tellerie et du tourisme, de l\u2019exploitation mini\u00e8re, et des services, notamment de la sant\u00e9, des TIC et de l&rsquo;\u00e9conomie cr\u00e9ative.<\/p>\n<p>Ainsi, Amr Kamel, vice-pr\u00e9sident ex\u00e9cutif d&rsquo;Afreximbank en charge du d\u00e9veloppement commercial et des services bancaires aux entreprises a d\u00e9clar\u00e9 : \u00ab nous sommes heureux de signer ce protocole d&rsquo;accord avec l&rsquo;un des principaux fonds souverains du continent. Ce partenariat est conforme au mandat et au plan strat\u00e9gique d&rsquo;Afreximbank, puisqu&rsquo;il soutient les activit\u00e9s d&rsquo;industrialisation et de d\u00e9veloppement des exportations au S\u00e9n\u00e9gal dans le contexte de la ZLECAf. Je suis particuli\u00e8rement satisfait de l&rsquo;approche du m\u00e9canisme conjoint de pr\u00e9paration des projets, qui s&rsquo;appuie sur l&rsquo;expertise technique de la Banque et les connaissances locales approfondies du FONSIS pour financer conjointement des projets prioritaires de promotion du commerce et des exportations. Le r\u00e9sultat escompt\u00e9 de cette intervention est la fourniture de projets bien structur\u00e9s, pr\u00eats \u00e0 l\u2019emploi, qu&rsquo;Afreximbank, le FONSIS et le secteur priv\u00e9 peuvent financer\u00bb, r\u00e9sume le communiqu\u00e9. Dans la m\u00eame lanc\u00e9e, le Directeur g\u00e9n\u00e9ral du Fonsis, Pape Demba Diallo, soutient que \u00ab&nbsp;la signature de ce protocole d\u2019accord s\u2019inscrit dans la volont\u00e9 du FONSIS de nouer des accords de co-d\u00e9veloppement de projets avec, l\u2019ambition de mettre en \u0153uvre \u00e0 moyen terme une facilit\u00e9 de pr\u00e9paration de projets commune avec des partenaires d\u2019ancrage. Le co-d\u00e9veloppement de projets avec Afreximbank a l\u2019avantage de faciliter la mobilisation des divers instruments financiers de la banque afin de mener les projets \u00e0 leur bouclage financier<em>\u00bb. <\/em><\/p>\n<p><strong>Moustapha DIA<\/strong><\/p>\n<p>&nbsp;<\/p>\n","protected":false},"excerpt":{"rendered":"<p>Pape Demba Diallo, Dg Fonsis C\u2019est le 16 novembre pass\u00e9 \u00e0 Durban, en Afrique du Sud qu\u2019un accord a \u00e9t\u00e9 sign\u00e9 entre la Banque Africaine&#8230;<\/p>\n","protected":false},"author":1,"featured_media":2317,"comment_status":"closed","ping_status":"open","sticky":false,"template":"","format":"standard","meta":{"_jetpack_memberships_contains_paid_content":false,"footnotes":""},"categories":[23,10,1],"tags":[],"class_list":["post-2313","post","type-post","status-publish","format-standard","has-post-thumbnail","hentry","category-a-la-une","category-infos-eco","category-uncategorized","wpcat-23-id","wpcat-10-id","wpcat-1-id"],"yoast_head":"<!-- This site is optimized with the Yoast SEO plugin v27.1.1 - https:\/\/yoast.com\/product\/yoast-seo-wordpress\/ -->\n<title>D\u00e9veloppement des projets au S\u00e9n\u00e9gal Afreximbank accorde une enveloppe de 50 millions de $ au FONISIS - challenges economiques<\/title>\n<meta name=\"robots\" content=\"index, follow, max-snippet:-1, max-image-preview:large, max-video-preview:-1\" \/>\n<link rel=\"canonical\" href=\"https:\/\/challengeseconomiques.com\/?p=2313\" \/>\n<meta property=\"og:locale\" content=\"fr_FR\" \/>\n<meta property=\"og:type\" content=\"article\" \/>\n<meta property=\"og:title\" content=\"D\u00e9veloppement des projets au S\u00e9n\u00e9gal Afreximbank accorde une enveloppe de 50 millions de $ au FONISIS - challenges economiques\" \/>\n<meta property=\"og:description\" content=\"Pape Demba Diallo, Dg Fonsis C\u2019est le 16 novembre pass\u00e9 \u00e0 Durban, en Afrique du Sud qu\u2019un accord a \u00e9t\u00e9 sign\u00e9 entre la Banque Africaine...\" \/>\n<meta property=\"og:url\" content=\"https:\/\/challengeseconomiques.com\/?p=2313\" \/>\n<meta property=\"og:site_name\" content=\"challenges economiques\" \/>\n<meta property=\"article:published_time\" content=\"2021-12-01T18:19:26+00:00\" \/>\n<meta property=\"article:modified_time\" content=\"2021-12-01T18:22:40+00:00\" \/>\n<meta property=\"og:image\" content=\"https:\/\/challengeseconomiques.com\/wp-content\/uploads\/2021\/12\/interview.jpeg\" \/>\n\t<meta property=\"og:image:width\" content=\"1024\" \/>\n\t<meta property=\"og:image:height\" content=\"884\" \/>\n\t<meta property=\"og:image:type\" content=\"image\/jpeg\" \/>\n<meta name=\"author\" content=\"admin\" \/>\n<meta name=\"twitter:card\" content=\"summary_large_image\" \/>\n<meta name=\"twitter:label1\" content=\"\u00c9crit par\" \/>\n\t<meta name=\"twitter:data1\" content=\"admin\" \/>\n\t<meta name=\"twitter:label2\" content=\"Dur\u00e9e de lecture estim\u00e9e\" \/>\n\t<meta name=\"twitter:data2\" content=\"3 minutes\" \/>\n<script type=\"application\/ld+json\" class=\"yoast-schema-graph\">{\"@context\":\"https:\/\/schema.org\",\"@graph\":[{\"@type\":\"Article\",\"@id\":\"https:\/\/challengeseconomiques.com\/?p=2313#article\",\"isPartOf\":{\"@id\":\"https:\/\/challengeseconomiques.com\/?p=2313\"},\"author\":{\"name\":\"admin\",\"@id\":\"https:\/\/challengeseconomiques.com\/#\/schema\/person\/b4568c9afebc5a9238a771873801e349\"},\"headline\":\"D\u00e9veloppement des projets au S\u00e9n\u00e9gal Afreximbank accorde une enveloppe de 50 millions de $ au FONISIS\",\"datePublished\":\"2021-12-01T18:19:26+00:00\",\"dateModified\":\"2021-12-01T18:22:40+00:00\",\"mainEntityOfPage\":{\"@id\":\"https:\/\/challengeseconomiques.com\/?p=2313\"},\"wordCount\":573,\"image\":{\"@id\":\"https:\/\/challengeseconomiques.com\/?p=2313#primaryimage\"},\"thumbnailUrl\":\"https:\/\/challengeseconomiques.com\/wp-content\/uploads\/2021\/12\/interview.jpeg\",\"articleSection\":[\"A la une\",\"Infos \u00e9co\",\"Uncategorized\"],\"inLanguage\":\"fr-FR\"},{\"@type\":\"WebPage\",\"@id\":\"https:\/\/challengeseconomiques.com\/?p=2313\",\"url\":\"https:\/\/challengeseconomiques.com\/?p=2313\",\"name\":\"D\u00e9veloppement des projets au S\u00e9n\u00e9gal Afreximbank accorde une enveloppe de 50 millions de $ au FONISIS - challenges economiques\",\"isPartOf\":{\"@id\":\"https:\/\/challengeseconomiques.com\/#website\"},\"primaryImageOfPage\":{\"@id\":\"https:\/\/challengeseconomiques.com\/?p=2313#primaryimage\"},\"image\":{\"@id\":\"https:\/\/challengeseconomiques.com\/?p=2313#primaryimage\"},\"thumbnailUrl\":\"https:\/\/challengeseconomiques.com\/wp-content\/uploads\/2021\/12\/interview.jpeg\",\"datePublished\":\"2021-12-01T18:19:26+00:00\",\"dateModified\":\"2021-12-01T18:22:40+00:00\",\"author\":{\"@id\":\"https:\/\/challengeseconomiques.com\/#\/schema\/person\/b4568c9afebc5a9238a771873801e349\"},\"breadcrumb\":{\"@id\":\"https:\/\/challengeseconomiques.com\/?p=2313#breadcrumb\"},\"inLanguage\":\"fr-FR\",\"potentialAction\":[{\"@type\":\"ReadAction\",\"target\":[\"https:\/\/challengeseconomiques.com\/?p=2313\"]}]},{\"@type\":\"ImageObject\",\"inLanguage\":\"fr-FR\",\"@id\":\"https:\/\/challengeseconomiques.com\/?p=2313#primaryimage\",\"url\":\"https:\/\/challengeseconomiques.com\/wp-content\/uploads\/2021\/12\/interview.jpeg\",\"contentUrl\":\"https:\/\/challengeseconomiques.com\/wp-content\/uploads\/2021\/12\/interview.jpeg\",\"width\":1024,\"height\":884},{\"@type\":\"BreadcrumbList\",\"@id\":\"https:\/\/challengeseconomiques.com\/?p=2313#breadcrumb\",\"itemListElement\":[{\"@type\":\"ListItem\",\"position\":1,\"name\":\"Home\",\"item\":\"https:\/\/challengeseconomiques.com\/\"},{\"@type\":\"ListItem\",\"position\":2,\"name\":\"D\u00e9veloppement des projets au S\u00e9n\u00e9gal Afreximbank accorde une enveloppe de 50 millions de $ au FONISIS\"}]},{\"@type\":\"WebSite\",\"@id\":\"https:\/\/challengeseconomiques.com\/#website\",\"url\":\"https:\/\/challengeseconomiques.com\/\",\"name\":\"challenges economiques\",\"description\":\"\",\"potentialAction\":[{\"@type\":\"SearchAction\",\"target\":{\"@type\":\"EntryPoint\",\"urlTemplate\":\"https:\/\/challengeseconomiques.com\/?s={search_term_string}\"},\"query-input\":{\"@type\":\"PropertyValueSpecification\",\"valueRequired\":true,\"valueName\":\"search_term_string\"}}],\"inLanguage\":\"fr-FR\"},{\"@type\":\"Person\",\"@id\":\"https:\/\/challengeseconomiques.com\/#\/schema\/person\/b4568c9afebc5a9238a771873801e349\",\"name\":\"admin\",\"image\":{\"@type\":\"ImageObject\",\"inLanguage\":\"fr-FR\",\"@id\":\"https:\/\/challengeseconomiques.com\/#\/schema\/person\/image\/\",\"url\":\"https:\/\/secure.gravatar.com\/avatar\/099e42240b5eea11acdb72751fcce0dd918603f0749d24974b7984ea47ed9fd9?s=96&d=mm&r=g\",\"contentUrl\":\"https:\/\/secure.gravatar.com\/avatar\/099e42240b5eea11acdb72751fcce0dd918603f0749d24974b7984ea47ed9fd9?s=96&d=mm&r=g\",\"caption\":\"admin\"},\"sameAs\":[\"https:\/\/challengeseconomiques.com\"],\"url\":\"https:\/\/challengeseconomiques.com\/?author=1\"}]}<\/script>\n<!-- \/ Yoast SEO plugin. -->","yoast_head_json":{"title":"D\u00e9veloppement des projets au S\u00e9n\u00e9gal Afreximbank accorde une enveloppe de 50 millions de $ au FONISIS - challenges economiques","robots":{"index":"index","follow":"follow","max-snippet":"max-snippet:-1","max-image-preview":"max-image-preview:large","max-video-preview":"max-video-preview:-1"},"canonical":"https:\/\/challengeseconomiques.com\/?p=2313","og_locale":"fr_FR","og_type":"article","og_title":"D\u00e9veloppement des projets au S\u00e9n\u00e9gal Afreximbank accorde une enveloppe de 50 millions de $ au FONISIS - challenges economiques","og_description":"Pape Demba Diallo, Dg Fonsis C\u2019est le 16 novembre pass\u00e9 \u00e0 Durban, en Afrique du Sud qu\u2019un accord a \u00e9t\u00e9 sign\u00e9 entre la Banque Africaine...","og_url":"https:\/\/challengeseconomiques.com\/?p=2313","og_site_name":"challenges economiques","article_published_time":"2021-12-01T18:19:26+00:00","article_modified_time":"2021-12-01T18:22:40+00:00","og_image":[{"width":1024,"height":884,"url":"https:\/\/challengeseconomiques.com\/wp-content\/uploads\/2021\/12\/interview.jpeg","type":"image\/jpeg"}],"author":"admin","twitter_card":"summary_large_image","twitter_misc":{"\u00c9crit par":"admin","Dur\u00e9e de lecture estim\u00e9e":"3 minutes"},"schema":{"@context":"https:\/\/schema.org","@graph":[{"@type":"Article","@id":"https:\/\/challengeseconomiques.com\/?p=2313#article","isPartOf":{"@id":"https:\/\/challengeseconomiques.com\/?p=2313"},"author":{"name":"admin","@id":"https:\/\/challengeseconomiques.com\/#\/schema\/person\/b4568c9afebc5a9238a771873801e349"},"headline":"D\u00e9veloppement des projets au S\u00e9n\u00e9gal Afreximbank accorde une enveloppe de 50 millions de $ au FONISIS","datePublished":"2021-12-01T18:19:26+00:00","dateModified":"2021-12-01T18:22:40+00:00","mainEntityOfPage":{"@id":"https:\/\/challengeseconomiques.com\/?p=2313"},"wordCount":573,"image":{"@id":"https:\/\/challengeseconomiques.com\/?p=2313#primaryimage"},"thumbnailUrl":"https:\/\/challengeseconomiques.com\/wp-content\/uploads\/2021\/12\/interview.jpeg","articleSection":["A la une","Infos \u00e9co","Uncategorized"],"inLanguage":"fr-FR"},{"@type":"WebPage","@id":"https:\/\/challengeseconomiques.com\/?p=2313","url":"https:\/\/challengeseconomiques.com\/?p=2313","name":"D\u00e9veloppement des projets au S\u00e9n\u00e9gal Afreximbank accorde une enveloppe de 50 millions de $ au FONISIS - challenges economiques","isPartOf":{"@id":"https:\/\/challengeseconomiques.com\/#website"},"primaryImageOfPage":{"@id":"https:\/\/challengeseconomiques.com\/?p=2313#primaryimage"},"image":{"@id":"https:\/\/challengeseconomiques.com\/?p=2313#primaryimage"},"thumbnailUrl":"https:\/\/challengeseconomiques.com\/wp-content\/uploads\/2021\/12\/interview.jpeg","datePublished":"2021-12-01T18:19:26+00:00","dateModified":"2021-12-01T18:22:40+00:00","author":{"@id":"https:\/\/challengeseconomiques.com\/#\/schema\/person\/b4568c9afebc5a9238a771873801e349"},"breadcrumb":{"@id":"https:\/\/challengeseconomiques.com\/?p=2313#breadcrumb"},"inLanguage":"fr-FR","potentialAction":[{"@type":"ReadAction","target":["https:\/\/challengeseconomiques.com\/?p=2313"]}]},{"@type":"ImageObject","inLanguage":"fr-FR","@id":"https:\/\/challengeseconomiques.com\/?p=2313#primaryimage","url":"https:\/\/challengeseconomiques.com\/wp-content\/uploads\/2021\/12\/interview.jpeg","contentUrl":"https:\/\/challengeseconomiques.com\/wp-content\/uploads\/2021\/12\/interview.jpeg","width":1024,"height":884},{"@type":"BreadcrumbList","@id":"https:\/\/challengeseconomiques.com\/?p=2313#breadcrumb","itemListElement":[{"@type":"ListItem","position":1,"name":"Home","item":"https:\/\/challengeseconomiques.com\/"},{"@type":"ListItem","position":2,"name":"D\u00e9veloppement des projets au S\u00e9n\u00e9gal Afreximbank accorde une enveloppe de 50 millions de $ au FONISIS"}]},{"@type":"WebSite","@id":"https:\/\/challengeseconomiques.com\/#website","url":"https:\/\/challengeseconomiques.com\/","name":"challenges economiques","description":"","potentialAction":[{"@type":"SearchAction","target":{"@type":"EntryPoint","urlTemplate":"https:\/\/challengeseconomiques.com\/?s={search_term_string}"},"query-input":{"@type":"PropertyValueSpecification","valueRequired":true,"valueName":"search_term_string"}}],"inLanguage":"fr-FR"},{"@type":"Person","@id":"https:\/\/challengeseconomiques.com\/#\/schema\/person\/b4568c9afebc5a9238a771873801e349","name":"admin","image":{"@type":"ImageObject","inLanguage":"fr-FR","@id":"https:\/\/challengeseconomiques.com\/#\/schema\/person\/image\/","url":"https:\/\/secure.gravatar.com\/avatar\/099e42240b5eea11acdb72751fcce0dd918603f0749d24974b7984ea47ed9fd9?s=96&d=mm&r=g","contentUrl":"https:\/\/secure.gravatar.com\/avatar\/099e42240b5eea11acdb72751fcce0dd918603f0749d24974b7984ea47ed9fd9?s=96&d=mm&r=g","caption":"admin"},"sameAs":["https:\/\/challengeseconomiques.com"],"url":"https:\/\/challengeseconomiques.com\/?author=1"}]}},"jetpack_featured_media_url":"https:\/\/challengeseconomiques.com\/wp-content\/uploads\/2021\/12\/interview.jpeg","jetpack_sharing_enabled":true,"_links":{"self":[{"href":"https:\/\/challengeseconomiques.com\/index.php?rest_route=\/wp\/v2\/posts\/2313","targetHints":{"allow":["GET"]}}],"collection":[{"href":"https:\/\/challengeseconomiques.com\/index.php?rest_route=\/wp\/v2\/posts"}],"about":[{"href":"https:\/\/challengeseconomiques.com\/index.php?rest_route=\/wp\/v2\/types\/post"}],"author":[{"embeddable":true,"href":"https:\/\/challengeseconomiques.com\/index.php?rest_route=\/wp\/v2\/users\/1"}],"replies":[{"embeddable":true,"href":"https:\/\/challengeseconomiques.com\/index.php?rest_route=%2Fwp%2Fv2%2Fcomments&post=2313"}],"version-history":[{"count":2,"href":"https:\/\/challengeseconomiques.com\/index.php?rest_route=\/wp\/v2\/posts\/2313\/revisions"}],"predecessor-version":[{"id":2316,"href":"https:\/\/challengeseconomiques.com\/index.php?rest_route=\/wp\/v2\/posts\/2313\/revisions\/2316"}],"wp:featuredmedia":[{"embeddable":true,"href":"https:\/\/challengeseconomiques.com\/index.php?rest_route=\/wp\/v2\/media\/2317"}],"wp:attachment":[{"href":"https:\/\/challengeseconomiques.com\/index.php?rest_route=%2Fwp%2Fv2%2Fmedia&parent=2313"}],"wp:term":[{"taxonomy":"category","embeddable":true,"href":"https:\/\/challengeseconomiques.com\/index.php?rest_route=%2Fwp%2Fv2%2Fcategories&post=2313"},{"taxonomy":"post_tag","embeddable":true,"href":"https:\/\/challengeseconomiques.com\/index.php?rest_route=%2Fwp%2Fv2%2Ftags&post=2313"}],"curies":[{"name":"wp","href":"https:\/\/api.w.org\/{rel}","templated":true}]}}