{"id":2230,"date":"2021-11-22T11:59:32","date_gmt":"2021-11-22T11:59:32","guid":{"rendered":"https:\/\/challengeseconomiques.com\/?p=2230"},"modified":"2021-11-22T12:00:07","modified_gmt":"2021-11-22T12:00:07","slug":"la-banque-africaine-de-developpement-accorde-un-pret-de-plus-de-30-millions-deuros-a-la-cote-divoire","status":"publish","type":"post","link":"https:\/\/challengeseconomiques.com\/?p=2230","title":{"rendered":"La Banque africaine de d\u00e9veloppement accorde un pr\u00eat de plus de 30 millions d\u2019euros \u00e0 la C\u00f4te d\u2019Ivoire"},"content":{"rendered":"<p>Le Conseil d\u2019administration de la Banque africaine de d\u00e9veloppement a approuv\u00e9, le vendredi 19 novembre 2021, un pr\u00eat de 30,22 millions d\u2019euros en faveur de la C\u00f4te d\u2019Ivoire pour la mise en \u0153uvre de la deuxi\u00e8me phase du Programme d\u2019appui aux r\u00e9formes \u00e9conomiques et sociales (PARES II) annonce un communiqu\u00e9 de la BAD. D\u2019apr\u00e8s le communiqu\u00e9<strong>, c<\/strong>ette seconde phase du programme vise \u00e0 consolider et approfondir les acquis de la phase I par la hausse des ressources publiques en faveur des couches sociales vuln\u00e9rables et le renforcement de l\u2019efficacit\u00e9 et la transparence de la d\u00e9pense publique afin de soutenir leur acc\u00e8s aux infrastructures sociales de base et leur inclusion sociale. La Directrice g\u00e9n\u00e9rale de la Banque africaine de d\u00e9veloppement pour l\u2019Afrique de l\u2019ouest, Marie-Laure Akin-Olugbade a selon le communiqu\u00e9 f\u00e9licit\u00e9 &nbsp;les autorit\u00e9s ivoiriennes pour les progr\u00e8s r\u00e9alis\u00e9s dans la mise en \u0153uvre des r\u00e9formes \u00e9conomiques et sociales, malgr\u00e9 un contexte international difficile marqu\u00e9 par la pand\u00e9mie de Covid-19. L\u2019approbation du Programme est selon Mme Akin-Olugbade &nbsp;\u00ab&nbsp;la mat\u00e9rialisation de la poursuite de l\u2019engagement de la Banque \u00e0 soutenir ces r\u00e9formes, afin qu\u2019elles b\u00e9n\u00e9ficient davantage aux couches les plus vuln\u00e9rables de la soci\u00e9t\u00e9&nbsp;\u00bb,<\/p>\n<p>Le communiqu\u00e9 pr\u00e9cise &nbsp;que pour sa mise en \u0153uvre, le PARES II a pris en compte le contexte \u00e9pid\u00e9mique li\u00e9 au Covid-19 en continuant son soutien au secteur priv\u00e9, en particulier les petites et moyennes entreprises et le secteur informel, durement affect\u00e9s par la crise sanitaire. Le programme soutient &nbsp;selon le communiqu\u00e9 les efforts d\u2019intensification de la vaccination contre le Covid-19. En outre, il poursuivra les r\u00e9formes visant \u00e0 am\u00e9liorer non seulement l\u2019acc\u00e8s des populations aux infrastructures d\u2019\u00e9nergie, d\u2019hydraulique rurale et d\u2019assainissement mais aussi les transferts mon\u00e9taires en faveur des m\u00e9nages en situation d\u2019extr\u00eame pauvret\u00e9, l\u2019emploi des jeunes, l\u2019autonomisation des femmes et la nutrition indique le communiqu\u00e9.<\/p>\n<p>Il informe par ailleurs que parmi les principaux r\u00e9sultats attendus figure la baisse du taux de pauvret\u00e9 national, de 46,3% en 2015 \u00e0 35% en 2023, dont un taux d\u2019extr\u00eame pauvret\u00e9 reculant de moiti\u00e9, de 10% \u00e0 5%, sur la p\u00e9riode. De m\u00eame, le nombre de m\u00e9nages extr\u00eamement pauvres b\u00e9n\u00e9ficiant de transferts mon\u00e9taires quintupler, de 50&nbsp;000 en 2018 \u00e0 250&nbsp;000 en 2022. Dans le domaine de l\u2019\u00e9nergie, poursuit le communiqu\u00e9, l\u2019objectif principal est d\u2019atteindre un taux d\u2019acc\u00e8s \u00e0 l\u2019\u00e9lectricit\u00e9 de 90% en 2022 (contre 62% en 2014). Le communiqu\u00e9 a rappel\u00e9 qu\u2019\u00e0 la date du 30 septembre 2021, le portefeuille actif de la Banque africaine de d\u00e9veloppement en C\u00f4te d\u2019Ivoire comprenait 41 op\u00e9rations, pour des engagements de 2,36 milliards d\u2019euros. Le portefeuille en cours se r\u00e9partit entre le secteur des transports (41,6%), l\u2019\u00e9nergie (22,7%), l\u2019agriculture (18,4%), la gouvernance (8,3%), le social (4,8%), les finances (2,1%), et l\u2019eau et assainissement (2,1%) conclut le communiqu\u00e9.<\/p>\n<p>&nbsp;<\/p>\n","protected":false},"excerpt":{"rendered":"<p>Le Conseil d\u2019administration de la Banque africaine de d\u00e9veloppement a approuv\u00e9, le vendredi 19 novembre 2021, un pr\u00eat de 30,22 millions d\u2019euros en faveur de&#8230;<\/p>\n","protected":false},"author":1,"featured_media":1581,"comment_status":"closed","ping_status":"open","sticky":false,"template":"","format":"standard","meta":{"_jetpack_memberships_contains_paid_content":false,"footnotes":""},"categories":[8,10],"tags":[],"class_list":["post-2230","post","type-post","status-publish","format-standard","has-post-thumbnail","hentry","category-actualite-economique","category-infos-eco","wpcat-8-id","wpcat-10-id"],"yoast_head":"<!-- This site is optimized with the Yoast SEO plugin v27.1.1 - https:\/\/yoast.com\/product\/yoast-seo-wordpress\/ -->\n<title>La Banque africaine de d\u00e9veloppement accorde un pr\u00eat de plus de 30 millions d\u2019euros \u00e0 la C\u00f4te d\u2019Ivoire - challenges economiques<\/title>\n<meta name=\"robots\" content=\"index, follow, max-snippet:-1, max-image-preview:large, max-video-preview:-1\" \/>\n<link rel=\"canonical\" href=\"https:\/\/challengeseconomiques.com\/?p=2230\" \/>\n<meta property=\"og:locale\" content=\"fr_FR\" \/>\n<meta property=\"og:type\" content=\"article\" \/>\n<meta property=\"og:title\" content=\"La Banque africaine de d\u00e9veloppement accorde un pr\u00eat de plus de 30 millions d\u2019euros \u00e0 la C\u00f4te d\u2019Ivoire - challenges economiques\" \/>\n<meta property=\"og:description\" content=\"Le Conseil d\u2019administration de la Banque africaine de d\u00e9veloppement a approuv\u00e9, le vendredi 19 novembre 2021, un pr\u00eat de 30,22 millions d\u2019euros en faveur de...\" \/>\n<meta property=\"og:url\" content=\"https:\/\/challengeseconomiques.com\/?p=2230\" \/>\n<meta property=\"og:site_name\" content=\"challenges economiques\" \/>\n<meta property=\"article:published_time\" content=\"2021-11-22T11:59:32+00:00\" \/>\n<meta property=\"article:modified_time\" content=\"2021-11-22T12:00:07+00:00\" \/>\n<meta property=\"og:image\" content=\"https:\/\/challengeseconomiques.com\/wp-content\/uploads\/2021\/07\/ADO.jpg\" \/>\n\t<meta property=\"og:image:width\" content=\"900\" \/>\n\t<meta property=\"og:image:height\" content=\"656\" \/>\n\t<meta property=\"og:image:type\" content=\"image\/jpeg\" \/>\n<meta name=\"author\" content=\"admin\" \/>\n<meta name=\"twitter:card\" content=\"summary_large_image\" \/>\n<meta name=\"twitter:label1\" content=\"\u00c9crit par\" \/>\n\t<meta name=\"twitter:data1\" content=\"admin\" \/>\n\t<meta name=\"twitter:label2\" content=\"Dur\u00e9e de lecture estim\u00e9e\" \/>\n\t<meta name=\"twitter:data2\" content=\"2 minutes\" \/>\n<script type=\"application\/ld+json\" class=\"yoast-schema-graph\">{\"@context\":\"https:\/\/schema.org\",\"@graph\":[{\"@type\":\"Article\",\"@id\":\"https:\/\/challengeseconomiques.com\/?p=2230#article\",\"isPartOf\":{\"@id\":\"https:\/\/challengeseconomiques.com\/?p=2230\"},\"author\":{\"name\":\"admin\",\"@id\":\"https:\/\/challengeseconomiques.com\/#\/schema\/person\/b4568c9afebc5a9238a771873801e349\"},\"headline\":\"La Banque africaine de d\u00e9veloppement accorde un pr\u00eat de plus de 30 millions d\u2019euros \u00e0 la C\u00f4te d\u2019Ivoire\",\"datePublished\":\"2021-11-22T11:59:32+00:00\",\"dateModified\":\"2021-11-22T12:00:07+00:00\",\"mainEntityOfPage\":{\"@id\":\"https:\/\/challengeseconomiques.com\/?p=2230\"},\"wordCount\":524,\"image\":{\"@id\":\"https:\/\/challengeseconomiques.com\/?p=2230#primaryimage\"},\"thumbnailUrl\":\"https:\/\/challengeseconomiques.com\/wp-content\/uploads\/2021\/07\/ADO.jpg\",\"articleSection\":[\"Actualit\u00e9 \u00e9conomique\",\"Infos \u00e9co\"],\"inLanguage\":\"fr-FR\"},{\"@type\":\"WebPage\",\"@id\":\"https:\/\/challengeseconomiques.com\/?p=2230\",\"url\":\"https:\/\/challengeseconomiques.com\/?p=2230\",\"name\":\"La Banque africaine de d\u00e9veloppement accorde un pr\u00eat de plus de 30 millions d\u2019euros \u00e0 la C\u00f4te d\u2019Ivoire - challenges economiques\",\"isPartOf\":{\"@id\":\"https:\/\/challengeseconomiques.com\/#website\"},\"primaryImageOfPage\":{\"@id\":\"https:\/\/challengeseconomiques.com\/?p=2230#primaryimage\"},\"image\":{\"@id\":\"https:\/\/challengeseconomiques.com\/?p=2230#primaryimage\"},\"thumbnailUrl\":\"https:\/\/challengeseconomiques.com\/wp-content\/uploads\/2021\/07\/ADO.jpg\",\"datePublished\":\"2021-11-22T11:59:32+00:00\",\"dateModified\":\"2021-11-22T12:00:07+00:00\",\"author\":{\"@id\":\"https:\/\/challengeseconomiques.com\/#\/schema\/person\/b4568c9afebc5a9238a771873801e349\"},\"breadcrumb\":{\"@id\":\"https:\/\/challengeseconomiques.com\/?p=2230#breadcrumb\"},\"inLanguage\":\"fr-FR\",\"potentialAction\":[{\"@type\":\"ReadAction\",\"target\":[\"https:\/\/challengeseconomiques.com\/?p=2230\"]}]},{\"@type\":\"ImageObject\",\"inLanguage\":\"fr-FR\",\"@id\":\"https:\/\/challengeseconomiques.com\/?p=2230#primaryimage\",\"url\":\"https:\/\/challengeseconomiques.com\/wp-content\/uploads\/2021\/07\/ADO.jpg\",\"contentUrl\":\"https:\/\/challengeseconomiques.com\/wp-content\/uploads\/2021\/07\/ADO.jpg\",\"width\":900,\"height\":656},{\"@type\":\"BreadcrumbList\",\"@id\":\"https:\/\/challengeseconomiques.com\/?p=2230#breadcrumb\",\"itemListElement\":[{\"@type\":\"ListItem\",\"position\":1,\"name\":\"Home\",\"item\":\"https:\/\/challengeseconomiques.com\/\"},{\"@type\":\"ListItem\",\"position\":2,\"name\":\"La Banque africaine de d\u00e9veloppement accorde un pr\u00eat de plus de 30 millions d\u2019euros \u00e0 la C\u00f4te d\u2019Ivoire\"}]},{\"@type\":\"WebSite\",\"@id\":\"https:\/\/challengeseconomiques.com\/#website\",\"url\":\"https:\/\/challengeseconomiques.com\/\",\"name\":\"challenges economiques\",\"description\":\"\",\"potentialAction\":[{\"@type\":\"SearchAction\",\"target\":{\"@type\":\"EntryPoint\",\"urlTemplate\":\"https:\/\/challengeseconomiques.com\/?s={search_term_string}\"},\"query-input\":{\"@type\":\"PropertyValueSpecification\",\"valueRequired\":true,\"valueName\":\"search_term_string\"}}],\"inLanguage\":\"fr-FR\"},{\"@type\":\"Person\",\"@id\":\"https:\/\/challengeseconomiques.com\/#\/schema\/person\/b4568c9afebc5a9238a771873801e349\",\"name\":\"admin\",\"image\":{\"@type\":\"ImageObject\",\"inLanguage\":\"fr-FR\",\"@id\":\"https:\/\/challengeseconomiques.com\/#\/schema\/person\/image\/\",\"url\":\"https:\/\/secure.gravatar.com\/avatar\/099e42240b5eea11acdb72751fcce0dd918603f0749d24974b7984ea47ed9fd9?s=96&d=mm&r=g\",\"contentUrl\":\"https:\/\/secure.gravatar.com\/avatar\/099e42240b5eea11acdb72751fcce0dd918603f0749d24974b7984ea47ed9fd9?s=96&d=mm&r=g\",\"caption\":\"admin\"},\"sameAs\":[\"https:\/\/challengeseconomiques.com\"],\"url\":\"https:\/\/challengeseconomiques.com\/?author=1\"}]}<\/script>\n<!-- \/ Yoast SEO plugin. -->","yoast_head_json":{"title":"La Banque africaine de d\u00e9veloppement accorde un pr\u00eat de plus de 30 millions d\u2019euros \u00e0 la C\u00f4te d\u2019Ivoire - challenges economiques","robots":{"index":"index","follow":"follow","max-snippet":"max-snippet:-1","max-image-preview":"max-image-preview:large","max-video-preview":"max-video-preview:-1"},"canonical":"https:\/\/challengeseconomiques.com\/?p=2230","og_locale":"fr_FR","og_type":"article","og_title":"La Banque africaine de d\u00e9veloppement accorde un pr\u00eat de plus de 30 millions d\u2019euros \u00e0 la C\u00f4te d\u2019Ivoire - challenges economiques","og_description":"Le Conseil d\u2019administration de la Banque africaine de d\u00e9veloppement a approuv\u00e9, le vendredi 19 novembre 2021, un pr\u00eat de 30,22 millions d\u2019euros en faveur de...","og_url":"https:\/\/challengeseconomiques.com\/?p=2230","og_site_name":"challenges economiques","article_published_time":"2021-11-22T11:59:32+00:00","article_modified_time":"2021-11-22T12:00:07+00:00","og_image":[{"width":900,"height":656,"url":"https:\/\/challengeseconomiques.com\/wp-content\/uploads\/2021\/07\/ADO.jpg","type":"image\/jpeg"}],"author":"admin","twitter_card":"summary_large_image","twitter_misc":{"\u00c9crit par":"admin","Dur\u00e9e de lecture estim\u00e9e":"2 minutes"},"schema":{"@context":"https:\/\/schema.org","@graph":[{"@type":"Article","@id":"https:\/\/challengeseconomiques.com\/?p=2230#article","isPartOf":{"@id":"https:\/\/challengeseconomiques.com\/?p=2230"},"author":{"name":"admin","@id":"https:\/\/challengeseconomiques.com\/#\/schema\/person\/b4568c9afebc5a9238a771873801e349"},"headline":"La Banque africaine de d\u00e9veloppement accorde un pr\u00eat de plus de 30 millions d\u2019euros \u00e0 la C\u00f4te d\u2019Ivoire","datePublished":"2021-11-22T11:59:32+00:00","dateModified":"2021-11-22T12:00:07+00:00","mainEntityOfPage":{"@id":"https:\/\/challengeseconomiques.com\/?p=2230"},"wordCount":524,"image":{"@id":"https:\/\/challengeseconomiques.com\/?p=2230#primaryimage"},"thumbnailUrl":"https:\/\/challengeseconomiques.com\/wp-content\/uploads\/2021\/07\/ADO.jpg","articleSection":["Actualit\u00e9 \u00e9conomique","Infos \u00e9co"],"inLanguage":"fr-FR"},{"@type":"WebPage","@id":"https:\/\/challengeseconomiques.com\/?p=2230","url":"https:\/\/challengeseconomiques.com\/?p=2230","name":"La Banque africaine de d\u00e9veloppement accorde un pr\u00eat de plus de 30 millions d\u2019euros \u00e0 la C\u00f4te d\u2019Ivoire - challenges economiques","isPartOf":{"@id":"https:\/\/challengeseconomiques.com\/#website"},"primaryImageOfPage":{"@id":"https:\/\/challengeseconomiques.com\/?p=2230#primaryimage"},"image":{"@id":"https:\/\/challengeseconomiques.com\/?p=2230#primaryimage"},"thumbnailUrl":"https:\/\/challengeseconomiques.com\/wp-content\/uploads\/2021\/07\/ADO.jpg","datePublished":"2021-11-22T11:59:32+00:00","dateModified":"2021-11-22T12:00:07+00:00","author":{"@id":"https:\/\/challengeseconomiques.com\/#\/schema\/person\/b4568c9afebc5a9238a771873801e349"},"breadcrumb":{"@id":"https:\/\/challengeseconomiques.com\/?p=2230#breadcrumb"},"inLanguage":"fr-FR","potentialAction":[{"@type":"ReadAction","target":["https:\/\/challengeseconomiques.com\/?p=2230"]}]},{"@type":"ImageObject","inLanguage":"fr-FR","@id":"https:\/\/challengeseconomiques.com\/?p=2230#primaryimage","url":"https:\/\/challengeseconomiques.com\/wp-content\/uploads\/2021\/07\/ADO.jpg","contentUrl":"https:\/\/challengeseconomiques.com\/wp-content\/uploads\/2021\/07\/ADO.jpg","width":900,"height":656},{"@type":"BreadcrumbList","@id":"https:\/\/challengeseconomiques.com\/?p=2230#breadcrumb","itemListElement":[{"@type":"ListItem","position":1,"name":"Home","item":"https:\/\/challengeseconomiques.com\/"},{"@type":"ListItem","position":2,"name":"La Banque africaine de d\u00e9veloppement accorde un pr\u00eat de plus de 30 millions d\u2019euros \u00e0 la C\u00f4te d\u2019Ivoire"}]},{"@type":"WebSite","@id":"https:\/\/challengeseconomiques.com\/#website","url":"https:\/\/challengeseconomiques.com\/","name":"challenges economiques","description":"","potentialAction":[{"@type":"SearchAction","target":{"@type":"EntryPoint","urlTemplate":"https:\/\/challengeseconomiques.com\/?s={search_term_string}"},"query-input":{"@type":"PropertyValueSpecification","valueRequired":true,"valueName":"search_term_string"}}],"inLanguage":"fr-FR"},{"@type":"Person","@id":"https:\/\/challengeseconomiques.com\/#\/schema\/person\/b4568c9afebc5a9238a771873801e349","name":"admin","image":{"@type":"ImageObject","inLanguage":"fr-FR","@id":"https:\/\/challengeseconomiques.com\/#\/schema\/person\/image\/","url":"https:\/\/secure.gravatar.com\/avatar\/099e42240b5eea11acdb72751fcce0dd918603f0749d24974b7984ea47ed9fd9?s=96&d=mm&r=g","contentUrl":"https:\/\/secure.gravatar.com\/avatar\/099e42240b5eea11acdb72751fcce0dd918603f0749d24974b7984ea47ed9fd9?s=96&d=mm&r=g","caption":"admin"},"sameAs":["https:\/\/challengeseconomiques.com"],"url":"https:\/\/challengeseconomiques.com\/?author=1"}]}},"jetpack_featured_media_url":"https:\/\/challengeseconomiques.com\/wp-content\/uploads\/2021\/07\/ADO.jpg","jetpack_sharing_enabled":true,"_links":{"self":[{"href":"https:\/\/challengeseconomiques.com\/index.php?rest_route=\/wp\/v2\/posts\/2230","targetHints":{"allow":["GET"]}}],"collection":[{"href":"https:\/\/challengeseconomiques.com\/index.php?rest_route=\/wp\/v2\/posts"}],"about":[{"href":"https:\/\/challengeseconomiques.com\/index.php?rest_route=\/wp\/v2\/types\/post"}],"author":[{"embeddable":true,"href":"https:\/\/challengeseconomiques.com\/index.php?rest_route=\/wp\/v2\/users\/1"}],"replies":[{"embeddable":true,"href":"https:\/\/challengeseconomiques.com\/index.php?rest_route=%2Fwp%2Fv2%2Fcomments&post=2230"}],"version-history":[{"count":2,"href":"https:\/\/challengeseconomiques.com\/index.php?rest_route=\/wp\/v2\/posts\/2230\/revisions"}],"predecessor-version":[{"id":2232,"href":"https:\/\/challengeseconomiques.com\/index.php?rest_route=\/wp\/v2\/posts\/2230\/revisions\/2232"}],"wp:featuredmedia":[{"embeddable":true,"href":"https:\/\/challengeseconomiques.com\/index.php?rest_route=\/wp\/v2\/media\/1581"}],"wp:attachment":[{"href":"https:\/\/challengeseconomiques.com\/index.php?rest_route=%2Fwp%2Fv2%2Fmedia&parent=2230"}],"wp:term":[{"taxonomy":"category","embeddable":true,"href":"https:\/\/challengeseconomiques.com\/index.php?rest_route=%2Fwp%2Fv2%2Fcategories&post=2230"},{"taxonomy":"post_tag","embeddable":true,"href":"https:\/\/challengeseconomiques.com\/index.php?rest_route=%2Fwp%2Fv2%2Ftags&post=2230"}],"curies":[{"name":"wp","href":"https:\/\/api.w.org\/{rel}","templated":true}]}}