{"id":2014,"date":"2021-10-19T13:41:32","date_gmt":"2021-10-19T13:41:32","guid":{"rendered":"https:\/\/challengeseconomiques.com\/?p=2014"},"modified":"2021-10-19T13:41:53","modified_gmt":"2021-10-19T13:41:53","slug":"le-projet-de-loi-de-finances-2022-axe-sur-la-relance-de-lactivite-economique","status":"publish","type":"post","link":"https:\/\/challengeseconomiques.com\/?p=2014","title":{"rendered":"Le projet de loi de finances 2022 ax\u00e9 sur la relance de l\u2019activit\u00e9 \u00e9conomique"},"content":{"rendered":"<div><strong>Abdoulaye Daouda Diallo, Ministre des Finances et du Budget<\/strong><\/div>\n<div><\/div>\n<div>Le projet de loi de finances de 2022, arr\u00eat\u00e9 \u00e0 5 199 milliards de francs CFA vise la relance de l\u2019activit\u00e9 \u00e9conomique apr\u00e8s une p\u00e9riode marqu\u00e9e par la lutte contre la pand\u00e9mie de Covid-19, a indiqu\u00e9&nbsp;le ministre des Finances et du Budget, Abdoulaye Daouda Diallo.<\/div>\n<div><\/div>\n<div>\u2019\u2019Apr\u00e8s une ann\u00e9e budg\u00e9taire o\u00f9 la priorit\u00e9 \u00e9tait surtout de r\u00e9sister \u00e0 l\u2019onde de choc sanitaire, \u00e9conomique et sociale provoqu\u00e9e par la pand\u00e9mie de la COVID-19, la loi de finances de 2022 sera particuli\u00e8rement orient\u00e9e vers la relance de l\u2019activit\u00e9 \u00e9conomique, dans le maintien de la coh\u00e9sion sociale, pour garder le cap sur l\u2019\u00e9mergence\u2019\u2019, a-t-il expliqu\u00e9.<\/div>\n<div><\/div>\n<div>M.&nbsp;Diallo pr\u00e9sentait samedi \u00e0 Saly-Portudal (Mbour, ouest), ce projet de loi de finances \u00e0 des d\u00e9put\u00e9s lors d\u2019un atelier organis\u00e9 avec la commission finances et contr\u00f4le budg\u00e9taire de l\u2019assembl\u00e9e nationale.<\/div>\n<div><\/div>\n<div>Il s\u2019agira, selon lui, de financer le Programme d\u2019urgence pour l\u2019emploi des jeunes \u00e0 hauteur de 150 milliards de francs CFA, du Programme de bourses de s\u00e9curit\u00e9 familiale pour 35 milliards de francs CFA, du Programme d\u2019urgence de modernisation des axes et territoires frontaliers (PUMA) pour 5,2 milliards de francs CFA, du Programme d\u2019urgence de d\u00e9veloppement communautaire (PUDC) pour 18,4 milliards de francs CFA.<\/div>\n<div><\/div>\n<div>Dans ce projet de budget, il est pr\u00e9vu 18,3 milliards de francs CFA pour financer le Programme de modernisation des villes (PROMOVILLES), 20,8 milliards de francs CFA pour le Programme d\u2019acquisition d\u2019\u00e9quipements scientifiques et informatiques destin\u00e9s aux universit\u00e9s et \u00e9tablissements d\u2019enseignement sup\u00e9rieur et 25 milliards de francs CFA pour le programme de modernisation de la justice.<\/div>\n<div><\/div>\n<div>\u2019\u2019De mani\u00e8re op\u00e9rationnel, ce budget met en \u0153uvre les politiques initi\u00e9es par le pr\u00e9sident de la R\u00e9publique pour am\u00e9liorer le bien-\u00eatre des femmes et des jeunes, d\u00e9velopper les productions agro-pastorales, faciliter l\u2019acc\u00e8s aux services sociaux de base et asseoir une industrie forte et comp\u00e9titive\u2019\u2019, a assur\u00e9 le ministre.<\/div>\n<div><\/div>\n<div>Pour Abdoulaye Daouda Diallo, la r\u00e9alisation de ces initiatives \u00e9tant n\u00e9cessairement conditionn\u00e9e par l\u2019existence de comptes publics \u2019\u2019sains\u2019\u2019 et de moyens financiers \u2019\u2019cons\u00e9quents\u2019\u2019, les actions envisag\u00e9es pour la stabilit\u00e9 macro\u00e9conomique, de collecte de recettes, de rationalisation des d\u00e9penses et de gestion prudente de la dette, seront poursuivies et renforc\u00e9es en 2022.<\/div>\n<div><strong>(APS)<\/strong><\/div>\n","protected":false},"excerpt":{"rendered":"<p>Abdoulaye Daouda Diallo, Ministre des Finances et du Budget Le projet de loi de finances de 2022, arr\u00eat\u00e9 \u00e0 5 199 milliards de francs CFA&#8230;<\/p>\n","protected":false},"author":1,"featured_media":597,"comment_status":"closed","ping_status":"open","sticky":false,"template":"","format":"standard","meta":{"_jetpack_memberships_contains_paid_content":false,"footnotes":""},"categories":[23,10],"tags":[],"class_list":["post-2014","post","type-post","status-publish","format-standard","has-post-thumbnail","hentry","category-a-la-une","category-infos-eco","wpcat-23-id","wpcat-10-id"],"yoast_head":"<!-- This site is optimized with the Yoast SEO plugin v27.1.1 - https:\/\/yoast.com\/product\/yoast-seo-wordpress\/ -->\n<title>Le projet de loi de finances 2022 ax\u00e9 sur la relance de l\u2019activit\u00e9 \u00e9conomique - challenges economiques<\/title>\n<meta name=\"robots\" content=\"index, follow, max-snippet:-1, max-image-preview:large, max-video-preview:-1\" \/>\n<link rel=\"canonical\" href=\"https:\/\/challengeseconomiques.com\/?p=2014\" \/>\n<meta property=\"og:locale\" content=\"fr_FR\" \/>\n<meta property=\"og:type\" content=\"article\" \/>\n<meta property=\"og:title\" content=\"Le projet de loi de finances 2022 ax\u00e9 sur la relance de l\u2019activit\u00e9 \u00e9conomique - challenges economiques\" \/>\n<meta property=\"og:description\" content=\"Abdoulaye Daouda Diallo, Ministre des Finances et du Budget Le projet de loi de finances de 2022, arr\u00eat\u00e9 \u00e0 5 199 milliards de francs CFA...\" \/>\n<meta property=\"og:url\" content=\"https:\/\/challengeseconomiques.com\/?p=2014\" \/>\n<meta property=\"og:site_name\" content=\"challenges economiques\" \/>\n<meta property=\"article:published_time\" content=\"2021-10-19T13:41:32+00:00\" \/>\n<meta property=\"article:modified_time\" content=\"2021-10-19T13:41:53+00:00\" \/>\n<meta property=\"og:image\" content=\"https:\/\/challengeseconomiques.com\/wp-content\/uploads\/2021\/01\/ADD.jpg\" \/>\n\t<meta property=\"og:image:width\" content=\"699\" \/>\n\t<meta property=\"og:image:height\" content=\"634\" \/>\n\t<meta property=\"og:image:type\" content=\"image\/jpeg\" \/>\n<meta name=\"author\" content=\"admin\" \/>\n<meta name=\"twitter:card\" content=\"summary_large_image\" \/>\n<meta name=\"twitter:label1\" content=\"\u00c9crit par\" \/>\n\t<meta name=\"twitter:data1\" content=\"admin\" \/>\n\t<meta name=\"twitter:label2\" content=\"Dur\u00e9e de lecture estim\u00e9e\" \/>\n\t<meta name=\"twitter:data2\" content=\"2 minutes\" \/>\n<script type=\"application\/ld+json\" class=\"yoast-schema-graph\">{\"@context\":\"https:\/\/schema.org\",\"@graph\":[{\"@type\":\"Article\",\"@id\":\"https:\/\/challengeseconomiques.com\/?p=2014#article\",\"isPartOf\":{\"@id\":\"https:\/\/challengeseconomiques.com\/?p=2014\"},\"author\":{\"name\":\"admin\",\"@id\":\"https:\/\/challengeseconomiques.com\/#\/schema\/person\/b4568c9afebc5a9238a771873801e349\"},\"headline\":\"Le projet de loi de finances 2022 ax\u00e9 sur la relance de l\u2019activit\u00e9 \u00e9conomique\",\"datePublished\":\"2021-10-19T13:41:32+00:00\",\"dateModified\":\"2021-10-19T13:41:53+00:00\",\"mainEntityOfPage\":{\"@id\":\"https:\/\/challengeseconomiques.com\/?p=2014\"},\"wordCount\":421,\"image\":{\"@id\":\"https:\/\/challengeseconomiques.com\/?p=2014#primaryimage\"},\"thumbnailUrl\":\"https:\/\/challengeseconomiques.com\/wp-content\/uploads\/2021\/01\/ADD.jpg\",\"articleSection\":[\"A la une\",\"Infos \u00e9co\"],\"inLanguage\":\"fr-FR\"},{\"@type\":\"WebPage\",\"@id\":\"https:\/\/challengeseconomiques.com\/?p=2014\",\"url\":\"https:\/\/challengeseconomiques.com\/?p=2014\",\"name\":\"Le projet de loi de finances 2022 ax\u00e9 sur la relance de l\u2019activit\u00e9 \u00e9conomique - challenges economiques\",\"isPartOf\":{\"@id\":\"https:\/\/challengeseconomiques.com\/#website\"},\"primaryImageOfPage\":{\"@id\":\"https:\/\/challengeseconomiques.com\/?p=2014#primaryimage\"},\"image\":{\"@id\":\"https:\/\/challengeseconomiques.com\/?p=2014#primaryimage\"},\"thumbnailUrl\":\"https:\/\/challengeseconomiques.com\/wp-content\/uploads\/2021\/01\/ADD.jpg\",\"datePublished\":\"2021-10-19T13:41:32+00:00\",\"dateModified\":\"2021-10-19T13:41:53+00:00\",\"author\":{\"@id\":\"https:\/\/challengeseconomiques.com\/#\/schema\/person\/b4568c9afebc5a9238a771873801e349\"},\"breadcrumb\":{\"@id\":\"https:\/\/challengeseconomiques.com\/?p=2014#breadcrumb\"},\"inLanguage\":\"fr-FR\",\"potentialAction\":[{\"@type\":\"ReadAction\",\"target\":[\"https:\/\/challengeseconomiques.com\/?p=2014\"]}]},{\"@type\":\"ImageObject\",\"inLanguage\":\"fr-FR\",\"@id\":\"https:\/\/challengeseconomiques.com\/?p=2014#primaryimage\",\"url\":\"https:\/\/challengeseconomiques.com\/wp-content\/uploads\/2021\/01\/ADD.jpg\",\"contentUrl\":\"https:\/\/challengeseconomiques.com\/wp-content\/uploads\/2021\/01\/ADD.jpg\",\"width\":699,\"height\":634},{\"@type\":\"BreadcrumbList\",\"@id\":\"https:\/\/challengeseconomiques.com\/?p=2014#breadcrumb\",\"itemListElement\":[{\"@type\":\"ListItem\",\"position\":1,\"name\":\"Home\",\"item\":\"https:\/\/challengeseconomiques.com\/\"},{\"@type\":\"ListItem\",\"position\":2,\"name\":\"Le projet de loi de finances 2022 ax\u00e9 sur la relance de l\u2019activit\u00e9 \u00e9conomique\"}]},{\"@type\":\"WebSite\",\"@id\":\"https:\/\/challengeseconomiques.com\/#website\",\"url\":\"https:\/\/challengeseconomiques.com\/\",\"name\":\"challenges economiques\",\"description\":\"\",\"potentialAction\":[{\"@type\":\"SearchAction\",\"target\":{\"@type\":\"EntryPoint\",\"urlTemplate\":\"https:\/\/challengeseconomiques.com\/?s={search_term_string}\"},\"query-input\":{\"@type\":\"PropertyValueSpecification\",\"valueRequired\":true,\"valueName\":\"search_term_string\"}}],\"inLanguage\":\"fr-FR\"},{\"@type\":\"Person\",\"@id\":\"https:\/\/challengeseconomiques.com\/#\/schema\/person\/b4568c9afebc5a9238a771873801e349\",\"name\":\"admin\",\"image\":{\"@type\":\"ImageObject\",\"inLanguage\":\"fr-FR\",\"@id\":\"https:\/\/challengeseconomiques.com\/#\/schema\/person\/image\/\",\"url\":\"https:\/\/secure.gravatar.com\/avatar\/099e42240b5eea11acdb72751fcce0dd918603f0749d24974b7984ea47ed9fd9?s=96&d=mm&r=g\",\"contentUrl\":\"https:\/\/secure.gravatar.com\/avatar\/099e42240b5eea11acdb72751fcce0dd918603f0749d24974b7984ea47ed9fd9?s=96&d=mm&r=g\",\"caption\":\"admin\"},\"sameAs\":[\"https:\/\/challengeseconomiques.com\"],\"url\":\"https:\/\/challengeseconomiques.com\/?author=1\"}]}<\/script>\n<!-- \/ Yoast SEO plugin. -->","yoast_head_json":{"title":"Le projet de loi de finances 2022 ax\u00e9 sur la relance de l\u2019activit\u00e9 \u00e9conomique - challenges economiques","robots":{"index":"index","follow":"follow","max-snippet":"max-snippet:-1","max-image-preview":"max-image-preview:large","max-video-preview":"max-video-preview:-1"},"canonical":"https:\/\/challengeseconomiques.com\/?p=2014","og_locale":"fr_FR","og_type":"article","og_title":"Le projet de loi de finances 2022 ax\u00e9 sur la relance de l\u2019activit\u00e9 \u00e9conomique - challenges economiques","og_description":"Abdoulaye Daouda Diallo, Ministre des Finances et du Budget Le projet de loi de finances de 2022, arr\u00eat\u00e9 \u00e0 5 199 milliards de francs CFA...","og_url":"https:\/\/challengeseconomiques.com\/?p=2014","og_site_name":"challenges economiques","article_published_time":"2021-10-19T13:41:32+00:00","article_modified_time":"2021-10-19T13:41:53+00:00","og_image":[{"width":699,"height":634,"url":"https:\/\/challengeseconomiques.com\/wp-content\/uploads\/2021\/01\/ADD.jpg","type":"image\/jpeg"}],"author":"admin","twitter_card":"summary_large_image","twitter_misc":{"\u00c9crit par":"admin","Dur\u00e9e de lecture estim\u00e9e":"2 minutes"},"schema":{"@context":"https:\/\/schema.org","@graph":[{"@type":"Article","@id":"https:\/\/challengeseconomiques.com\/?p=2014#article","isPartOf":{"@id":"https:\/\/challengeseconomiques.com\/?p=2014"},"author":{"name":"admin","@id":"https:\/\/challengeseconomiques.com\/#\/schema\/person\/b4568c9afebc5a9238a771873801e349"},"headline":"Le projet de loi de finances 2022 ax\u00e9 sur la relance de l\u2019activit\u00e9 \u00e9conomique","datePublished":"2021-10-19T13:41:32+00:00","dateModified":"2021-10-19T13:41:53+00:00","mainEntityOfPage":{"@id":"https:\/\/challengeseconomiques.com\/?p=2014"},"wordCount":421,"image":{"@id":"https:\/\/challengeseconomiques.com\/?p=2014#primaryimage"},"thumbnailUrl":"https:\/\/challengeseconomiques.com\/wp-content\/uploads\/2021\/01\/ADD.jpg","articleSection":["A la une","Infos \u00e9co"],"inLanguage":"fr-FR"},{"@type":"WebPage","@id":"https:\/\/challengeseconomiques.com\/?p=2014","url":"https:\/\/challengeseconomiques.com\/?p=2014","name":"Le projet de loi de finances 2022 ax\u00e9 sur la relance de l\u2019activit\u00e9 \u00e9conomique - challenges economiques","isPartOf":{"@id":"https:\/\/challengeseconomiques.com\/#website"},"primaryImageOfPage":{"@id":"https:\/\/challengeseconomiques.com\/?p=2014#primaryimage"},"image":{"@id":"https:\/\/challengeseconomiques.com\/?p=2014#primaryimage"},"thumbnailUrl":"https:\/\/challengeseconomiques.com\/wp-content\/uploads\/2021\/01\/ADD.jpg","datePublished":"2021-10-19T13:41:32+00:00","dateModified":"2021-10-19T13:41:53+00:00","author":{"@id":"https:\/\/challengeseconomiques.com\/#\/schema\/person\/b4568c9afebc5a9238a771873801e349"},"breadcrumb":{"@id":"https:\/\/challengeseconomiques.com\/?p=2014#breadcrumb"},"inLanguage":"fr-FR","potentialAction":[{"@type":"ReadAction","target":["https:\/\/challengeseconomiques.com\/?p=2014"]}]},{"@type":"ImageObject","inLanguage":"fr-FR","@id":"https:\/\/challengeseconomiques.com\/?p=2014#primaryimage","url":"https:\/\/challengeseconomiques.com\/wp-content\/uploads\/2021\/01\/ADD.jpg","contentUrl":"https:\/\/challengeseconomiques.com\/wp-content\/uploads\/2021\/01\/ADD.jpg","width":699,"height":634},{"@type":"BreadcrumbList","@id":"https:\/\/challengeseconomiques.com\/?p=2014#breadcrumb","itemListElement":[{"@type":"ListItem","position":1,"name":"Home","item":"https:\/\/challengeseconomiques.com\/"},{"@type":"ListItem","position":2,"name":"Le projet de loi de finances 2022 ax\u00e9 sur la relance de l\u2019activit\u00e9 \u00e9conomique"}]},{"@type":"WebSite","@id":"https:\/\/challengeseconomiques.com\/#website","url":"https:\/\/challengeseconomiques.com\/","name":"challenges economiques","description":"","potentialAction":[{"@type":"SearchAction","target":{"@type":"EntryPoint","urlTemplate":"https:\/\/challengeseconomiques.com\/?s={search_term_string}"},"query-input":{"@type":"PropertyValueSpecification","valueRequired":true,"valueName":"search_term_string"}}],"inLanguage":"fr-FR"},{"@type":"Person","@id":"https:\/\/challengeseconomiques.com\/#\/schema\/person\/b4568c9afebc5a9238a771873801e349","name":"admin","image":{"@type":"ImageObject","inLanguage":"fr-FR","@id":"https:\/\/challengeseconomiques.com\/#\/schema\/person\/image\/","url":"https:\/\/secure.gravatar.com\/avatar\/099e42240b5eea11acdb72751fcce0dd918603f0749d24974b7984ea47ed9fd9?s=96&d=mm&r=g","contentUrl":"https:\/\/secure.gravatar.com\/avatar\/099e42240b5eea11acdb72751fcce0dd918603f0749d24974b7984ea47ed9fd9?s=96&d=mm&r=g","caption":"admin"},"sameAs":["https:\/\/challengeseconomiques.com"],"url":"https:\/\/challengeseconomiques.com\/?author=1"}]}},"jetpack_featured_media_url":"https:\/\/challengeseconomiques.com\/wp-content\/uploads\/2021\/01\/ADD.jpg","jetpack_sharing_enabled":true,"_links":{"self":[{"href":"https:\/\/challengeseconomiques.com\/index.php?rest_route=\/wp\/v2\/posts\/2014","targetHints":{"allow":["GET"]}}],"collection":[{"href":"https:\/\/challengeseconomiques.com\/index.php?rest_route=\/wp\/v2\/posts"}],"about":[{"href":"https:\/\/challengeseconomiques.com\/index.php?rest_route=\/wp\/v2\/types\/post"}],"author":[{"embeddable":true,"href":"https:\/\/challengeseconomiques.com\/index.php?rest_route=\/wp\/v2\/users\/1"}],"replies":[{"embeddable":true,"href":"https:\/\/challengeseconomiques.com\/index.php?rest_route=%2Fwp%2Fv2%2Fcomments&post=2014"}],"version-history":[{"count":2,"href":"https:\/\/challengeseconomiques.com\/index.php?rest_route=\/wp\/v2\/posts\/2014\/revisions"}],"predecessor-version":[{"id":2016,"href":"https:\/\/challengeseconomiques.com\/index.php?rest_route=\/wp\/v2\/posts\/2014\/revisions\/2016"}],"wp:featuredmedia":[{"embeddable":true,"href":"https:\/\/challengeseconomiques.com\/index.php?rest_route=\/wp\/v2\/media\/597"}],"wp:attachment":[{"href":"https:\/\/challengeseconomiques.com\/index.php?rest_route=%2Fwp%2Fv2%2Fmedia&parent=2014"}],"wp:term":[{"taxonomy":"category","embeddable":true,"href":"https:\/\/challengeseconomiques.com\/index.php?rest_route=%2Fwp%2Fv2%2Fcategories&post=2014"},{"taxonomy":"post_tag","embeddable":true,"href":"https:\/\/challengeseconomiques.com\/index.php?rest_route=%2Fwp%2Fv2%2Ftags&post=2014"}],"curies":[{"name":"wp","href":"https:\/\/api.w.org\/{rel}","templated":true}]}}