{"id":2010,"date":"2021-10-19T13:23:56","date_gmt":"2021-10-19T13:23:56","guid":{"rendered":"https:\/\/challengeseconomiques.com\/?p=2010"},"modified":"2021-10-19T13:24:22","modified_gmt":"2021-10-19T13:24:22","slug":"le-dg-de-lorganisation-africaine-de-la-propriete-intellectuelle-suspendu-suite-a-des-soupcons-de-detournements-des-fonds","status":"publish","type":"post","link":"https:\/\/challengeseconomiques.com\/?p=2010","title":{"rendered":"Le DG de l\u2019Organisation africaine de la propri\u00e9t\u00e9 intellectuelle suspendu suite \u00e0 des soup\u00e7ons de d\u00e9tournements des fonds"},"content":{"rendered":"<p><strong>Denis Loukou Bohoussou,le DG de l&rsquo;OAPI suspendu<\/strong><\/p>\n<p class=\"texte textearticle\"><strong>Le scandale qui secoue l\u2019OAPI depuis plusieurs semaines, et qui vient de d\u00e9boucher sur un nouvel \u00e9pisode avec la suspension du DG, \u00e9galement accus\u00e9 d\u2019avoir install\u00e9 un climat de terreur au sein de l\u2019institution, pourrait, selon des sources proches de cette institution, s\u2019achever par un remaniement \u00e0 la t\u00eate de l\u2019\u00e9quipe dirigeante.<\/strong><\/p>\n<p class=\"texte textearticle\">Le 14&nbsp;octobre 2021, Alimatou Shadiya Assouman, la ministre b\u00e9ninoise de l\u2019Industrie et du Commerce, par ailleurs pr\u00e9sidente du Conseil d\u2019administration de l\u2019Organisation africaine de la propri\u00e9t\u00e9 intellectuelle (OAPI), dont le si\u00e8ge est \u00e0 Yaound\u00e9, capitale camerounaise, a sign\u00e9 une d\u00e9cision suspendant de ses fonctions le directeur g\u00e9n\u00e9ral de cet organisme panafricain.<\/p>\n<p class=\"texte textearticle\">Pour justifier la suspension de Denis Loukou Bohoussou , le texte \u00e9voque notamment \u00ab\u2009<em>le refus du directeur g\u00e9n\u00e9ral de faire ex\u00e9cuter la d\u00e9cision d\u2019auditer la gestion de l\u2019organisme, en vue de clarifier les soup\u00e7ons de mal gouvernance et malversations financi\u00e8res mettant directement en p\u00e9ril les int\u00e9r\u00eats de l\u2019organisation<\/em>\u2009\u00bb.<\/p>\n<p class=\"texte textearticle\">Cette sanction survient alors que la gestion DG est d\u00e9nonc\u00e9e. Dans une lettre adress\u00e9e le 8&nbsp;octobre dernier \u00e0 la pr\u00e9sidente du conseil d\u2019administration, dont <a href=\"https:\/\/www.investiraucameroun.com\/economie\/1510-16992-propriete-intellectuelle-le-dg-de-l-oapi-suspendu-suite-a-des-soupcons-de-detournements-des-fonds-et-d-autres-fautes\">Investir au Cameroun<\/a> s\u2019est procur\u00e9 copie, le dirigeant est par exemple accus\u00e9 d\u2019avoir plac\u00e9 plusieurs milliards de FCFA dans une banque ne pr\u00e9sentant \u00ab\u2009<em>aucune garantie de confiance<\/em>\u2009\u00bb et \u00ab\u2009<em>m\u00e9connue de l\u2019environnement financier de l\u2019OAPI<\/em>\u2009\u00bb.<\/p>\n<p class=\"texte textearticle\">Selon les r\u00e9v\u00e9lations faites par le journal camerounais Essingan, qui a suivi cette affaire de bout en bout, le DG est aussi accus\u00e9 de corruption, d\u00e9tournements de fonds et bien d\u2019autres fautes.<\/p>\n<p class=\"texte textearticle\">\u00c0 en croire la m\u00eame source, Denis Loukou Bohoussou tarde par exemple \u00e0 produire la carte crise d\u2019un v\u00e9hicule acquis \u00e0 17&nbsp;millions de FCFA pour sa r\u00e9sidence.<\/p>\n<p class=\"texte textearticle\">Il lui est par ailleurs enjoint d\u2019expliquer au conseil les raisons pour lesquelles il a vers\u00e9 une gratification totale de 15&nbsp;millions de FCFA au titre de la r\u00e9gie des conseils d\u2019administration de l\u2019OAPI de Ndjamena et de Lom\u00e9, respectivement en 2018 et 2019. De plus, M.&nbsp;Loukou Bohoussou est accus\u00e9 d\u2019avoir pris des libert\u00e9s avec les textes de l\u2019OAPI, en recrutant des personnels d\u00e9passant 55&nbsp;ans, maximum prescrit par l\u2019organisme.<\/p>\n<p><strong><em>(Agence Ecofin) &#8211;<\/em><\/strong><\/p>\n","protected":false},"excerpt":{"rendered":"<p>Denis Loukou Bohoussou,le DG de l&rsquo;OAPI suspendu Le scandale qui secoue l\u2019OAPI depuis plusieurs semaines, et qui vient de d\u00e9boucher sur un nouvel \u00e9pisode avec&#8230;<\/p>\n","protected":false},"author":1,"featured_media":2011,"comment_status":"closed","ping_status":"open","sticky":false,"template":"","format":"standard","meta":{"_jetpack_memberships_contains_paid_content":false,"footnotes":""},"categories":[23,8],"tags":[],"class_list":["post-2010","post","type-post","status-publish","format-standard","has-post-thumbnail","hentry","category-a-la-une","category-actualite-economique","wpcat-23-id","wpcat-8-id"],"yoast_head":"<!-- This site is optimized with the Yoast SEO plugin v27.1.1 - https:\/\/yoast.com\/product\/yoast-seo-wordpress\/ -->\n<title>Le DG de l\u2019Organisation africaine de la propri\u00e9t\u00e9 intellectuelle suspendu suite \u00e0 des soup\u00e7ons de d\u00e9tournements des fonds - challenges economiques<\/title>\n<meta name=\"robots\" content=\"index, follow, max-snippet:-1, max-image-preview:large, max-video-preview:-1\" \/>\n<link rel=\"canonical\" href=\"https:\/\/challengeseconomiques.com\/?p=2010\" \/>\n<meta property=\"og:locale\" content=\"fr_FR\" \/>\n<meta property=\"og:type\" content=\"article\" \/>\n<meta property=\"og:title\" content=\"Le DG de l\u2019Organisation africaine de la propri\u00e9t\u00e9 intellectuelle suspendu suite \u00e0 des soup\u00e7ons de d\u00e9tournements des fonds - challenges economiques\" \/>\n<meta property=\"og:description\" content=\"Denis Loukou Bohoussou,le DG de l&rsquo;OAPI suspendu Le scandale qui secoue l\u2019OAPI depuis plusieurs semaines, et qui vient de d\u00e9boucher sur un nouvel \u00e9pisode avec...\" \/>\n<meta property=\"og:url\" content=\"https:\/\/challengeseconomiques.com\/?p=2010\" \/>\n<meta property=\"og:site_name\" content=\"challenges economiques\" \/>\n<meta property=\"article:published_time\" content=\"2021-10-19T13:23:56+00:00\" \/>\n<meta property=\"article:modified_time\" content=\"2021-10-19T13:24:22+00:00\" \/>\n<meta property=\"og:image\" content=\"https:\/\/challengeseconomiques.com\/wp-content\/uploads\/2021\/10\/OAPI.jpg\" \/>\n\t<meta property=\"og:image:width\" content=\"450\" \/>\n\t<meta property=\"og:image:height\" content=\"300\" \/>\n\t<meta property=\"og:image:type\" content=\"image\/jpeg\" \/>\n<meta name=\"author\" content=\"admin\" \/>\n<meta name=\"twitter:card\" content=\"summary_large_image\" \/>\n<meta name=\"twitter:label1\" content=\"\u00c9crit par\" \/>\n\t<meta name=\"twitter:data1\" content=\"admin\" \/>\n\t<meta name=\"twitter:label2\" content=\"Dur\u00e9e de lecture estim\u00e9e\" \/>\n\t<meta name=\"twitter:data2\" content=\"2 minutes\" \/>\n<script type=\"application\/ld+json\" class=\"yoast-schema-graph\">{\"@context\":\"https:\/\/schema.org\",\"@graph\":[{\"@type\":\"Article\",\"@id\":\"https:\/\/challengeseconomiques.com\/?p=2010#article\",\"isPartOf\":{\"@id\":\"https:\/\/challengeseconomiques.com\/?p=2010\"},\"author\":{\"name\":\"admin\",\"@id\":\"https:\/\/challengeseconomiques.com\/#\/schema\/person\/b4568c9afebc5a9238a771873801e349\"},\"headline\":\"Le DG de l\u2019Organisation africaine de la propri\u00e9t\u00e9 intellectuelle suspendu suite \u00e0 des soup\u00e7ons de d\u00e9tournements des fonds\",\"datePublished\":\"2021-10-19T13:23:56+00:00\",\"dateModified\":\"2021-10-19T13:24:22+00:00\",\"mainEntityOfPage\":{\"@id\":\"https:\/\/challengeseconomiques.com\/?p=2010\"},\"wordCount\":422,\"image\":{\"@id\":\"https:\/\/challengeseconomiques.com\/?p=2010#primaryimage\"},\"thumbnailUrl\":\"https:\/\/challengeseconomiques.com\/wp-content\/uploads\/2021\/10\/OAPI.jpg\",\"articleSection\":[\"A la une\",\"Actualit\u00e9 \u00e9conomique\"],\"inLanguage\":\"fr-FR\"},{\"@type\":\"WebPage\",\"@id\":\"https:\/\/challengeseconomiques.com\/?p=2010\",\"url\":\"https:\/\/challengeseconomiques.com\/?p=2010\",\"name\":\"Le DG de l\u2019Organisation africaine de la propri\u00e9t\u00e9 intellectuelle suspendu suite \u00e0 des soup\u00e7ons de d\u00e9tournements des fonds - challenges economiques\",\"isPartOf\":{\"@id\":\"https:\/\/challengeseconomiques.com\/#website\"},\"primaryImageOfPage\":{\"@id\":\"https:\/\/challengeseconomiques.com\/?p=2010#primaryimage\"},\"image\":{\"@id\":\"https:\/\/challengeseconomiques.com\/?p=2010#primaryimage\"},\"thumbnailUrl\":\"https:\/\/challengeseconomiques.com\/wp-content\/uploads\/2021\/10\/OAPI.jpg\",\"datePublished\":\"2021-10-19T13:23:56+00:00\",\"dateModified\":\"2021-10-19T13:24:22+00:00\",\"author\":{\"@id\":\"https:\/\/challengeseconomiques.com\/#\/schema\/person\/b4568c9afebc5a9238a771873801e349\"},\"breadcrumb\":{\"@id\":\"https:\/\/challengeseconomiques.com\/?p=2010#breadcrumb\"},\"inLanguage\":\"fr-FR\",\"potentialAction\":[{\"@type\":\"ReadAction\",\"target\":[\"https:\/\/challengeseconomiques.com\/?p=2010\"]}]},{\"@type\":\"ImageObject\",\"inLanguage\":\"fr-FR\",\"@id\":\"https:\/\/challengeseconomiques.com\/?p=2010#primaryimage\",\"url\":\"https:\/\/challengeseconomiques.com\/wp-content\/uploads\/2021\/10\/OAPI.jpg\",\"contentUrl\":\"https:\/\/challengeseconomiques.com\/wp-content\/uploads\/2021\/10\/OAPI.jpg\",\"width\":450,\"height\":300},{\"@type\":\"BreadcrumbList\",\"@id\":\"https:\/\/challengeseconomiques.com\/?p=2010#breadcrumb\",\"itemListElement\":[{\"@type\":\"ListItem\",\"position\":1,\"name\":\"Home\",\"item\":\"https:\/\/challengeseconomiques.com\/\"},{\"@type\":\"ListItem\",\"position\":2,\"name\":\"Le DG de l\u2019Organisation africaine de la propri\u00e9t\u00e9 intellectuelle suspendu suite \u00e0 des soup\u00e7ons de d\u00e9tournements des fonds\"}]},{\"@type\":\"WebSite\",\"@id\":\"https:\/\/challengeseconomiques.com\/#website\",\"url\":\"https:\/\/challengeseconomiques.com\/\",\"name\":\"challenges economiques\",\"description\":\"\",\"potentialAction\":[{\"@type\":\"SearchAction\",\"target\":{\"@type\":\"EntryPoint\",\"urlTemplate\":\"https:\/\/challengeseconomiques.com\/?s={search_term_string}\"},\"query-input\":{\"@type\":\"PropertyValueSpecification\",\"valueRequired\":true,\"valueName\":\"search_term_string\"}}],\"inLanguage\":\"fr-FR\"},{\"@type\":\"Person\",\"@id\":\"https:\/\/challengeseconomiques.com\/#\/schema\/person\/b4568c9afebc5a9238a771873801e349\",\"name\":\"admin\",\"image\":{\"@type\":\"ImageObject\",\"inLanguage\":\"fr-FR\",\"@id\":\"https:\/\/challengeseconomiques.com\/#\/schema\/person\/image\/\",\"url\":\"https:\/\/secure.gravatar.com\/avatar\/099e42240b5eea11acdb72751fcce0dd918603f0749d24974b7984ea47ed9fd9?s=96&d=mm&r=g\",\"contentUrl\":\"https:\/\/secure.gravatar.com\/avatar\/099e42240b5eea11acdb72751fcce0dd918603f0749d24974b7984ea47ed9fd9?s=96&d=mm&r=g\",\"caption\":\"admin\"},\"sameAs\":[\"https:\/\/challengeseconomiques.com\"],\"url\":\"https:\/\/challengeseconomiques.com\/?author=1\"}]}<\/script>\n<!-- \/ Yoast SEO plugin. -->","yoast_head_json":{"title":"Le DG de l\u2019Organisation africaine de la propri\u00e9t\u00e9 intellectuelle suspendu suite \u00e0 des soup\u00e7ons de d\u00e9tournements des fonds - challenges economiques","robots":{"index":"index","follow":"follow","max-snippet":"max-snippet:-1","max-image-preview":"max-image-preview:large","max-video-preview":"max-video-preview:-1"},"canonical":"https:\/\/challengeseconomiques.com\/?p=2010","og_locale":"fr_FR","og_type":"article","og_title":"Le DG de l\u2019Organisation africaine de la propri\u00e9t\u00e9 intellectuelle suspendu suite \u00e0 des soup\u00e7ons de d\u00e9tournements des fonds - challenges economiques","og_description":"Denis Loukou Bohoussou,le DG de l&rsquo;OAPI suspendu Le scandale qui secoue l\u2019OAPI depuis plusieurs semaines, et qui vient de d\u00e9boucher sur un nouvel \u00e9pisode avec...","og_url":"https:\/\/challengeseconomiques.com\/?p=2010","og_site_name":"challenges economiques","article_published_time":"2021-10-19T13:23:56+00:00","article_modified_time":"2021-10-19T13:24:22+00:00","og_image":[{"width":450,"height":300,"url":"https:\/\/challengeseconomiques.com\/wp-content\/uploads\/2021\/10\/OAPI.jpg","type":"image\/jpeg"}],"author":"admin","twitter_card":"summary_large_image","twitter_misc":{"\u00c9crit par":"admin","Dur\u00e9e de lecture estim\u00e9e":"2 minutes"},"schema":{"@context":"https:\/\/schema.org","@graph":[{"@type":"Article","@id":"https:\/\/challengeseconomiques.com\/?p=2010#article","isPartOf":{"@id":"https:\/\/challengeseconomiques.com\/?p=2010"},"author":{"name":"admin","@id":"https:\/\/challengeseconomiques.com\/#\/schema\/person\/b4568c9afebc5a9238a771873801e349"},"headline":"Le DG de l\u2019Organisation africaine de la propri\u00e9t\u00e9 intellectuelle suspendu suite \u00e0 des soup\u00e7ons de d\u00e9tournements des fonds","datePublished":"2021-10-19T13:23:56+00:00","dateModified":"2021-10-19T13:24:22+00:00","mainEntityOfPage":{"@id":"https:\/\/challengeseconomiques.com\/?p=2010"},"wordCount":422,"image":{"@id":"https:\/\/challengeseconomiques.com\/?p=2010#primaryimage"},"thumbnailUrl":"https:\/\/challengeseconomiques.com\/wp-content\/uploads\/2021\/10\/OAPI.jpg","articleSection":["A la une","Actualit\u00e9 \u00e9conomique"],"inLanguage":"fr-FR"},{"@type":"WebPage","@id":"https:\/\/challengeseconomiques.com\/?p=2010","url":"https:\/\/challengeseconomiques.com\/?p=2010","name":"Le DG de l\u2019Organisation africaine de la propri\u00e9t\u00e9 intellectuelle suspendu suite \u00e0 des soup\u00e7ons de d\u00e9tournements des fonds - challenges economiques","isPartOf":{"@id":"https:\/\/challengeseconomiques.com\/#website"},"primaryImageOfPage":{"@id":"https:\/\/challengeseconomiques.com\/?p=2010#primaryimage"},"image":{"@id":"https:\/\/challengeseconomiques.com\/?p=2010#primaryimage"},"thumbnailUrl":"https:\/\/challengeseconomiques.com\/wp-content\/uploads\/2021\/10\/OAPI.jpg","datePublished":"2021-10-19T13:23:56+00:00","dateModified":"2021-10-19T13:24:22+00:00","author":{"@id":"https:\/\/challengeseconomiques.com\/#\/schema\/person\/b4568c9afebc5a9238a771873801e349"},"breadcrumb":{"@id":"https:\/\/challengeseconomiques.com\/?p=2010#breadcrumb"},"inLanguage":"fr-FR","potentialAction":[{"@type":"ReadAction","target":["https:\/\/challengeseconomiques.com\/?p=2010"]}]},{"@type":"ImageObject","inLanguage":"fr-FR","@id":"https:\/\/challengeseconomiques.com\/?p=2010#primaryimage","url":"https:\/\/challengeseconomiques.com\/wp-content\/uploads\/2021\/10\/OAPI.jpg","contentUrl":"https:\/\/challengeseconomiques.com\/wp-content\/uploads\/2021\/10\/OAPI.jpg","width":450,"height":300},{"@type":"BreadcrumbList","@id":"https:\/\/challengeseconomiques.com\/?p=2010#breadcrumb","itemListElement":[{"@type":"ListItem","position":1,"name":"Home","item":"https:\/\/challengeseconomiques.com\/"},{"@type":"ListItem","position":2,"name":"Le DG de l\u2019Organisation africaine de la propri\u00e9t\u00e9 intellectuelle suspendu suite \u00e0 des soup\u00e7ons de d\u00e9tournements des fonds"}]},{"@type":"WebSite","@id":"https:\/\/challengeseconomiques.com\/#website","url":"https:\/\/challengeseconomiques.com\/","name":"challenges economiques","description":"","potentialAction":[{"@type":"SearchAction","target":{"@type":"EntryPoint","urlTemplate":"https:\/\/challengeseconomiques.com\/?s={search_term_string}"},"query-input":{"@type":"PropertyValueSpecification","valueRequired":true,"valueName":"search_term_string"}}],"inLanguage":"fr-FR"},{"@type":"Person","@id":"https:\/\/challengeseconomiques.com\/#\/schema\/person\/b4568c9afebc5a9238a771873801e349","name":"admin","image":{"@type":"ImageObject","inLanguage":"fr-FR","@id":"https:\/\/challengeseconomiques.com\/#\/schema\/person\/image\/","url":"https:\/\/secure.gravatar.com\/avatar\/099e42240b5eea11acdb72751fcce0dd918603f0749d24974b7984ea47ed9fd9?s=96&d=mm&r=g","contentUrl":"https:\/\/secure.gravatar.com\/avatar\/099e42240b5eea11acdb72751fcce0dd918603f0749d24974b7984ea47ed9fd9?s=96&d=mm&r=g","caption":"admin"},"sameAs":["https:\/\/challengeseconomiques.com"],"url":"https:\/\/challengeseconomiques.com\/?author=1"}]}},"jetpack_featured_media_url":"https:\/\/challengeseconomiques.com\/wp-content\/uploads\/2021\/10\/OAPI.jpg","jetpack_sharing_enabled":true,"_links":{"self":[{"href":"https:\/\/challengeseconomiques.com\/index.php?rest_route=\/wp\/v2\/posts\/2010","targetHints":{"allow":["GET"]}}],"collection":[{"href":"https:\/\/challengeseconomiques.com\/index.php?rest_route=\/wp\/v2\/posts"}],"about":[{"href":"https:\/\/challengeseconomiques.com\/index.php?rest_route=\/wp\/v2\/types\/post"}],"author":[{"embeddable":true,"href":"https:\/\/challengeseconomiques.com\/index.php?rest_route=\/wp\/v2\/users\/1"}],"replies":[{"embeddable":true,"href":"https:\/\/challengeseconomiques.com\/index.php?rest_route=%2Fwp%2Fv2%2Fcomments&post=2010"}],"version-history":[{"count":2,"href":"https:\/\/challengeseconomiques.com\/index.php?rest_route=\/wp\/v2\/posts\/2010\/revisions"}],"predecessor-version":[{"id":2013,"href":"https:\/\/challengeseconomiques.com\/index.php?rest_route=\/wp\/v2\/posts\/2010\/revisions\/2013"}],"wp:featuredmedia":[{"embeddable":true,"href":"https:\/\/challengeseconomiques.com\/index.php?rest_route=\/wp\/v2\/media\/2011"}],"wp:attachment":[{"href":"https:\/\/challengeseconomiques.com\/index.php?rest_route=%2Fwp%2Fv2%2Fmedia&parent=2010"}],"wp:term":[{"taxonomy":"category","embeddable":true,"href":"https:\/\/challengeseconomiques.com\/index.php?rest_route=%2Fwp%2Fv2%2Fcategories&post=2010"},{"taxonomy":"post_tag","embeddable":true,"href":"https:\/\/challengeseconomiques.com\/index.php?rest_route=%2Fwp%2Fv2%2Ftags&post=2010"}],"curies":[{"name":"wp","href":"https:\/\/api.w.org\/{rel}","templated":true}]}}