{"id":2001,"date":"2021-10-16T11:23:29","date_gmt":"2021-10-16T11:23:29","guid":{"rendered":"https:\/\/challengeseconomiques.com\/?p=2001"},"modified":"2021-10-16T11:24:05","modified_gmt":"2021-10-16T11:24:05","slug":"commission-paritaire-un-cadre-pour-rechauffer-les-relations-glaciales-entre-compagnies-dassurance-et-courtiers-senegalais","status":"publish","type":"post","link":"https:\/\/challengeseconomiques.com\/?p=2001","title":{"rendered":"Commission paritaire : un cadre pour r\u00e9chauffer les relations glaciales entre compagnies d\u2019assurance et courtiers s\u00e9n\u00e9galais"},"content":{"rendered":"<p>A leur entendre parler, lors d\u2019un atelier de concertation, on sent une certaine froideur des relations entre les compagnies d\u2019assurance et les assureurs conseils appel\u00e9s aussi courtiers. Alors que le pr\u00e9sident de la commission formation de l\u2019Association des assureurs conseil (AAS), Papa Amadou N\u00e9n\u00e9 Mbaye, \u00e9vite le mot \u2018\u2019probl\u00e8me\u2019\u2019 pr\u00e9f\u00e9rant \u00e0 la place \u00e9voquer \u2018\u2019sujets d\u2019int\u00e9r\u00eats communs\u2019\u2019, le secr\u00e9taire g\u00e9n\u00e9ral de l\u2019Association s\u00e9n\u00e9galaise des assureurs conseils (ASAC), Mouhamadou Fadel Niane, pr\u00e9f\u00e8re lui mettre le doigt l\u00e0 o\u00f9 \u00e7a fait mal.<\/p>\n<p>Toutefois, les deux parties semblent s\u2019entendre \u00e0 mettre en place une commission paritaire qui se veut p\u00e9renne r\u00e9unissant des repr\u00e9sentants de leurs deux entit\u00e9s et dont le programme annuel d\u2019activit\u00e9s sera int\u00e9gr\u00e9 \u00e0 leurs agendas respectifs.<\/p>\n<p>Telle que pr\u00e9sent\u00e9e par M. Mbaye, cette commission paritaire pr\u00e9voit de mettre en oeuvre dans ses programmes, les politiques et actions qui devraient permettre le renforcement du dialogue entre les acteurs, la promotion d\u2019une discipline de march\u00e9, la cr\u00e9ation des conditions d\u2019une analyse prospective anticipant ou accompagnant les changements importants de leur environnement et de leurs m\u00e9thodes de travail.<\/p>\n<p>M. Mbaye pense en particulier \u00e0 cette forte digitalisation, \u00e0 l\u2019av\u00e8nement de l\u2019assurance par voie \u00e9lectronique et aux projets de R\u00e8glement CIMA sur l\u2019assurance et la micro assurance par le t\u00e9l\u00e9phone mobile, et \u00e0 leurs cons\u00e9quences sur leurs exploitations et sur leurs march\u00e9s de mani\u00e8re g\u00e9n\u00e9rale.<br \/>\nLa rencontre a \u00e9galement permis aux compagnies d\u2019assurance et aux interm\u00e9diaires d\u2019\u00e9changer directement sur les autres sujets d\u2019int\u00e9r\u00eats communs et sur les modalit\u00e9s et d\u00e9lais de leur prise en charge.<\/p>\n<p>Papa Amadou Mbaye est rest\u00e9 vague sur ce qu\u2019il appelle \u2018\u2019sujets d\u2019int\u00e9r\u00eats communs\u2019\u2019. Par contre, Mouhamadou Fadel Niane a \u00e9t\u00e9 plus pragmatique en se permettant d\u2019entrer dans le vif du sujet et des d\u00e9bats en faisant l\u2019expos\u00e9 de quelques notes sur l\u2019environnement juridique et r\u00e9glementaire dans lequel \u00e9volue le courtier mais aussi les contraintes et quelques suggestions qu\u2019il a bien voulu verser dans le cadre de ces \u00e9changes.<\/p>\n<p>Le d\u00e9bat est ainsi lanc\u00e9. Reste \u00e0 savoir dans quelles mesures&nbsp; ces deux parties pourront-elles s\u2019entendre.<\/p>\n<p><strong>(Source: equonet)<\/strong><\/p>\n","protected":false},"excerpt":{"rendered":"<p>A leur entendre parler, lors d\u2019un atelier de concertation, on sent une certaine froideur des relations entre les compagnies d\u2019assurance et les assureurs conseils appel\u00e9s&#8230;<\/p>\n","protected":false},"author":1,"featured_media":1460,"comment_status":"closed","ping_status":"open","sticky":false,"template":"","format":"standard","meta":{"_jetpack_memberships_contains_paid_content":false,"footnotes":""},"categories":[23,8,10],"tags":[],"class_list":["post-2001","post","type-post","status-publish","format-standard","has-post-thumbnail","hentry","category-a-la-une","category-actualite-economique","category-infos-eco","wpcat-23-id","wpcat-8-id","wpcat-10-id"],"yoast_head":"<!-- This site is optimized with the Yoast SEO plugin v27.1.1 - https:\/\/yoast.com\/product\/yoast-seo-wordpress\/ -->\n<title>Commission paritaire : un cadre pour r\u00e9chauffer les relations glaciales entre compagnies d\u2019assurance et courtiers s\u00e9n\u00e9galais - challenges economiques<\/title>\n<meta name=\"robots\" content=\"index, follow, max-snippet:-1, max-image-preview:large, max-video-preview:-1\" \/>\n<link rel=\"canonical\" href=\"https:\/\/challengeseconomiques.com\/?p=2001\" \/>\n<meta property=\"og:locale\" content=\"fr_FR\" \/>\n<meta property=\"og:type\" content=\"article\" \/>\n<meta property=\"og:title\" content=\"Commission paritaire : un cadre pour r\u00e9chauffer les relations glaciales entre compagnies d\u2019assurance et courtiers s\u00e9n\u00e9galais - challenges economiques\" \/>\n<meta property=\"og:description\" content=\"A leur entendre parler, lors d\u2019un atelier de concertation, on sent une certaine froideur des relations entre les compagnies d\u2019assurance et les assureurs conseils appel\u00e9s...\" \/>\n<meta property=\"og:url\" content=\"https:\/\/challengeseconomiques.com\/?p=2001\" \/>\n<meta property=\"og:site_name\" content=\"challenges economiques\" \/>\n<meta property=\"article:published_time\" content=\"2021-10-16T11:23:29+00:00\" \/>\n<meta property=\"article:modified_time\" content=\"2021-10-16T11:24:05+00:00\" \/>\n<meta property=\"og:image\" content=\"https:\/\/challengeseconomiques.com\/wp-content\/uploads\/2021\/06\/assurances.jpeg\" \/>\n\t<meta property=\"og:image:width\" content=\"288\" \/>\n\t<meta property=\"og:image:height\" content=\"175\" \/>\n\t<meta property=\"og:image:type\" content=\"image\/jpeg\" \/>\n<meta name=\"author\" content=\"admin\" \/>\n<meta name=\"twitter:card\" content=\"summary_large_image\" \/>\n<meta name=\"twitter:label1\" content=\"\u00c9crit par\" \/>\n\t<meta name=\"twitter:data1\" content=\"admin\" \/>\n\t<meta name=\"twitter:label2\" content=\"Dur\u00e9e de lecture estim\u00e9e\" \/>\n\t<meta name=\"twitter:data2\" content=\"2 minutes\" \/>\n<script type=\"application\/ld+json\" class=\"yoast-schema-graph\">{\"@context\":\"https:\/\/schema.org\",\"@graph\":[{\"@type\":\"Article\",\"@id\":\"https:\/\/challengeseconomiques.com\/?p=2001#article\",\"isPartOf\":{\"@id\":\"https:\/\/challengeseconomiques.com\/?p=2001\"},\"author\":{\"name\":\"admin\",\"@id\":\"https:\/\/challengeseconomiques.com\/#\/schema\/person\/b4568c9afebc5a9238a771873801e349\"},\"headline\":\"Commission paritaire : un cadre pour r\u00e9chauffer les relations glaciales entre compagnies d\u2019assurance et courtiers s\u00e9n\u00e9galais\",\"datePublished\":\"2021-10-16T11:23:29+00:00\",\"dateModified\":\"2021-10-16T11:24:05+00:00\",\"mainEntityOfPage\":{\"@id\":\"https:\/\/challengeseconomiques.com\/?p=2001\"},\"wordCount\":417,\"image\":{\"@id\":\"https:\/\/challengeseconomiques.com\/?p=2001#primaryimage\"},\"thumbnailUrl\":\"https:\/\/challengeseconomiques.com\/wp-content\/uploads\/2021\/06\/assurances.jpeg\",\"articleSection\":[\"A la une\",\"Actualit\u00e9 \u00e9conomique\",\"Infos \u00e9co\"],\"inLanguage\":\"fr-FR\"},{\"@type\":\"WebPage\",\"@id\":\"https:\/\/challengeseconomiques.com\/?p=2001\",\"url\":\"https:\/\/challengeseconomiques.com\/?p=2001\",\"name\":\"Commission paritaire : un cadre pour r\u00e9chauffer les relations glaciales entre compagnies d\u2019assurance et courtiers s\u00e9n\u00e9galais - challenges economiques\",\"isPartOf\":{\"@id\":\"https:\/\/challengeseconomiques.com\/#website\"},\"primaryImageOfPage\":{\"@id\":\"https:\/\/challengeseconomiques.com\/?p=2001#primaryimage\"},\"image\":{\"@id\":\"https:\/\/challengeseconomiques.com\/?p=2001#primaryimage\"},\"thumbnailUrl\":\"https:\/\/challengeseconomiques.com\/wp-content\/uploads\/2021\/06\/assurances.jpeg\",\"datePublished\":\"2021-10-16T11:23:29+00:00\",\"dateModified\":\"2021-10-16T11:24:05+00:00\",\"author\":{\"@id\":\"https:\/\/challengeseconomiques.com\/#\/schema\/person\/b4568c9afebc5a9238a771873801e349\"},\"breadcrumb\":{\"@id\":\"https:\/\/challengeseconomiques.com\/?p=2001#breadcrumb\"},\"inLanguage\":\"fr-FR\",\"potentialAction\":[{\"@type\":\"ReadAction\",\"target\":[\"https:\/\/challengeseconomiques.com\/?p=2001\"]}]},{\"@type\":\"ImageObject\",\"inLanguage\":\"fr-FR\",\"@id\":\"https:\/\/challengeseconomiques.com\/?p=2001#primaryimage\",\"url\":\"https:\/\/challengeseconomiques.com\/wp-content\/uploads\/2021\/06\/assurances.jpeg\",\"contentUrl\":\"https:\/\/challengeseconomiques.com\/wp-content\/uploads\/2021\/06\/assurances.jpeg\",\"width\":288,\"height\":175},{\"@type\":\"BreadcrumbList\",\"@id\":\"https:\/\/challengeseconomiques.com\/?p=2001#breadcrumb\",\"itemListElement\":[{\"@type\":\"ListItem\",\"position\":1,\"name\":\"Home\",\"item\":\"https:\/\/challengeseconomiques.com\/\"},{\"@type\":\"ListItem\",\"position\":2,\"name\":\"Commission paritaire : un cadre pour r\u00e9chauffer les relations glaciales entre compagnies d\u2019assurance et courtiers s\u00e9n\u00e9galais\"}]},{\"@type\":\"WebSite\",\"@id\":\"https:\/\/challengeseconomiques.com\/#website\",\"url\":\"https:\/\/challengeseconomiques.com\/\",\"name\":\"challenges economiques\",\"description\":\"\",\"potentialAction\":[{\"@type\":\"SearchAction\",\"target\":{\"@type\":\"EntryPoint\",\"urlTemplate\":\"https:\/\/challengeseconomiques.com\/?s={search_term_string}\"},\"query-input\":{\"@type\":\"PropertyValueSpecification\",\"valueRequired\":true,\"valueName\":\"search_term_string\"}}],\"inLanguage\":\"fr-FR\"},{\"@type\":\"Person\",\"@id\":\"https:\/\/challengeseconomiques.com\/#\/schema\/person\/b4568c9afebc5a9238a771873801e349\",\"name\":\"admin\",\"image\":{\"@type\":\"ImageObject\",\"inLanguage\":\"fr-FR\",\"@id\":\"https:\/\/challengeseconomiques.com\/#\/schema\/person\/image\/\",\"url\":\"https:\/\/secure.gravatar.com\/avatar\/099e42240b5eea11acdb72751fcce0dd918603f0749d24974b7984ea47ed9fd9?s=96&d=mm&r=g\",\"contentUrl\":\"https:\/\/secure.gravatar.com\/avatar\/099e42240b5eea11acdb72751fcce0dd918603f0749d24974b7984ea47ed9fd9?s=96&d=mm&r=g\",\"caption\":\"admin\"},\"sameAs\":[\"https:\/\/challengeseconomiques.com\"],\"url\":\"https:\/\/challengeseconomiques.com\/?author=1\"}]}<\/script>\n<!-- \/ Yoast SEO plugin. -->","yoast_head_json":{"title":"Commission paritaire : un cadre pour r\u00e9chauffer les relations glaciales entre compagnies d\u2019assurance et courtiers s\u00e9n\u00e9galais - challenges economiques","robots":{"index":"index","follow":"follow","max-snippet":"max-snippet:-1","max-image-preview":"max-image-preview:large","max-video-preview":"max-video-preview:-1"},"canonical":"https:\/\/challengeseconomiques.com\/?p=2001","og_locale":"fr_FR","og_type":"article","og_title":"Commission paritaire : un cadre pour r\u00e9chauffer les relations glaciales entre compagnies d\u2019assurance et courtiers s\u00e9n\u00e9galais - challenges economiques","og_description":"A leur entendre parler, lors d\u2019un atelier de concertation, on sent une certaine froideur des relations entre les compagnies d\u2019assurance et les assureurs conseils appel\u00e9s...","og_url":"https:\/\/challengeseconomiques.com\/?p=2001","og_site_name":"challenges economiques","article_published_time":"2021-10-16T11:23:29+00:00","article_modified_time":"2021-10-16T11:24:05+00:00","og_image":[{"width":288,"height":175,"url":"https:\/\/challengeseconomiques.com\/wp-content\/uploads\/2021\/06\/assurances.jpeg","type":"image\/jpeg"}],"author":"admin","twitter_card":"summary_large_image","twitter_misc":{"\u00c9crit par":"admin","Dur\u00e9e de lecture estim\u00e9e":"2 minutes"},"schema":{"@context":"https:\/\/schema.org","@graph":[{"@type":"Article","@id":"https:\/\/challengeseconomiques.com\/?p=2001#article","isPartOf":{"@id":"https:\/\/challengeseconomiques.com\/?p=2001"},"author":{"name":"admin","@id":"https:\/\/challengeseconomiques.com\/#\/schema\/person\/b4568c9afebc5a9238a771873801e349"},"headline":"Commission paritaire : un cadre pour r\u00e9chauffer les relations glaciales entre compagnies d\u2019assurance et courtiers s\u00e9n\u00e9galais","datePublished":"2021-10-16T11:23:29+00:00","dateModified":"2021-10-16T11:24:05+00:00","mainEntityOfPage":{"@id":"https:\/\/challengeseconomiques.com\/?p=2001"},"wordCount":417,"image":{"@id":"https:\/\/challengeseconomiques.com\/?p=2001#primaryimage"},"thumbnailUrl":"https:\/\/challengeseconomiques.com\/wp-content\/uploads\/2021\/06\/assurances.jpeg","articleSection":["A la une","Actualit\u00e9 \u00e9conomique","Infos \u00e9co"],"inLanguage":"fr-FR"},{"@type":"WebPage","@id":"https:\/\/challengeseconomiques.com\/?p=2001","url":"https:\/\/challengeseconomiques.com\/?p=2001","name":"Commission paritaire : un cadre pour r\u00e9chauffer les relations glaciales entre compagnies d\u2019assurance et courtiers s\u00e9n\u00e9galais - challenges economiques","isPartOf":{"@id":"https:\/\/challengeseconomiques.com\/#website"},"primaryImageOfPage":{"@id":"https:\/\/challengeseconomiques.com\/?p=2001#primaryimage"},"image":{"@id":"https:\/\/challengeseconomiques.com\/?p=2001#primaryimage"},"thumbnailUrl":"https:\/\/challengeseconomiques.com\/wp-content\/uploads\/2021\/06\/assurances.jpeg","datePublished":"2021-10-16T11:23:29+00:00","dateModified":"2021-10-16T11:24:05+00:00","author":{"@id":"https:\/\/challengeseconomiques.com\/#\/schema\/person\/b4568c9afebc5a9238a771873801e349"},"breadcrumb":{"@id":"https:\/\/challengeseconomiques.com\/?p=2001#breadcrumb"},"inLanguage":"fr-FR","potentialAction":[{"@type":"ReadAction","target":["https:\/\/challengeseconomiques.com\/?p=2001"]}]},{"@type":"ImageObject","inLanguage":"fr-FR","@id":"https:\/\/challengeseconomiques.com\/?p=2001#primaryimage","url":"https:\/\/challengeseconomiques.com\/wp-content\/uploads\/2021\/06\/assurances.jpeg","contentUrl":"https:\/\/challengeseconomiques.com\/wp-content\/uploads\/2021\/06\/assurances.jpeg","width":288,"height":175},{"@type":"BreadcrumbList","@id":"https:\/\/challengeseconomiques.com\/?p=2001#breadcrumb","itemListElement":[{"@type":"ListItem","position":1,"name":"Home","item":"https:\/\/challengeseconomiques.com\/"},{"@type":"ListItem","position":2,"name":"Commission paritaire : un cadre pour r\u00e9chauffer les relations glaciales entre compagnies d\u2019assurance et courtiers s\u00e9n\u00e9galais"}]},{"@type":"WebSite","@id":"https:\/\/challengeseconomiques.com\/#website","url":"https:\/\/challengeseconomiques.com\/","name":"challenges economiques","description":"","potentialAction":[{"@type":"SearchAction","target":{"@type":"EntryPoint","urlTemplate":"https:\/\/challengeseconomiques.com\/?s={search_term_string}"},"query-input":{"@type":"PropertyValueSpecification","valueRequired":true,"valueName":"search_term_string"}}],"inLanguage":"fr-FR"},{"@type":"Person","@id":"https:\/\/challengeseconomiques.com\/#\/schema\/person\/b4568c9afebc5a9238a771873801e349","name":"admin","image":{"@type":"ImageObject","inLanguage":"fr-FR","@id":"https:\/\/challengeseconomiques.com\/#\/schema\/person\/image\/","url":"https:\/\/secure.gravatar.com\/avatar\/099e42240b5eea11acdb72751fcce0dd918603f0749d24974b7984ea47ed9fd9?s=96&d=mm&r=g","contentUrl":"https:\/\/secure.gravatar.com\/avatar\/099e42240b5eea11acdb72751fcce0dd918603f0749d24974b7984ea47ed9fd9?s=96&d=mm&r=g","caption":"admin"},"sameAs":["https:\/\/challengeseconomiques.com"],"url":"https:\/\/challengeseconomiques.com\/?author=1"}]}},"jetpack_featured_media_url":"https:\/\/challengeseconomiques.com\/wp-content\/uploads\/2021\/06\/assurances.jpeg","jetpack_sharing_enabled":true,"_links":{"self":[{"href":"https:\/\/challengeseconomiques.com\/index.php?rest_route=\/wp\/v2\/posts\/2001","targetHints":{"allow":["GET"]}}],"collection":[{"href":"https:\/\/challengeseconomiques.com\/index.php?rest_route=\/wp\/v2\/posts"}],"about":[{"href":"https:\/\/challengeseconomiques.com\/index.php?rest_route=\/wp\/v2\/types\/post"}],"author":[{"embeddable":true,"href":"https:\/\/challengeseconomiques.com\/index.php?rest_route=\/wp\/v2\/users\/1"}],"replies":[{"embeddable":true,"href":"https:\/\/challengeseconomiques.com\/index.php?rest_route=%2Fwp%2Fv2%2Fcomments&post=2001"}],"version-history":[{"count":2,"href":"https:\/\/challengeseconomiques.com\/index.php?rest_route=\/wp\/v2\/posts\/2001\/revisions"}],"predecessor-version":[{"id":2003,"href":"https:\/\/challengeseconomiques.com\/index.php?rest_route=\/wp\/v2\/posts\/2001\/revisions\/2003"}],"wp:featuredmedia":[{"embeddable":true,"href":"https:\/\/challengeseconomiques.com\/index.php?rest_route=\/wp\/v2\/media\/1460"}],"wp:attachment":[{"href":"https:\/\/challengeseconomiques.com\/index.php?rest_route=%2Fwp%2Fv2%2Fmedia&parent=2001"}],"wp:term":[{"taxonomy":"category","embeddable":true,"href":"https:\/\/challengeseconomiques.com\/index.php?rest_route=%2Fwp%2Fv2%2Fcategories&post=2001"},{"taxonomy":"post_tag","embeddable":true,"href":"https:\/\/challengeseconomiques.com\/index.php?rest_route=%2Fwp%2Fv2%2Ftags&post=2001"}],"curies":[{"name":"wp","href":"https:\/\/api.w.org\/{rel}","templated":true}]}}