{"id":1997,"date":"2021-10-16T11:13:31","date_gmt":"2021-10-16T11:13:31","guid":{"rendered":"https:\/\/challengeseconomiques.com\/?p=1997"},"modified":"2021-10-16T11:15:01","modified_gmt":"2021-10-16T11:15:01","slug":"accompagnement-des-pme-en-sous-region-sahelienne-lapproche-dinvestisseurs-partenaires-de-leu","status":"publish","type":"post","link":"https:\/\/challengeseconomiques.com\/?p=1997","title":{"rendered":"Accompagnement des PME en sous-r\u00e9gion sah\u00e9lienne : L\u2019approche d\u2019Investisseurs &#038; Partenaires de l\u2019EU"},"content":{"rendered":"<p><strong>Dakar, la Capitale s\u00e9n\u00e9galaise, a regroup\u00e9 dix structures d\u2019appui \u00e0 l\u2019entreprenariat (SAE) provenant de huit pays de la sous-r\u00e9gion sah\u00e9lienne, s\u00e9lectionn\u00e9es par le groupe Investisseurs &amp; Partenaires (I&amp;P), une initiative financ\u00e9e par l\u2019Union Europ\u00e9enne (UE), pour un atelier d\u00e9di\u00e9 \u00e0 la maitrise des enjeux financiers.<\/strong><\/p>\n<p><strong>&nbsp;<\/strong>R\u00e9pondre aux grands enjeux de la r\u00e9gion sah\u00e9lienne. On peut r\u00e9sumer ainsi les interventions d\u2019I&amp;P et surtout d\u2019I&amp;P Acc\u00e9l\u00e9ration au Sahel, le programme d\u00e9di\u00e9 aux petites entreprises et jeunes pousses de la sous-r\u00e9gion sah\u00e9lienne. Ainsi, l\u2019atelier de Dakar, a r\u00e9uni dix SAE de huit pays de la r\u00e9gion sah\u00e9lienne, informe Sophie M\u00e9nager. D\u2019apr\u00e8s elle, apr\u00e8s trois mois de formation en e-learning sur la th\u00e9matique de la gouvernance et de la finance d\u2019entreprise, ces dix SAE ont \u00e9t\u00e9 r\u00e9unies \u00e0 Dakar pour une&nbsp; formation en pr\u00e9sentiel, durant quatre jours sur la th\u00e9matique des enjeux financiers pour les Pme. Selon Sophie M\u00e9nager, &nbsp;\u00e0 l\u2019issue de cet atelier r\u00e9gional, les SAE consolideront leurs comp\u00e9tences avec des modules de e-learning d\u00e9di\u00e9s au d\u00e9veloppement (construction du business plan, relations avec les investisseurs) et \u00e0 l\u2019analyse des besoins de financement des entreprises (introduction aux outils de financement, n\u00e9gociations, etc.)<br \/>\nPour sa part, &nbsp;Olivier Bokoga, expert et formateur du programme I&amp;P Acc\u00e9l\u00e9ration au Sahel, indique \u00ab&nbsp;qu\u2019au-del\u00e0 du dispositif de e-learning, les bin\u00f4mes issus des SAE b\u00e9n\u00e9ficieront de fa\u00e7on individuelle, et ce pendant six mois, de 12 jours de mentorat en pr\u00e9sentiel soit 2 jours par mois. L\u2019objectif du mentorat est de travailler avec les SAE dans leur environnement habituel en vue de la transposition op\u00e9rationnelle des comp\u00e9tences acquises en e-learning dans leurs programmes et pratiques d\u2019accompagnement, d\u00e9crit Olivier Bokoga.<br \/>\nPar ailleurs, Ir\u00e8ne Mingasson, Ambassadrice, Repr\u00e9sentant R\u00e9sident de l\u2019EU \u00e0 Dakar, venue pr\u00e9sider la c\u00e9r\u00e9monie de cl\u00f4ture de l\u2019atelier de Dakar, est d\u2019avis qu\u2019il faut appuyer \u00ab le potentiel de la jeunesse s\u00e9n\u00e9galaise et africaine et leur donner de la voix \u00bb. Elle dira que l\u2019emploi, l\u2019entrepreneuriat, la cr\u00e9ation d\u2019opportunit\u00e9s pour les jeunes, sont des orientations tr\u00e8s importantes pour l\u2019EU. Il faut retenir que I &amp;P Acc\u00e9l\u00e9ration au Sahel est une initiative d\u2019I&amp;P visant \u00e0 accompagner les entreprises et start-ups de la sous-r\u00e9gion sah\u00e9lienne en d\u00e9marrage dans leur aventure entrepreneuriale. Financ\u00e9 par l\u2019Union Europ\u00e9enne \u00e0 travers le Fonds Fiduciaire d\u2019Urgence pour l\u2019Afrique, ce programme ambitionne de faire \u00e9merger des start-ups et des petites entreprises innovantes, comp\u00e9titives, \u00e0 fort potentiel de croissance.<\/p>\n<p><strong>(Source: bie.cciad.sn)<\/strong><\/p>\n<div id=\"jp-relatedposts\" class=\"jp-relatedposts\"><\/div>\n","protected":false},"excerpt":{"rendered":"<p>Dakar, la Capitale s\u00e9n\u00e9galaise, a regroup\u00e9 dix structures d\u2019appui \u00e0 l\u2019entreprenariat (SAE) provenant de huit pays de la sous-r\u00e9gion sah\u00e9lienne, s\u00e9lectionn\u00e9es par le groupe Investisseurs&#8230;<\/p>\n","protected":false},"author":1,"featured_media":1998,"comment_status":"closed","ping_status":"open","sticky":false,"template":"","format":"standard","meta":{"_jetpack_memberships_contains_paid_content":false,"footnotes":""},"categories":[23,10],"tags":[],"class_list":["post-1997","post","type-post","status-publish","format-standard","has-post-thumbnail","hentry","category-a-la-une","category-infos-eco","wpcat-23-id","wpcat-10-id"],"yoast_head":"<!-- This site is optimized with the Yoast SEO plugin v27.1.1 - https:\/\/yoast.com\/product\/yoast-seo-wordpress\/ -->\n<title>Accompagnement des PME en sous-r\u00e9gion sah\u00e9lienne : L\u2019approche d\u2019Investisseurs &amp; Partenaires de l\u2019EU - challenges economiques<\/title>\n<meta name=\"robots\" content=\"index, follow, max-snippet:-1, max-image-preview:large, max-video-preview:-1\" \/>\n<link rel=\"canonical\" href=\"https:\/\/challengeseconomiques.com\/?p=1997\" \/>\n<meta property=\"og:locale\" content=\"fr_FR\" \/>\n<meta property=\"og:type\" content=\"article\" \/>\n<meta property=\"og:title\" content=\"Accompagnement des PME en sous-r\u00e9gion sah\u00e9lienne : L\u2019approche d\u2019Investisseurs &amp; Partenaires de l\u2019EU - challenges economiques\" \/>\n<meta property=\"og:description\" content=\"Dakar, la Capitale s\u00e9n\u00e9galaise, a regroup\u00e9 dix structures d\u2019appui \u00e0 l\u2019entreprenariat (SAE) provenant de huit pays de la sous-r\u00e9gion sah\u00e9lienne, s\u00e9lectionn\u00e9es par le groupe Investisseurs...\" \/>\n<meta property=\"og:url\" content=\"https:\/\/challengeseconomiques.com\/?p=1997\" \/>\n<meta property=\"og:site_name\" content=\"challenges economiques\" \/>\n<meta property=\"article:published_time\" content=\"2021-10-16T11:13:31+00:00\" \/>\n<meta property=\"article:modified_time\" content=\"2021-10-16T11:15:01+00:00\" \/>\n<meta property=\"og:image\" content=\"https:\/\/challengeseconomiques.com\/wp-content\/uploads\/2021\/10\/Irne-Mingasson.jpg\" \/>\n\t<meta property=\"og:image:width\" content=\"650\" \/>\n\t<meta property=\"og:image:height\" content=\"567\" \/>\n\t<meta property=\"og:image:type\" content=\"image\/jpeg\" \/>\n<meta name=\"author\" content=\"admin\" \/>\n<meta name=\"twitter:card\" content=\"summary_large_image\" \/>\n<meta name=\"twitter:label1\" content=\"\u00c9crit par\" \/>\n\t<meta name=\"twitter:data1\" content=\"admin\" \/>\n\t<meta name=\"twitter:label2\" content=\"Dur\u00e9e de lecture estim\u00e9e\" \/>\n\t<meta name=\"twitter:data2\" content=\"2 minutes\" \/>\n<script type=\"application\/ld+json\" class=\"yoast-schema-graph\">{\"@context\":\"https:\/\/schema.org\",\"@graph\":[{\"@type\":\"Article\",\"@id\":\"https:\/\/challengeseconomiques.com\/?p=1997#article\",\"isPartOf\":{\"@id\":\"https:\/\/challengeseconomiques.com\/?p=1997\"},\"author\":{\"name\":\"admin\",\"@id\":\"https:\/\/challengeseconomiques.com\/#\/schema\/person\/b4568c9afebc5a9238a771873801e349\"},\"headline\":\"Accompagnement des PME en sous-r\u00e9gion sah\u00e9lienne : L\u2019approche d\u2019Investisseurs &#038; Partenaires de l\u2019EU\",\"datePublished\":\"2021-10-16T11:13:31+00:00\",\"dateModified\":\"2021-10-16T11:15:01+00:00\",\"mainEntityOfPage\":{\"@id\":\"https:\/\/challengeseconomiques.com\/?p=1997\"},\"wordCount\":500,\"image\":{\"@id\":\"https:\/\/challengeseconomiques.com\/?p=1997#primaryimage\"},\"thumbnailUrl\":\"https:\/\/challengeseconomiques.com\/wp-content\/uploads\/2021\/10\/Irne-Mingasson.jpg\",\"articleSection\":[\"A la une\",\"Infos \u00e9co\"],\"inLanguage\":\"fr-FR\"},{\"@type\":\"WebPage\",\"@id\":\"https:\/\/challengeseconomiques.com\/?p=1997\",\"url\":\"https:\/\/challengeseconomiques.com\/?p=1997\",\"name\":\"Accompagnement des PME en sous-r\u00e9gion sah\u00e9lienne : L\u2019approche d\u2019Investisseurs & Partenaires de l\u2019EU - challenges economiques\",\"isPartOf\":{\"@id\":\"https:\/\/challengeseconomiques.com\/#website\"},\"primaryImageOfPage\":{\"@id\":\"https:\/\/challengeseconomiques.com\/?p=1997#primaryimage\"},\"image\":{\"@id\":\"https:\/\/challengeseconomiques.com\/?p=1997#primaryimage\"},\"thumbnailUrl\":\"https:\/\/challengeseconomiques.com\/wp-content\/uploads\/2021\/10\/Irne-Mingasson.jpg\",\"datePublished\":\"2021-10-16T11:13:31+00:00\",\"dateModified\":\"2021-10-16T11:15:01+00:00\",\"author\":{\"@id\":\"https:\/\/challengeseconomiques.com\/#\/schema\/person\/b4568c9afebc5a9238a771873801e349\"},\"breadcrumb\":{\"@id\":\"https:\/\/challengeseconomiques.com\/?p=1997#breadcrumb\"},\"inLanguage\":\"fr-FR\",\"potentialAction\":[{\"@type\":\"ReadAction\",\"target\":[\"https:\/\/challengeseconomiques.com\/?p=1997\"]}]},{\"@type\":\"ImageObject\",\"inLanguage\":\"fr-FR\",\"@id\":\"https:\/\/challengeseconomiques.com\/?p=1997#primaryimage\",\"url\":\"https:\/\/challengeseconomiques.com\/wp-content\/uploads\/2021\/10\/Irne-Mingasson.jpg\",\"contentUrl\":\"https:\/\/challengeseconomiques.com\/wp-content\/uploads\/2021\/10\/Irne-Mingasson.jpg\",\"width\":650,\"height\":567},{\"@type\":\"BreadcrumbList\",\"@id\":\"https:\/\/challengeseconomiques.com\/?p=1997#breadcrumb\",\"itemListElement\":[{\"@type\":\"ListItem\",\"position\":1,\"name\":\"Home\",\"item\":\"https:\/\/challengeseconomiques.com\/\"},{\"@type\":\"ListItem\",\"position\":2,\"name\":\"Accompagnement des PME en sous-r\u00e9gion sah\u00e9lienne : L\u2019approche d\u2019Investisseurs &#038; Partenaires de l\u2019EU\"}]},{\"@type\":\"WebSite\",\"@id\":\"https:\/\/challengeseconomiques.com\/#website\",\"url\":\"https:\/\/challengeseconomiques.com\/\",\"name\":\"challenges economiques\",\"description\":\"\",\"potentialAction\":[{\"@type\":\"SearchAction\",\"target\":{\"@type\":\"EntryPoint\",\"urlTemplate\":\"https:\/\/challengeseconomiques.com\/?s={search_term_string}\"},\"query-input\":{\"@type\":\"PropertyValueSpecification\",\"valueRequired\":true,\"valueName\":\"search_term_string\"}}],\"inLanguage\":\"fr-FR\"},{\"@type\":\"Person\",\"@id\":\"https:\/\/challengeseconomiques.com\/#\/schema\/person\/b4568c9afebc5a9238a771873801e349\",\"name\":\"admin\",\"image\":{\"@type\":\"ImageObject\",\"inLanguage\":\"fr-FR\",\"@id\":\"https:\/\/challengeseconomiques.com\/#\/schema\/person\/image\/\",\"url\":\"https:\/\/secure.gravatar.com\/avatar\/099e42240b5eea11acdb72751fcce0dd918603f0749d24974b7984ea47ed9fd9?s=96&d=mm&r=g\",\"contentUrl\":\"https:\/\/secure.gravatar.com\/avatar\/099e42240b5eea11acdb72751fcce0dd918603f0749d24974b7984ea47ed9fd9?s=96&d=mm&r=g\",\"caption\":\"admin\"},\"sameAs\":[\"https:\/\/challengeseconomiques.com\"],\"url\":\"https:\/\/challengeseconomiques.com\/?author=1\"}]}<\/script>\n<!-- \/ Yoast SEO plugin. -->","yoast_head_json":{"title":"Accompagnement des PME en sous-r\u00e9gion sah\u00e9lienne : L\u2019approche d\u2019Investisseurs & Partenaires de l\u2019EU - challenges economiques","robots":{"index":"index","follow":"follow","max-snippet":"max-snippet:-1","max-image-preview":"max-image-preview:large","max-video-preview":"max-video-preview:-1"},"canonical":"https:\/\/challengeseconomiques.com\/?p=1997","og_locale":"fr_FR","og_type":"article","og_title":"Accompagnement des PME en sous-r\u00e9gion sah\u00e9lienne : L\u2019approche d\u2019Investisseurs & Partenaires de l\u2019EU - challenges economiques","og_description":"Dakar, la Capitale s\u00e9n\u00e9galaise, a regroup\u00e9 dix structures d\u2019appui \u00e0 l\u2019entreprenariat (SAE) provenant de huit pays de la sous-r\u00e9gion sah\u00e9lienne, s\u00e9lectionn\u00e9es par le groupe Investisseurs...","og_url":"https:\/\/challengeseconomiques.com\/?p=1997","og_site_name":"challenges economiques","article_published_time":"2021-10-16T11:13:31+00:00","article_modified_time":"2021-10-16T11:15:01+00:00","og_image":[{"width":650,"height":567,"url":"https:\/\/challengeseconomiques.com\/wp-content\/uploads\/2021\/10\/Irne-Mingasson.jpg","type":"image\/jpeg"}],"author":"admin","twitter_card":"summary_large_image","twitter_misc":{"\u00c9crit par":"admin","Dur\u00e9e de lecture estim\u00e9e":"2 minutes"},"schema":{"@context":"https:\/\/schema.org","@graph":[{"@type":"Article","@id":"https:\/\/challengeseconomiques.com\/?p=1997#article","isPartOf":{"@id":"https:\/\/challengeseconomiques.com\/?p=1997"},"author":{"name":"admin","@id":"https:\/\/challengeseconomiques.com\/#\/schema\/person\/b4568c9afebc5a9238a771873801e349"},"headline":"Accompagnement des PME en sous-r\u00e9gion sah\u00e9lienne : L\u2019approche d\u2019Investisseurs &#038; Partenaires de l\u2019EU","datePublished":"2021-10-16T11:13:31+00:00","dateModified":"2021-10-16T11:15:01+00:00","mainEntityOfPage":{"@id":"https:\/\/challengeseconomiques.com\/?p=1997"},"wordCount":500,"image":{"@id":"https:\/\/challengeseconomiques.com\/?p=1997#primaryimage"},"thumbnailUrl":"https:\/\/challengeseconomiques.com\/wp-content\/uploads\/2021\/10\/Irne-Mingasson.jpg","articleSection":["A la une","Infos \u00e9co"],"inLanguage":"fr-FR"},{"@type":"WebPage","@id":"https:\/\/challengeseconomiques.com\/?p=1997","url":"https:\/\/challengeseconomiques.com\/?p=1997","name":"Accompagnement des PME en sous-r\u00e9gion sah\u00e9lienne : L\u2019approche d\u2019Investisseurs & Partenaires de l\u2019EU - challenges economiques","isPartOf":{"@id":"https:\/\/challengeseconomiques.com\/#website"},"primaryImageOfPage":{"@id":"https:\/\/challengeseconomiques.com\/?p=1997#primaryimage"},"image":{"@id":"https:\/\/challengeseconomiques.com\/?p=1997#primaryimage"},"thumbnailUrl":"https:\/\/challengeseconomiques.com\/wp-content\/uploads\/2021\/10\/Irne-Mingasson.jpg","datePublished":"2021-10-16T11:13:31+00:00","dateModified":"2021-10-16T11:15:01+00:00","author":{"@id":"https:\/\/challengeseconomiques.com\/#\/schema\/person\/b4568c9afebc5a9238a771873801e349"},"breadcrumb":{"@id":"https:\/\/challengeseconomiques.com\/?p=1997#breadcrumb"},"inLanguage":"fr-FR","potentialAction":[{"@type":"ReadAction","target":["https:\/\/challengeseconomiques.com\/?p=1997"]}]},{"@type":"ImageObject","inLanguage":"fr-FR","@id":"https:\/\/challengeseconomiques.com\/?p=1997#primaryimage","url":"https:\/\/challengeseconomiques.com\/wp-content\/uploads\/2021\/10\/Irne-Mingasson.jpg","contentUrl":"https:\/\/challengeseconomiques.com\/wp-content\/uploads\/2021\/10\/Irne-Mingasson.jpg","width":650,"height":567},{"@type":"BreadcrumbList","@id":"https:\/\/challengeseconomiques.com\/?p=1997#breadcrumb","itemListElement":[{"@type":"ListItem","position":1,"name":"Home","item":"https:\/\/challengeseconomiques.com\/"},{"@type":"ListItem","position":2,"name":"Accompagnement des PME en sous-r\u00e9gion sah\u00e9lienne : L\u2019approche d\u2019Investisseurs &#038; Partenaires de l\u2019EU"}]},{"@type":"WebSite","@id":"https:\/\/challengeseconomiques.com\/#website","url":"https:\/\/challengeseconomiques.com\/","name":"challenges economiques","description":"","potentialAction":[{"@type":"SearchAction","target":{"@type":"EntryPoint","urlTemplate":"https:\/\/challengeseconomiques.com\/?s={search_term_string}"},"query-input":{"@type":"PropertyValueSpecification","valueRequired":true,"valueName":"search_term_string"}}],"inLanguage":"fr-FR"},{"@type":"Person","@id":"https:\/\/challengeseconomiques.com\/#\/schema\/person\/b4568c9afebc5a9238a771873801e349","name":"admin","image":{"@type":"ImageObject","inLanguage":"fr-FR","@id":"https:\/\/challengeseconomiques.com\/#\/schema\/person\/image\/","url":"https:\/\/secure.gravatar.com\/avatar\/099e42240b5eea11acdb72751fcce0dd918603f0749d24974b7984ea47ed9fd9?s=96&d=mm&r=g","contentUrl":"https:\/\/secure.gravatar.com\/avatar\/099e42240b5eea11acdb72751fcce0dd918603f0749d24974b7984ea47ed9fd9?s=96&d=mm&r=g","caption":"admin"},"sameAs":["https:\/\/challengeseconomiques.com"],"url":"https:\/\/challengeseconomiques.com\/?author=1"}]}},"jetpack_featured_media_url":"https:\/\/challengeseconomiques.com\/wp-content\/uploads\/2021\/10\/Irne-Mingasson.jpg","jetpack_sharing_enabled":true,"_links":{"self":[{"href":"https:\/\/challengeseconomiques.com\/index.php?rest_route=\/wp\/v2\/posts\/1997","targetHints":{"allow":["GET"]}}],"collection":[{"href":"https:\/\/challengeseconomiques.com\/index.php?rest_route=\/wp\/v2\/posts"}],"about":[{"href":"https:\/\/challengeseconomiques.com\/index.php?rest_route=\/wp\/v2\/types\/post"}],"author":[{"embeddable":true,"href":"https:\/\/challengeseconomiques.com\/index.php?rest_route=\/wp\/v2\/users\/1"}],"replies":[{"embeddable":true,"href":"https:\/\/challengeseconomiques.com\/index.php?rest_route=%2Fwp%2Fv2%2Fcomments&post=1997"}],"version-history":[{"count":2,"href":"https:\/\/challengeseconomiques.com\/index.php?rest_route=\/wp\/v2\/posts\/1997\/revisions"}],"predecessor-version":[{"id":2000,"href":"https:\/\/challengeseconomiques.com\/index.php?rest_route=\/wp\/v2\/posts\/1997\/revisions\/2000"}],"wp:featuredmedia":[{"embeddable":true,"href":"https:\/\/challengeseconomiques.com\/index.php?rest_route=\/wp\/v2\/media\/1998"}],"wp:attachment":[{"href":"https:\/\/challengeseconomiques.com\/index.php?rest_route=%2Fwp%2Fv2%2Fmedia&parent=1997"}],"wp:term":[{"taxonomy":"category","embeddable":true,"href":"https:\/\/challengeseconomiques.com\/index.php?rest_route=%2Fwp%2Fv2%2Fcategories&post=1997"},{"taxonomy":"post_tag","embeddable":true,"href":"https:\/\/challengeseconomiques.com\/index.php?rest_route=%2Fwp%2Fv2%2Ftags&post=1997"}],"curies":[{"name":"wp","href":"https:\/\/api.w.org\/{rel}","templated":true}]}}