{"id":1978,"date":"2021-10-11T14:29:07","date_gmt":"2021-10-11T14:29:07","guid":{"rendered":"https:\/\/challengeseconomiques.com\/?p=1978"},"modified":"2021-10-11T14:29:48","modified_gmt":"2021-10-11T14:29:48","slug":"thierno-sy-president-de-labao-fait-un-plaidoyer-en-faveur-de-son-association-devant-des-autorites-de-luemoa","status":"publish","type":"post","link":"https:\/\/challengeseconomiques.com\/?p=1978","title":{"rendered":"Thierno  Sy, pr\u00e9sident de l\u2019ABAO  fait un plaidoyer en faveur de son association  devant des autorit\u00e9s de l\u2019Uemoa"},"content":{"rendered":"<p>Le pr\u00e9sident de l\u2019Association des banques de l\u2019Afrique de l\u2019Ouest (ABAO), une organisation regroupant deux cent cinquante (250) Banques Commerciales, Etablissements Financiers et Institutions Financi\u00e8res des quinze (15) pays de la Communaut\u00e9 Economique des Etats de l\u2019Afrique de l\u2019Ouest (CEDEAO). &nbsp;M. Thierno Seydou Nourou a effectu\u00e9 une visite de travail \u00e0 Ouagadougou, au Burkina Faso informe un communiqu\u00e9. Il \u00e9tait accompagn\u00e9 du Secr\u00e9taire g\u00e9n\u00e9ral de l\u2019ABAO, S\u00e9ga Diallo. En compagnie de ce dernier, le patron de l\u2019ABAO a rencontr\u00e9 le pr\u00e9sident de la Commission de l\u2019Uemoa, Abdoulaye Diop, le pr\u00e9sident de &nbsp;la Cour des comptes de l\u2019Uemoa, Malick Camara Ndiaye et M. Idrissa NASSA<strong>,<\/strong> Pr\u00e9sident du Groupe CORIS BANK INTERNATIONAL.<\/p>\n<p>Devant ces autorit\u00e9s, le pr\u00e9sident Sy a&nbsp;\u00ab&nbsp;amplement pr\u00e9sent\u00e9 son association\u00bb. Il a ainsi expos\u00e9 sur les R\u00e9alisations, les Programmes, Projets et Propositions de Valeurs issus de son Plan de D\u00e9veloppement Strat\u00e9gique et Organisationnel 2020\/2024 (PDSO 2020\/2024). Il a mis l\u2019accent pr\u00e9cise le communiqu\u00e9 sur les appuis multiformes attendus de ses interlocuteurs pour mettre en \u0153uvre ce PDSO.<\/p>\n<p>D\u2019apr\u00e8s le communiqu\u00e9, Thierno Seydou Nourou Sy a signal\u00e9 \u00e0 ses interlocuteurs le &nbsp;besoin de moyens humains, financiers et techniques consistantes de son association ceci afin de \u00ab&nbsp;pouvoir participer &nbsp;comme il se doit \u00e0 la r\u00e9alisation des grands projets de la CEDEAO&nbsp;\u00bb. Pour le pr\u00e9sident de l\u2019ABAO, ces projets sont&nbsp;: la <em>Monnaie Unique, <\/em>le <em>Syst\u00e8me de Paiement et de R\u00e8glement.<\/em><\/p>\n<p>Ces Projets avan\u00e7ant \u00e0 grands pas, &nbsp;la pleine implication de toutes les Banques Commerciales et Institutions Financi\u00e8res de cette Zone dans leur mise en \u0153uvre est absolument n\u00e9cessaire car elles en seront les principales op\u00e9ratrices selon M. Sy.<\/p>\n<p>Il en est de m\u00eame, pour la r\u00e9alisation des projets et l\u2019application des dispositifs suivants : <em>Interop\u00e9rabilit\u00e9 des Syst\u00e8mes de Paiements de toutes les Banques Commerciales de la CEDEAO,Institut Bancaire de l\u2019Afrique de l\u2019Ouest, Centrale des Bilans, Centrale des Donn\u00e9es de Risques de Cr\u00e9dits, Normes Internationales de BALE 2 et 3,Normes&nbsp;Internationales d&rsquo;Informations Financi\u00e8res (Normes IFRS),Normes de la Zone de Libre-Echange Continentale Africaine (ZLECAF).<img fetchpriority=\"high\" decoding=\"async\" class=\"size-medium wp-image-1980 alignleft\" src=\"https:\/\/challengeseconomiques.com\/wp-content\/uploads\/2021\/10\/abao-225x300.jpg\" alt=\"\" width=\"225\" height=\"300\" srcset=\"https:\/\/challengeseconomiques.com\/wp-content\/uploads\/2021\/10\/abao-225x300.jpg 225w, https:\/\/challengeseconomiques.com\/wp-content\/uploads\/2021\/10\/abao-768x1024.jpg 768w, https:\/\/challengeseconomiques.com\/wp-content\/uploads\/2021\/10\/abao-1152x1536.jpg 1152w, https:\/\/challengeseconomiques.com\/wp-content\/uploads\/2021\/10\/abao-1118x1491.jpg 1118w, https:\/\/challengeseconomiques.com\/wp-content\/uploads\/2021\/10\/abao.jpg 1512w\" sizes=\"(max-width: 225px) 100vw, 225px\" \/><\/em><\/p>\n<p>Les interlocuteurs du pr\u00e9sident de l\u2019ABAO ont d\u00e9clar\u00e9 \u00eatre tr\u00e8s honor\u00e9s et satisfaits de cette visite &nbsp;de la d\u00e9l\u00e9gation de l\u2019ABAO et de son patron selon le communiqu\u00e9. Par cons\u00e9quent indique le communiqu\u00e9, ils ont d\u00e9cid\u00e9 d\u2019examiner attentivement tous les voies et moyens permettant d\u2019instaurer une \u00e9troite et permanente collaboration multiforme avec l\u2019ABAO pour lui permettre de devenir un instrument de travail efficace et privil\u00e9gi\u00e9 de l\u2019UEMOA et de la CEDEAO. Ils ont promis par ailleurs d\u2019apporter leur soutien plein et entier et de travailler au prompt retour en son sein de toutes les Banques Commerciales, Etablissements Financiers et Institutions Financi\u00e8res de tous les pays de l\u2019UEMOA selon le communiqu\u00e9.<\/p>\n","protected":false},"excerpt":{"rendered":"<p>Le pr\u00e9sident de l\u2019Association des banques de l\u2019Afrique de l\u2019Ouest (ABAO), une organisation regroupant deux cent cinquante (250) Banques Commerciales, Etablissements Financiers et Institutions Financi\u00e8res&#8230;<\/p>\n","protected":false},"author":1,"featured_media":1979,"comment_status":"closed","ping_status":"open","sticky":false,"template":"","format":"standard","meta":{"_jetpack_memberships_contains_paid_content":false,"footnotes":""},"categories":[23,8,10],"tags":[],"class_list":["post-1978","post","type-post","status-publish","format-standard","has-post-thumbnail","hentry","category-a-la-une","category-actualite-economique","category-infos-eco","wpcat-23-id","wpcat-8-id","wpcat-10-id"],"yoast_head":"<!-- This site is optimized with the Yoast SEO plugin v27.1.1 - https:\/\/yoast.com\/product\/yoast-seo-wordpress\/ -->\n<title>Thierno Sy, pr\u00e9sident de l\u2019ABAO fait un plaidoyer en faveur de son association devant des autorit\u00e9s de l\u2019Uemoa - challenges economiques<\/title>\n<meta name=\"robots\" content=\"index, follow, max-snippet:-1, max-image-preview:large, max-video-preview:-1\" \/>\n<link rel=\"canonical\" href=\"https:\/\/challengeseconomiques.com\/?p=1978\" \/>\n<meta property=\"og:locale\" content=\"fr_FR\" \/>\n<meta property=\"og:type\" content=\"article\" \/>\n<meta property=\"og:title\" content=\"Thierno Sy, pr\u00e9sident de l\u2019ABAO fait un plaidoyer en faveur de son association devant des autorit\u00e9s de l\u2019Uemoa - challenges economiques\" \/>\n<meta property=\"og:description\" content=\"Le pr\u00e9sident de l\u2019Association des banques de l\u2019Afrique de l\u2019Ouest (ABAO), une organisation regroupant deux cent cinquante (250) Banques Commerciales, Etablissements Financiers et Institutions Financi\u00e8res...\" \/>\n<meta property=\"og:url\" content=\"https:\/\/challengeseconomiques.com\/?p=1978\" \/>\n<meta property=\"og:site_name\" content=\"challenges economiques\" \/>\n<meta property=\"article:published_time\" content=\"2021-10-11T14:29:07+00:00\" \/>\n<meta property=\"article:modified_time\" content=\"2021-10-11T14:29:48+00:00\" \/>\n<meta property=\"og:image\" content=\"https:\/\/challengeseconomiques.com\/wp-content\/uploads\/2021\/10\/uemoaad.jpg\" \/>\n\t<meta property=\"og:image:width\" content=\"960\" \/>\n\t<meta property=\"og:image:height\" content=\"639\" \/>\n\t<meta property=\"og:image:type\" content=\"image\/jpeg\" \/>\n<meta name=\"author\" content=\"admin\" \/>\n<meta name=\"twitter:card\" content=\"summary_large_image\" \/>\n<meta name=\"twitter:label1\" content=\"\u00c9crit par\" \/>\n\t<meta name=\"twitter:data1\" content=\"admin\" \/>\n\t<meta name=\"twitter:label2\" content=\"Dur\u00e9e de lecture estim\u00e9e\" \/>\n\t<meta name=\"twitter:data2\" content=\"3 minutes\" \/>\n<script type=\"application\/ld+json\" class=\"yoast-schema-graph\">{\"@context\":\"https:\/\/schema.org\",\"@graph\":[{\"@type\":\"Article\",\"@id\":\"https:\/\/challengeseconomiques.com\/?p=1978#article\",\"isPartOf\":{\"@id\":\"https:\/\/challengeseconomiques.com\/?p=1978\"},\"author\":{\"name\":\"admin\",\"@id\":\"https:\/\/challengeseconomiques.com\/#\/schema\/person\/b4568c9afebc5a9238a771873801e349\"},\"headline\":\"Thierno Sy, pr\u00e9sident de l\u2019ABAO fait un plaidoyer en faveur de son association devant des autorit\u00e9s de l\u2019Uemoa\",\"datePublished\":\"2021-10-11T14:29:07+00:00\",\"dateModified\":\"2021-10-11T14:29:48+00:00\",\"mainEntityOfPage\":{\"@id\":\"https:\/\/challengeseconomiques.com\/?p=1978\"},\"wordCount\":532,\"image\":{\"@id\":\"https:\/\/challengeseconomiques.com\/?p=1978#primaryimage\"},\"thumbnailUrl\":\"https:\/\/challengeseconomiques.com\/wp-content\/uploads\/2021\/10\/uemoaad.jpg\",\"articleSection\":[\"A la une\",\"Actualit\u00e9 \u00e9conomique\",\"Infos \u00e9co\"],\"inLanguage\":\"fr-FR\"},{\"@type\":\"WebPage\",\"@id\":\"https:\/\/challengeseconomiques.com\/?p=1978\",\"url\":\"https:\/\/challengeseconomiques.com\/?p=1978\",\"name\":\"Thierno Sy, pr\u00e9sident de l\u2019ABAO fait un plaidoyer en faveur de son association devant des autorit\u00e9s de l\u2019Uemoa - challenges economiques\",\"isPartOf\":{\"@id\":\"https:\/\/challengeseconomiques.com\/#website\"},\"primaryImageOfPage\":{\"@id\":\"https:\/\/challengeseconomiques.com\/?p=1978#primaryimage\"},\"image\":{\"@id\":\"https:\/\/challengeseconomiques.com\/?p=1978#primaryimage\"},\"thumbnailUrl\":\"https:\/\/challengeseconomiques.com\/wp-content\/uploads\/2021\/10\/uemoaad.jpg\",\"datePublished\":\"2021-10-11T14:29:07+00:00\",\"dateModified\":\"2021-10-11T14:29:48+00:00\",\"author\":{\"@id\":\"https:\/\/challengeseconomiques.com\/#\/schema\/person\/b4568c9afebc5a9238a771873801e349\"},\"breadcrumb\":{\"@id\":\"https:\/\/challengeseconomiques.com\/?p=1978#breadcrumb\"},\"inLanguage\":\"fr-FR\",\"potentialAction\":[{\"@type\":\"ReadAction\",\"target\":[\"https:\/\/challengeseconomiques.com\/?p=1978\"]}]},{\"@type\":\"ImageObject\",\"inLanguage\":\"fr-FR\",\"@id\":\"https:\/\/challengeseconomiques.com\/?p=1978#primaryimage\",\"url\":\"https:\/\/challengeseconomiques.com\/wp-content\/uploads\/2021\/10\/uemoaad.jpg\",\"contentUrl\":\"https:\/\/challengeseconomiques.com\/wp-content\/uploads\/2021\/10\/uemoaad.jpg\",\"width\":960,\"height\":639},{\"@type\":\"BreadcrumbList\",\"@id\":\"https:\/\/challengeseconomiques.com\/?p=1978#breadcrumb\",\"itemListElement\":[{\"@type\":\"ListItem\",\"position\":1,\"name\":\"Home\",\"item\":\"https:\/\/challengeseconomiques.com\/\"},{\"@type\":\"ListItem\",\"position\":2,\"name\":\"Thierno Sy, pr\u00e9sident de l\u2019ABAO fait un plaidoyer en faveur de son association devant des autorit\u00e9s de l\u2019Uemoa\"}]},{\"@type\":\"WebSite\",\"@id\":\"https:\/\/challengeseconomiques.com\/#website\",\"url\":\"https:\/\/challengeseconomiques.com\/\",\"name\":\"challenges economiques\",\"description\":\"\",\"potentialAction\":[{\"@type\":\"SearchAction\",\"target\":{\"@type\":\"EntryPoint\",\"urlTemplate\":\"https:\/\/challengeseconomiques.com\/?s={search_term_string}\"},\"query-input\":{\"@type\":\"PropertyValueSpecification\",\"valueRequired\":true,\"valueName\":\"search_term_string\"}}],\"inLanguage\":\"fr-FR\"},{\"@type\":\"Person\",\"@id\":\"https:\/\/challengeseconomiques.com\/#\/schema\/person\/b4568c9afebc5a9238a771873801e349\",\"name\":\"admin\",\"image\":{\"@type\":\"ImageObject\",\"inLanguage\":\"fr-FR\",\"@id\":\"https:\/\/challengeseconomiques.com\/#\/schema\/person\/image\/\",\"url\":\"https:\/\/secure.gravatar.com\/avatar\/099e42240b5eea11acdb72751fcce0dd918603f0749d24974b7984ea47ed9fd9?s=96&d=mm&r=g\",\"contentUrl\":\"https:\/\/secure.gravatar.com\/avatar\/099e42240b5eea11acdb72751fcce0dd918603f0749d24974b7984ea47ed9fd9?s=96&d=mm&r=g\",\"caption\":\"admin\"},\"sameAs\":[\"https:\/\/challengeseconomiques.com\"],\"url\":\"https:\/\/challengeseconomiques.com\/?author=1\"}]}<\/script>\n<!-- \/ Yoast SEO plugin. -->","yoast_head_json":{"title":"Thierno Sy, pr\u00e9sident de l\u2019ABAO fait un plaidoyer en faveur de son association devant des autorit\u00e9s de l\u2019Uemoa - challenges economiques","robots":{"index":"index","follow":"follow","max-snippet":"max-snippet:-1","max-image-preview":"max-image-preview:large","max-video-preview":"max-video-preview:-1"},"canonical":"https:\/\/challengeseconomiques.com\/?p=1978","og_locale":"fr_FR","og_type":"article","og_title":"Thierno Sy, pr\u00e9sident de l\u2019ABAO fait un plaidoyer en faveur de son association devant des autorit\u00e9s de l\u2019Uemoa - challenges economiques","og_description":"Le pr\u00e9sident de l\u2019Association des banques de l\u2019Afrique de l\u2019Ouest (ABAO), une organisation regroupant deux cent cinquante (250) Banques Commerciales, Etablissements Financiers et Institutions Financi\u00e8res...","og_url":"https:\/\/challengeseconomiques.com\/?p=1978","og_site_name":"challenges economiques","article_published_time":"2021-10-11T14:29:07+00:00","article_modified_time":"2021-10-11T14:29:48+00:00","og_image":[{"width":960,"height":639,"url":"https:\/\/challengeseconomiques.com\/wp-content\/uploads\/2021\/10\/uemoaad.jpg","type":"image\/jpeg"}],"author":"admin","twitter_card":"summary_large_image","twitter_misc":{"\u00c9crit par":"admin","Dur\u00e9e de lecture estim\u00e9e":"3 minutes"},"schema":{"@context":"https:\/\/schema.org","@graph":[{"@type":"Article","@id":"https:\/\/challengeseconomiques.com\/?p=1978#article","isPartOf":{"@id":"https:\/\/challengeseconomiques.com\/?p=1978"},"author":{"name":"admin","@id":"https:\/\/challengeseconomiques.com\/#\/schema\/person\/b4568c9afebc5a9238a771873801e349"},"headline":"Thierno Sy, pr\u00e9sident de l\u2019ABAO fait un plaidoyer en faveur de son association devant des autorit\u00e9s de l\u2019Uemoa","datePublished":"2021-10-11T14:29:07+00:00","dateModified":"2021-10-11T14:29:48+00:00","mainEntityOfPage":{"@id":"https:\/\/challengeseconomiques.com\/?p=1978"},"wordCount":532,"image":{"@id":"https:\/\/challengeseconomiques.com\/?p=1978#primaryimage"},"thumbnailUrl":"https:\/\/challengeseconomiques.com\/wp-content\/uploads\/2021\/10\/uemoaad.jpg","articleSection":["A la une","Actualit\u00e9 \u00e9conomique","Infos \u00e9co"],"inLanguage":"fr-FR"},{"@type":"WebPage","@id":"https:\/\/challengeseconomiques.com\/?p=1978","url":"https:\/\/challengeseconomiques.com\/?p=1978","name":"Thierno Sy, pr\u00e9sident de l\u2019ABAO fait un plaidoyer en faveur de son association devant des autorit\u00e9s de l\u2019Uemoa - challenges economiques","isPartOf":{"@id":"https:\/\/challengeseconomiques.com\/#website"},"primaryImageOfPage":{"@id":"https:\/\/challengeseconomiques.com\/?p=1978#primaryimage"},"image":{"@id":"https:\/\/challengeseconomiques.com\/?p=1978#primaryimage"},"thumbnailUrl":"https:\/\/challengeseconomiques.com\/wp-content\/uploads\/2021\/10\/uemoaad.jpg","datePublished":"2021-10-11T14:29:07+00:00","dateModified":"2021-10-11T14:29:48+00:00","author":{"@id":"https:\/\/challengeseconomiques.com\/#\/schema\/person\/b4568c9afebc5a9238a771873801e349"},"breadcrumb":{"@id":"https:\/\/challengeseconomiques.com\/?p=1978#breadcrumb"},"inLanguage":"fr-FR","potentialAction":[{"@type":"ReadAction","target":["https:\/\/challengeseconomiques.com\/?p=1978"]}]},{"@type":"ImageObject","inLanguage":"fr-FR","@id":"https:\/\/challengeseconomiques.com\/?p=1978#primaryimage","url":"https:\/\/challengeseconomiques.com\/wp-content\/uploads\/2021\/10\/uemoaad.jpg","contentUrl":"https:\/\/challengeseconomiques.com\/wp-content\/uploads\/2021\/10\/uemoaad.jpg","width":960,"height":639},{"@type":"BreadcrumbList","@id":"https:\/\/challengeseconomiques.com\/?p=1978#breadcrumb","itemListElement":[{"@type":"ListItem","position":1,"name":"Home","item":"https:\/\/challengeseconomiques.com\/"},{"@type":"ListItem","position":2,"name":"Thierno Sy, pr\u00e9sident de l\u2019ABAO fait un plaidoyer en faveur de son association devant des autorit\u00e9s de l\u2019Uemoa"}]},{"@type":"WebSite","@id":"https:\/\/challengeseconomiques.com\/#website","url":"https:\/\/challengeseconomiques.com\/","name":"challenges economiques","description":"","potentialAction":[{"@type":"SearchAction","target":{"@type":"EntryPoint","urlTemplate":"https:\/\/challengeseconomiques.com\/?s={search_term_string}"},"query-input":{"@type":"PropertyValueSpecification","valueRequired":true,"valueName":"search_term_string"}}],"inLanguage":"fr-FR"},{"@type":"Person","@id":"https:\/\/challengeseconomiques.com\/#\/schema\/person\/b4568c9afebc5a9238a771873801e349","name":"admin","image":{"@type":"ImageObject","inLanguage":"fr-FR","@id":"https:\/\/challengeseconomiques.com\/#\/schema\/person\/image\/","url":"https:\/\/secure.gravatar.com\/avatar\/099e42240b5eea11acdb72751fcce0dd918603f0749d24974b7984ea47ed9fd9?s=96&d=mm&r=g","contentUrl":"https:\/\/secure.gravatar.com\/avatar\/099e42240b5eea11acdb72751fcce0dd918603f0749d24974b7984ea47ed9fd9?s=96&d=mm&r=g","caption":"admin"},"sameAs":["https:\/\/challengeseconomiques.com"],"url":"https:\/\/challengeseconomiques.com\/?author=1"}]}},"jetpack_featured_media_url":"https:\/\/challengeseconomiques.com\/wp-content\/uploads\/2021\/10\/uemoaad.jpg","jetpack_sharing_enabled":true,"_links":{"self":[{"href":"https:\/\/challengeseconomiques.com\/index.php?rest_route=\/wp\/v2\/posts\/1978","targetHints":{"allow":["GET"]}}],"collection":[{"href":"https:\/\/challengeseconomiques.com\/index.php?rest_route=\/wp\/v2\/posts"}],"about":[{"href":"https:\/\/challengeseconomiques.com\/index.php?rest_route=\/wp\/v2\/types\/post"}],"author":[{"embeddable":true,"href":"https:\/\/challengeseconomiques.com\/index.php?rest_route=\/wp\/v2\/users\/1"}],"replies":[{"embeddable":true,"href":"https:\/\/challengeseconomiques.com\/index.php?rest_route=%2Fwp%2Fv2%2Fcomments&post=1978"}],"version-history":[{"count":2,"href":"https:\/\/challengeseconomiques.com\/index.php?rest_route=\/wp\/v2\/posts\/1978\/revisions"}],"predecessor-version":[{"id":1982,"href":"https:\/\/challengeseconomiques.com\/index.php?rest_route=\/wp\/v2\/posts\/1978\/revisions\/1982"}],"wp:featuredmedia":[{"embeddable":true,"href":"https:\/\/challengeseconomiques.com\/index.php?rest_route=\/wp\/v2\/media\/1979"}],"wp:attachment":[{"href":"https:\/\/challengeseconomiques.com\/index.php?rest_route=%2Fwp%2Fv2%2Fmedia&parent=1978"}],"wp:term":[{"taxonomy":"category","embeddable":true,"href":"https:\/\/challengeseconomiques.com\/index.php?rest_route=%2Fwp%2Fv2%2Fcategories&post=1978"},{"taxonomy":"post_tag","embeddable":true,"href":"https:\/\/challengeseconomiques.com\/index.php?rest_route=%2Fwp%2Fv2%2Ftags&post=1978"}],"curies":[{"name":"wp","href":"https:\/\/api.w.org\/{rel}","templated":true}]}}