{"id":1936,"date":"2021-10-05T13:37:40","date_gmt":"2021-10-05T13:37:40","guid":{"rendered":"https:\/\/challengeseconomiques.com\/?p=1936"},"modified":"2021-10-05T13:38:03","modified_gmt":"2021-10-05T13:38:03","slug":"reprise-du-commerce-mondial-lomc-entrevoit-de-meilleurs-auspices","status":"publish","type":"post","link":"https:\/\/challengeseconomiques.com\/?p=1936","title":{"rendered":"Reprise du commerce mondial   L\u2019OMC entrevoit de meilleurs auspices"},"content":{"rendered":"<p><strong>Port\u00e9 par la reprise de l\u2019activit\u00e9 \u00e9conomique mondiale au premier semestre de 2021, le commerce des marchandises a d\u00e9pass\u00e9 son pic d\u2019avant la pand\u00e9mie, ce qui a conduit les \u00e9conomistes de l\u2019OMC \u00e0 revoir \u00e0 la hausse leurs pr\u00e9visions commerciales pour 2021 et 2022, annonce un communiqu\u00e9 de ladite institution. <\/strong><\/p>\n<p>M\u00eame si cette reprise est marqu\u00e9e par des divergences r\u00e9gionales, l&rsquo;Organisation Mondiale du Commerce (OMC), &nbsp;anticipe d\u00e9sormais une croissance en volume de 10,8% (au lieu des 8% annonc\u00e9s en mars) du commerce mondial des marchandises pour 2021, suivie d&rsquo;un accroissement de 4,7% en 2022. Cette croissance devrait se mod\u00e9rer \u00e0 mesure que le commerce des marchandises retournera \u00e0 la tendance de long terme qui \u00e9tait la sienne avant la pand\u00e9mie, pr\u00e9cise l\u2019OMC dans son communiqu\u00e9. Des probl\u00e8mes du c\u00f4t\u00e9 de l&rsquo;offre comme la p\u00e9nurie de semi\u2011conducteurs et le retard accumul\u00e9 dans les ports pourraient tendre les cha\u00eenes d&rsquo;approvisionnement et peser sur les \u00e9changes dans certains secteurs, mais ne devraient pas avoir d&rsquo;incidence majeure sur les agr\u00e9gats mondiaux, fait savoir le temple du commerce mondial.&nbsp; Toutefois, elle d\u00e9crit qu\u2019en arri\u00e8re\u2011plan de la forte progression globale des \u00e9changes, \u00ab&nbsp;<em>il existe pourtant une forte divergence d&rsquo;un pays \u00e0 l&rsquo;autre, certaines r\u00e9gions en d\u00e9veloppement \u00e9tant loin d&rsquo;atteindre la moyenne mondiale<\/em>&nbsp;\u00bb.<\/p>\n<p>\u00ab\u00a0Le commerce a \u00e9t\u00e9 un instrument d\u00e9cisif pour lutter contre la pand\u00e9mie et cette forte croissance souligne \u00e0 quel point le commerce sera important pour soutenir la reprise de l&rsquo;\u00e9conomie mondiale\u00a0\u00bb, a d\u00e9clar\u00e9 la Directrice g\u00e9n\u00e9rale, Ngozi Okonjo\u2011Iweala. &nbsp;Elle estime que l&rsquo;acc\u00e8s in\u00e9quitable aux vaccins aggrave la divergence \u00e9conomique entre les r\u00e9gions. \u00ab&nbsp;Plus longtemps l&rsquo;iniquit\u00e9 vaccinale persistera, plus on court le risque que n&rsquo;apparaissent des variants encore plus dangereux de la COVID\u201119, ce qui enrayerait les progr\u00e8s sanitaires et \u00e9conomiques accomplis jusqu&rsquo;\u00e0 pr\u00e9sent&nbsp;\u00bb, d\u00e9clare la DG de l\u2019OMC. Elle ajoute que La politique de vaccination constitue bien une politique \u00e9conomique et aussi commerciale.<\/p>\n<p><strong>Moustapha DIA<\/strong><\/p>\n","protected":false},"excerpt":{"rendered":"<p>Port\u00e9 par la reprise de l\u2019activit\u00e9 \u00e9conomique mondiale au premier semestre de 2021, le commerce des marchandises a d\u00e9pass\u00e9 son pic d\u2019avant la pand\u00e9mie, ce&#8230;<\/p>\n","protected":false},"author":2,"featured_media":1139,"comment_status":"closed","ping_status":"open","sticky":false,"template":"","format":"standard","meta":{"_jetpack_memberships_contains_paid_content":false,"footnotes":""},"categories":[23,10],"tags":[],"class_list":["post-1936","post","type-post","status-publish","format-standard","has-post-thumbnail","hentry","category-a-la-une","category-infos-eco","wpcat-23-id","wpcat-10-id"],"yoast_head":"<!-- This site is optimized with the Yoast SEO plugin v27.1.1 - https:\/\/yoast.com\/product\/yoast-seo-wordpress\/ -->\n<title>Reprise du commerce mondial  L\u2019OMC entrevoit de meilleurs auspices - challenges economiques<\/title>\n<meta name=\"robots\" content=\"index, follow, max-snippet:-1, max-image-preview:large, max-video-preview:-1\" \/>\n<link rel=\"canonical\" href=\"https:\/\/challengeseconomiques.com\/?p=1936\" \/>\n<meta property=\"og:locale\" content=\"fr_FR\" \/>\n<meta property=\"og:type\" content=\"article\" \/>\n<meta property=\"og:title\" content=\"Reprise du commerce mondial  L\u2019OMC entrevoit de meilleurs auspices - challenges economiques\" \/>\n<meta property=\"og:description\" content=\"Port\u00e9 par la reprise de l\u2019activit\u00e9 \u00e9conomique mondiale au premier semestre de 2021, le commerce des marchandises a d\u00e9pass\u00e9 son pic d\u2019avant la pand\u00e9mie, ce...\" \/>\n<meta property=\"og:url\" content=\"https:\/\/challengeseconomiques.com\/?p=1936\" \/>\n<meta property=\"og:site_name\" content=\"challenges economiques\" \/>\n<meta property=\"article:published_time\" content=\"2021-10-05T13:37:40+00:00\" \/>\n<meta property=\"article:modified_time\" content=\"2021-10-05T13:38:03+00:00\" \/>\n<meta property=\"og:image\" content=\"https:\/\/challengeseconomiques.com\/wp-content\/uploads\/2021\/05\/omc.jpg\" \/>\n\t<meta property=\"og:image:width\" content=\"612\" \/>\n\t<meta property=\"og:image:height\" content=\"306\" \/>\n\t<meta property=\"og:image:type\" content=\"image\/jpeg\" \/>\n<meta name=\"author\" content=\"Moustapha DIA\" \/>\n<meta name=\"twitter:card\" content=\"summary_large_image\" \/>\n<meta name=\"twitter:label1\" content=\"\u00c9crit par\" \/>\n\t<meta name=\"twitter:data1\" content=\"Moustapha DIA\" \/>\n\t<meta name=\"twitter:label2\" content=\"Dur\u00e9e de lecture estim\u00e9e\" \/>\n\t<meta name=\"twitter:data2\" content=\"2 minutes\" \/>\n<script type=\"application\/ld+json\" class=\"yoast-schema-graph\">{\"@context\":\"https:\/\/schema.org\",\"@graph\":[{\"@type\":\"Article\",\"@id\":\"https:\/\/challengeseconomiques.com\/?p=1936#article\",\"isPartOf\":{\"@id\":\"https:\/\/challengeseconomiques.com\/?p=1936\"},\"author\":{\"name\":\"Moustapha DIA\",\"@id\":\"https:\/\/challengeseconomiques.com\/#\/schema\/person\/4c17e88d7b1a04f86cf81aa3b7a38130\"},\"headline\":\"Reprise du commerce mondial L\u2019OMC entrevoit de meilleurs auspices\",\"datePublished\":\"2021-10-05T13:37:40+00:00\",\"dateModified\":\"2021-10-05T13:38:03+00:00\",\"mainEntityOfPage\":{\"@id\":\"https:\/\/challengeseconomiques.com\/?p=1936\"},\"wordCount\":366,\"image\":{\"@id\":\"https:\/\/challengeseconomiques.com\/?p=1936#primaryimage\"},\"thumbnailUrl\":\"https:\/\/challengeseconomiques.com\/wp-content\/uploads\/2021\/05\/omc.jpg\",\"articleSection\":[\"A la une\",\"Infos \u00e9co\"],\"inLanguage\":\"fr-FR\"},{\"@type\":\"WebPage\",\"@id\":\"https:\/\/challengeseconomiques.com\/?p=1936\",\"url\":\"https:\/\/challengeseconomiques.com\/?p=1936\",\"name\":\"Reprise du commerce mondial L\u2019OMC entrevoit de meilleurs auspices - challenges economiques\",\"isPartOf\":{\"@id\":\"https:\/\/challengeseconomiques.com\/#website\"},\"primaryImageOfPage\":{\"@id\":\"https:\/\/challengeseconomiques.com\/?p=1936#primaryimage\"},\"image\":{\"@id\":\"https:\/\/challengeseconomiques.com\/?p=1936#primaryimage\"},\"thumbnailUrl\":\"https:\/\/challengeseconomiques.com\/wp-content\/uploads\/2021\/05\/omc.jpg\",\"datePublished\":\"2021-10-05T13:37:40+00:00\",\"dateModified\":\"2021-10-05T13:38:03+00:00\",\"author\":{\"@id\":\"https:\/\/challengeseconomiques.com\/#\/schema\/person\/4c17e88d7b1a04f86cf81aa3b7a38130\"},\"breadcrumb\":{\"@id\":\"https:\/\/challengeseconomiques.com\/?p=1936#breadcrumb\"},\"inLanguage\":\"fr-FR\",\"potentialAction\":[{\"@type\":\"ReadAction\",\"target\":[\"https:\/\/challengeseconomiques.com\/?p=1936\"]}]},{\"@type\":\"ImageObject\",\"inLanguage\":\"fr-FR\",\"@id\":\"https:\/\/challengeseconomiques.com\/?p=1936#primaryimage\",\"url\":\"https:\/\/challengeseconomiques.com\/wp-content\/uploads\/2021\/05\/omc.jpg\",\"contentUrl\":\"https:\/\/challengeseconomiques.com\/wp-content\/uploads\/2021\/05\/omc.jpg\",\"width\":612,\"height\":306},{\"@type\":\"BreadcrumbList\",\"@id\":\"https:\/\/challengeseconomiques.com\/?p=1936#breadcrumb\",\"itemListElement\":[{\"@type\":\"ListItem\",\"position\":1,\"name\":\"Home\",\"item\":\"https:\/\/challengeseconomiques.com\/\"},{\"@type\":\"ListItem\",\"position\":2,\"name\":\"Reprise du commerce mondial L\u2019OMC entrevoit de meilleurs auspices\"}]},{\"@type\":\"WebSite\",\"@id\":\"https:\/\/challengeseconomiques.com\/#website\",\"url\":\"https:\/\/challengeseconomiques.com\/\",\"name\":\"challenges economiques\",\"description\":\"\",\"potentialAction\":[{\"@type\":\"SearchAction\",\"target\":{\"@type\":\"EntryPoint\",\"urlTemplate\":\"https:\/\/challengeseconomiques.com\/?s={search_term_string}\"},\"query-input\":{\"@type\":\"PropertyValueSpecification\",\"valueRequired\":true,\"valueName\":\"search_term_string\"}}],\"inLanguage\":\"fr-FR\"},{\"@type\":\"Person\",\"@id\":\"https:\/\/challengeseconomiques.com\/#\/schema\/person\/4c17e88d7b1a04f86cf81aa3b7a38130\",\"name\":\"Moustapha DIA\",\"image\":{\"@type\":\"ImageObject\",\"inLanguage\":\"fr-FR\",\"@id\":\"https:\/\/challengeseconomiques.com\/#\/schema\/person\/image\/\",\"url\":\"https:\/\/secure.gravatar.com\/avatar\/6b3d2b67812b135a96179ba966caf3064d5454b80f53920738e4309e90ccbc7d?s=96&d=mm&r=g\",\"contentUrl\":\"https:\/\/secure.gravatar.com\/avatar\/6b3d2b67812b135a96179ba966caf3064d5454b80f53920738e4309e90ccbc7d?s=96&d=mm&r=g\",\"caption\":\"Moustapha DIA\"},\"sameAs\":[\"http:\/\/www.challengeseconomiques.com\"],\"url\":\"https:\/\/challengeseconomiques.com\/?author=2\"}]}<\/script>\n<!-- \/ Yoast SEO plugin. -->","yoast_head_json":{"title":"Reprise du commerce mondial  L\u2019OMC entrevoit de meilleurs auspices - challenges economiques","robots":{"index":"index","follow":"follow","max-snippet":"max-snippet:-1","max-image-preview":"max-image-preview:large","max-video-preview":"max-video-preview:-1"},"canonical":"https:\/\/challengeseconomiques.com\/?p=1936","og_locale":"fr_FR","og_type":"article","og_title":"Reprise du commerce mondial  L\u2019OMC entrevoit de meilleurs auspices - challenges economiques","og_description":"Port\u00e9 par la reprise de l\u2019activit\u00e9 \u00e9conomique mondiale au premier semestre de 2021, le commerce des marchandises a d\u00e9pass\u00e9 son pic d\u2019avant la pand\u00e9mie, ce...","og_url":"https:\/\/challengeseconomiques.com\/?p=1936","og_site_name":"challenges economiques","article_published_time":"2021-10-05T13:37:40+00:00","article_modified_time":"2021-10-05T13:38:03+00:00","og_image":[{"width":612,"height":306,"url":"https:\/\/challengeseconomiques.com\/wp-content\/uploads\/2021\/05\/omc.jpg","type":"image\/jpeg"}],"author":"Moustapha DIA","twitter_card":"summary_large_image","twitter_misc":{"\u00c9crit par":"Moustapha DIA","Dur\u00e9e de lecture estim\u00e9e":"2 minutes"},"schema":{"@context":"https:\/\/schema.org","@graph":[{"@type":"Article","@id":"https:\/\/challengeseconomiques.com\/?p=1936#article","isPartOf":{"@id":"https:\/\/challengeseconomiques.com\/?p=1936"},"author":{"name":"Moustapha DIA","@id":"https:\/\/challengeseconomiques.com\/#\/schema\/person\/4c17e88d7b1a04f86cf81aa3b7a38130"},"headline":"Reprise du commerce mondial L\u2019OMC entrevoit de meilleurs auspices","datePublished":"2021-10-05T13:37:40+00:00","dateModified":"2021-10-05T13:38:03+00:00","mainEntityOfPage":{"@id":"https:\/\/challengeseconomiques.com\/?p=1936"},"wordCount":366,"image":{"@id":"https:\/\/challengeseconomiques.com\/?p=1936#primaryimage"},"thumbnailUrl":"https:\/\/challengeseconomiques.com\/wp-content\/uploads\/2021\/05\/omc.jpg","articleSection":["A la une","Infos \u00e9co"],"inLanguage":"fr-FR"},{"@type":"WebPage","@id":"https:\/\/challengeseconomiques.com\/?p=1936","url":"https:\/\/challengeseconomiques.com\/?p=1936","name":"Reprise du commerce mondial L\u2019OMC entrevoit de meilleurs auspices - challenges economiques","isPartOf":{"@id":"https:\/\/challengeseconomiques.com\/#website"},"primaryImageOfPage":{"@id":"https:\/\/challengeseconomiques.com\/?p=1936#primaryimage"},"image":{"@id":"https:\/\/challengeseconomiques.com\/?p=1936#primaryimage"},"thumbnailUrl":"https:\/\/challengeseconomiques.com\/wp-content\/uploads\/2021\/05\/omc.jpg","datePublished":"2021-10-05T13:37:40+00:00","dateModified":"2021-10-05T13:38:03+00:00","author":{"@id":"https:\/\/challengeseconomiques.com\/#\/schema\/person\/4c17e88d7b1a04f86cf81aa3b7a38130"},"breadcrumb":{"@id":"https:\/\/challengeseconomiques.com\/?p=1936#breadcrumb"},"inLanguage":"fr-FR","potentialAction":[{"@type":"ReadAction","target":["https:\/\/challengeseconomiques.com\/?p=1936"]}]},{"@type":"ImageObject","inLanguage":"fr-FR","@id":"https:\/\/challengeseconomiques.com\/?p=1936#primaryimage","url":"https:\/\/challengeseconomiques.com\/wp-content\/uploads\/2021\/05\/omc.jpg","contentUrl":"https:\/\/challengeseconomiques.com\/wp-content\/uploads\/2021\/05\/omc.jpg","width":612,"height":306},{"@type":"BreadcrumbList","@id":"https:\/\/challengeseconomiques.com\/?p=1936#breadcrumb","itemListElement":[{"@type":"ListItem","position":1,"name":"Home","item":"https:\/\/challengeseconomiques.com\/"},{"@type":"ListItem","position":2,"name":"Reprise du commerce mondial L\u2019OMC entrevoit de meilleurs auspices"}]},{"@type":"WebSite","@id":"https:\/\/challengeseconomiques.com\/#website","url":"https:\/\/challengeseconomiques.com\/","name":"challenges economiques","description":"","potentialAction":[{"@type":"SearchAction","target":{"@type":"EntryPoint","urlTemplate":"https:\/\/challengeseconomiques.com\/?s={search_term_string}"},"query-input":{"@type":"PropertyValueSpecification","valueRequired":true,"valueName":"search_term_string"}}],"inLanguage":"fr-FR"},{"@type":"Person","@id":"https:\/\/challengeseconomiques.com\/#\/schema\/person\/4c17e88d7b1a04f86cf81aa3b7a38130","name":"Moustapha DIA","image":{"@type":"ImageObject","inLanguage":"fr-FR","@id":"https:\/\/challengeseconomiques.com\/#\/schema\/person\/image\/","url":"https:\/\/secure.gravatar.com\/avatar\/6b3d2b67812b135a96179ba966caf3064d5454b80f53920738e4309e90ccbc7d?s=96&d=mm&r=g","contentUrl":"https:\/\/secure.gravatar.com\/avatar\/6b3d2b67812b135a96179ba966caf3064d5454b80f53920738e4309e90ccbc7d?s=96&d=mm&r=g","caption":"Moustapha DIA"},"sameAs":["http:\/\/www.challengeseconomiques.com"],"url":"https:\/\/challengeseconomiques.com\/?author=2"}]}},"jetpack_featured_media_url":"https:\/\/challengeseconomiques.com\/wp-content\/uploads\/2021\/05\/omc.jpg","jetpack_sharing_enabled":true,"_links":{"self":[{"href":"https:\/\/challengeseconomiques.com\/index.php?rest_route=\/wp\/v2\/posts\/1936","targetHints":{"allow":["GET"]}}],"collection":[{"href":"https:\/\/challengeseconomiques.com\/index.php?rest_route=\/wp\/v2\/posts"}],"about":[{"href":"https:\/\/challengeseconomiques.com\/index.php?rest_route=\/wp\/v2\/types\/post"}],"author":[{"embeddable":true,"href":"https:\/\/challengeseconomiques.com\/index.php?rest_route=\/wp\/v2\/users\/2"}],"replies":[{"embeddable":true,"href":"https:\/\/challengeseconomiques.com\/index.php?rest_route=%2Fwp%2Fv2%2Fcomments&post=1936"}],"version-history":[{"count":2,"href":"https:\/\/challengeseconomiques.com\/index.php?rest_route=\/wp\/v2\/posts\/1936\/revisions"}],"predecessor-version":[{"id":1938,"href":"https:\/\/challengeseconomiques.com\/index.php?rest_route=\/wp\/v2\/posts\/1936\/revisions\/1938"}],"wp:featuredmedia":[{"embeddable":true,"href":"https:\/\/challengeseconomiques.com\/index.php?rest_route=\/wp\/v2\/media\/1139"}],"wp:attachment":[{"href":"https:\/\/challengeseconomiques.com\/index.php?rest_route=%2Fwp%2Fv2%2Fmedia&parent=1936"}],"wp:term":[{"taxonomy":"category","embeddable":true,"href":"https:\/\/challengeseconomiques.com\/index.php?rest_route=%2Fwp%2Fv2%2Fcategories&post=1936"},{"taxonomy":"post_tag","embeddable":true,"href":"https:\/\/challengeseconomiques.com\/index.php?rest_route=%2Fwp%2Fv2%2Ftags&post=1936"}],"curies":[{"name":"wp","href":"https:\/\/api.w.org\/{rel}","templated":true}]}}